{"id":6558,"date":"2020-03-08T22:42:32","date_gmt":"2020-03-09T04:42:32","guid":{"rendered":"http:\/\/volcanes.net\/?p=6558"},"modified":"2020-03-08T22:42:32","modified_gmt":"2020-03-09T04:42:32","slug":"organiza-el-partido-verde-ecologista-de-mexico-torneo-relampago-de-futbol-en-valle-de-chalco","status":"publish","type":"post","link":"https:\/\/volcanes.net\/?p=6558","title":{"rendered":"Organiza El Partido Verde Ecologista De M\u00e9xico Torneo Rel\u00e1mpago De F\u00fatbol En Valle De Chalco"},"content":{"rendered":"<div style=\"margin-top: 0px; margin-bottom: 0px;\" class=\"sharethis-inline-share-buttons\" ><\/div><p>\u25aaEn el Marco de la Conmemoraci\u00f3n del d\u00eda Internacional de la Mujer Javier Espinoza Herrera hace un trabajo Incluyente<\/p>\n<p>\u25aaEn las Mujeres tenemos una gran bendici\u00f3n y son parte fundamental de nuestra vida diaria por ello m\u00ed admiraci\u00f3n reconocimiento y respeto<\/p>\n<p>Valle de Chalco Solidaridad, Estado de M\u00e9xicoDe nueva cuenta el Delegado del PVEM; Javier Espinoza Herrera y su equipo de trabajo, realizaron para la convivencia familiar y al momento de Conmemorar un aniversario m\u00e1s del d\u00eda Internacional de la Mujer, un torneo rel\u00e1mpago de f\u00fatbol r\u00e1pido para personas con capacidades diferentes, fue en el Deportivo Colosio donde despu\u00e9s de ver el show de los Payasos &#8220;Pillines&#8221;, al momento de tomar la palabra y agradecer la asistencia de todos los presentes, al Regidor Armando Reyes Regalado y especialmente a todas y cada una de las mujeres, pidi\u00f3 que solamente el trabajo y la lucha diaria es la \u00fanica forma de cambiar verdaderamente no s\u00f3lo a nuestro municipio y Estado, sino a todo el Pa\u00eds.<\/p>\n<p>Es de resaltar el agradecimiento que Javier Espinoza hizo p\u00fablicamente al encargado de coordinar dicho torneo; Edel Gallegos Flores quien es el presidente de la Asociaci\u00f3n de Personas con capacidades diferentes y grupos vulnerables de Valle De Chalco Solidaridad.<\/p>\n<p>En entrevista por separado, Espinoza Herrera coment\u00f3 que actualmente el Partido Verde se sigue fortaleciendo cada d\u00eda m\u00e1s y agradeci\u00f3 el respaldo y la confianza que muchos ciudadanos le est\u00e1n brindando a este Instituto Pol\u00edtico, igualmente se\u00f1al\u00f3 que todos los grupos son bienvenidos, sin importar la regi\u00f3n, la discapacidad o sus preferencias, finalmente afirm\u00f3 que se seguir\u00e1n realizando m\u00e1s eventos y jornadas en toda la poblaci\u00f3n y que no bajar\u00e1 los brazos a pesar de la campa\u00f1a negra que ha estado sufriendo, finalmente mand\u00f3 saludos a todos pidiendo que Dios bendiga a Valle De Chalco.<\/p>\n<p><a href=\"https:\/\/youtu.be\/QFILEQm1Vog\">https:\/\/youtu.be\/QFILEQm1Vog<\/a><\/p>\n","protected":false},"excerpt":{"rendered":"<p>\u25aaEn el Marco de la Conmemoraci\u00f3n del d\u00eda Internacional de la Mujer Javier Espinoza Herrera<\/p>\n","protected":false},"author":1,"featured_media":6559,"comment_status":"open","ping_status":"open","sticky":false,"template":"","format":"standard","meta":{"footnotes":""},"categories":[1],"tags":[95,5],"class_list":["post-6558","post","type-post","status-publish","format-standard","has-post-thumbnail","hentry","category-municipales","tag-pvem","tag-valle-de-chalco","has-post-video"],"yoast_head":"<!-- This site is optimized with the Yoast SEO plugin v25.3 - https:\/\/yoast.com\/wordpress\/plugins\/seo\/ -->\n<title>Organiza El Partido Verde Ecologista De M\u00e9xico Torneo Rel\u00e1mpago De F\u00fatbol En Valle De Chalco - Volcanes<\/title>\n<meta name=\"robots\" content=\"index, follow, max-snippet:-1, max-image-preview:large, max-video-preview:-1\" \/>\n<link rel=\"canonical\" href=\"https:\/\/volcanes.net\/?p=6558\" \/>\n<meta property=\"og:locale\" content=\"es_MX\" \/>\n<meta property=\"og:type\" content=\"article\" \/>\n<meta property=\"og:title\" content=\"Organiza El Partido Verde Ecologista De M\u00e9xico Torneo Rel\u00e1mpago De F\u00fatbol En Valle De Chalco - Volcanes\" \/>\n<meta property=\"og:description\" content=\"\u25aaEn el Marco de la Conmemoraci\u00f3n del d\u00eda Internacional de la Mujer Javier Espinoza Herrera\" \/>\n<meta property=\"og:url\" content=\"https:\/\/volcanes.net\/?p=6558\" \/>\n<meta property=\"og:site_name\" content=\"Volcanes\" \/>\n<meta property=\"article:publisher\" content=\"https:\/\/www.facebook.com\/volcanes.net\/\" \/>\n<meta property=\"article:published_time\" content=\"2020-03-09T04:42:32+00:00\" \/>\n<meta property=\"og:image\" content=\"https:\/\/volcanes.net\/wp-content\/uploads\/2020\/03\/WhatsApp-Image-2020-03-08-at-7.50.11-PM.jpeg\" \/>\n\t<meta property=\"og:image:width\" content=\"1216\" \/>\n\t<meta property=\"og:image:height\" content=\"684\" \/>\n\t<meta property=\"og:image:type\" content=\"image\/jpeg\" \/>\n<meta name=\"author\" content=\"admin\" \/>\n<meta name=\"twitter:card\" content=\"summary_large_image\" \/>\n<meta name=\"twitter:label1\" content=\"Escrito por\" \/>\n\t<meta name=\"twitter:data1\" content=\"admin\" \/>\n\t<meta name=\"twitter:label2\" content=\"Tiempo de lectura\" \/>\n\t<meta name=\"twitter:data2\" content=\"2 minutos\" \/>\n<script type=\"application\/ld+json\" class=\"yoast-schema-graph\">{\"@context\":\"https:\/\/schema.org\",\"@graph\":[{\"@type\":\"Article\",\"@id\":\"https:\/\/volcanes.net\/?p=6558#article\",\"isPartOf\":{\"@id\":\"https:\/\/volcanes.net\/?p=6558\"},\"author\":{\"name\":\"admin\",\"@id\":\"https:\/\/volcanes.net\/#\/schema\/person\/4bf0f383940966a4abd53f5048c0e6b9\"},\"headline\":\"Organiza El Partido Verde Ecologista De M\u00e9xico Torneo Rel\u00e1mpago De F\u00fatbol En Valle De Chalco\",\"datePublished\":\"2020-03-09T04:42:32+00:00\",\"mainEntityOfPage\":{\"@id\":\"https:\/\/volcanes.net\/?p=6558\"},\"wordCount\":348,\"commentCount\":0,\"publisher\":{\"@id\":\"https:\/\/volcanes.net\/#organization\"},\"image\":{\"@id\":\"https:\/\/volcanes.net\/?p=6558#primaryimage\"},\"thumbnailUrl\":\"https:\/\/volcanes.net\/wp-content\/uploads\/2020\/03\/WhatsApp-Image-2020-03-08-at-7.50.11-PM.jpeg\",\"keywords\":[\"PVEM\",\"Valle de Chalco\"],\"articleSection\":[\"Municipales\"],\"inLanguage\":\"es\",\"potentialAction\":[{\"@type\":\"CommentAction\",\"name\":\"Comment\",\"target\":[\"https:\/\/volcanes.net\/?p=6558#respond\"]}]},{\"@type\":\"WebPage\",\"@id\":\"https:\/\/volcanes.net\/?p=6558\",\"url\":\"https:\/\/volcanes.net\/?p=6558\",\"name\":\"Organiza El Partido Verde Ecologista De M\u00e9xico Torneo Rel\u00e1mpago De F\u00fatbol En Valle De Chalco - Volcanes\",\"isPartOf\":{\"@id\":\"https:\/\/volcanes.net\/#website\"},\"primaryImageOfPage\":{\"@id\":\"https:\/\/volcanes.net\/?p=6558#primaryimage\"},\"image\":{\"@id\":\"https:\/\/volcanes.net\/?p=6558#primaryimage\"},\"thumbnailUrl\":\"https:\/\/volcanes.net\/wp-content\/uploads\/2020\/03\/WhatsApp-Image-2020-03-08-at-7.50.11-PM.jpeg\",\"datePublished\":\"2020-03-09T04:42:32+00:00\",\"breadcrumb\":{\"@id\":\"https:\/\/volcanes.net\/?p=6558#breadcrumb\"},\"inLanguage\":\"es\",\"potentialAction\":[{\"@type\":\"ReadAction\",\"target\":[\"https:\/\/volcanes.net\/?p=6558\"]}]},{\"@type\":\"ImageObject\",\"inLanguage\":\"es\",\"@id\":\"https:\/\/volcanes.net\/?p=6558#primaryimage\",\"url\":\"https:\/\/volcanes.net\/wp-content\/uploads\/2020\/03\/WhatsApp-Image-2020-03-08-at-7.50.11-PM.jpeg\",\"contentUrl\":\"https:\/\/volcanes.net\/wp-content\/uploads\/2020\/03\/WhatsApp-Image-2020-03-08-at-7.50.11-PM.jpeg\",\"width\":1216,\"height\":684},{\"@type\":\"BreadcrumbList\",\"@id\":\"https:\/\/volcanes.net\/?p=6558#breadcrumb\",\"itemListElement\":[{\"@type\":\"ListItem\",\"position\":1,\"name\":\"Portada\",\"item\":\"https:\/\/volcanes.net\/\"},{\"@type\":\"ListItem\",\"position\":2,\"name\":\"Organiza El Partido Verde Ecologista De M\u00e9xico Torneo Rel\u00e1mpago De F\u00fatbol En Valle De Chalco\"}]},{\"@type\":\"WebSite\",\"@id\":\"https:\/\/volcanes.net\/#website\",\"url\":\"https:\/\/volcanes.net\/\",\"name\":\"Volcanes.Net\",\"description\":\"Periodismo Profesional\",\"publisher\":{\"@id\":\"https:\/\/volcanes.net\/#organization\"},\"potentialAction\":[{\"@type\":\"SearchAction\",\"target\":{\"@type\":\"EntryPoint\",\"urlTemplate\":\"https:\/\/volcanes.net\/?s={search_term_string}\"},\"query-input\":{\"@type\":\"PropertyValueSpecification\",\"valueRequired\":true,\"valueName\":\"search_term_string\"}}],\"inLanguage\":\"es\"},{\"@type\":\"Organization\",\"@id\":\"https:\/\/volcanes.net\/#organization\",\"name\":\"Grupo Volcanes\",\"url\":\"https:\/\/volcanes.net\/\",\"logo\":{\"@type\":\"ImageObject\",\"inLanguage\":\"es\",\"@id\":\"https:\/\/volcanes.net\/#\/schema\/logo\/image\/\",\"url\":\"http:\/\/volcanes.net\/wp-content\/uploads\/2017\/12\/Avatar2.jpg\",\"contentUrl\":\"http:\/\/volcanes.net\/wp-content\/uploads\/2017\/12\/Avatar2.jpg\",\"width\":378,\"height\":378,\"caption\":\"Grupo Volcanes\"},\"image\":{\"@id\":\"https:\/\/volcanes.net\/#\/schema\/logo\/image\/\"},\"sameAs\":[\"https:\/\/www.facebook.com\/volcanes.net\/\"]},{\"@type\":\"Person\",\"@id\":\"https:\/\/volcanes.net\/#\/schema\/person\/4bf0f383940966a4abd53f5048c0e6b9\",\"name\":\"admin\",\"image\":{\"@type\":\"ImageObject\",\"inLanguage\":\"es\",\"@id\":\"https:\/\/volcanes.net\/#\/schema\/person\/image\/\",\"url\":\"https:\/\/secure.gravatar.com\/avatar\/ca004e6cba8462b8cb7abc86e382930c?s=96&d=mm&r=g\",\"contentUrl\":\"https:\/\/secure.gravatar.com\/avatar\/ca004e6cba8462b8cb7abc86e382930c?s=96&d=mm&r=g\",\"caption\":\"admin\"}}]}<\/script>\n<!-- \/ Yoast SEO plugin. -->","yoast_head_json":{"title":"Organiza El Partido Verde Ecologista De M\u00e9xico Torneo Rel\u00e1mpago De F\u00fatbol En Valle De Chalco - Volcanes","robots":{"index":"index","follow":"follow","max-snippet":"max-snippet:-1","max-image-preview":"max-image-preview:large","max-video-preview":"max-video-preview:-1"},"canonical":"https:\/\/volcanes.net\/?p=6558","og_locale":"es_MX","og_type":"article","og_title":"Organiza El Partido Verde Ecologista De M\u00e9xico Torneo Rel\u00e1mpago De F\u00fatbol En Valle De Chalco - Volcanes","og_description":"\u25aaEn el Marco de la Conmemoraci\u00f3n del d\u00eda Internacional de la Mujer Javier Espinoza Herrera","og_url":"https:\/\/volcanes.net\/?p=6558","og_site_name":"Volcanes","article_publisher":"https:\/\/www.facebook.com\/volcanes.net\/","article_published_time":"2020-03-09T04:42:32+00:00","og_image":[{"width":1216,"height":684,"url":"https:\/\/volcanes.net\/wp-content\/uploads\/2020\/03\/WhatsApp-Image-2020-03-08-at-7.50.11-PM.jpeg","type":"image\/jpeg"}],"author":"admin","twitter_card":"summary_large_image","twitter_misc":{"Escrito por":"admin","Tiempo de lectura":"2 minutos"},"schema":{"@context":"https:\/\/schema.org","@graph":[{"@type":"Article","@id":"https:\/\/volcanes.net\/?p=6558#article","isPartOf":{"@id":"https:\/\/volcanes.net\/?p=6558"},"author":{"name":"admin","@id":"https:\/\/volcanes.net\/#\/schema\/person\/4bf0f383940966a4abd53f5048c0e6b9"},"headline":"Organiza El Partido Verde Ecologista De M\u00e9xico Torneo Rel\u00e1mpago De F\u00fatbol En Valle De Chalco","datePublished":"2020-03-09T04:42:32+00:00","mainEntityOfPage":{"@id":"https:\/\/volcanes.net\/?p=6558"},"wordCount":348,"commentCount":0,"publisher":{"@id":"https:\/\/volcanes.net\/#organization"},"image":{"@id":"https:\/\/volcanes.net\/?p=6558#primaryimage"},"thumbnailUrl":"https:\/\/volcanes.net\/wp-content\/uploads\/2020\/03\/WhatsApp-Image-2020-03-08-at-7.50.11-PM.jpeg","keywords":["PVEM","Valle de Chalco"],"articleSection":["Municipales"],"inLanguage":"es","potentialAction":[{"@type":"CommentAction","name":"Comment","target":["https:\/\/volcanes.net\/?p=6558#respond"]}]},{"@type":"WebPage","@id":"https:\/\/volcanes.net\/?p=6558","url":"https:\/\/volcanes.net\/?p=6558","name":"Organiza El Partido Verde Ecologista De M\u00e9xico Torneo Rel\u00e1mpago De F\u00fatbol En Valle De Chalco - Volcanes","isPartOf":{"@id":"https:\/\/volcanes.net\/#website"},"primaryImageOfPage":{"@id":"https:\/\/volcanes.net\/?p=6558#primaryimage"},"image":{"@id":"https:\/\/volcanes.net\/?p=6558#primaryimage"},"thumbnailUrl":"https:\/\/volcanes.net\/wp-content\/uploads\/2020\/03\/WhatsApp-Image-2020-03-08-at-7.50.11-PM.jpeg","datePublished":"2020-03-09T04:42:32+00:00","breadcrumb":{"@id":"https:\/\/volcanes.net\/?p=6558#breadcrumb"},"inLanguage":"es","potentialAction":[{"@type":"ReadAction","target":["https:\/\/volcanes.net\/?p=6558"]}]},{"@type":"ImageObject","inLanguage":"es","@id":"https:\/\/volcanes.net\/?p=6558#primaryimage","url":"https:\/\/volcanes.net\/wp-content\/uploads\/2020\/03\/WhatsApp-Image-2020-03-08-at-7.50.11-PM.jpeg","contentUrl":"https:\/\/volcanes.net\/wp-content\/uploads\/2020\/03\/WhatsApp-Image-2020-03-08-at-7.50.11-PM.jpeg","width":1216,"height":684},{"@type":"BreadcrumbList","@id":"https:\/\/volcanes.net\/?p=6558#breadcrumb","itemListElement":[{"@type":"ListItem","position":1,"name":"Portada","item":"https:\/\/volcanes.net\/"},{"@type":"ListItem","position":2,"name":"Organiza El Partido Verde Ecologista De M\u00e9xico Torneo Rel\u00e1mpago De F\u00fatbol En Valle De Chalco"}]},{"@type":"WebSite","@id":"https:\/\/volcanes.net\/#website","url":"https:\/\/volcanes.net\/","name":"Volcanes.Net","description":"Periodismo Profesional","publisher":{"@id":"https:\/\/volcanes.net\/#organization"},"potentialAction":[{"@type":"SearchAction","target":{"@type":"EntryPoint","urlTemplate":"https:\/\/volcanes.net\/?s={search_term_string}"},"query-input":{"@type":"PropertyValueSpecification","valueRequired":true,"valueName":"search_term_string"}}],"inLanguage":"es"},{"@type":"Organization","@id":"https:\/\/volcanes.net\/#organization","name":"Grupo Volcanes","url":"https:\/\/volcanes.net\/","logo":{"@type":"ImageObject","inLanguage":"es","@id":"https:\/\/volcanes.net\/#\/schema\/logo\/image\/","url":"http:\/\/volcanes.net\/wp-content\/uploads\/2017\/12\/Avatar2.jpg","contentUrl":"http:\/\/volcanes.net\/wp-content\/uploads\/2017\/12\/Avatar2.jpg","width":378,"height":378,"caption":"Grupo Volcanes"},"image":{"@id":"https:\/\/volcanes.net\/#\/schema\/logo\/image\/"},"sameAs":["https:\/\/www.facebook.com\/volcanes.net\/"]},{"@type":"Person","@id":"https:\/\/volcanes.net\/#\/schema\/person\/4bf0f383940966a4abd53f5048c0e6b9","name":"admin","image":{"@type":"ImageObject","inLanguage":"es","@id":"https:\/\/volcanes.net\/#\/schema\/person\/image\/","url":"https:\/\/secure.gravatar.com\/avatar\/ca004e6cba8462b8cb7abc86e382930c?s=96&d=mm&r=g","contentUrl":"https:\/\/secure.gravatar.com\/avatar\/ca004e6cba8462b8cb7abc86e382930c?s=96&d=mm&r=g","caption":"admin"}}]}},"_links":{"self":[{"href":"https:\/\/volcanes.net\/index.php?rest_route=\/wp\/v2\/posts\/6558"}],"collection":[{"href":"https:\/\/volcanes.net\/index.php?rest_route=\/wp\/v2\/posts"}],"about":[{"href":"https:\/\/volcanes.net\/index.php?rest_route=\/wp\/v2\/types\/post"}],"author":[{"embeddable":true,"href":"https:\/\/volcanes.net\/index.php?rest_route=\/wp\/v2\/users\/1"}],"replies":[{"embeddable":true,"href":"https:\/\/volcanes.net\/index.php?rest_route=%2Fwp%2Fv2%2Fcomments&post=6558"}],"version-history":[{"count":1,"href":"https:\/\/volcanes.net\/index.php?rest_route=\/wp\/v2\/posts\/6558\/revisions"}],"predecessor-version":[{"id":6561,"href":"https:\/\/volcanes.net\/index.php?rest_route=\/wp\/v2\/posts\/6558\/revisions\/6561"}],"wp:featuredmedia":[{"embeddable":true,"href":"https:\/\/volcanes.net\/index.php?rest_route=\/wp\/v2\/media\/6559"}],"wp:attachment":[{"href":"https:\/\/volcanes.net\/index.php?rest_route=%2Fwp%2Fv2%2Fmedia&parent=6558"}],"wp:term":[{"taxonomy":"category","embeddable":true,"href":"https:\/\/volcanes.net\/index.php?rest_route=%2Fwp%2Fv2%2Fcategories&post=6558"},{"taxonomy":"post_tag","embeddable":true,"href":"https:\/\/volcanes.net\/index.php?rest_route=%2Fwp%2Fv2%2Ftags&post=6558"}],"curies":[{"name":"wp","href":"https:\/\/api.w.org\/{rel}","templated":true}]}}