{"id":6575,"date":"2020-03-11T23:42:00","date_gmt":"2020-03-12T05:42:00","guid":{"rendered":"http:\/\/volcanes.net\/?p=6575"},"modified":"2020-03-11T23:42:00","modified_gmt":"2020-03-12T05:42:00","slug":"video-firman-convenio-de-colaboracion-gobierno-de-amecameca-y-cbta-atlautla","status":"publish","type":"post","link":"https:\/\/volcanes.net\/?p=6575","title":{"rendered":"VIDEO: Firman Convenio de Colaboraci\u00f3n Gobierno de Amecameca y CBTA-Atlautla"},"content":{"rendered":"<div style=\"margin-top: 0px; margin-bottom: 0px;\" class=\"sharethis-inline-share-buttons\" ><\/div><p class=\"p2\">Amecameca de Ju\u00e1rez, Estado de M\u00e9xico a 11 de marzo de 2020.- Con la firma del convenio de colaboraci\u00f3n entre el Gobierno de Amecameca y el Centro de Bachillerato Tecnol\u00f3gico Agropecuario, CBTA, n\u00famero 231, con sede en Atlautla, se capacitar\u00e1n a hombres y mujeres para que aprendan a elaborar embutidos (salchichas, pat\u00e9, jam\u00f3n, chorizo), mermeladas, licores, cristalizados y salmueras, inform\u00f3 el Presidente Municipal Miguel \u00c1ngel Salom\u00f3n Cortes.<\/p>\n<p class=\"p2\">A\u00f1adi\u00f3 que los talleres se llevar\u00e1n a cabo tanto en las delegaciones como en la cabecera municipal, ser\u00e1n sin costo y pueden participar todos los ciudadanos que as\u00ed lo soliciten, adem\u00e1s de que los insumos ser\u00e1n gratuitos.<\/p>\n<p class=\"p2\">Durante el acto protocolario de la firma, el Director del centro, \u00c1lvaro Villanueva Barrag\u00e1n, agradeci\u00f3 al Gobierno municipal la oportunidad de sumar esfuerzos para poder apoyar a que las familias aprendan la transformaci\u00f3n de productos agropecuarios.<\/p>\n<p class=\"p2\">Al evento tambi\u00e9n asistieron el Regidor Olaf Rodr\u00edguez Le\u00f3n, comisionado municipal de Fomento Agropecuario y Forestal, Preservaci\u00f3n y Restauraci\u00f3n del Medio Ambiente, el Director de Ecolog\u00eda y Desarrollo Agropecuario, Jos\u00e9 Sierra Flores y el Secretario del Ayuntamiento, Aristeo S\u00e1nchez S\u00e1nchez.<\/p>\n","protected":false},"excerpt":{"rendered":"<p>Amecameca de Ju\u00e1rez, Estado de M\u00e9xico a 11 de marzo de 2020.- Con la firma<\/p>\n","protected":false},"author":1,"featured_media":6577,"comment_status":"open","ping_status":"open","sticky":false,"template":"","format":"standard","meta":{"footnotes":""},"categories":[1],"tags":[7],"class_list":["post-6575","post","type-post","status-publish","format-standard","has-post-thumbnail","hentry","category-municipales","tag-amecameca","has-post-video"],"yoast_head":"<!-- This site is optimized with the Yoast SEO plugin v25.3 - https:\/\/yoast.com\/wordpress\/plugins\/seo\/ -->\n<title>VIDEO: Firman Convenio de Colaboraci\u00f3n Gobierno de Amecameca y CBTA-Atlautla - Volcanes<\/title>\n<meta name=\"robots\" content=\"index, follow, max-snippet:-1, max-image-preview:large, max-video-preview:-1\" \/>\n<link rel=\"canonical\" href=\"https:\/\/volcanes.net\/?p=6575\" \/>\n<meta property=\"og:locale\" content=\"es_MX\" \/>\n<meta property=\"og:type\" content=\"article\" \/>\n<meta property=\"og:title\" content=\"VIDEO: Firman Convenio de Colaboraci\u00f3n Gobierno de Amecameca y CBTA-Atlautla - Volcanes\" \/>\n<meta property=\"og:description\" content=\"Amecameca de Ju\u00e1rez, Estado de M\u00e9xico a 11 de marzo de 2020.- Con la firma\" \/>\n<meta property=\"og:url\" content=\"https:\/\/volcanes.net\/?p=6575\" \/>\n<meta property=\"og:site_name\" content=\"Volcanes\" \/>\n<meta property=\"article:publisher\" content=\"https:\/\/www.facebook.com\/volcanes.net\/\" \/>\n<meta property=\"article:published_time\" content=\"2020-03-12T05:42:00+00:00\" \/>\n<meta property=\"og:image\" content=\"https:\/\/volcanes.net\/wp-content\/uploads\/2020\/03\/WhatsApp-Image-2020-03-11-at-3.55.48-PM.jpeg\" \/>\n\t<meta property=\"og:image:width\" content=\"1280\" \/>\n\t<meta property=\"og:image:height\" content=\"754\" \/>\n\t<meta property=\"og:image:type\" content=\"image\/jpeg\" \/>\n<meta name=\"author\" content=\"admin\" \/>\n<meta name=\"twitter:card\" content=\"summary_large_image\" \/>\n<meta name=\"twitter:label1\" content=\"Escrito por\" \/>\n\t<meta name=\"twitter:data1\" content=\"admin\" \/>\n\t<meta name=\"twitter:label2\" content=\"Tiempo de lectura\" \/>\n\t<meta name=\"twitter:data2\" content=\"1 minuto\" \/>\n<script type=\"application\/ld+json\" class=\"yoast-schema-graph\">{\"@context\":\"https:\/\/schema.org\",\"@graph\":[{\"@type\":\"Article\",\"@id\":\"https:\/\/volcanes.net\/?p=6575#article\",\"isPartOf\":{\"@id\":\"https:\/\/volcanes.net\/?p=6575\"},\"author\":{\"name\":\"admin\",\"@id\":\"https:\/\/volcanes.net\/#\/schema\/person\/4bf0f383940966a4abd53f5048c0e6b9\"},\"headline\":\"VIDEO: Firman Convenio de Colaboraci\u00f3n Gobierno de Amecameca y CBTA-Atlautla\",\"datePublished\":\"2020-03-12T05:42:00+00:00\",\"mainEntityOfPage\":{\"@id\":\"https:\/\/volcanes.net\/?p=6575\"},\"wordCount\":212,\"commentCount\":0,\"publisher\":{\"@id\":\"https:\/\/volcanes.net\/#organization\"},\"image\":{\"@id\":\"https:\/\/volcanes.net\/?p=6575#primaryimage\"},\"thumbnailUrl\":\"https:\/\/volcanes.net\/wp-content\/uploads\/2020\/03\/WhatsApp-Image-2020-03-11-at-3.55.48-PM.jpeg\",\"keywords\":[\"Amecameca\"],\"articleSection\":[\"Municipales\"],\"inLanguage\":\"es\",\"potentialAction\":[{\"@type\":\"CommentAction\",\"name\":\"Comment\",\"target\":[\"https:\/\/volcanes.net\/?p=6575#respond\"]}]},{\"@type\":\"WebPage\",\"@id\":\"https:\/\/volcanes.net\/?p=6575\",\"url\":\"https:\/\/volcanes.net\/?p=6575\",\"name\":\"VIDEO: Firman Convenio de Colaboraci\u00f3n Gobierno de Amecameca y CBTA-Atlautla - Volcanes\",\"isPartOf\":{\"@id\":\"https:\/\/volcanes.net\/#website\"},\"primaryImageOfPage\":{\"@id\":\"https:\/\/volcanes.net\/?p=6575#primaryimage\"},\"image\":{\"@id\":\"https:\/\/volcanes.net\/?p=6575#primaryimage\"},\"thumbnailUrl\":\"https:\/\/volcanes.net\/wp-content\/uploads\/2020\/03\/WhatsApp-Image-2020-03-11-at-3.55.48-PM.jpeg\",\"datePublished\":\"2020-03-12T05:42:00+00:00\",\"breadcrumb\":{\"@id\":\"https:\/\/volcanes.net\/?p=6575#breadcrumb\"},\"inLanguage\":\"es\",\"potentialAction\":[{\"@type\":\"ReadAction\",\"target\":[\"https:\/\/volcanes.net\/?p=6575\"]}]},{\"@type\":\"ImageObject\",\"inLanguage\":\"es\",\"@id\":\"https:\/\/volcanes.net\/?p=6575#primaryimage\",\"url\":\"https:\/\/volcanes.net\/wp-content\/uploads\/2020\/03\/WhatsApp-Image-2020-03-11-at-3.55.48-PM.jpeg\",\"contentUrl\":\"https:\/\/volcanes.net\/wp-content\/uploads\/2020\/03\/WhatsApp-Image-2020-03-11-at-3.55.48-PM.jpeg\",\"width\":1280,\"height\":754},{\"@type\":\"BreadcrumbList\",\"@id\":\"https:\/\/volcanes.net\/?p=6575#breadcrumb\",\"itemListElement\":[{\"@type\":\"ListItem\",\"position\":1,\"name\":\"Portada\",\"item\":\"https:\/\/volcanes.net\/\"},{\"@type\":\"ListItem\",\"position\":2,\"name\":\"VIDEO: Firman Convenio de Colaboraci\u00f3n Gobierno de Amecameca y CBTA-Atlautla\"}]},{\"@type\":\"WebSite\",\"@id\":\"https:\/\/volcanes.net\/#website\",\"url\":\"https:\/\/volcanes.net\/\",\"name\":\"Volcanes.Net\",\"description\":\"Periodismo Profesional\",\"publisher\":{\"@id\":\"https:\/\/volcanes.net\/#organization\"},\"potentialAction\":[{\"@type\":\"SearchAction\",\"target\":{\"@type\":\"EntryPoint\",\"urlTemplate\":\"https:\/\/volcanes.net\/?s={search_term_string}\"},\"query-input\":{\"@type\":\"PropertyValueSpecification\",\"valueRequired\":true,\"valueName\":\"search_term_string\"}}],\"inLanguage\":\"es\"},{\"@type\":\"Organization\",\"@id\":\"https:\/\/volcanes.net\/#organization\",\"name\":\"Grupo Volcanes\",\"url\":\"https:\/\/volcanes.net\/\",\"logo\":{\"@type\":\"ImageObject\",\"inLanguage\":\"es\",\"@id\":\"https:\/\/volcanes.net\/#\/schema\/logo\/image\/\",\"url\":\"http:\/\/volcanes.net\/wp-content\/uploads\/2017\/12\/Avatar2.jpg\",\"contentUrl\":\"http:\/\/volcanes.net\/wp-content\/uploads\/2017\/12\/Avatar2.jpg\",\"width\":378,\"height\":378,\"caption\":\"Grupo Volcanes\"},\"image\":{\"@id\":\"https:\/\/volcanes.net\/#\/schema\/logo\/image\/\"},\"sameAs\":[\"https:\/\/www.facebook.com\/volcanes.net\/\"]},{\"@type\":\"Person\",\"@id\":\"https:\/\/volcanes.net\/#\/schema\/person\/4bf0f383940966a4abd53f5048c0e6b9\",\"name\":\"admin\",\"image\":{\"@type\":\"ImageObject\",\"inLanguage\":\"es\",\"@id\":\"https:\/\/volcanes.net\/#\/schema\/person\/image\/\",\"url\":\"https:\/\/secure.gravatar.com\/avatar\/ca004e6cba8462b8cb7abc86e382930c?s=96&d=mm&r=g\",\"contentUrl\":\"https:\/\/secure.gravatar.com\/avatar\/ca004e6cba8462b8cb7abc86e382930c?s=96&d=mm&r=g\",\"caption\":\"admin\"}}]}<\/script>\n<!-- \/ Yoast SEO plugin. -->","yoast_head_json":{"title":"VIDEO: Firman Convenio de Colaboraci\u00f3n Gobierno de Amecameca y CBTA-Atlautla - Volcanes","robots":{"index":"index","follow":"follow","max-snippet":"max-snippet:-1","max-image-preview":"max-image-preview:large","max-video-preview":"max-video-preview:-1"},"canonical":"https:\/\/volcanes.net\/?p=6575","og_locale":"es_MX","og_type":"article","og_title":"VIDEO: Firman Convenio de Colaboraci\u00f3n Gobierno de Amecameca y CBTA-Atlautla - Volcanes","og_description":"Amecameca de Ju\u00e1rez, Estado de M\u00e9xico a 11 de marzo de 2020.- Con la firma","og_url":"https:\/\/volcanes.net\/?p=6575","og_site_name":"Volcanes","article_publisher":"https:\/\/www.facebook.com\/volcanes.net\/","article_published_time":"2020-03-12T05:42:00+00:00","og_image":[{"width":1280,"height":754,"url":"https:\/\/volcanes.net\/wp-content\/uploads\/2020\/03\/WhatsApp-Image-2020-03-11-at-3.55.48-PM.jpeg","type":"image\/jpeg"}],"author":"admin","twitter_card":"summary_large_image","twitter_misc":{"Escrito por":"admin","Tiempo de lectura":"1 minuto"},"schema":{"@context":"https:\/\/schema.org","@graph":[{"@type":"Article","@id":"https:\/\/volcanes.net\/?p=6575#article","isPartOf":{"@id":"https:\/\/volcanes.net\/?p=6575"},"author":{"name":"admin","@id":"https:\/\/volcanes.net\/#\/schema\/person\/4bf0f383940966a4abd53f5048c0e6b9"},"headline":"VIDEO: Firman Convenio de Colaboraci\u00f3n Gobierno de Amecameca y CBTA-Atlautla","datePublished":"2020-03-12T05:42:00+00:00","mainEntityOfPage":{"@id":"https:\/\/volcanes.net\/?p=6575"},"wordCount":212,"commentCount":0,"publisher":{"@id":"https:\/\/volcanes.net\/#organization"},"image":{"@id":"https:\/\/volcanes.net\/?p=6575#primaryimage"},"thumbnailUrl":"https:\/\/volcanes.net\/wp-content\/uploads\/2020\/03\/WhatsApp-Image-2020-03-11-at-3.55.48-PM.jpeg","keywords":["Amecameca"],"articleSection":["Municipales"],"inLanguage":"es","potentialAction":[{"@type":"CommentAction","name":"Comment","target":["https:\/\/volcanes.net\/?p=6575#respond"]}]},{"@type":"WebPage","@id":"https:\/\/volcanes.net\/?p=6575","url":"https:\/\/volcanes.net\/?p=6575","name":"VIDEO: Firman Convenio de Colaboraci\u00f3n Gobierno de Amecameca y CBTA-Atlautla - Volcanes","isPartOf":{"@id":"https:\/\/volcanes.net\/#website"},"primaryImageOfPage":{"@id":"https:\/\/volcanes.net\/?p=6575#primaryimage"},"image":{"@id":"https:\/\/volcanes.net\/?p=6575#primaryimage"},"thumbnailUrl":"https:\/\/volcanes.net\/wp-content\/uploads\/2020\/03\/WhatsApp-Image-2020-03-11-at-3.55.48-PM.jpeg","datePublished":"2020-03-12T05:42:00+00:00","breadcrumb":{"@id":"https:\/\/volcanes.net\/?p=6575#breadcrumb"},"inLanguage":"es","potentialAction":[{"@type":"ReadAction","target":["https:\/\/volcanes.net\/?p=6575"]}]},{"@type":"ImageObject","inLanguage":"es","@id":"https:\/\/volcanes.net\/?p=6575#primaryimage","url":"https:\/\/volcanes.net\/wp-content\/uploads\/2020\/03\/WhatsApp-Image-2020-03-11-at-3.55.48-PM.jpeg","contentUrl":"https:\/\/volcanes.net\/wp-content\/uploads\/2020\/03\/WhatsApp-Image-2020-03-11-at-3.55.48-PM.jpeg","width":1280,"height":754},{"@type":"BreadcrumbList","@id":"https:\/\/volcanes.net\/?p=6575#breadcrumb","itemListElement":[{"@type":"ListItem","position":1,"name":"Portada","item":"https:\/\/volcanes.net\/"},{"@type":"ListItem","position":2,"name":"VIDEO: Firman Convenio de Colaboraci\u00f3n Gobierno de Amecameca y CBTA-Atlautla"}]},{"@type":"WebSite","@id":"https:\/\/volcanes.net\/#website","url":"https:\/\/volcanes.net\/","name":"Volcanes.Net","description":"Periodismo Profesional","publisher":{"@id":"https:\/\/volcanes.net\/#organization"},"potentialAction":[{"@type":"SearchAction","target":{"@type":"EntryPoint","urlTemplate":"https:\/\/volcanes.net\/?s={search_term_string}"},"query-input":{"@type":"PropertyValueSpecification","valueRequired":true,"valueName":"search_term_string"}}],"inLanguage":"es"},{"@type":"Organization","@id":"https:\/\/volcanes.net\/#organization","name":"Grupo Volcanes","url":"https:\/\/volcanes.net\/","logo":{"@type":"ImageObject","inLanguage":"es","@id":"https:\/\/volcanes.net\/#\/schema\/logo\/image\/","url":"http:\/\/volcanes.net\/wp-content\/uploads\/2017\/12\/Avatar2.jpg","contentUrl":"http:\/\/volcanes.net\/wp-content\/uploads\/2017\/12\/Avatar2.jpg","width":378,"height":378,"caption":"Grupo Volcanes"},"image":{"@id":"https:\/\/volcanes.net\/#\/schema\/logo\/image\/"},"sameAs":["https:\/\/www.facebook.com\/volcanes.net\/"]},{"@type":"Person","@id":"https:\/\/volcanes.net\/#\/schema\/person\/4bf0f383940966a4abd53f5048c0e6b9","name":"admin","image":{"@type":"ImageObject","inLanguage":"es","@id":"https:\/\/volcanes.net\/#\/schema\/person\/image\/","url":"https:\/\/secure.gravatar.com\/avatar\/ca004e6cba8462b8cb7abc86e382930c?s=96&d=mm&r=g","contentUrl":"https:\/\/secure.gravatar.com\/avatar\/ca004e6cba8462b8cb7abc86e382930c?s=96&d=mm&r=g","caption":"admin"}}]}},"_links":{"self":[{"href":"https:\/\/volcanes.net\/index.php?rest_route=\/wp\/v2\/posts\/6575"}],"collection":[{"href":"https:\/\/volcanes.net\/index.php?rest_route=\/wp\/v2\/posts"}],"about":[{"href":"https:\/\/volcanes.net\/index.php?rest_route=\/wp\/v2\/types\/post"}],"author":[{"embeddable":true,"href":"https:\/\/volcanes.net\/index.php?rest_route=\/wp\/v2\/users\/1"}],"replies":[{"embeddable":true,"href":"https:\/\/volcanes.net\/index.php?rest_route=%2Fwp%2Fv2%2Fcomments&post=6575"}],"version-history":[{"count":1,"href":"https:\/\/volcanes.net\/index.php?rest_route=\/wp\/v2\/posts\/6575\/revisions"}],"predecessor-version":[{"id":6578,"href":"https:\/\/volcanes.net\/index.php?rest_route=\/wp\/v2\/posts\/6575\/revisions\/6578"}],"wp:featuredmedia":[{"embeddable":true,"href":"https:\/\/volcanes.net\/index.php?rest_route=\/wp\/v2\/media\/6577"}],"wp:attachment":[{"href":"https:\/\/volcanes.net\/index.php?rest_route=%2Fwp%2Fv2%2Fmedia&parent=6575"}],"wp:term":[{"taxonomy":"category","embeddable":true,"href":"https:\/\/volcanes.net\/index.php?rest_route=%2Fwp%2Fv2%2Fcategories&post=6575"},{"taxonomy":"post_tag","embeddable":true,"href":"https:\/\/volcanes.net\/index.php?rest_route=%2Fwp%2Fv2%2Ftags&post=6575"}],"curies":[{"name":"wp","href":"https:\/\/api.w.org\/{rel}","templated":true}]}}