{"id":6593,"date":"2020-03-12T15:43:38","date_gmt":"2020-03-12T21:43:38","guid":{"rendered":"http:\/\/volcanes.net\/?p=6593"},"modified":"2020-03-12T15:43:38","modified_gmt":"2020-03-12T21:43:38","slug":"impulso-al-campo-no-se-puede-postergar-alcalde-miguel-angel-salomon-cortes","status":"publish","type":"post","link":"https:\/\/volcanes.net\/?p=6593","title":{"rendered":"Impulso al campo no se puede postergar: Alcalde Miguel \u00c1ngel Salom\u00f3n Cort\u00e9s"},"content":{"rendered":"<div style=\"margin-top: 0px; margin-bottom: 0px;\" class=\"sharethis-inline-share-buttons\" ><\/div><p>Amecameca de Ju\u00e1rez, Estado de M\u00e9xico a 11 de marzo de 2020.- El Presidente Municipal Miguel \u00c1ngel Salom\u00f3n Cort\u00e9s sostuvo que el impulso al campo no se puede postergar, por eso se necesita unir esfuerzos en todos los niveles de gobierno para aprovechar la riqueza de la tierra amecamequense.<\/p>\n<p>Lo anterior durante la reuni\u00f3n entre productores del campo de Amecameca con el Delegado Regional de SEDAGRO, Alejandro Zepeda Nava, en donde se dieron a conocer los programas y acciones que la Secretar\u00eda de Desarrollo Agropecuario propone aplicar en este municipio.<\/p>\n<p>Entre ellos apoyo con fertilizante y semilla mejorada, seguro de cosecha, la adquisici\u00f3n a bajo costo de maquinar\u00eda y aditamentos del campo y apoyo con maquinar\u00eda para mejorar los caminos sacacosecha. Adem\u00e1s de que se abrir\u00e1 la ventanilla de registro en este municipio, para evitar traslados costosos y tard\u00edos.<\/p>\n<p>Finalmente el Presidente Municipal hizo hincapi\u00e9 en que a la brevedad se realizar\u00e1 una nueva reuni\u00f3n a la que acudir\u00e1n todav\u00eda m\u00e1s productores del campo, para informarles de todos los beneficios que SEDAGRO traer\u00e1 para ellos.<\/p>\n","protected":false},"excerpt":{"rendered":"<p>Amecameca de Ju\u00e1rez, Estado de M\u00e9xico a 11 de marzo de 2020.- El Presidente Municipal<\/p>\n","protected":false},"author":1,"featured_media":6594,"comment_status":"open","ping_status":"open","sticky":false,"template":"","format":"standard","meta":{"footnotes":""},"categories":[1],"tags":[7,265,286],"class_list":["post-6593","post","type-post","status-publish","format-standard","has-post-thumbnail","hentry","category-municipales","tag-amecameca","tag-grupovolcanes","tag-miguel-angel-salomon-cortes"],"yoast_head":"<!-- This site is optimized with the Yoast SEO plugin v25.3 - https:\/\/yoast.com\/wordpress\/plugins\/seo\/ -->\n<title>Impulso al campo no se puede postergar: Alcalde Miguel \u00c1ngel Salom\u00f3n Cort\u00e9s - Volcanes<\/title>\n<meta name=\"robots\" content=\"index, follow, max-snippet:-1, max-image-preview:large, max-video-preview:-1\" \/>\n<link rel=\"canonical\" href=\"https:\/\/volcanes.net\/?p=6593\" \/>\n<meta property=\"og:locale\" content=\"es_MX\" \/>\n<meta property=\"og:type\" content=\"article\" \/>\n<meta property=\"og:title\" content=\"Impulso al campo no se puede postergar: Alcalde Miguel \u00c1ngel Salom\u00f3n Cort\u00e9s - Volcanes\" \/>\n<meta property=\"og:description\" content=\"Amecameca de Ju\u00e1rez, Estado de M\u00e9xico a 11 de marzo de 2020.- El Presidente Municipal\" \/>\n<meta property=\"og:url\" content=\"https:\/\/volcanes.net\/?p=6593\" \/>\n<meta property=\"og:site_name\" content=\"Volcanes\" \/>\n<meta property=\"article:publisher\" content=\"https:\/\/www.facebook.com\/volcanes.net\/\" \/>\n<meta property=\"article:published_time\" content=\"2020-03-12T21:43:38+00:00\" \/>\n<meta property=\"og:image\" content=\"https:\/\/volcanes.net\/wp-content\/uploads\/2020\/03\/WhatsApp-Image-2020-03-12-at-3.25.19-PM.jpeg\" \/>\n\t<meta property=\"og:image:width\" content=\"1152\" \/>\n\t<meta property=\"og:image:height\" content=\"864\" \/>\n\t<meta property=\"og:image:type\" content=\"image\/jpeg\" \/>\n<meta name=\"author\" content=\"admin\" \/>\n<meta name=\"twitter:card\" content=\"summary_large_image\" \/>\n<meta name=\"twitter:label1\" content=\"Escrito por\" \/>\n\t<meta name=\"twitter:data1\" content=\"admin\" \/>\n\t<meta name=\"twitter:label2\" content=\"Tiempo de lectura\" \/>\n\t<meta name=\"twitter:data2\" content=\"1 minuto\" \/>\n<script type=\"application\/ld+json\" class=\"yoast-schema-graph\">{\"@context\":\"https:\/\/schema.org\",\"@graph\":[{\"@type\":\"Article\",\"@id\":\"https:\/\/volcanes.net\/?p=6593#article\",\"isPartOf\":{\"@id\":\"https:\/\/volcanes.net\/?p=6593\"},\"author\":{\"name\":\"admin\",\"@id\":\"https:\/\/volcanes.net\/#\/schema\/person\/4bf0f383940966a4abd53f5048c0e6b9\"},\"headline\":\"Impulso al campo no se puede postergar: Alcalde Miguel \u00c1ngel Salom\u00f3n Cort\u00e9s\",\"datePublished\":\"2020-03-12T21:43:38+00:00\",\"mainEntityOfPage\":{\"@id\":\"https:\/\/volcanes.net\/?p=6593\"},\"wordCount\":203,\"commentCount\":0,\"publisher\":{\"@id\":\"https:\/\/volcanes.net\/#organization\"},\"image\":{\"@id\":\"https:\/\/volcanes.net\/?p=6593#primaryimage\"},\"thumbnailUrl\":\"https:\/\/volcanes.net\/wp-content\/uploads\/2020\/03\/WhatsApp-Image-2020-03-12-at-3.25.19-PM.jpeg\",\"keywords\":[\"Amecameca\",\"GrupoVolcanes\",\"Miguel \u00c1ngel Salom\u00f3n Cort\u00e9s\"],\"articleSection\":[\"Municipales\"],\"inLanguage\":\"es\",\"potentialAction\":[{\"@type\":\"CommentAction\",\"name\":\"Comment\",\"target\":[\"https:\/\/volcanes.net\/?p=6593#respond\"]}]},{\"@type\":\"WebPage\",\"@id\":\"https:\/\/volcanes.net\/?p=6593\",\"url\":\"https:\/\/volcanes.net\/?p=6593\",\"name\":\"Impulso al campo no se puede postergar: Alcalde Miguel \u00c1ngel Salom\u00f3n Cort\u00e9s - Volcanes\",\"isPartOf\":{\"@id\":\"https:\/\/volcanes.net\/#website\"},\"primaryImageOfPage\":{\"@id\":\"https:\/\/volcanes.net\/?p=6593#primaryimage\"},\"image\":{\"@id\":\"https:\/\/volcanes.net\/?p=6593#primaryimage\"},\"thumbnailUrl\":\"https:\/\/volcanes.net\/wp-content\/uploads\/2020\/03\/WhatsApp-Image-2020-03-12-at-3.25.19-PM.jpeg\",\"datePublished\":\"2020-03-12T21:43:38+00:00\",\"breadcrumb\":{\"@id\":\"https:\/\/volcanes.net\/?p=6593#breadcrumb\"},\"inLanguage\":\"es\",\"potentialAction\":[{\"@type\":\"ReadAction\",\"target\":[\"https:\/\/volcanes.net\/?p=6593\"]}]},{\"@type\":\"ImageObject\",\"inLanguage\":\"es\",\"@id\":\"https:\/\/volcanes.net\/?p=6593#primaryimage\",\"url\":\"https:\/\/volcanes.net\/wp-content\/uploads\/2020\/03\/WhatsApp-Image-2020-03-12-at-3.25.19-PM.jpeg\",\"contentUrl\":\"https:\/\/volcanes.net\/wp-content\/uploads\/2020\/03\/WhatsApp-Image-2020-03-12-at-3.25.19-PM.jpeg\",\"width\":1152,\"height\":864},{\"@type\":\"BreadcrumbList\",\"@id\":\"https:\/\/volcanes.net\/?p=6593#breadcrumb\",\"itemListElement\":[{\"@type\":\"ListItem\",\"position\":1,\"name\":\"Portada\",\"item\":\"https:\/\/volcanes.net\/\"},{\"@type\":\"ListItem\",\"position\":2,\"name\":\"Impulso al campo no se puede postergar: Alcalde Miguel \u00c1ngel Salom\u00f3n Cort\u00e9s\"}]},{\"@type\":\"WebSite\",\"@id\":\"https:\/\/volcanes.net\/#website\",\"url\":\"https:\/\/volcanes.net\/\",\"name\":\"Volcanes.Net\",\"description\":\"Periodismo Profesional\",\"publisher\":{\"@id\":\"https:\/\/volcanes.net\/#organization\"},\"potentialAction\":[{\"@type\":\"SearchAction\",\"target\":{\"@type\":\"EntryPoint\",\"urlTemplate\":\"https:\/\/volcanes.net\/?s={search_term_string}\"},\"query-input\":{\"@type\":\"PropertyValueSpecification\",\"valueRequired\":true,\"valueName\":\"search_term_string\"}}],\"inLanguage\":\"es\"},{\"@type\":\"Organization\",\"@id\":\"https:\/\/volcanes.net\/#organization\",\"name\":\"Grupo Volcanes\",\"url\":\"https:\/\/volcanes.net\/\",\"logo\":{\"@type\":\"ImageObject\",\"inLanguage\":\"es\",\"@id\":\"https:\/\/volcanes.net\/#\/schema\/logo\/image\/\",\"url\":\"http:\/\/volcanes.net\/wp-content\/uploads\/2017\/12\/Avatar2.jpg\",\"contentUrl\":\"http:\/\/volcanes.net\/wp-content\/uploads\/2017\/12\/Avatar2.jpg\",\"width\":378,\"height\":378,\"caption\":\"Grupo Volcanes\"},\"image\":{\"@id\":\"https:\/\/volcanes.net\/#\/schema\/logo\/image\/\"},\"sameAs\":[\"https:\/\/www.facebook.com\/volcanes.net\/\"]},{\"@type\":\"Person\",\"@id\":\"https:\/\/volcanes.net\/#\/schema\/person\/4bf0f383940966a4abd53f5048c0e6b9\",\"name\":\"admin\",\"image\":{\"@type\":\"ImageObject\",\"inLanguage\":\"es\",\"@id\":\"https:\/\/volcanes.net\/#\/schema\/person\/image\/\",\"url\":\"https:\/\/secure.gravatar.com\/avatar\/ca004e6cba8462b8cb7abc86e382930c?s=96&d=mm&r=g\",\"contentUrl\":\"https:\/\/secure.gravatar.com\/avatar\/ca004e6cba8462b8cb7abc86e382930c?s=96&d=mm&r=g\",\"caption\":\"admin\"}}]}<\/script>\n<!-- \/ Yoast SEO plugin. -->","yoast_head_json":{"title":"Impulso al campo no se puede postergar: Alcalde Miguel \u00c1ngel Salom\u00f3n Cort\u00e9s - Volcanes","robots":{"index":"index","follow":"follow","max-snippet":"max-snippet:-1","max-image-preview":"max-image-preview:large","max-video-preview":"max-video-preview:-1"},"canonical":"https:\/\/volcanes.net\/?p=6593","og_locale":"es_MX","og_type":"article","og_title":"Impulso al campo no se puede postergar: Alcalde Miguel \u00c1ngel Salom\u00f3n Cort\u00e9s - Volcanes","og_description":"Amecameca de Ju\u00e1rez, Estado de M\u00e9xico a 11 de marzo de 2020.- El Presidente Municipal","og_url":"https:\/\/volcanes.net\/?p=6593","og_site_name":"Volcanes","article_publisher":"https:\/\/www.facebook.com\/volcanes.net\/","article_published_time":"2020-03-12T21:43:38+00:00","og_image":[{"width":1152,"height":864,"url":"https:\/\/volcanes.net\/wp-content\/uploads\/2020\/03\/WhatsApp-Image-2020-03-12-at-3.25.19-PM.jpeg","type":"image\/jpeg"}],"author":"admin","twitter_card":"summary_large_image","twitter_misc":{"Escrito por":"admin","Tiempo de lectura":"1 minuto"},"schema":{"@context":"https:\/\/schema.org","@graph":[{"@type":"Article","@id":"https:\/\/volcanes.net\/?p=6593#article","isPartOf":{"@id":"https:\/\/volcanes.net\/?p=6593"},"author":{"name":"admin","@id":"https:\/\/volcanes.net\/#\/schema\/person\/4bf0f383940966a4abd53f5048c0e6b9"},"headline":"Impulso al campo no se puede postergar: Alcalde Miguel \u00c1ngel Salom\u00f3n Cort\u00e9s","datePublished":"2020-03-12T21:43:38+00:00","mainEntityOfPage":{"@id":"https:\/\/volcanes.net\/?p=6593"},"wordCount":203,"commentCount":0,"publisher":{"@id":"https:\/\/volcanes.net\/#organization"},"image":{"@id":"https:\/\/volcanes.net\/?p=6593#primaryimage"},"thumbnailUrl":"https:\/\/volcanes.net\/wp-content\/uploads\/2020\/03\/WhatsApp-Image-2020-03-12-at-3.25.19-PM.jpeg","keywords":["Amecameca","GrupoVolcanes","Miguel \u00c1ngel Salom\u00f3n Cort\u00e9s"],"articleSection":["Municipales"],"inLanguage":"es","potentialAction":[{"@type":"CommentAction","name":"Comment","target":["https:\/\/volcanes.net\/?p=6593#respond"]}]},{"@type":"WebPage","@id":"https:\/\/volcanes.net\/?p=6593","url":"https:\/\/volcanes.net\/?p=6593","name":"Impulso al campo no se puede postergar: Alcalde Miguel \u00c1ngel Salom\u00f3n Cort\u00e9s - Volcanes","isPartOf":{"@id":"https:\/\/volcanes.net\/#website"},"primaryImageOfPage":{"@id":"https:\/\/volcanes.net\/?p=6593#primaryimage"},"image":{"@id":"https:\/\/volcanes.net\/?p=6593#primaryimage"},"thumbnailUrl":"https:\/\/volcanes.net\/wp-content\/uploads\/2020\/03\/WhatsApp-Image-2020-03-12-at-3.25.19-PM.jpeg","datePublished":"2020-03-12T21:43:38+00:00","breadcrumb":{"@id":"https:\/\/volcanes.net\/?p=6593#breadcrumb"},"inLanguage":"es","potentialAction":[{"@type":"ReadAction","target":["https:\/\/volcanes.net\/?p=6593"]}]},{"@type":"ImageObject","inLanguage":"es","@id":"https:\/\/volcanes.net\/?p=6593#primaryimage","url":"https:\/\/volcanes.net\/wp-content\/uploads\/2020\/03\/WhatsApp-Image-2020-03-12-at-3.25.19-PM.jpeg","contentUrl":"https:\/\/volcanes.net\/wp-content\/uploads\/2020\/03\/WhatsApp-Image-2020-03-12-at-3.25.19-PM.jpeg","width":1152,"height":864},{"@type":"BreadcrumbList","@id":"https:\/\/volcanes.net\/?p=6593#breadcrumb","itemListElement":[{"@type":"ListItem","position":1,"name":"Portada","item":"https:\/\/volcanes.net\/"},{"@type":"ListItem","position":2,"name":"Impulso al campo no se puede postergar: Alcalde Miguel \u00c1ngel Salom\u00f3n Cort\u00e9s"}]},{"@type":"WebSite","@id":"https:\/\/volcanes.net\/#website","url":"https:\/\/volcanes.net\/","name":"Volcanes.Net","description":"Periodismo Profesional","publisher":{"@id":"https:\/\/volcanes.net\/#organization"},"potentialAction":[{"@type":"SearchAction","target":{"@type":"EntryPoint","urlTemplate":"https:\/\/volcanes.net\/?s={search_term_string}"},"query-input":{"@type":"PropertyValueSpecification","valueRequired":true,"valueName":"search_term_string"}}],"inLanguage":"es"},{"@type":"Organization","@id":"https:\/\/volcanes.net\/#organization","name":"Grupo Volcanes","url":"https:\/\/volcanes.net\/","logo":{"@type":"ImageObject","inLanguage":"es","@id":"https:\/\/volcanes.net\/#\/schema\/logo\/image\/","url":"http:\/\/volcanes.net\/wp-content\/uploads\/2017\/12\/Avatar2.jpg","contentUrl":"http:\/\/volcanes.net\/wp-content\/uploads\/2017\/12\/Avatar2.jpg","width":378,"height":378,"caption":"Grupo Volcanes"},"image":{"@id":"https:\/\/volcanes.net\/#\/schema\/logo\/image\/"},"sameAs":["https:\/\/www.facebook.com\/volcanes.net\/"]},{"@type":"Person","@id":"https:\/\/volcanes.net\/#\/schema\/person\/4bf0f383940966a4abd53f5048c0e6b9","name":"admin","image":{"@type":"ImageObject","inLanguage":"es","@id":"https:\/\/volcanes.net\/#\/schema\/person\/image\/","url":"https:\/\/secure.gravatar.com\/avatar\/ca004e6cba8462b8cb7abc86e382930c?s=96&d=mm&r=g","contentUrl":"https:\/\/secure.gravatar.com\/avatar\/ca004e6cba8462b8cb7abc86e382930c?s=96&d=mm&r=g","caption":"admin"}}]}},"_links":{"self":[{"href":"https:\/\/volcanes.net\/index.php?rest_route=\/wp\/v2\/posts\/6593"}],"collection":[{"href":"https:\/\/volcanes.net\/index.php?rest_route=\/wp\/v2\/posts"}],"about":[{"href":"https:\/\/volcanes.net\/index.php?rest_route=\/wp\/v2\/types\/post"}],"author":[{"embeddable":true,"href":"https:\/\/volcanes.net\/index.php?rest_route=\/wp\/v2\/users\/1"}],"replies":[{"embeddable":true,"href":"https:\/\/volcanes.net\/index.php?rest_route=%2Fwp%2Fv2%2Fcomments&post=6593"}],"version-history":[{"count":1,"href":"https:\/\/volcanes.net\/index.php?rest_route=\/wp\/v2\/posts\/6593\/revisions"}],"predecessor-version":[{"id":6595,"href":"https:\/\/volcanes.net\/index.php?rest_route=\/wp\/v2\/posts\/6593\/revisions\/6595"}],"wp:featuredmedia":[{"embeddable":true,"href":"https:\/\/volcanes.net\/index.php?rest_route=\/wp\/v2\/media\/6594"}],"wp:attachment":[{"href":"https:\/\/volcanes.net\/index.php?rest_route=%2Fwp%2Fv2%2Fmedia&parent=6593"}],"wp:term":[{"taxonomy":"category","embeddable":true,"href":"https:\/\/volcanes.net\/index.php?rest_route=%2Fwp%2Fv2%2Fcategories&post=6593"},{"taxonomy":"post_tag","embeddable":true,"href":"https:\/\/volcanes.net\/index.php?rest_route=%2Fwp%2Fv2%2Ftags&post=6593"}],"curies":[{"name":"wp","href":"https:\/\/api.w.org\/{rel}","templated":true}]}}