{"id":6596,"date":"2020-03-12T19:37:08","date_gmt":"2020-03-13T01:37:08","guid":{"rendered":"http:\/\/volcanes.net\/?p=6596"},"modified":"2020-03-12T19:38:58","modified_gmt":"2020-03-13T01:38:58","slug":"video-participa-la-diputada-federal-como-ponente-ante-mas-de-2-mil-mujeres-en-amecameca","status":"publish","type":"post","link":"https:\/\/volcanes.net\/?p=6596","title":{"rendered":"VIDEO: Participa Ana Lilia Herrera Anzaldo como ponente ante m\u00e1s de 2 mil mujeres en Amecameca"},"content":{"rendered":"<div style=\"margin-top: 0px; margin-bottom: 0px;\" class=\"sharethis-inline-share-buttons\" ><\/div><p style=\"text-align: justify;\">Amecameca, Estado de M\u00e9xico.- Ante m\u00e1s de 2 mil mujeres que se dieron cita en el auditorio municipal, la diputada Ana Lilia Herrera Anzaldo, ofreci\u00f3 una conferencia sobre los avances en los derechos de las mujeres del pa\u00eds, dijo que la lucha es realmente actualmente se ve amenazada por los recortes presupuestales en programas federales enfocados en la atenci\u00f3n de las mujeres.<\/p>\n<p style=\"text-align: justify;\">Ana Lilia Anzaldo tambi\u00e9n es presidenta estatal del colectivo 50+1, que es un colectivo nacional plural, en su conferencia se dirigi\u00f3 a las mujeres para que sigan defendiendo los derechos que han costado mucho trabajo, en entrevista dijo que fue un p\u00fablico muy receptivo, en su mayor\u00eda compuesta por mujeres, pero que tambi\u00e9n hubo hombres.<\/p>\n<p style=\"text-align: justify;\">Mencion\u00f3 que es muy importante generar conciencia, enfatiz\u00f3 que sobre todo en el servicio p\u00fablico es necesario tener en claro la responsabilidad que se tiene en cada \u00e1rea ara garantizar los derechos de las mujeres.<\/p>\n<p style=\"text-align: justify;\">Recalc\u00f3 que &#8220;hoy estamos viviendo como la visi\u00f3n de un presidente de la rep\u00fablica, que evidente ha acreditado no solo su desinter\u00e9s sino su ignorancia en los avances de la equidad de g\u00e9nero de la igualdad que hemos tenido en M\u00e9xico, las leyes, los presupuestos, las pol\u00edticas p\u00fablicas las est\u00e1 eliminando; creo que es muy delicado, creo que no se lo debe tomar personal. Estamos levantando la voz solamente para exigir respeto a la ley, alto a la impunidad y garant\u00eda de nuestros derechos.&#8221;<\/p>\n<p style=\"text-align: justify;\">Se\u00f1al\u00f3 que las diputadas de Morena, en un asunto de obediencia y disciplina le hacen mal al presidente, a ellas mismas, a los mexicanos. pero particularmente a las mujeres m\u00e1s pobres, refiri\u00e9ndose a los recortes presupuestales que se siguen autorizando en la c\u00e1mara de diputados.<\/p>\n<p style=\"text-align: justify;\">Finalmente dijo que las mujeres son unas Guerreras, dijo que las mujeres necesitan que los gobernantes tengan sensibilidad, &#8220;que somos iguales y que estamos luchando por una mejor sociedad, asever\u00f3 la diputada.<\/p>\n<p>&nbsp;<\/p>\n","protected":false},"excerpt":{"rendered":"<p>Amecameca, Estado de M\u00e9xico.- Ante m\u00e1s de 2 mil mujeres que se dieron cita en<\/p>\n","protected":false},"author":1,"featured_media":6597,"comment_status":"open","ping_status":"open","sticky":false,"template":"","format":"standard","meta":{"footnotes":""},"categories":[1],"tags":[7],"class_list":["post-6596","post","type-post","status-publish","format-standard","has-post-thumbnail","hentry","category-municipales","tag-amecameca","has-post-video"],"yoast_head":"<!-- This site is optimized with the Yoast SEO plugin v25.3 - https:\/\/yoast.com\/wordpress\/plugins\/seo\/ -->\n<title>VIDEO: Participa Ana Lilia Herrera Anzaldo como ponente ante m\u00e1s de 2 mil mujeres en Amecameca - Volcanes<\/title>\n<meta name=\"robots\" content=\"index, follow, max-snippet:-1, max-image-preview:large, max-video-preview:-1\" \/>\n<link rel=\"canonical\" href=\"https:\/\/volcanes.net\/?p=6596\" \/>\n<meta property=\"og:locale\" content=\"es_MX\" \/>\n<meta property=\"og:type\" content=\"article\" \/>\n<meta property=\"og:title\" content=\"VIDEO: Participa Ana Lilia Herrera Anzaldo como ponente ante m\u00e1s de 2 mil mujeres en Amecameca - Volcanes\" \/>\n<meta property=\"og:description\" content=\"Amecameca, Estado de M\u00e9xico.- Ante m\u00e1s de 2 mil mujeres que se dieron cita en\" \/>\n<meta property=\"og:url\" content=\"https:\/\/volcanes.net\/?p=6596\" \/>\n<meta property=\"og:site_name\" content=\"Volcanes\" \/>\n<meta property=\"article:publisher\" content=\"https:\/\/www.facebook.com\/volcanes.net\/\" \/>\n<meta property=\"article:published_time\" content=\"2020-03-13T01:37:08+00:00\" \/>\n<meta property=\"article:modified_time\" content=\"2020-03-13T01:38:58+00:00\" \/>\n<meta property=\"og:image\" content=\"https:\/\/volcanes.net\/wp-content\/uploads\/2020\/03\/WhatsApp-Image-2020-03-12-at-7.35.02-PM.jpeg\" \/>\n\t<meta property=\"og:image:width\" content=\"1032\" \/>\n\t<meta property=\"og:image:height\" content=\"489\" \/>\n\t<meta property=\"og:image:type\" content=\"image\/jpeg\" \/>\n<meta name=\"author\" content=\"admin\" \/>\n<meta name=\"twitter:card\" content=\"summary_large_image\" \/>\n<meta name=\"twitter:label1\" content=\"Escrito por\" \/>\n\t<meta name=\"twitter:data1\" content=\"admin\" \/>\n\t<meta name=\"twitter:label2\" content=\"Tiempo de lectura\" \/>\n\t<meta name=\"twitter:data2\" content=\"2 minutos\" \/>\n<script type=\"application\/ld+json\" class=\"yoast-schema-graph\">{\"@context\":\"https:\/\/schema.org\",\"@graph\":[{\"@type\":\"Article\",\"@id\":\"https:\/\/volcanes.net\/?p=6596#article\",\"isPartOf\":{\"@id\":\"https:\/\/volcanes.net\/?p=6596\"},\"author\":{\"name\":\"admin\",\"@id\":\"https:\/\/volcanes.net\/#\/schema\/person\/4bf0f383940966a4abd53f5048c0e6b9\"},\"headline\":\"VIDEO: Participa Ana Lilia Herrera Anzaldo como ponente ante m\u00e1s de 2 mil mujeres en Amecameca\",\"datePublished\":\"2020-03-13T01:37:08+00:00\",\"dateModified\":\"2020-03-13T01:38:58+00:00\",\"mainEntityOfPage\":{\"@id\":\"https:\/\/volcanes.net\/?p=6596\"},\"wordCount\":350,\"commentCount\":0,\"publisher\":{\"@id\":\"https:\/\/volcanes.net\/#organization\"},\"image\":{\"@id\":\"https:\/\/volcanes.net\/?p=6596#primaryimage\"},\"thumbnailUrl\":\"https:\/\/volcanes.net\/wp-content\/uploads\/2020\/03\/WhatsApp-Image-2020-03-12-at-7.35.02-PM.jpeg\",\"keywords\":[\"Amecameca\"],\"articleSection\":[\"Municipales\"],\"inLanguage\":\"es\",\"potentialAction\":[{\"@type\":\"CommentAction\",\"name\":\"Comment\",\"target\":[\"https:\/\/volcanes.net\/?p=6596#respond\"]}]},{\"@type\":\"WebPage\",\"@id\":\"https:\/\/volcanes.net\/?p=6596\",\"url\":\"https:\/\/volcanes.net\/?p=6596\",\"name\":\"VIDEO: Participa Ana Lilia Herrera Anzaldo como ponente ante m\u00e1s de 2 mil mujeres en Amecameca - Volcanes\",\"isPartOf\":{\"@id\":\"https:\/\/volcanes.net\/#website\"},\"primaryImageOfPage\":{\"@id\":\"https:\/\/volcanes.net\/?p=6596#primaryimage\"},\"image\":{\"@id\":\"https:\/\/volcanes.net\/?p=6596#primaryimage\"},\"thumbnailUrl\":\"https:\/\/volcanes.net\/wp-content\/uploads\/2020\/03\/WhatsApp-Image-2020-03-12-at-7.35.02-PM.jpeg\",\"datePublished\":\"2020-03-13T01:37:08+00:00\",\"dateModified\":\"2020-03-13T01:38:58+00:00\",\"breadcrumb\":{\"@id\":\"https:\/\/volcanes.net\/?p=6596#breadcrumb\"},\"inLanguage\":\"es\",\"potentialAction\":[{\"@type\":\"ReadAction\",\"target\":[\"https:\/\/volcanes.net\/?p=6596\"]}]},{\"@type\":\"ImageObject\",\"inLanguage\":\"es\",\"@id\":\"https:\/\/volcanes.net\/?p=6596#primaryimage\",\"url\":\"https:\/\/volcanes.net\/wp-content\/uploads\/2020\/03\/WhatsApp-Image-2020-03-12-at-7.35.02-PM.jpeg\",\"contentUrl\":\"https:\/\/volcanes.net\/wp-content\/uploads\/2020\/03\/WhatsApp-Image-2020-03-12-at-7.35.02-PM.jpeg\",\"width\":1032,\"height\":489},{\"@type\":\"BreadcrumbList\",\"@id\":\"https:\/\/volcanes.net\/?p=6596#breadcrumb\",\"itemListElement\":[{\"@type\":\"ListItem\",\"position\":1,\"name\":\"Portada\",\"item\":\"https:\/\/volcanes.net\/\"},{\"@type\":\"ListItem\",\"position\":2,\"name\":\"VIDEO: Participa Ana Lilia Herrera Anzaldo como ponente ante m\u00e1s de 2 mil mujeres en Amecameca\"}]},{\"@type\":\"WebSite\",\"@id\":\"https:\/\/volcanes.net\/#website\",\"url\":\"https:\/\/volcanes.net\/\",\"name\":\"Volcanes.Net\",\"description\":\"Periodismo Profesional\",\"publisher\":{\"@id\":\"https:\/\/volcanes.net\/#organization\"},\"potentialAction\":[{\"@type\":\"SearchAction\",\"target\":{\"@type\":\"EntryPoint\",\"urlTemplate\":\"https:\/\/volcanes.net\/?s={search_term_string}\"},\"query-input\":{\"@type\":\"PropertyValueSpecification\",\"valueRequired\":true,\"valueName\":\"search_term_string\"}}],\"inLanguage\":\"es\"},{\"@type\":\"Organization\",\"@id\":\"https:\/\/volcanes.net\/#organization\",\"name\":\"Grupo Volcanes\",\"url\":\"https:\/\/volcanes.net\/\",\"logo\":{\"@type\":\"ImageObject\",\"inLanguage\":\"es\",\"@id\":\"https:\/\/volcanes.net\/#\/schema\/logo\/image\/\",\"url\":\"http:\/\/volcanes.net\/wp-content\/uploads\/2017\/12\/Avatar2.jpg\",\"contentUrl\":\"http:\/\/volcanes.net\/wp-content\/uploads\/2017\/12\/Avatar2.jpg\",\"width\":378,\"height\":378,\"caption\":\"Grupo Volcanes\"},\"image\":{\"@id\":\"https:\/\/volcanes.net\/#\/schema\/logo\/image\/\"},\"sameAs\":[\"https:\/\/www.facebook.com\/volcanes.net\/\"]},{\"@type\":\"Person\",\"@id\":\"https:\/\/volcanes.net\/#\/schema\/person\/4bf0f383940966a4abd53f5048c0e6b9\",\"name\":\"admin\",\"image\":{\"@type\":\"ImageObject\",\"inLanguage\":\"es\",\"@id\":\"https:\/\/volcanes.net\/#\/schema\/person\/image\/\",\"url\":\"https:\/\/secure.gravatar.com\/avatar\/ca004e6cba8462b8cb7abc86e382930c?s=96&d=mm&r=g\",\"contentUrl\":\"https:\/\/secure.gravatar.com\/avatar\/ca004e6cba8462b8cb7abc86e382930c?s=96&d=mm&r=g\",\"caption\":\"admin\"}}]}<\/script>\n<!-- \/ Yoast SEO plugin. -->","yoast_head_json":{"title":"VIDEO: Participa Ana Lilia Herrera Anzaldo como ponente ante m\u00e1s de 2 mil mujeres en Amecameca - Volcanes","robots":{"index":"index","follow":"follow","max-snippet":"max-snippet:-1","max-image-preview":"max-image-preview:large","max-video-preview":"max-video-preview:-1"},"canonical":"https:\/\/volcanes.net\/?p=6596","og_locale":"es_MX","og_type":"article","og_title":"VIDEO: Participa Ana Lilia Herrera Anzaldo como ponente ante m\u00e1s de 2 mil mujeres en Amecameca - Volcanes","og_description":"Amecameca, Estado de M\u00e9xico.- Ante m\u00e1s de 2 mil mujeres que se dieron cita en","og_url":"https:\/\/volcanes.net\/?p=6596","og_site_name":"Volcanes","article_publisher":"https:\/\/www.facebook.com\/volcanes.net\/","article_published_time":"2020-03-13T01:37:08+00:00","article_modified_time":"2020-03-13T01:38:58+00:00","og_image":[{"width":1032,"height":489,"url":"https:\/\/volcanes.net\/wp-content\/uploads\/2020\/03\/WhatsApp-Image-2020-03-12-at-7.35.02-PM.jpeg","type":"image\/jpeg"}],"author":"admin","twitter_card":"summary_large_image","twitter_misc":{"Escrito por":"admin","Tiempo de lectura":"2 minutos"},"schema":{"@context":"https:\/\/schema.org","@graph":[{"@type":"Article","@id":"https:\/\/volcanes.net\/?p=6596#article","isPartOf":{"@id":"https:\/\/volcanes.net\/?p=6596"},"author":{"name":"admin","@id":"https:\/\/volcanes.net\/#\/schema\/person\/4bf0f383940966a4abd53f5048c0e6b9"},"headline":"VIDEO: Participa Ana Lilia Herrera Anzaldo como ponente ante m\u00e1s de 2 mil mujeres en Amecameca","datePublished":"2020-03-13T01:37:08+00:00","dateModified":"2020-03-13T01:38:58+00:00","mainEntityOfPage":{"@id":"https:\/\/volcanes.net\/?p=6596"},"wordCount":350,"commentCount":0,"publisher":{"@id":"https:\/\/volcanes.net\/#organization"},"image":{"@id":"https:\/\/volcanes.net\/?p=6596#primaryimage"},"thumbnailUrl":"https:\/\/volcanes.net\/wp-content\/uploads\/2020\/03\/WhatsApp-Image-2020-03-12-at-7.35.02-PM.jpeg","keywords":["Amecameca"],"articleSection":["Municipales"],"inLanguage":"es","potentialAction":[{"@type":"CommentAction","name":"Comment","target":["https:\/\/volcanes.net\/?p=6596#respond"]}]},{"@type":"WebPage","@id":"https:\/\/volcanes.net\/?p=6596","url":"https:\/\/volcanes.net\/?p=6596","name":"VIDEO: Participa Ana Lilia Herrera Anzaldo como ponente ante m\u00e1s de 2 mil mujeres en Amecameca - Volcanes","isPartOf":{"@id":"https:\/\/volcanes.net\/#website"},"primaryImageOfPage":{"@id":"https:\/\/volcanes.net\/?p=6596#primaryimage"},"image":{"@id":"https:\/\/volcanes.net\/?p=6596#primaryimage"},"thumbnailUrl":"https:\/\/volcanes.net\/wp-content\/uploads\/2020\/03\/WhatsApp-Image-2020-03-12-at-7.35.02-PM.jpeg","datePublished":"2020-03-13T01:37:08+00:00","dateModified":"2020-03-13T01:38:58+00:00","breadcrumb":{"@id":"https:\/\/volcanes.net\/?p=6596#breadcrumb"},"inLanguage":"es","potentialAction":[{"@type":"ReadAction","target":["https:\/\/volcanes.net\/?p=6596"]}]},{"@type":"ImageObject","inLanguage":"es","@id":"https:\/\/volcanes.net\/?p=6596#primaryimage","url":"https:\/\/volcanes.net\/wp-content\/uploads\/2020\/03\/WhatsApp-Image-2020-03-12-at-7.35.02-PM.jpeg","contentUrl":"https:\/\/volcanes.net\/wp-content\/uploads\/2020\/03\/WhatsApp-Image-2020-03-12-at-7.35.02-PM.jpeg","width":1032,"height":489},{"@type":"BreadcrumbList","@id":"https:\/\/volcanes.net\/?p=6596#breadcrumb","itemListElement":[{"@type":"ListItem","position":1,"name":"Portada","item":"https:\/\/volcanes.net\/"},{"@type":"ListItem","position":2,"name":"VIDEO: Participa Ana Lilia Herrera Anzaldo como ponente ante m\u00e1s de 2 mil mujeres en Amecameca"}]},{"@type":"WebSite","@id":"https:\/\/volcanes.net\/#website","url":"https:\/\/volcanes.net\/","name":"Volcanes.Net","description":"Periodismo Profesional","publisher":{"@id":"https:\/\/volcanes.net\/#organization"},"potentialAction":[{"@type":"SearchAction","target":{"@type":"EntryPoint","urlTemplate":"https:\/\/volcanes.net\/?s={search_term_string}"},"query-input":{"@type":"PropertyValueSpecification","valueRequired":true,"valueName":"search_term_string"}}],"inLanguage":"es"},{"@type":"Organization","@id":"https:\/\/volcanes.net\/#organization","name":"Grupo Volcanes","url":"https:\/\/volcanes.net\/","logo":{"@type":"ImageObject","inLanguage":"es","@id":"https:\/\/volcanes.net\/#\/schema\/logo\/image\/","url":"http:\/\/volcanes.net\/wp-content\/uploads\/2017\/12\/Avatar2.jpg","contentUrl":"http:\/\/volcanes.net\/wp-content\/uploads\/2017\/12\/Avatar2.jpg","width":378,"height":378,"caption":"Grupo Volcanes"},"image":{"@id":"https:\/\/volcanes.net\/#\/schema\/logo\/image\/"},"sameAs":["https:\/\/www.facebook.com\/volcanes.net\/"]},{"@type":"Person","@id":"https:\/\/volcanes.net\/#\/schema\/person\/4bf0f383940966a4abd53f5048c0e6b9","name":"admin","image":{"@type":"ImageObject","inLanguage":"es","@id":"https:\/\/volcanes.net\/#\/schema\/person\/image\/","url":"https:\/\/secure.gravatar.com\/avatar\/ca004e6cba8462b8cb7abc86e382930c?s=96&d=mm&r=g","contentUrl":"https:\/\/secure.gravatar.com\/avatar\/ca004e6cba8462b8cb7abc86e382930c?s=96&d=mm&r=g","caption":"admin"}}]}},"_links":{"self":[{"href":"https:\/\/volcanes.net\/index.php?rest_route=\/wp\/v2\/posts\/6596"}],"collection":[{"href":"https:\/\/volcanes.net\/index.php?rest_route=\/wp\/v2\/posts"}],"about":[{"href":"https:\/\/volcanes.net\/index.php?rest_route=\/wp\/v2\/types\/post"}],"author":[{"embeddable":true,"href":"https:\/\/volcanes.net\/index.php?rest_route=\/wp\/v2\/users\/1"}],"replies":[{"embeddable":true,"href":"https:\/\/volcanes.net\/index.php?rest_route=%2Fwp%2Fv2%2Fcomments&post=6596"}],"version-history":[{"count":2,"href":"https:\/\/volcanes.net\/index.php?rest_route=\/wp\/v2\/posts\/6596\/revisions"}],"predecessor-version":[{"id":6600,"href":"https:\/\/volcanes.net\/index.php?rest_route=\/wp\/v2\/posts\/6596\/revisions\/6600"}],"wp:featuredmedia":[{"embeddable":true,"href":"https:\/\/volcanes.net\/index.php?rest_route=\/wp\/v2\/media\/6597"}],"wp:attachment":[{"href":"https:\/\/volcanes.net\/index.php?rest_route=%2Fwp%2Fv2%2Fmedia&parent=6596"}],"wp:term":[{"taxonomy":"category","embeddable":true,"href":"https:\/\/volcanes.net\/index.php?rest_route=%2Fwp%2Fv2%2Fcategories&post=6596"},{"taxonomy":"post_tag","embeddable":true,"href":"https:\/\/volcanes.net\/index.php?rest_route=%2Fwp%2Fv2%2Ftags&post=6596"}],"curies":[{"name":"wp","href":"https:\/\/api.w.org\/{rel}","templated":true}]}}