{"id":6612,"date":"2020-03-14T16:35:01","date_gmt":"2020-03-14T22:35:01","guid":{"rendered":"http:\/\/volcanes.net\/?p=6612"},"modified":"2020-03-14T16:35:01","modified_gmt":"2020-03-14T22:35:01","slug":"suspenden-clases-como-medida-de-aislamiento-y-prevencion-en-la-salud-de-la-comunidad-escolar-por-el-covid-19","status":"publish","type":"post","link":"https:\/\/volcanes.net\/?p=6612","title":{"rendered":"Suspenden clases como medida de aislamiento y prevenci\u00f3n en la salud de la comunidad escolar, por el COVID-19"},"content":{"rendered":"<div style=\"margin-top: 0px; margin-bottom: 0px;\" class=\"sharethis-inline-share-buttons\" ><\/div><p>&nbsp;<\/p>\n<p>\u2022 _Es una medida de aislamiento y prevenci\u00f3n en la salud de la comunidad escolar, por el COVID-19._<br \/>\n\u2022 _Es \u00faltimo d\u00eda de clases viernes 20 de marzo y reanudan el lunes 20 de abril._<br \/>\n\u2022 _Suspenden pr\u00f3xima semana actividades deportivas, c\u00edvicas y festivales que se realizan en las escuelas._<\/p>\n<p>*Toluca, Estado de M\u00e9xico, 14 de marzo de 2020.* Ante los casos de infecci\u00f3n respiratoria asociados al Coronavirus (COVID-19), y de acuerdo con el pronunciamiento de la Secretar\u00eda de Educaci\u00f3n P\u00fablica (SEP), en el Estado de M\u00e9xico se suspenden clases presenciales en escuelas p\u00fablicas y privadas de los niveles educativos b\u00e1sico, medio superior y superior, a partir del lunes 23 lunes de marzo y hasta el viernes 17 de abril.<\/p>\n<p>La medida aplica para los casi 25 mil planteles educativos que hay en la entidad, con la finalidad de reducir el riesgo de contagio entre la comunidad estudiantil, que asciende a casi 4.8 millones de estudiantes.<\/p>\n<p>Durante la semana del 17 al 20 de marzo, se suspenden actividades deportivas, c\u00edvicas y festivales que se realizan en las escuelas.<\/p>\n<p>El lunes 23 de marzo se realizar\u00e1 un Consejo T\u00e9cnico extraordinario, para definir las acciones de limpieza que se llevar\u00e1n a cabo en las escuelas en los pr\u00f3ximos dias.<\/p>\n<p>Asimismo, se recomienda a la poblaci\u00f3n en general atender las disposiciones de las Secretar\u00edas de Salud estatal y federal para minimizar los riesgos de contagio.<\/p>\n<p>Entre las medidas destacan lavarse las manos frecuentemente con agua y jab\u00f3n o utilizar gel con base de alcohol al 70 por ciento, estornudo de etiqueta, cubriendo nariz y boca con el antebrazo, no tocarse la cara con las manos sucias, sobre todo nariz, boca y ojos, as\u00ed como evitar cambios bruscos de temperatura y corrientes de aire.<\/p>\n<p>Es fundamental consumir alimentos con alto contenido de Vitamina C y D, frutas y verduras, as\u00ed como abundantes l\u00edquidos, y agua simple, potable o embotellada, no automedicarse y evitar saludar de beso.<\/p>\n","protected":false},"excerpt":{"rendered":"<p>&nbsp; \u2022 _Es una medida de aislamiento y prevenci\u00f3n en la salud de la comunidad<\/p>\n","protected":false},"author":1,"featured_media":6613,"comment_status":"open","ping_status":"open","sticky":false,"template":"","format":"standard","meta":{"footnotes":""},"categories":[3],"tags":[60],"class_list":["post-6612","post","type-post","status-publish","format-standard","has-post-thumbnail","hentry","category-estatales","tag-edomex"],"yoast_head":"<!-- This site is optimized with the Yoast SEO plugin v25.3 - https:\/\/yoast.com\/wordpress\/plugins\/seo\/ -->\n<title>Suspenden clases como medida de aislamiento y prevenci\u00f3n en la salud de la comunidad escolar, por el COVID-19 - Volcanes<\/title>\n<meta name=\"robots\" content=\"index, follow, max-snippet:-1, max-image-preview:large, max-video-preview:-1\" \/>\n<link rel=\"canonical\" href=\"https:\/\/volcanes.net\/?p=6612\" \/>\n<meta property=\"og:locale\" content=\"es_MX\" \/>\n<meta property=\"og:type\" content=\"article\" \/>\n<meta property=\"og:title\" content=\"Suspenden clases como medida de aislamiento y prevenci\u00f3n en la salud de la comunidad escolar, por el COVID-19 - Volcanes\" \/>\n<meta property=\"og:description\" content=\"&nbsp; \u2022 _Es una medida de aislamiento y prevenci\u00f3n en la salud de la comunidad\" \/>\n<meta property=\"og:url\" content=\"https:\/\/volcanes.net\/?p=6612\" \/>\n<meta property=\"og:site_name\" content=\"Volcanes\" \/>\n<meta property=\"article:publisher\" content=\"https:\/\/www.facebook.com\/volcanes.net\/\" \/>\n<meta property=\"article:published_time\" content=\"2020-03-14T22:35:01+00:00\" \/>\n<meta property=\"og:image\" content=\"https:\/\/volcanes.net\/wp-content\/uploads\/2020\/03\/IMG_20200314_163120.jpg\" \/>\n\t<meta property=\"og:image:width\" content=\"1396\" \/>\n\t<meta property=\"og:image:height\" content=\"826\" \/>\n\t<meta property=\"og:image:type\" content=\"image\/jpeg\" \/>\n<meta name=\"author\" content=\"admin\" \/>\n<meta name=\"twitter:card\" content=\"summary_large_image\" \/>\n<meta name=\"twitter:label1\" content=\"Escrito por\" \/>\n\t<meta name=\"twitter:data1\" content=\"admin\" \/>\n\t<meta name=\"twitter:label2\" content=\"Tiempo de lectura\" \/>\n\t<meta name=\"twitter:data2\" content=\"2 minutos\" \/>\n<script type=\"application\/ld+json\" class=\"yoast-schema-graph\">{\"@context\":\"https:\/\/schema.org\",\"@graph\":[{\"@type\":\"Article\",\"@id\":\"https:\/\/volcanes.net\/?p=6612#article\",\"isPartOf\":{\"@id\":\"https:\/\/volcanes.net\/?p=6612\"},\"author\":{\"name\":\"admin\",\"@id\":\"https:\/\/volcanes.net\/#\/schema\/person\/4bf0f383940966a4abd53f5048c0e6b9\"},\"headline\":\"Suspenden clases como medida de aislamiento y prevenci\u00f3n en la salud de la comunidad escolar, por el COVID-19\",\"datePublished\":\"2020-03-14T22:35:01+00:00\",\"mainEntityOfPage\":{\"@id\":\"https:\/\/volcanes.net\/?p=6612\"},\"wordCount\":347,\"commentCount\":0,\"publisher\":{\"@id\":\"https:\/\/volcanes.net\/#organization\"},\"image\":{\"@id\":\"https:\/\/volcanes.net\/?p=6612#primaryimage\"},\"thumbnailUrl\":\"https:\/\/volcanes.net\/wp-content\/uploads\/2020\/03\/IMG_20200314_163120.jpg\",\"keywords\":[\"EdoM\u00e9x\"],\"articleSection\":[\"Estatales\"],\"inLanguage\":\"es\",\"potentialAction\":[{\"@type\":\"CommentAction\",\"name\":\"Comment\",\"target\":[\"https:\/\/volcanes.net\/?p=6612#respond\"]}]},{\"@type\":\"WebPage\",\"@id\":\"https:\/\/volcanes.net\/?p=6612\",\"url\":\"https:\/\/volcanes.net\/?p=6612\",\"name\":\"Suspenden clases como medida de aislamiento y prevenci\u00f3n en la salud de la comunidad escolar, por el COVID-19 - Volcanes\",\"isPartOf\":{\"@id\":\"https:\/\/volcanes.net\/#website\"},\"primaryImageOfPage\":{\"@id\":\"https:\/\/volcanes.net\/?p=6612#primaryimage\"},\"image\":{\"@id\":\"https:\/\/volcanes.net\/?p=6612#primaryimage\"},\"thumbnailUrl\":\"https:\/\/volcanes.net\/wp-content\/uploads\/2020\/03\/IMG_20200314_163120.jpg\",\"datePublished\":\"2020-03-14T22:35:01+00:00\",\"breadcrumb\":{\"@id\":\"https:\/\/volcanes.net\/?p=6612#breadcrumb\"},\"inLanguage\":\"es\",\"potentialAction\":[{\"@type\":\"ReadAction\",\"target\":[\"https:\/\/volcanes.net\/?p=6612\"]}]},{\"@type\":\"ImageObject\",\"inLanguage\":\"es\",\"@id\":\"https:\/\/volcanes.net\/?p=6612#primaryimage\",\"url\":\"https:\/\/volcanes.net\/wp-content\/uploads\/2020\/03\/IMG_20200314_163120.jpg\",\"contentUrl\":\"https:\/\/volcanes.net\/wp-content\/uploads\/2020\/03\/IMG_20200314_163120.jpg\",\"width\":1396,\"height\":826},{\"@type\":\"BreadcrumbList\",\"@id\":\"https:\/\/volcanes.net\/?p=6612#breadcrumb\",\"itemListElement\":[{\"@type\":\"ListItem\",\"position\":1,\"name\":\"Portada\",\"item\":\"https:\/\/volcanes.net\/\"},{\"@type\":\"ListItem\",\"position\":2,\"name\":\"Suspenden clases como medida de aislamiento y prevenci\u00f3n en la salud de la comunidad escolar, por el COVID-19\"}]},{\"@type\":\"WebSite\",\"@id\":\"https:\/\/volcanes.net\/#website\",\"url\":\"https:\/\/volcanes.net\/\",\"name\":\"Volcanes.Net\",\"description\":\"Periodismo Profesional\",\"publisher\":{\"@id\":\"https:\/\/volcanes.net\/#organization\"},\"potentialAction\":[{\"@type\":\"SearchAction\",\"target\":{\"@type\":\"EntryPoint\",\"urlTemplate\":\"https:\/\/volcanes.net\/?s={search_term_string}\"},\"query-input\":{\"@type\":\"PropertyValueSpecification\",\"valueRequired\":true,\"valueName\":\"search_term_string\"}}],\"inLanguage\":\"es\"},{\"@type\":\"Organization\",\"@id\":\"https:\/\/volcanes.net\/#organization\",\"name\":\"Grupo Volcanes\",\"url\":\"https:\/\/volcanes.net\/\",\"logo\":{\"@type\":\"ImageObject\",\"inLanguage\":\"es\",\"@id\":\"https:\/\/volcanes.net\/#\/schema\/logo\/image\/\",\"url\":\"http:\/\/volcanes.net\/wp-content\/uploads\/2017\/12\/Avatar2.jpg\",\"contentUrl\":\"http:\/\/volcanes.net\/wp-content\/uploads\/2017\/12\/Avatar2.jpg\",\"width\":378,\"height\":378,\"caption\":\"Grupo Volcanes\"},\"image\":{\"@id\":\"https:\/\/volcanes.net\/#\/schema\/logo\/image\/\"},\"sameAs\":[\"https:\/\/www.facebook.com\/volcanes.net\/\"]},{\"@type\":\"Person\",\"@id\":\"https:\/\/volcanes.net\/#\/schema\/person\/4bf0f383940966a4abd53f5048c0e6b9\",\"name\":\"admin\",\"image\":{\"@type\":\"ImageObject\",\"inLanguage\":\"es\",\"@id\":\"https:\/\/volcanes.net\/#\/schema\/person\/image\/\",\"url\":\"https:\/\/secure.gravatar.com\/avatar\/ca004e6cba8462b8cb7abc86e382930c?s=96&d=mm&r=g\",\"contentUrl\":\"https:\/\/secure.gravatar.com\/avatar\/ca004e6cba8462b8cb7abc86e382930c?s=96&d=mm&r=g\",\"caption\":\"admin\"}}]}<\/script>\n<!-- \/ Yoast SEO plugin. -->","yoast_head_json":{"title":"Suspenden clases como medida de aislamiento y prevenci\u00f3n en la salud de la comunidad escolar, por el COVID-19 - Volcanes","robots":{"index":"index","follow":"follow","max-snippet":"max-snippet:-1","max-image-preview":"max-image-preview:large","max-video-preview":"max-video-preview:-1"},"canonical":"https:\/\/volcanes.net\/?p=6612","og_locale":"es_MX","og_type":"article","og_title":"Suspenden clases como medida de aislamiento y prevenci\u00f3n en la salud de la comunidad escolar, por el COVID-19 - Volcanes","og_description":"&nbsp; \u2022 _Es una medida de aislamiento y prevenci\u00f3n en la salud de la comunidad","og_url":"https:\/\/volcanes.net\/?p=6612","og_site_name":"Volcanes","article_publisher":"https:\/\/www.facebook.com\/volcanes.net\/","article_published_time":"2020-03-14T22:35:01+00:00","og_image":[{"width":1396,"height":826,"url":"https:\/\/volcanes.net\/wp-content\/uploads\/2020\/03\/IMG_20200314_163120.jpg","type":"image\/jpeg"}],"author":"admin","twitter_card":"summary_large_image","twitter_misc":{"Escrito por":"admin","Tiempo de lectura":"2 minutos"},"schema":{"@context":"https:\/\/schema.org","@graph":[{"@type":"Article","@id":"https:\/\/volcanes.net\/?p=6612#article","isPartOf":{"@id":"https:\/\/volcanes.net\/?p=6612"},"author":{"name":"admin","@id":"https:\/\/volcanes.net\/#\/schema\/person\/4bf0f383940966a4abd53f5048c0e6b9"},"headline":"Suspenden clases como medida de aislamiento y prevenci\u00f3n en la salud de la comunidad escolar, por el COVID-19","datePublished":"2020-03-14T22:35:01+00:00","mainEntityOfPage":{"@id":"https:\/\/volcanes.net\/?p=6612"},"wordCount":347,"commentCount":0,"publisher":{"@id":"https:\/\/volcanes.net\/#organization"},"image":{"@id":"https:\/\/volcanes.net\/?p=6612#primaryimage"},"thumbnailUrl":"https:\/\/volcanes.net\/wp-content\/uploads\/2020\/03\/IMG_20200314_163120.jpg","keywords":["EdoM\u00e9x"],"articleSection":["Estatales"],"inLanguage":"es","potentialAction":[{"@type":"CommentAction","name":"Comment","target":["https:\/\/volcanes.net\/?p=6612#respond"]}]},{"@type":"WebPage","@id":"https:\/\/volcanes.net\/?p=6612","url":"https:\/\/volcanes.net\/?p=6612","name":"Suspenden clases como medida de aislamiento y prevenci\u00f3n en la salud de la comunidad escolar, por el COVID-19 - Volcanes","isPartOf":{"@id":"https:\/\/volcanes.net\/#website"},"primaryImageOfPage":{"@id":"https:\/\/volcanes.net\/?p=6612#primaryimage"},"image":{"@id":"https:\/\/volcanes.net\/?p=6612#primaryimage"},"thumbnailUrl":"https:\/\/volcanes.net\/wp-content\/uploads\/2020\/03\/IMG_20200314_163120.jpg","datePublished":"2020-03-14T22:35:01+00:00","breadcrumb":{"@id":"https:\/\/volcanes.net\/?p=6612#breadcrumb"},"inLanguage":"es","potentialAction":[{"@type":"ReadAction","target":["https:\/\/volcanes.net\/?p=6612"]}]},{"@type":"ImageObject","inLanguage":"es","@id":"https:\/\/volcanes.net\/?p=6612#primaryimage","url":"https:\/\/volcanes.net\/wp-content\/uploads\/2020\/03\/IMG_20200314_163120.jpg","contentUrl":"https:\/\/volcanes.net\/wp-content\/uploads\/2020\/03\/IMG_20200314_163120.jpg","width":1396,"height":826},{"@type":"BreadcrumbList","@id":"https:\/\/volcanes.net\/?p=6612#breadcrumb","itemListElement":[{"@type":"ListItem","position":1,"name":"Portada","item":"https:\/\/volcanes.net\/"},{"@type":"ListItem","position":2,"name":"Suspenden clases como medida de aislamiento y prevenci\u00f3n en la salud de la comunidad escolar, por el COVID-19"}]},{"@type":"WebSite","@id":"https:\/\/volcanes.net\/#website","url":"https:\/\/volcanes.net\/","name":"Volcanes.Net","description":"Periodismo Profesional","publisher":{"@id":"https:\/\/volcanes.net\/#organization"},"potentialAction":[{"@type":"SearchAction","target":{"@type":"EntryPoint","urlTemplate":"https:\/\/volcanes.net\/?s={search_term_string}"},"query-input":{"@type":"PropertyValueSpecification","valueRequired":true,"valueName":"search_term_string"}}],"inLanguage":"es"},{"@type":"Organization","@id":"https:\/\/volcanes.net\/#organization","name":"Grupo Volcanes","url":"https:\/\/volcanes.net\/","logo":{"@type":"ImageObject","inLanguage":"es","@id":"https:\/\/volcanes.net\/#\/schema\/logo\/image\/","url":"http:\/\/volcanes.net\/wp-content\/uploads\/2017\/12\/Avatar2.jpg","contentUrl":"http:\/\/volcanes.net\/wp-content\/uploads\/2017\/12\/Avatar2.jpg","width":378,"height":378,"caption":"Grupo Volcanes"},"image":{"@id":"https:\/\/volcanes.net\/#\/schema\/logo\/image\/"},"sameAs":["https:\/\/www.facebook.com\/volcanes.net\/"]},{"@type":"Person","@id":"https:\/\/volcanes.net\/#\/schema\/person\/4bf0f383940966a4abd53f5048c0e6b9","name":"admin","image":{"@type":"ImageObject","inLanguage":"es","@id":"https:\/\/volcanes.net\/#\/schema\/person\/image\/","url":"https:\/\/secure.gravatar.com\/avatar\/ca004e6cba8462b8cb7abc86e382930c?s=96&d=mm&r=g","contentUrl":"https:\/\/secure.gravatar.com\/avatar\/ca004e6cba8462b8cb7abc86e382930c?s=96&d=mm&r=g","caption":"admin"}}]}},"_links":{"self":[{"href":"https:\/\/volcanes.net\/index.php?rest_route=\/wp\/v2\/posts\/6612"}],"collection":[{"href":"https:\/\/volcanes.net\/index.php?rest_route=\/wp\/v2\/posts"}],"about":[{"href":"https:\/\/volcanes.net\/index.php?rest_route=\/wp\/v2\/types\/post"}],"author":[{"embeddable":true,"href":"https:\/\/volcanes.net\/index.php?rest_route=\/wp\/v2\/users\/1"}],"replies":[{"embeddable":true,"href":"https:\/\/volcanes.net\/index.php?rest_route=%2Fwp%2Fv2%2Fcomments&post=6612"}],"version-history":[{"count":1,"href":"https:\/\/volcanes.net\/index.php?rest_route=\/wp\/v2\/posts\/6612\/revisions"}],"predecessor-version":[{"id":6614,"href":"https:\/\/volcanes.net\/index.php?rest_route=\/wp\/v2\/posts\/6612\/revisions\/6614"}],"wp:featuredmedia":[{"embeddable":true,"href":"https:\/\/volcanes.net\/index.php?rest_route=\/wp\/v2\/media\/6613"}],"wp:attachment":[{"href":"https:\/\/volcanes.net\/index.php?rest_route=%2Fwp%2Fv2%2Fmedia&parent=6612"}],"wp:term":[{"taxonomy":"category","embeddable":true,"href":"https:\/\/volcanes.net\/index.php?rest_route=%2Fwp%2Fv2%2Fcategories&post=6612"},{"taxonomy":"post_tag","embeddable":true,"href":"https:\/\/volcanes.net\/index.php?rest_route=%2Fwp%2Fv2%2Ftags&post=6612"}],"curies":[{"name":"wp","href":"https:\/\/api.w.org\/{rel}","templated":true}]}}