{"id":6638,"date":"2020-03-20T19:45:59","date_gmt":"2020-03-21T01:45:59","guid":{"rendered":"http:\/\/volcanes.net\/?p=6638"},"modified":"2020-03-20T19:45:59","modified_gmt":"2020-03-21T01:45:59","slug":"asegura-la-policia-municipal-de-amecameca-a-presunto-delincuente","status":"publish","type":"post","link":"https:\/\/volcanes.net\/?p=6638","title":{"rendered":"Asegura la Polic\u00eda Municipal de Amecameca a presunto delincuente"},"content":{"rendered":"<div style=\"margin-top: 0px; margin-bottom: 0px;\" class=\"sharethis-inline-share-buttons\" ><\/div><blockquote><p>\u2022 La coordinaci\u00f3n con la ciudadan\u00eda permiti\u00f3 la detenci\u00f3n.<\/p><\/blockquote>\n<p>Amecameca de Ju\u00e1rez, Estado de M\u00e9xico a 20 de marzo de 2020.- Esta tarde el Grupo \u201cAceros\u201d de la Direcci\u00f3n de Seguridad Ciudadana logr\u00f3 el aseguramiento de quien dijo llamarse Jos\u00e9 \u201cN\u201d, luego de que vecinos de la calle Coronel Silvestre L\u00f3pez, entre Xicotencatl y Bravo, lo sorprendieran robando al interior de una vivienda, raz\u00f3n por la que lo detuvieron y dieron parte a la polic\u00eda municipal quien lo puso a disposici\u00f3n del Ministerio P\u00fablico.<br \/>\nCabe mencionar que el presunto responsable tambi\u00e9n es vecino de Amecameca, y fue se\u00f1alado p\u00fablicamente por el due\u00f1o de la vivienda, ubicada en Privada de Bravo, de sustraer diversas cosas de su propiedad, adem\u00e1s al momento de la detenci\u00f3n, y siguiendo el protocolo de seguridad, se le encontr\u00f3 un cuchillo largo, considerada arma prohibida por el C\u00f3digo Penal del Estado de M\u00e9xico.<br \/>\nHasta el momento el quejoso y el asegurado se encuentran en la Fiscal\u00eda de Justicia de Amecameca para rendir su declaraci\u00f3n, y que se pueda resolver la situaci\u00f3n jur\u00eddica del presunto responsable.<br \/>\n#Amecameca #HombroConHombro #Ciudadan\u00edaComprometida<\/p>\n","protected":false},"excerpt":{"rendered":"<p>\u2022 La coordinaci\u00f3n con la ciudadan\u00eda permiti\u00f3 la detenci\u00f3n. Amecameca de Ju\u00e1rez, Estado de M\u00e9xico<\/p>\n","protected":false},"author":1,"featured_media":6639,"comment_status":"open","ping_status":"open","sticky":false,"template":"","format":"standard","meta":{"footnotes":""},"categories":[1],"tags":[7],"class_list":["post-6638","post","type-post","status-publish","format-standard","has-post-thumbnail","hentry","category-municipales","tag-amecameca"],"yoast_head":"<!-- This site is optimized with the Yoast SEO plugin v25.3 - https:\/\/yoast.com\/wordpress\/plugins\/seo\/ -->\n<title>Asegura la Polic\u00eda Municipal de Amecameca a presunto delincuente - Volcanes<\/title>\n<meta name=\"robots\" content=\"index, follow, max-snippet:-1, max-image-preview:large, max-video-preview:-1\" \/>\n<link rel=\"canonical\" href=\"https:\/\/volcanes.net\/?p=6638\" \/>\n<meta property=\"og:locale\" content=\"es_MX\" \/>\n<meta property=\"og:type\" content=\"article\" \/>\n<meta property=\"og:title\" content=\"Asegura la Polic\u00eda Municipal de Amecameca a presunto delincuente - Volcanes\" \/>\n<meta property=\"og:description\" content=\"\u2022 La coordinaci\u00f3n con la ciudadan\u00eda permiti\u00f3 la detenci\u00f3n. Amecameca de Ju\u00e1rez, Estado de M\u00e9xico\" \/>\n<meta property=\"og:url\" content=\"https:\/\/volcanes.net\/?p=6638\" \/>\n<meta property=\"og:site_name\" content=\"Volcanes\" \/>\n<meta property=\"article:publisher\" content=\"https:\/\/www.facebook.com\/volcanes.net\/\" \/>\n<meta property=\"article:published_time\" content=\"2020-03-21T01:45:59+00:00\" \/>\n<meta property=\"og:image\" content=\"https:\/\/volcanes.net\/wp-content\/uploads\/2020\/03\/IMG-20200320-WA0065.jpg\" \/>\n\t<meta property=\"og:image:width\" content=\"960\" \/>\n\t<meta property=\"og:image:height\" content=\"1280\" \/>\n\t<meta property=\"og:image:type\" content=\"image\/jpeg\" \/>\n<meta name=\"author\" content=\"admin\" \/>\n<meta name=\"twitter:card\" content=\"summary_large_image\" \/>\n<meta name=\"twitter:label1\" content=\"Escrito por\" \/>\n\t<meta name=\"twitter:data1\" content=\"admin\" \/>\n\t<meta name=\"twitter:label2\" content=\"Tiempo de lectura\" \/>\n\t<meta name=\"twitter:data2\" content=\"1 minuto\" \/>\n<script type=\"application\/ld+json\" class=\"yoast-schema-graph\">{\"@context\":\"https:\/\/schema.org\",\"@graph\":[{\"@type\":\"Article\",\"@id\":\"https:\/\/volcanes.net\/?p=6638#article\",\"isPartOf\":{\"@id\":\"https:\/\/volcanes.net\/?p=6638\"},\"author\":{\"name\":\"admin\",\"@id\":\"https:\/\/volcanes.net\/#\/schema\/person\/4bf0f383940966a4abd53f5048c0e6b9\"},\"headline\":\"Asegura la Polic\u00eda Municipal de Amecameca a presunto delincuente\",\"datePublished\":\"2020-03-21T01:45:59+00:00\",\"mainEntityOfPage\":{\"@id\":\"https:\/\/volcanes.net\/?p=6638\"},\"wordCount\":213,\"commentCount\":0,\"publisher\":{\"@id\":\"https:\/\/volcanes.net\/#organization\"},\"image\":{\"@id\":\"https:\/\/volcanes.net\/?p=6638#primaryimage\"},\"thumbnailUrl\":\"https:\/\/volcanes.net\/wp-content\/uploads\/2020\/03\/IMG-20200320-WA0065.jpg\",\"keywords\":[\"Amecameca\"],\"articleSection\":[\"Municipales\"],\"inLanguage\":\"es\",\"potentialAction\":[{\"@type\":\"CommentAction\",\"name\":\"Comment\",\"target\":[\"https:\/\/volcanes.net\/?p=6638#respond\"]}]},{\"@type\":\"WebPage\",\"@id\":\"https:\/\/volcanes.net\/?p=6638\",\"url\":\"https:\/\/volcanes.net\/?p=6638\",\"name\":\"Asegura la Polic\u00eda Municipal de Amecameca a presunto delincuente - Volcanes\",\"isPartOf\":{\"@id\":\"https:\/\/volcanes.net\/#website\"},\"primaryImageOfPage\":{\"@id\":\"https:\/\/volcanes.net\/?p=6638#primaryimage\"},\"image\":{\"@id\":\"https:\/\/volcanes.net\/?p=6638#primaryimage\"},\"thumbnailUrl\":\"https:\/\/volcanes.net\/wp-content\/uploads\/2020\/03\/IMG-20200320-WA0065.jpg\",\"datePublished\":\"2020-03-21T01:45:59+00:00\",\"breadcrumb\":{\"@id\":\"https:\/\/volcanes.net\/?p=6638#breadcrumb\"},\"inLanguage\":\"es\",\"potentialAction\":[{\"@type\":\"ReadAction\",\"target\":[\"https:\/\/volcanes.net\/?p=6638\"]}]},{\"@type\":\"ImageObject\",\"inLanguage\":\"es\",\"@id\":\"https:\/\/volcanes.net\/?p=6638#primaryimage\",\"url\":\"https:\/\/volcanes.net\/wp-content\/uploads\/2020\/03\/IMG-20200320-WA0065.jpg\",\"contentUrl\":\"https:\/\/volcanes.net\/wp-content\/uploads\/2020\/03\/IMG-20200320-WA0065.jpg\",\"width\":960,\"height\":1280},{\"@type\":\"BreadcrumbList\",\"@id\":\"https:\/\/volcanes.net\/?p=6638#breadcrumb\",\"itemListElement\":[{\"@type\":\"ListItem\",\"position\":1,\"name\":\"Portada\",\"item\":\"https:\/\/volcanes.net\/\"},{\"@type\":\"ListItem\",\"position\":2,\"name\":\"Asegura la Polic\u00eda Municipal de Amecameca a presunto delincuente\"}]},{\"@type\":\"WebSite\",\"@id\":\"https:\/\/volcanes.net\/#website\",\"url\":\"https:\/\/volcanes.net\/\",\"name\":\"Volcanes.Net\",\"description\":\"Periodismo Profesional\",\"publisher\":{\"@id\":\"https:\/\/volcanes.net\/#organization\"},\"potentialAction\":[{\"@type\":\"SearchAction\",\"target\":{\"@type\":\"EntryPoint\",\"urlTemplate\":\"https:\/\/volcanes.net\/?s={search_term_string}\"},\"query-input\":{\"@type\":\"PropertyValueSpecification\",\"valueRequired\":true,\"valueName\":\"search_term_string\"}}],\"inLanguage\":\"es\"},{\"@type\":\"Organization\",\"@id\":\"https:\/\/volcanes.net\/#organization\",\"name\":\"Grupo Volcanes\",\"url\":\"https:\/\/volcanes.net\/\",\"logo\":{\"@type\":\"ImageObject\",\"inLanguage\":\"es\",\"@id\":\"https:\/\/volcanes.net\/#\/schema\/logo\/image\/\",\"url\":\"http:\/\/volcanes.net\/wp-content\/uploads\/2017\/12\/Avatar2.jpg\",\"contentUrl\":\"http:\/\/volcanes.net\/wp-content\/uploads\/2017\/12\/Avatar2.jpg\",\"width\":378,\"height\":378,\"caption\":\"Grupo Volcanes\"},\"image\":{\"@id\":\"https:\/\/volcanes.net\/#\/schema\/logo\/image\/\"},\"sameAs\":[\"https:\/\/www.facebook.com\/volcanes.net\/\"]},{\"@type\":\"Person\",\"@id\":\"https:\/\/volcanes.net\/#\/schema\/person\/4bf0f383940966a4abd53f5048c0e6b9\",\"name\":\"admin\",\"image\":{\"@type\":\"ImageObject\",\"inLanguage\":\"es\",\"@id\":\"https:\/\/volcanes.net\/#\/schema\/person\/image\/\",\"url\":\"https:\/\/secure.gravatar.com\/avatar\/ca004e6cba8462b8cb7abc86e382930c?s=96&d=mm&r=g\",\"contentUrl\":\"https:\/\/secure.gravatar.com\/avatar\/ca004e6cba8462b8cb7abc86e382930c?s=96&d=mm&r=g\",\"caption\":\"admin\"}}]}<\/script>\n<!-- \/ Yoast SEO plugin. -->","yoast_head_json":{"title":"Asegura la Polic\u00eda Municipal de Amecameca a presunto delincuente - Volcanes","robots":{"index":"index","follow":"follow","max-snippet":"max-snippet:-1","max-image-preview":"max-image-preview:large","max-video-preview":"max-video-preview:-1"},"canonical":"https:\/\/volcanes.net\/?p=6638","og_locale":"es_MX","og_type":"article","og_title":"Asegura la Polic\u00eda Municipal de Amecameca a presunto delincuente - Volcanes","og_description":"\u2022 La coordinaci\u00f3n con la ciudadan\u00eda permiti\u00f3 la detenci\u00f3n. Amecameca de Ju\u00e1rez, Estado de M\u00e9xico","og_url":"https:\/\/volcanes.net\/?p=6638","og_site_name":"Volcanes","article_publisher":"https:\/\/www.facebook.com\/volcanes.net\/","article_published_time":"2020-03-21T01:45:59+00:00","og_image":[{"width":960,"height":1280,"url":"https:\/\/volcanes.net\/wp-content\/uploads\/2020\/03\/IMG-20200320-WA0065.jpg","type":"image\/jpeg"}],"author":"admin","twitter_card":"summary_large_image","twitter_misc":{"Escrito por":"admin","Tiempo de lectura":"1 minuto"},"schema":{"@context":"https:\/\/schema.org","@graph":[{"@type":"Article","@id":"https:\/\/volcanes.net\/?p=6638#article","isPartOf":{"@id":"https:\/\/volcanes.net\/?p=6638"},"author":{"name":"admin","@id":"https:\/\/volcanes.net\/#\/schema\/person\/4bf0f383940966a4abd53f5048c0e6b9"},"headline":"Asegura la Polic\u00eda Municipal de Amecameca a presunto delincuente","datePublished":"2020-03-21T01:45:59+00:00","mainEntityOfPage":{"@id":"https:\/\/volcanes.net\/?p=6638"},"wordCount":213,"commentCount":0,"publisher":{"@id":"https:\/\/volcanes.net\/#organization"},"image":{"@id":"https:\/\/volcanes.net\/?p=6638#primaryimage"},"thumbnailUrl":"https:\/\/volcanes.net\/wp-content\/uploads\/2020\/03\/IMG-20200320-WA0065.jpg","keywords":["Amecameca"],"articleSection":["Municipales"],"inLanguage":"es","potentialAction":[{"@type":"CommentAction","name":"Comment","target":["https:\/\/volcanes.net\/?p=6638#respond"]}]},{"@type":"WebPage","@id":"https:\/\/volcanes.net\/?p=6638","url":"https:\/\/volcanes.net\/?p=6638","name":"Asegura la Polic\u00eda Municipal de Amecameca a presunto delincuente - Volcanes","isPartOf":{"@id":"https:\/\/volcanes.net\/#website"},"primaryImageOfPage":{"@id":"https:\/\/volcanes.net\/?p=6638#primaryimage"},"image":{"@id":"https:\/\/volcanes.net\/?p=6638#primaryimage"},"thumbnailUrl":"https:\/\/volcanes.net\/wp-content\/uploads\/2020\/03\/IMG-20200320-WA0065.jpg","datePublished":"2020-03-21T01:45:59+00:00","breadcrumb":{"@id":"https:\/\/volcanes.net\/?p=6638#breadcrumb"},"inLanguage":"es","potentialAction":[{"@type":"ReadAction","target":["https:\/\/volcanes.net\/?p=6638"]}]},{"@type":"ImageObject","inLanguage":"es","@id":"https:\/\/volcanes.net\/?p=6638#primaryimage","url":"https:\/\/volcanes.net\/wp-content\/uploads\/2020\/03\/IMG-20200320-WA0065.jpg","contentUrl":"https:\/\/volcanes.net\/wp-content\/uploads\/2020\/03\/IMG-20200320-WA0065.jpg","width":960,"height":1280},{"@type":"BreadcrumbList","@id":"https:\/\/volcanes.net\/?p=6638#breadcrumb","itemListElement":[{"@type":"ListItem","position":1,"name":"Portada","item":"https:\/\/volcanes.net\/"},{"@type":"ListItem","position":2,"name":"Asegura la Polic\u00eda Municipal de Amecameca a presunto delincuente"}]},{"@type":"WebSite","@id":"https:\/\/volcanes.net\/#website","url":"https:\/\/volcanes.net\/","name":"Volcanes.Net","description":"Periodismo Profesional","publisher":{"@id":"https:\/\/volcanes.net\/#organization"},"potentialAction":[{"@type":"SearchAction","target":{"@type":"EntryPoint","urlTemplate":"https:\/\/volcanes.net\/?s={search_term_string}"},"query-input":{"@type":"PropertyValueSpecification","valueRequired":true,"valueName":"search_term_string"}}],"inLanguage":"es"},{"@type":"Organization","@id":"https:\/\/volcanes.net\/#organization","name":"Grupo Volcanes","url":"https:\/\/volcanes.net\/","logo":{"@type":"ImageObject","inLanguage":"es","@id":"https:\/\/volcanes.net\/#\/schema\/logo\/image\/","url":"http:\/\/volcanes.net\/wp-content\/uploads\/2017\/12\/Avatar2.jpg","contentUrl":"http:\/\/volcanes.net\/wp-content\/uploads\/2017\/12\/Avatar2.jpg","width":378,"height":378,"caption":"Grupo Volcanes"},"image":{"@id":"https:\/\/volcanes.net\/#\/schema\/logo\/image\/"},"sameAs":["https:\/\/www.facebook.com\/volcanes.net\/"]},{"@type":"Person","@id":"https:\/\/volcanes.net\/#\/schema\/person\/4bf0f383940966a4abd53f5048c0e6b9","name":"admin","image":{"@type":"ImageObject","inLanguage":"es","@id":"https:\/\/volcanes.net\/#\/schema\/person\/image\/","url":"https:\/\/secure.gravatar.com\/avatar\/ca004e6cba8462b8cb7abc86e382930c?s=96&d=mm&r=g","contentUrl":"https:\/\/secure.gravatar.com\/avatar\/ca004e6cba8462b8cb7abc86e382930c?s=96&d=mm&r=g","caption":"admin"}}]}},"_links":{"self":[{"href":"https:\/\/volcanes.net\/index.php?rest_route=\/wp\/v2\/posts\/6638"}],"collection":[{"href":"https:\/\/volcanes.net\/index.php?rest_route=\/wp\/v2\/posts"}],"about":[{"href":"https:\/\/volcanes.net\/index.php?rest_route=\/wp\/v2\/types\/post"}],"author":[{"embeddable":true,"href":"https:\/\/volcanes.net\/index.php?rest_route=\/wp\/v2\/users\/1"}],"replies":[{"embeddable":true,"href":"https:\/\/volcanes.net\/index.php?rest_route=%2Fwp%2Fv2%2Fcomments&post=6638"}],"version-history":[{"count":1,"href":"https:\/\/volcanes.net\/index.php?rest_route=\/wp\/v2\/posts\/6638\/revisions"}],"predecessor-version":[{"id":6640,"href":"https:\/\/volcanes.net\/index.php?rest_route=\/wp\/v2\/posts\/6638\/revisions\/6640"}],"wp:featuredmedia":[{"embeddable":true,"href":"https:\/\/volcanes.net\/index.php?rest_route=\/wp\/v2\/media\/6639"}],"wp:attachment":[{"href":"https:\/\/volcanes.net\/index.php?rest_route=%2Fwp%2Fv2%2Fmedia&parent=6638"}],"wp:term":[{"taxonomy":"category","embeddable":true,"href":"https:\/\/volcanes.net\/index.php?rest_route=%2Fwp%2Fv2%2Fcategories&post=6638"},{"taxonomy":"post_tag","embeddable":true,"href":"https:\/\/volcanes.net\/index.php?rest_route=%2Fwp%2Fv2%2Ftags&post=6638"}],"curies":[{"name":"wp","href":"https:\/\/api.w.org\/{rel}","templated":true}]}}