{"id":6652,"date":"2020-03-23T11:08:59","date_gmt":"2020-03-23T17:08:59","guid":{"rendered":"http:\/\/volcanes.net\/?p=6652"},"modified":"2020-03-23T11:10:08","modified_gmt":"2020-03-23T17:10:08","slug":"gobienro-municipal-de-chalco-da-a-conocer-medidas-ante-el-covid-19","status":"publish","type":"post","link":"https:\/\/volcanes.net\/?p=6652","title":{"rendered":"Gobierno municipal de Chalco da a conocer medidas ante el COVID-19"},"content":{"rendered":"<div style=\"margin-top: 0px; margin-bottom: 0px;\" class=\"sharethis-inline-share-buttons\" ><\/div><p>Medidas de prevenci\u00f3n aprobadas por el Ayuntamiento de Chalco en la septuag\u00e9sima novena sesi\u00f3n de Cabildo, con car\u00e1cter de ordinario, el d\u00eda 20 de marzo de 2020, para evitar o disminuir la probabilidad del contagio del COVID-19<\/p>\n<p>23 de marzo 2020<\/p>\n<p>El Ayuntamiento de Chalco se apega a la Jornada Nacional de Sana Distancia, anunciada por el Gobierno de M\u00e9xico, en el periodo comprendido del 23 de marzo al 19 de abril.<\/p>\n<p>En ese sentido, El Gobierno de Chalco reitera las medidas b\u00e1sicas de prevenci\u00f3n para su personal y para el p\u00fablico en general:<\/p>\n<p>1. Observar la recomendaci\u00f3n que se hace mediante la campa\u00f1a denominada Susana Distancia, que consiste en guardar entre las personas un espacio de separaci\u00f3n de por lo menos un metro y medio.<\/p>\n<p>2. Incrementar las medidas b\u00e1sicas de higiene, entre ellas el lavado frecuente de manos, estornudo de etiqueta consistente en toser y estornudar dentro del \u00e1ngulo interno del codo y la recuperaci\u00f3n en casa ante enfermedad.<\/p>\n<p>3. Suspensi\u00f3n temporal de las actividades escolares (Lo que no significa asumirla como un periodo vacacional para esparcimiento p\u00fablico).<\/p>\n<p>4. Suspensi\u00f3n temporal de actividades no esenciales (Aquellas que no sean sustantivas para la prestaci\u00f3n de un servicio).<\/p>\n<p>5. Repliegue familiar en casa (Salir lo menos posible).<\/p>\n<p>6. Reprogramaci\u00f3n de eventos de concentraci\u00f3n masiva (De m\u00e1s de cinco mil personas. En n\u00famero menor debe cuidarse la sana distancia).<\/p>\n<p>7. Protecci\u00f3n y cuidado de las personas adultas mayores (Las mayores a 60 a\u00f1os, adem\u00e1s de quienes tengan una enfermedad del coraz\u00f3n, pulmones, ri\u00f1ones y diabetes por ser quienes m\u00e1s riesgos tienen).<\/p>\n<p>Lo anterior, son medidas sociales para reducir la frecuencia de contacto entre las personas y para disminuir el riesgo de propagaci\u00f3n del COVID-19.<\/p>\n<p>Derivado de lo expuesto:<\/p>\n<p>\u25aa Se colocar\u00e1n carteles informativos de las medidas de prevenci\u00f3n en los edificios p\u00fablicos municipales y en aquellos establecimientos que deseen sumarse a dicha campa\u00f1a.<\/p>\n<p>\u25aa A trav\u00e9s de las \u00e1reas m\u00e9dicas de la Administraci\u00f3n P\u00fablica Municipal se impartir\u00e1n cursos de capacitaci\u00f3n a los servidores p\u00fablicos, sobre las medidas de prevenci\u00f3n, mismas que deber\u00e1n replicar en su entorno familiar.<\/p>\n<p>\u25aa Se informar\u00e1 diariamente a la poblaci\u00f3n en los sitios oficiales del Gobierno de Chalco, sobre los datos m\u00e1s relevantes que comuniquen las autoridades federales y locales, sobre las medidas de prevenci\u00f3n que deben implementarse.<\/p>\n<p>\u25aa El Gobierno de Chalco, llevar\u00e1 a cabo la difusi\u00f3n de las medidas de prevenci\u00f3n casa por casa, mediante la entrega de volantes y a trav\u00e9s de nuestros canales digitales de informaci\u00f3n.<\/p>\n<p>\u25aa Se instalar\u00e1 un filtro de ingreso en el acceso principal del Palacio Municipal y en los organismos descentralizados, con el fin de aplicar las medidas de salud preventivas.<\/p>\n<p>\u25aa El acceso al Palacio Municipal ser\u00e1 de manera parcial, y \u00fanicamente se permitir\u00e1 el ingreso de los usuarios a las \u00e1reas que brinden servicios sustantivos.<\/p>\n<p>\u25aa La comunicaci\u00f3n institucional de las Dependencias Administrativas del Gobierno de Chalco deber\u00e1 llevarse a cabo de manera electr\u00f3nica, por medio de los correos oficiales, a fin de evitar la circulaci\u00f3n y el contacto directo con documentos.<\/p>\n<p>\u25aa Se suspende la Gira de Entrega de Obras, programada del 19 de marzo al 7 de abril del presente a\u00f1o.<\/p>\n<p>\u25aa Las actividades deportivas, culturales y c\u00edvicas del Gobierno municipal se reprogramar\u00e1n.<\/p>\n<p>\u25aa Por lo que hace a las instalaciones deportivas de car\u00e1cter privado, se les pedir\u00e1 a trav\u00e9s de la Direcci\u00f3n de Desarrollo Econ\u00f3mico, se apeguen a las medidas generales de prevenci\u00f3n.<\/p>\n<p>\u25aa Respecto a las actividades del comercio informal en los espacios p\u00fablicos, a trav\u00e9s de las Direcciones de Comercio y Gobierno y Concertaci\u00f3n, se les pedir\u00e1 a los representantes de las diversas organizaciones para que cumplan con las medidas descritas por la Secretar\u00eda de Salud.<\/p>\n<p>\u25aa A trav\u00e9s de la Direcci\u00f3n de Desarrollo Econ\u00f3mico, se notificar\u00e1 a todas las unidades econ\u00f3micas que adopten las medidas de prevenci\u00f3n y atiendan las intervenciones de Sana Distancia.<\/p>\n<p>\u25aa Se decreta la suspensi\u00f3n temporal de actividades no esenciales de todas las dependencias administrativas del Gobierno de Chalco.<\/p>\n<p>\u25aa No se otorgar\u00e1n permisos para realizar eventos en espacios p\u00fablicos.<\/p>\n<p>\u25aa Llevar a cabo a m\u00e1s tardar el d\u00eda 24 de marzo, una sesi\u00f3n extraordinaria del Comit\u00e9 Municipal para la Protecci\u00f3n Contra Riesgos Sanitarios, con la finalidad de coordinar acciones y fortalecer las medidas de prevenci\u00f3n de la contingencia.<\/p>\n<p>\u25aa Dependiendo del panorama que d\u00e9 a conocer d\u00eda a d\u00eda la Secretar\u00eda de Salud del Gobierno de M\u00e9xico y la Secretar\u00eda de Salud del Estado de M\u00e9xico, se determinar\u00e1 la temporalidad e intensidad de estas medidas de prevenci\u00f3n, aplicadas por este gobierno, para evitar o disminuir la probabilidad del contagio del COVID-19.<\/p>\n","protected":false},"excerpt":{"rendered":"<p>Medidas de prevenci\u00f3n aprobadas por el Ayuntamiento de Chalco en la septuag\u00e9sima novena sesi\u00f3n de<\/p>\n","protected":false},"author":1,"featured_media":6653,"comment_status":"open","ping_status":"open","sticky":false,"template":"","format":"standard","meta":{"footnotes":""},"categories":[1],"tags":[9],"class_list":["post-6652","post","type-post","status-publish","format-standard","has-post-thumbnail","hentry","category-municipales","tag-chalco"],"yoast_head":"<!-- This site is optimized with the Yoast SEO plugin v25.3 - https:\/\/yoast.com\/wordpress\/plugins\/seo\/ -->\n<title>Gobierno municipal de Chalco da a conocer medidas ante el COVID-19 - Volcanes<\/title>\n<meta name=\"robots\" content=\"index, follow, max-snippet:-1, max-image-preview:large, max-video-preview:-1\" \/>\n<link rel=\"canonical\" href=\"https:\/\/volcanes.net\/?p=6652\" \/>\n<meta property=\"og:locale\" content=\"es_MX\" \/>\n<meta property=\"og:type\" content=\"article\" \/>\n<meta property=\"og:title\" content=\"Gobierno municipal de Chalco da a conocer medidas ante el COVID-19 - Volcanes\" \/>\n<meta property=\"og:description\" content=\"Medidas de prevenci\u00f3n aprobadas por el Ayuntamiento de Chalco en la septuag\u00e9sima novena sesi\u00f3n de\" \/>\n<meta property=\"og:url\" content=\"https:\/\/volcanes.net\/?p=6652\" \/>\n<meta property=\"og:site_name\" content=\"Volcanes\" \/>\n<meta property=\"article:publisher\" content=\"https:\/\/www.facebook.com\/volcanes.net\/\" \/>\n<meta property=\"article:published_time\" content=\"2020-03-23T17:08:59+00:00\" \/>\n<meta property=\"article:modified_time\" content=\"2020-03-23T17:10:08+00:00\" \/>\n<meta property=\"og:image\" content=\"https:\/\/volcanes.net\/wp-content\/uploads\/2020\/03\/IMG-20200323-WA0030.jpg\" \/>\n\t<meta property=\"og:image:width\" content=\"682\" \/>\n\t<meta property=\"og:image:height\" content=\"1024\" \/>\n\t<meta property=\"og:image:type\" content=\"image\/jpeg\" \/>\n<meta name=\"author\" content=\"admin\" \/>\n<meta name=\"twitter:card\" content=\"summary_large_image\" \/>\n<meta name=\"twitter:label1\" content=\"Escrito por\" \/>\n\t<meta name=\"twitter:data1\" content=\"admin\" \/>\n\t<meta name=\"twitter:label2\" content=\"Tiempo de lectura\" \/>\n\t<meta name=\"twitter:data2\" content=\"4 minutos\" \/>\n<script type=\"application\/ld+json\" class=\"yoast-schema-graph\">{\"@context\":\"https:\/\/schema.org\",\"@graph\":[{\"@type\":\"Article\",\"@id\":\"https:\/\/volcanes.net\/?p=6652#article\",\"isPartOf\":{\"@id\":\"https:\/\/volcanes.net\/?p=6652\"},\"author\":{\"name\":\"admin\",\"@id\":\"https:\/\/volcanes.net\/#\/schema\/person\/4bf0f383940966a4abd53f5048c0e6b9\"},\"headline\":\"Gobierno municipal de Chalco da a conocer medidas ante el COVID-19\",\"datePublished\":\"2020-03-23T17:08:59+00:00\",\"dateModified\":\"2020-03-23T17:10:08+00:00\",\"mainEntityOfPage\":{\"@id\":\"https:\/\/volcanes.net\/?p=6652\"},\"wordCount\":827,\"commentCount\":0,\"publisher\":{\"@id\":\"https:\/\/volcanes.net\/#organization\"},\"image\":{\"@id\":\"https:\/\/volcanes.net\/?p=6652#primaryimage\"},\"thumbnailUrl\":\"https:\/\/volcanes.net\/wp-content\/uploads\/2020\/03\/IMG-20200323-WA0030.jpg\",\"keywords\":[\"Chalco\"],\"articleSection\":[\"Municipales\"],\"inLanguage\":\"es\",\"potentialAction\":[{\"@type\":\"CommentAction\",\"name\":\"Comment\",\"target\":[\"https:\/\/volcanes.net\/?p=6652#respond\"]}]},{\"@type\":\"WebPage\",\"@id\":\"https:\/\/volcanes.net\/?p=6652\",\"url\":\"https:\/\/volcanes.net\/?p=6652\",\"name\":\"Gobierno municipal de Chalco da a conocer medidas ante el COVID-19 - Volcanes\",\"isPartOf\":{\"@id\":\"https:\/\/volcanes.net\/#website\"},\"primaryImageOfPage\":{\"@id\":\"https:\/\/volcanes.net\/?p=6652#primaryimage\"},\"image\":{\"@id\":\"https:\/\/volcanes.net\/?p=6652#primaryimage\"},\"thumbnailUrl\":\"https:\/\/volcanes.net\/wp-content\/uploads\/2020\/03\/IMG-20200323-WA0030.jpg\",\"datePublished\":\"2020-03-23T17:08:59+00:00\",\"dateModified\":\"2020-03-23T17:10:08+00:00\",\"breadcrumb\":{\"@id\":\"https:\/\/volcanes.net\/?p=6652#breadcrumb\"},\"inLanguage\":\"es\",\"potentialAction\":[{\"@type\":\"ReadAction\",\"target\":[\"https:\/\/volcanes.net\/?p=6652\"]}]},{\"@type\":\"ImageObject\",\"inLanguage\":\"es\",\"@id\":\"https:\/\/volcanes.net\/?p=6652#primaryimage\",\"url\":\"https:\/\/volcanes.net\/wp-content\/uploads\/2020\/03\/IMG-20200323-WA0030.jpg\",\"contentUrl\":\"https:\/\/volcanes.net\/wp-content\/uploads\/2020\/03\/IMG-20200323-WA0030.jpg\",\"width\":682,\"height\":1024},{\"@type\":\"BreadcrumbList\",\"@id\":\"https:\/\/volcanes.net\/?p=6652#breadcrumb\",\"itemListElement\":[{\"@type\":\"ListItem\",\"position\":1,\"name\":\"Portada\",\"item\":\"https:\/\/volcanes.net\/\"},{\"@type\":\"ListItem\",\"position\":2,\"name\":\"Gobierno municipal de Chalco da a conocer medidas ante el COVID-19\"}]},{\"@type\":\"WebSite\",\"@id\":\"https:\/\/volcanes.net\/#website\",\"url\":\"https:\/\/volcanes.net\/\",\"name\":\"Volcanes.Net\",\"description\":\"Periodismo Profesional\",\"publisher\":{\"@id\":\"https:\/\/volcanes.net\/#organization\"},\"potentialAction\":[{\"@type\":\"SearchAction\",\"target\":{\"@type\":\"EntryPoint\",\"urlTemplate\":\"https:\/\/volcanes.net\/?s={search_term_string}\"},\"query-input\":{\"@type\":\"PropertyValueSpecification\",\"valueRequired\":true,\"valueName\":\"search_term_string\"}}],\"inLanguage\":\"es\"},{\"@type\":\"Organization\",\"@id\":\"https:\/\/volcanes.net\/#organization\",\"name\":\"Grupo Volcanes\",\"url\":\"https:\/\/volcanes.net\/\",\"logo\":{\"@type\":\"ImageObject\",\"inLanguage\":\"es\",\"@id\":\"https:\/\/volcanes.net\/#\/schema\/logo\/image\/\",\"url\":\"http:\/\/volcanes.net\/wp-content\/uploads\/2017\/12\/Avatar2.jpg\",\"contentUrl\":\"http:\/\/volcanes.net\/wp-content\/uploads\/2017\/12\/Avatar2.jpg\",\"width\":378,\"height\":378,\"caption\":\"Grupo Volcanes\"},\"image\":{\"@id\":\"https:\/\/volcanes.net\/#\/schema\/logo\/image\/\"},\"sameAs\":[\"https:\/\/www.facebook.com\/volcanes.net\/\"]},{\"@type\":\"Person\",\"@id\":\"https:\/\/volcanes.net\/#\/schema\/person\/4bf0f383940966a4abd53f5048c0e6b9\",\"name\":\"admin\",\"image\":{\"@type\":\"ImageObject\",\"inLanguage\":\"es\",\"@id\":\"https:\/\/volcanes.net\/#\/schema\/person\/image\/\",\"url\":\"https:\/\/secure.gravatar.com\/avatar\/ca004e6cba8462b8cb7abc86e382930c?s=96&d=mm&r=g\",\"contentUrl\":\"https:\/\/secure.gravatar.com\/avatar\/ca004e6cba8462b8cb7abc86e382930c?s=96&d=mm&r=g\",\"caption\":\"admin\"}}]}<\/script>\n<!-- \/ Yoast SEO plugin. -->","yoast_head_json":{"title":"Gobierno municipal de Chalco da a conocer medidas ante el COVID-19 - Volcanes","robots":{"index":"index","follow":"follow","max-snippet":"max-snippet:-1","max-image-preview":"max-image-preview:large","max-video-preview":"max-video-preview:-1"},"canonical":"https:\/\/volcanes.net\/?p=6652","og_locale":"es_MX","og_type":"article","og_title":"Gobierno municipal de Chalco da a conocer medidas ante el COVID-19 - Volcanes","og_description":"Medidas de prevenci\u00f3n aprobadas por el Ayuntamiento de Chalco en la septuag\u00e9sima novena sesi\u00f3n de","og_url":"https:\/\/volcanes.net\/?p=6652","og_site_name":"Volcanes","article_publisher":"https:\/\/www.facebook.com\/volcanes.net\/","article_published_time":"2020-03-23T17:08:59+00:00","article_modified_time":"2020-03-23T17:10:08+00:00","og_image":[{"width":682,"height":1024,"url":"https:\/\/volcanes.net\/wp-content\/uploads\/2020\/03\/IMG-20200323-WA0030.jpg","type":"image\/jpeg"}],"author":"admin","twitter_card":"summary_large_image","twitter_misc":{"Escrito por":"admin","Tiempo de lectura":"4 minutos"},"schema":{"@context":"https:\/\/schema.org","@graph":[{"@type":"Article","@id":"https:\/\/volcanes.net\/?p=6652#article","isPartOf":{"@id":"https:\/\/volcanes.net\/?p=6652"},"author":{"name":"admin","@id":"https:\/\/volcanes.net\/#\/schema\/person\/4bf0f383940966a4abd53f5048c0e6b9"},"headline":"Gobierno municipal de Chalco da a conocer medidas ante el COVID-19","datePublished":"2020-03-23T17:08:59+00:00","dateModified":"2020-03-23T17:10:08+00:00","mainEntityOfPage":{"@id":"https:\/\/volcanes.net\/?p=6652"},"wordCount":827,"commentCount":0,"publisher":{"@id":"https:\/\/volcanes.net\/#organization"},"image":{"@id":"https:\/\/volcanes.net\/?p=6652#primaryimage"},"thumbnailUrl":"https:\/\/volcanes.net\/wp-content\/uploads\/2020\/03\/IMG-20200323-WA0030.jpg","keywords":["Chalco"],"articleSection":["Municipales"],"inLanguage":"es","potentialAction":[{"@type":"CommentAction","name":"Comment","target":["https:\/\/volcanes.net\/?p=6652#respond"]}]},{"@type":"WebPage","@id":"https:\/\/volcanes.net\/?p=6652","url":"https:\/\/volcanes.net\/?p=6652","name":"Gobierno municipal de Chalco da a conocer medidas ante el COVID-19 - Volcanes","isPartOf":{"@id":"https:\/\/volcanes.net\/#website"},"primaryImageOfPage":{"@id":"https:\/\/volcanes.net\/?p=6652#primaryimage"},"image":{"@id":"https:\/\/volcanes.net\/?p=6652#primaryimage"},"thumbnailUrl":"https:\/\/volcanes.net\/wp-content\/uploads\/2020\/03\/IMG-20200323-WA0030.jpg","datePublished":"2020-03-23T17:08:59+00:00","dateModified":"2020-03-23T17:10:08+00:00","breadcrumb":{"@id":"https:\/\/volcanes.net\/?p=6652#breadcrumb"},"inLanguage":"es","potentialAction":[{"@type":"ReadAction","target":["https:\/\/volcanes.net\/?p=6652"]}]},{"@type":"ImageObject","inLanguage":"es","@id":"https:\/\/volcanes.net\/?p=6652#primaryimage","url":"https:\/\/volcanes.net\/wp-content\/uploads\/2020\/03\/IMG-20200323-WA0030.jpg","contentUrl":"https:\/\/volcanes.net\/wp-content\/uploads\/2020\/03\/IMG-20200323-WA0030.jpg","width":682,"height":1024},{"@type":"BreadcrumbList","@id":"https:\/\/volcanes.net\/?p=6652#breadcrumb","itemListElement":[{"@type":"ListItem","position":1,"name":"Portada","item":"https:\/\/volcanes.net\/"},{"@type":"ListItem","position":2,"name":"Gobierno municipal de Chalco da a conocer medidas ante el COVID-19"}]},{"@type":"WebSite","@id":"https:\/\/volcanes.net\/#website","url":"https:\/\/volcanes.net\/","name":"Volcanes.Net","description":"Periodismo Profesional","publisher":{"@id":"https:\/\/volcanes.net\/#organization"},"potentialAction":[{"@type":"SearchAction","target":{"@type":"EntryPoint","urlTemplate":"https:\/\/volcanes.net\/?s={search_term_string}"},"query-input":{"@type":"PropertyValueSpecification","valueRequired":true,"valueName":"search_term_string"}}],"inLanguage":"es"},{"@type":"Organization","@id":"https:\/\/volcanes.net\/#organization","name":"Grupo Volcanes","url":"https:\/\/volcanes.net\/","logo":{"@type":"ImageObject","inLanguage":"es","@id":"https:\/\/volcanes.net\/#\/schema\/logo\/image\/","url":"http:\/\/volcanes.net\/wp-content\/uploads\/2017\/12\/Avatar2.jpg","contentUrl":"http:\/\/volcanes.net\/wp-content\/uploads\/2017\/12\/Avatar2.jpg","width":378,"height":378,"caption":"Grupo Volcanes"},"image":{"@id":"https:\/\/volcanes.net\/#\/schema\/logo\/image\/"},"sameAs":["https:\/\/www.facebook.com\/volcanes.net\/"]},{"@type":"Person","@id":"https:\/\/volcanes.net\/#\/schema\/person\/4bf0f383940966a4abd53f5048c0e6b9","name":"admin","image":{"@type":"ImageObject","inLanguage":"es","@id":"https:\/\/volcanes.net\/#\/schema\/person\/image\/","url":"https:\/\/secure.gravatar.com\/avatar\/ca004e6cba8462b8cb7abc86e382930c?s=96&d=mm&r=g","contentUrl":"https:\/\/secure.gravatar.com\/avatar\/ca004e6cba8462b8cb7abc86e382930c?s=96&d=mm&r=g","caption":"admin"}}]}},"_links":{"self":[{"href":"https:\/\/volcanes.net\/index.php?rest_route=\/wp\/v2\/posts\/6652"}],"collection":[{"href":"https:\/\/volcanes.net\/index.php?rest_route=\/wp\/v2\/posts"}],"about":[{"href":"https:\/\/volcanes.net\/index.php?rest_route=\/wp\/v2\/types\/post"}],"author":[{"embeddable":true,"href":"https:\/\/volcanes.net\/index.php?rest_route=\/wp\/v2\/users\/1"}],"replies":[{"embeddable":true,"href":"https:\/\/volcanes.net\/index.php?rest_route=%2Fwp%2Fv2%2Fcomments&post=6652"}],"version-history":[{"count":2,"href":"https:\/\/volcanes.net\/index.php?rest_route=\/wp\/v2\/posts\/6652\/revisions"}],"predecessor-version":[{"id":6656,"href":"https:\/\/volcanes.net\/index.php?rest_route=\/wp\/v2\/posts\/6652\/revisions\/6656"}],"wp:featuredmedia":[{"embeddable":true,"href":"https:\/\/volcanes.net\/index.php?rest_route=\/wp\/v2\/media\/6653"}],"wp:attachment":[{"href":"https:\/\/volcanes.net\/index.php?rest_route=%2Fwp%2Fv2%2Fmedia&parent=6652"}],"wp:term":[{"taxonomy":"category","embeddable":true,"href":"https:\/\/volcanes.net\/index.php?rest_route=%2Fwp%2Fv2%2Fcategories&post=6652"},{"taxonomy":"post_tag","embeddable":true,"href":"https:\/\/volcanes.net\/index.php?rest_route=%2Fwp%2Fv2%2Ftags&post=6652"}],"curies":[{"name":"wp","href":"https:\/\/api.w.org\/{rel}","templated":true}]}}