{"id":667,"date":"2018-01-22T03:31:47","date_gmt":"2018-01-22T03:31:47","guid":{"rendered":"http:\/\/volcanes.net\/?p=667"},"modified":"2018-01-22T03:31:47","modified_gmt":"2018-01-22T03:31:47","slug":"inauguran-calles-en-ixtapaluca","status":"publish","type":"post","link":"https:\/\/volcanes.net\/?p=667","title":{"rendered":"Inauguran calles en Ixtapaluca"},"content":{"rendered":"<div style=\"margin-top: 0px; margin-bottom: 0px;\" class=\"sharethis-inline-share-buttons\" ><\/div><p>IXTAPALUCA, Estado de M\u00e9xico, a 21 de enero de 2018.- La muestra de que este proyecto sigue con el progreso, es gracias al compromiso que tiene el presidente municipal, Carlos Enr\u00edquez Santos, el cabildo y su equipo de trabajo, al tomar las mejores decisiones para los ixtapaluquenses, con ello el cambio en este municipio es notable, gracias a la participaci\u00f3n de los colonos.<\/p>\n<p>En representaci\u00f3n del presidente municipal, la directora de Desarrollo Social y Territorial, Yessica Sara\u00ed Gonz\u00e1lez Figueroa, inaugur\u00f3 las calles Hidalgo, Pachuca, Baja California Sur y la Cerrada Morelos en el poblado de San Francisco, estas son vialidades principales para que los ni\u00f1os y ni\u00f1as que pasan diariamente para ir a las escuelas ya no tengan problemas para llegar a sus destinos.<\/p>\n<p>Tambi\u00e9n dijo que los servicios b\u00e1sicos como la pavimentaci\u00f3n de calles entre otros, son una obligaci\u00f3n para el gobierno y mejoran la calidad de vida de cada habitante, desde los pueblos hasta las colonias m\u00e1s alejadas de la cabecera municipal. Esta administraci\u00f3n trabaja para ello y para otros beneficios, que la gente pueda gozar.<\/p>\n<p>Dijo que no hay mejor recompensa que la sonrisa de los ni\u00f1os y las ni\u00f1as, al igual de los adultos y adultos mayores, con ello se reafirma que su trabajo habla por s\u00ed solo y que van por el camino correcto para seguir logrando m\u00e1s beneficios.<\/p>\n<p>Claudia L\u00f3pez, habitante de esta zona, agradeci\u00f3 a las autoridades presentes por haber hecho los trabajos correspondientes en las calles que son \u00fatiles para cientos de personas y de automovilistas que a diario pasan por este lugar. Expres\u00f3 que la confianza se gana y la gente aprendi\u00f3 a confiar en esta administraci\u00f3n que cumple sin pedir nada a cambio.<\/p>\n<p>La obra cont\u00f3 con una inversi\u00f3n de un mill\u00f3n de pesos se beneficiar\u00e1 a mil habitantes, los trabajos a realizar fueron la colocaci\u00f3n de banquetas, \u00e1rboles, topes, guarniciones y coladeras.<\/p>\n","protected":false},"excerpt":{"rendered":"<p>IXTAPALUCA, Estado de M\u00e9xico, a 21 de enero de 2018.- La muestra de que este<\/p>\n","protected":false},"author":1,"featured_media":668,"comment_status":"open","ping_status":"open","sticky":false,"template":"","format":"standard","meta":{"footnotes":""},"categories":[1],"tags":[6],"class_list":["post-667","post","type-post","status-publish","format-standard","has-post-thumbnail","hentry","category-municipales","tag-ixtapaluca"],"yoast_head":"<!-- This site is optimized with the Yoast SEO plugin v25.3 - https:\/\/yoast.com\/wordpress\/plugins\/seo\/ -->\n<title>Inauguran calles en Ixtapaluca - Volcanes<\/title>\n<meta name=\"robots\" content=\"index, follow, max-snippet:-1, max-image-preview:large, max-video-preview:-1\" \/>\n<link rel=\"canonical\" href=\"https:\/\/volcanes.net\/?p=667\" \/>\n<meta property=\"og:locale\" content=\"es_MX\" \/>\n<meta property=\"og:type\" content=\"article\" \/>\n<meta property=\"og:title\" content=\"Inauguran calles en Ixtapaluca - Volcanes\" \/>\n<meta property=\"og:description\" content=\"IXTAPALUCA, Estado de M\u00e9xico, a 21 de enero de 2018.- La muestra de que este\" \/>\n<meta property=\"og:url\" content=\"https:\/\/volcanes.net\/?p=667\" \/>\n<meta property=\"og:site_name\" content=\"Volcanes\" \/>\n<meta property=\"article:publisher\" content=\"https:\/\/www.facebook.com\/volcanes.net\/\" \/>\n<meta property=\"article:published_time\" content=\"2018-01-22T03:31:47+00:00\" \/>\n<meta property=\"og:image\" content=\"https:\/\/volcanes.net\/wp-content\/uploads\/2018\/01\/INAUGURACION-DE-CALLES-EN-SAN-FRANCISCO-1.jpg\" \/>\n\t<meta property=\"og:image:width\" content=\"448\" \/>\n\t<meta property=\"og:image:height\" content=\"299\" \/>\n\t<meta property=\"og:image:type\" content=\"image\/jpeg\" \/>\n<meta name=\"author\" content=\"admin\" \/>\n<meta name=\"twitter:card\" content=\"summary_large_image\" \/>\n<meta name=\"twitter:label1\" content=\"Escrito por\" \/>\n\t<meta name=\"twitter:data1\" content=\"admin\" \/>\n\t<meta name=\"twitter:label2\" content=\"Tiempo de lectura\" \/>\n\t<meta name=\"twitter:data2\" content=\"2 minutos\" \/>\n<script type=\"application\/ld+json\" class=\"yoast-schema-graph\">{\"@context\":\"https:\/\/schema.org\",\"@graph\":[{\"@type\":\"Article\",\"@id\":\"https:\/\/volcanes.net\/?p=667#article\",\"isPartOf\":{\"@id\":\"https:\/\/volcanes.net\/?p=667\"},\"author\":{\"name\":\"admin\",\"@id\":\"https:\/\/volcanes.net\/#\/schema\/person\/4bf0f383940966a4abd53f5048c0e6b9\"},\"headline\":\"Inauguran calles en Ixtapaluca\",\"datePublished\":\"2018-01-22T03:31:47+00:00\",\"mainEntityOfPage\":{\"@id\":\"https:\/\/volcanes.net\/?p=667\"},\"wordCount\":337,\"commentCount\":0,\"publisher\":{\"@id\":\"https:\/\/volcanes.net\/#organization\"},\"image\":{\"@id\":\"https:\/\/volcanes.net\/?p=667#primaryimage\"},\"thumbnailUrl\":\"https:\/\/volcanes.net\/wp-content\/uploads\/2018\/01\/INAUGURACION-DE-CALLES-EN-SAN-FRANCISCO-1.jpg\",\"keywords\":[\"Ixtapaluca\"],\"articleSection\":[\"Municipales\"],\"inLanguage\":\"es\",\"potentialAction\":[{\"@type\":\"CommentAction\",\"name\":\"Comment\",\"target\":[\"https:\/\/volcanes.net\/?p=667#respond\"]}]},{\"@type\":\"WebPage\",\"@id\":\"https:\/\/volcanes.net\/?p=667\",\"url\":\"https:\/\/volcanes.net\/?p=667\",\"name\":\"Inauguran calles en Ixtapaluca - Volcanes\",\"isPartOf\":{\"@id\":\"https:\/\/volcanes.net\/#website\"},\"primaryImageOfPage\":{\"@id\":\"https:\/\/volcanes.net\/?p=667#primaryimage\"},\"image\":{\"@id\":\"https:\/\/volcanes.net\/?p=667#primaryimage\"},\"thumbnailUrl\":\"https:\/\/volcanes.net\/wp-content\/uploads\/2018\/01\/INAUGURACION-DE-CALLES-EN-SAN-FRANCISCO-1.jpg\",\"datePublished\":\"2018-01-22T03:31:47+00:00\",\"breadcrumb\":{\"@id\":\"https:\/\/volcanes.net\/?p=667#breadcrumb\"},\"inLanguage\":\"es\",\"potentialAction\":[{\"@type\":\"ReadAction\",\"target\":[\"https:\/\/volcanes.net\/?p=667\"]}]},{\"@type\":\"ImageObject\",\"inLanguage\":\"es\",\"@id\":\"https:\/\/volcanes.net\/?p=667#primaryimage\",\"url\":\"https:\/\/volcanes.net\/wp-content\/uploads\/2018\/01\/INAUGURACION-DE-CALLES-EN-SAN-FRANCISCO-1.jpg\",\"contentUrl\":\"https:\/\/volcanes.net\/wp-content\/uploads\/2018\/01\/INAUGURACION-DE-CALLES-EN-SAN-FRANCISCO-1.jpg\",\"width\":448,\"height\":299},{\"@type\":\"BreadcrumbList\",\"@id\":\"https:\/\/volcanes.net\/?p=667#breadcrumb\",\"itemListElement\":[{\"@type\":\"ListItem\",\"position\":1,\"name\":\"Portada\",\"item\":\"https:\/\/volcanes.net\/\"},{\"@type\":\"ListItem\",\"position\":2,\"name\":\"Inauguran calles en Ixtapaluca\"}]},{\"@type\":\"WebSite\",\"@id\":\"https:\/\/volcanes.net\/#website\",\"url\":\"https:\/\/volcanes.net\/\",\"name\":\"Volcanes.Net\",\"description\":\"Periodismo Profesional\",\"publisher\":{\"@id\":\"https:\/\/volcanes.net\/#organization\"},\"potentialAction\":[{\"@type\":\"SearchAction\",\"target\":{\"@type\":\"EntryPoint\",\"urlTemplate\":\"https:\/\/volcanes.net\/?s={search_term_string}\"},\"query-input\":{\"@type\":\"PropertyValueSpecification\",\"valueRequired\":true,\"valueName\":\"search_term_string\"}}],\"inLanguage\":\"es\"},{\"@type\":\"Organization\",\"@id\":\"https:\/\/volcanes.net\/#organization\",\"name\":\"Grupo Volcanes\",\"url\":\"https:\/\/volcanes.net\/\",\"logo\":{\"@type\":\"ImageObject\",\"inLanguage\":\"es\",\"@id\":\"https:\/\/volcanes.net\/#\/schema\/logo\/image\/\",\"url\":\"http:\/\/volcanes.net\/wp-content\/uploads\/2017\/12\/Avatar2.jpg\",\"contentUrl\":\"http:\/\/volcanes.net\/wp-content\/uploads\/2017\/12\/Avatar2.jpg\",\"width\":378,\"height\":378,\"caption\":\"Grupo Volcanes\"},\"image\":{\"@id\":\"https:\/\/volcanes.net\/#\/schema\/logo\/image\/\"},\"sameAs\":[\"https:\/\/www.facebook.com\/volcanes.net\/\"]},{\"@type\":\"Person\",\"@id\":\"https:\/\/volcanes.net\/#\/schema\/person\/4bf0f383940966a4abd53f5048c0e6b9\",\"name\":\"admin\",\"image\":{\"@type\":\"ImageObject\",\"inLanguage\":\"es\",\"@id\":\"https:\/\/volcanes.net\/#\/schema\/person\/image\/\",\"url\":\"https:\/\/secure.gravatar.com\/avatar\/ca004e6cba8462b8cb7abc86e382930c?s=96&d=mm&r=g\",\"contentUrl\":\"https:\/\/secure.gravatar.com\/avatar\/ca004e6cba8462b8cb7abc86e382930c?s=96&d=mm&r=g\",\"caption\":\"admin\"}}]}<\/script>\n<!-- \/ Yoast SEO plugin. -->","yoast_head_json":{"title":"Inauguran calles en Ixtapaluca - Volcanes","robots":{"index":"index","follow":"follow","max-snippet":"max-snippet:-1","max-image-preview":"max-image-preview:large","max-video-preview":"max-video-preview:-1"},"canonical":"https:\/\/volcanes.net\/?p=667","og_locale":"es_MX","og_type":"article","og_title":"Inauguran calles en Ixtapaluca - Volcanes","og_description":"IXTAPALUCA, Estado de M\u00e9xico, a 21 de enero de 2018.- La muestra de que este","og_url":"https:\/\/volcanes.net\/?p=667","og_site_name":"Volcanes","article_publisher":"https:\/\/www.facebook.com\/volcanes.net\/","article_published_time":"2018-01-22T03:31:47+00:00","og_image":[{"width":448,"height":299,"url":"https:\/\/volcanes.net\/wp-content\/uploads\/2018\/01\/INAUGURACION-DE-CALLES-EN-SAN-FRANCISCO-1.jpg","type":"image\/jpeg"}],"author":"admin","twitter_card":"summary_large_image","twitter_misc":{"Escrito por":"admin","Tiempo de lectura":"2 minutos"},"schema":{"@context":"https:\/\/schema.org","@graph":[{"@type":"Article","@id":"https:\/\/volcanes.net\/?p=667#article","isPartOf":{"@id":"https:\/\/volcanes.net\/?p=667"},"author":{"name":"admin","@id":"https:\/\/volcanes.net\/#\/schema\/person\/4bf0f383940966a4abd53f5048c0e6b9"},"headline":"Inauguran calles en Ixtapaluca","datePublished":"2018-01-22T03:31:47+00:00","mainEntityOfPage":{"@id":"https:\/\/volcanes.net\/?p=667"},"wordCount":337,"commentCount":0,"publisher":{"@id":"https:\/\/volcanes.net\/#organization"},"image":{"@id":"https:\/\/volcanes.net\/?p=667#primaryimage"},"thumbnailUrl":"https:\/\/volcanes.net\/wp-content\/uploads\/2018\/01\/INAUGURACION-DE-CALLES-EN-SAN-FRANCISCO-1.jpg","keywords":["Ixtapaluca"],"articleSection":["Municipales"],"inLanguage":"es","potentialAction":[{"@type":"CommentAction","name":"Comment","target":["https:\/\/volcanes.net\/?p=667#respond"]}]},{"@type":"WebPage","@id":"https:\/\/volcanes.net\/?p=667","url":"https:\/\/volcanes.net\/?p=667","name":"Inauguran calles en Ixtapaluca - Volcanes","isPartOf":{"@id":"https:\/\/volcanes.net\/#website"},"primaryImageOfPage":{"@id":"https:\/\/volcanes.net\/?p=667#primaryimage"},"image":{"@id":"https:\/\/volcanes.net\/?p=667#primaryimage"},"thumbnailUrl":"https:\/\/volcanes.net\/wp-content\/uploads\/2018\/01\/INAUGURACION-DE-CALLES-EN-SAN-FRANCISCO-1.jpg","datePublished":"2018-01-22T03:31:47+00:00","breadcrumb":{"@id":"https:\/\/volcanes.net\/?p=667#breadcrumb"},"inLanguage":"es","potentialAction":[{"@type":"ReadAction","target":["https:\/\/volcanes.net\/?p=667"]}]},{"@type":"ImageObject","inLanguage":"es","@id":"https:\/\/volcanes.net\/?p=667#primaryimage","url":"https:\/\/volcanes.net\/wp-content\/uploads\/2018\/01\/INAUGURACION-DE-CALLES-EN-SAN-FRANCISCO-1.jpg","contentUrl":"https:\/\/volcanes.net\/wp-content\/uploads\/2018\/01\/INAUGURACION-DE-CALLES-EN-SAN-FRANCISCO-1.jpg","width":448,"height":299},{"@type":"BreadcrumbList","@id":"https:\/\/volcanes.net\/?p=667#breadcrumb","itemListElement":[{"@type":"ListItem","position":1,"name":"Portada","item":"https:\/\/volcanes.net\/"},{"@type":"ListItem","position":2,"name":"Inauguran calles en Ixtapaluca"}]},{"@type":"WebSite","@id":"https:\/\/volcanes.net\/#website","url":"https:\/\/volcanes.net\/","name":"Volcanes.Net","description":"Periodismo Profesional","publisher":{"@id":"https:\/\/volcanes.net\/#organization"},"potentialAction":[{"@type":"SearchAction","target":{"@type":"EntryPoint","urlTemplate":"https:\/\/volcanes.net\/?s={search_term_string}"},"query-input":{"@type":"PropertyValueSpecification","valueRequired":true,"valueName":"search_term_string"}}],"inLanguage":"es"},{"@type":"Organization","@id":"https:\/\/volcanes.net\/#organization","name":"Grupo Volcanes","url":"https:\/\/volcanes.net\/","logo":{"@type":"ImageObject","inLanguage":"es","@id":"https:\/\/volcanes.net\/#\/schema\/logo\/image\/","url":"http:\/\/volcanes.net\/wp-content\/uploads\/2017\/12\/Avatar2.jpg","contentUrl":"http:\/\/volcanes.net\/wp-content\/uploads\/2017\/12\/Avatar2.jpg","width":378,"height":378,"caption":"Grupo Volcanes"},"image":{"@id":"https:\/\/volcanes.net\/#\/schema\/logo\/image\/"},"sameAs":["https:\/\/www.facebook.com\/volcanes.net\/"]},{"@type":"Person","@id":"https:\/\/volcanes.net\/#\/schema\/person\/4bf0f383940966a4abd53f5048c0e6b9","name":"admin","image":{"@type":"ImageObject","inLanguage":"es","@id":"https:\/\/volcanes.net\/#\/schema\/person\/image\/","url":"https:\/\/secure.gravatar.com\/avatar\/ca004e6cba8462b8cb7abc86e382930c?s=96&d=mm&r=g","contentUrl":"https:\/\/secure.gravatar.com\/avatar\/ca004e6cba8462b8cb7abc86e382930c?s=96&d=mm&r=g","caption":"admin"}}]}},"_links":{"self":[{"href":"https:\/\/volcanes.net\/index.php?rest_route=\/wp\/v2\/posts\/667"}],"collection":[{"href":"https:\/\/volcanes.net\/index.php?rest_route=\/wp\/v2\/posts"}],"about":[{"href":"https:\/\/volcanes.net\/index.php?rest_route=\/wp\/v2\/types\/post"}],"author":[{"embeddable":true,"href":"https:\/\/volcanes.net\/index.php?rest_route=\/wp\/v2\/users\/1"}],"replies":[{"embeddable":true,"href":"https:\/\/volcanes.net\/index.php?rest_route=%2Fwp%2Fv2%2Fcomments&post=667"}],"version-history":[{"count":1,"href":"https:\/\/volcanes.net\/index.php?rest_route=\/wp\/v2\/posts\/667\/revisions"}],"predecessor-version":[{"id":669,"href":"https:\/\/volcanes.net\/index.php?rest_route=\/wp\/v2\/posts\/667\/revisions\/669"}],"wp:featuredmedia":[{"embeddable":true,"href":"https:\/\/volcanes.net\/index.php?rest_route=\/wp\/v2\/media\/668"}],"wp:attachment":[{"href":"https:\/\/volcanes.net\/index.php?rest_route=%2Fwp%2Fv2%2Fmedia&parent=667"}],"wp:term":[{"taxonomy":"category","embeddable":true,"href":"https:\/\/volcanes.net\/index.php?rest_route=%2Fwp%2Fv2%2Fcategories&post=667"},{"taxonomy":"post_tag","embeddable":true,"href":"https:\/\/volcanes.net\/index.php?rest_route=%2Fwp%2Fv2%2Ftags&post=667"}],"curies":[{"name":"wp","href":"https:\/\/api.w.org\/{rel}","templated":true}]}}