{"id":6672,"date":"2020-03-24T08:34:03","date_gmt":"2020-03-24T14:34:03","guid":{"rendered":"https:\/\/volcanes.net\/?p=6672"},"modified":"2020-03-28T22:20:13","modified_gmt":"2020-03-29T04:20:13","slug":"gobierno-municipal-de-tenango-del-aire-atento-por-contingencia-del-covid-19","status":"publish","type":"post","link":"https:\/\/volcanes.net\/?p=6672","title":{"rendered":"Gobierno municipal de Tenango del Aire atento por contingencia del COVID-19"},"content":{"rendered":"<div style=\"margin-top: 0px; margin-bottom: 0px;\" class=\"sharethis-inline-share-buttons\" ><\/div>\n<p>Tenango del Aire, Estado de M\u00e9xico 27 de marzo 2020.- Ante la situaci\u00f3n que se esta viviendo por el COVID-19, el H. Ayuntamiento a cargo del Presidente el Arq. Roberto \u00c1vila Ventura, hizo un comunicado para hacer saber que ante la fase 2 de emergencia sanitaria, se seguir\u00e1n con las medidas establecidas que se han realizado por las instancias federales y estatales as\u00ed como la Organizaci\u00f3n Mundial de la Salud (OMS).<br>Indica que a pesar de que no se han tenido casos de contagio en el municipio o o municipios cercanos, se enfatizara en minimizar cualquier contagio por lo cual las medidas siguientes acordadas ser\u00e1n las siguientes:<br>Suspensi\u00f3n de actividades de museos, bibliotecas y la casa de cultura del municipio.<br>Suspensi\u00f3n de tiendas departamentales y mini supers<br>Quedan prohibidos todos los eventos de car\u00e1cter masivo ya sea religioso, social y pol\u00edtico.<br>Quedan suspendidos los eventos masivos en salones de fiestas, auditorios en las 4 delegaciones pertenecientes al municipio.<br>Queda prohibido el servicio a bares, cantinas y centros nocturnos.<br>Todos los comerciantes de tianguis y corredor gastron\u00f3mico, deben acatarse obligatoriamente a las medidas correspondientes emitidas por la gaceta del Gobierno del Estado de M\u00e9xico.<br>Los restaurantes y fondas podr\u00e1n seguir atendiendo a sus clientes en la modalidad para llevar y entrega a domicilio.<br>Se recomienda ampliamente que el consumo que necesite cada familia se realice en los peque\u00f1os negocios de la comunidad para as\u00ed evitar que nuestra econom\u00eda caiga.<br>Record\u00e1ndoles que por cada familia solo podr\u00e1 ir un integrante, por las compras que necesiten realizar.<\/p>\n","protected":false},"excerpt":{"rendered":"<p>Tenango del Aire, Estado de M\u00e9xico 27 de marzo 2020.- Ante la situaci\u00f3n que se<\/p>\n","protected":false},"author":1,"featured_media":6671,"comment_status":"open","ping_status":"open","sticky":false,"template":"","format":"standard","meta":{"footnotes":""},"categories":[1],"tags":[291,17],"class_list":["post-6672","post","type-post","status-publish","format-standard","has-post-thumbnail","hentry","category-municipales","tag-covid-19","tag-tenango-del-aire"],"yoast_head":"<!-- This site is optimized with the Yoast SEO plugin v25.3 - https:\/\/yoast.com\/wordpress\/plugins\/seo\/ -->\n<title>Gobierno municipal de Tenango del Aire atento por contingencia del COVID-19 - Volcanes<\/title>\n<meta name=\"robots\" content=\"index, follow, max-snippet:-1, max-image-preview:large, max-video-preview:-1\" \/>\n<link rel=\"canonical\" href=\"https:\/\/volcanes.net\/?p=6672\" \/>\n<meta property=\"og:locale\" content=\"es_MX\" \/>\n<meta property=\"og:type\" content=\"article\" \/>\n<meta property=\"og:title\" content=\"Gobierno municipal de Tenango del Aire atento por contingencia del COVID-19 - Volcanes\" \/>\n<meta property=\"og:description\" content=\"Tenango del Aire, Estado de M\u00e9xico 27 de marzo 2020.- Ante la situaci\u00f3n que se\" \/>\n<meta property=\"og:url\" content=\"https:\/\/volcanes.net\/?p=6672\" \/>\n<meta property=\"og:site_name\" content=\"Volcanes\" \/>\n<meta property=\"article:publisher\" content=\"https:\/\/www.facebook.com\/volcanes.net\/\" \/>\n<meta property=\"article:published_time\" content=\"2020-03-24T14:34:03+00:00\" \/>\n<meta property=\"article:modified_time\" content=\"2020-03-29T04:20:13+00:00\" \/>\n<meta property=\"og:image\" content=\"https:\/\/volcanes.net\/wp-content\/uploads\/2020\/03\/VideoCapture_20200328-083041.jpg\" \/>\n\t<meta property=\"og:image:width\" content=\"341\" \/>\n\t<meta property=\"og:image:height\" content=\"192\" \/>\n\t<meta property=\"og:image:type\" content=\"image\/jpeg\" \/>\n<meta name=\"author\" content=\"admin\" \/>\n<meta name=\"twitter:card\" content=\"summary_large_image\" \/>\n<meta name=\"twitter:label1\" content=\"Escrito por\" \/>\n\t<meta name=\"twitter:data1\" content=\"admin\" \/>\n\t<meta name=\"twitter:label2\" content=\"Tiempo de lectura\" \/>\n\t<meta name=\"twitter:data2\" content=\"1 minuto\" \/>\n<script type=\"application\/ld+json\" class=\"yoast-schema-graph\">{\"@context\":\"https:\/\/schema.org\",\"@graph\":[{\"@type\":\"Article\",\"@id\":\"https:\/\/volcanes.net\/?p=6672#article\",\"isPartOf\":{\"@id\":\"https:\/\/volcanes.net\/?p=6672\"},\"author\":{\"name\":\"admin\",\"@id\":\"https:\/\/volcanes.net\/#\/schema\/person\/4bf0f383940966a4abd53f5048c0e6b9\"},\"headline\":\"Gobierno municipal de Tenango del Aire atento por contingencia del COVID-19\",\"datePublished\":\"2020-03-24T14:34:03+00:00\",\"dateModified\":\"2020-03-29T04:20:13+00:00\",\"mainEntityOfPage\":{\"@id\":\"https:\/\/volcanes.net\/?p=6672\"},\"wordCount\":276,\"commentCount\":0,\"publisher\":{\"@id\":\"https:\/\/volcanes.net\/#organization\"},\"image\":{\"@id\":\"https:\/\/volcanes.net\/?p=6672#primaryimage\"},\"thumbnailUrl\":\"https:\/\/volcanes.net\/wp-content\/uploads\/2020\/03\/VideoCapture_20200328-083041.jpg\",\"keywords\":[\"COVID-19\",\"Tenango del Aire\"],\"articleSection\":[\"Municipales\"],\"inLanguage\":\"es\",\"potentialAction\":[{\"@type\":\"CommentAction\",\"name\":\"Comment\",\"target\":[\"https:\/\/volcanes.net\/?p=6672#respond\"]}]},{\"@type\":\"WebPage\",\"@id\":\"https:\/\/volcanes.net\/?p=6672\",\"url\":\"https:\/\/volcanes.net\/?p=6672\",\"name\":\"Gobierno municipal de Tenango del Aire atento por contingencia del COVID-19 - Volcanes\",\"isPartOf\":{\"@id\":\"https:\/\/volcanes.net\/#website\"},\"primaryImageOfPage\":{\"@id\":\"https:\/\/volcanes.net\/?p=6672#primaryimage\"},\"image\":{\"@id\":\"https:\/\/volcanes.net\/?p=6672#primaryimage\"},\"thumbnailUrl\":\"https:\/\/volcanes.net\/wp-content\/uploads\/2020\/03\/VideoCapture_20200328-083041.jpg\",\"datePublished\":\"2020-03-24T14:34:03+00:00\",\"dateModified\":\"2020-03-29T04:20:13+00:00\",\"breadcrumb\":{\"@id\":\"https:\/\/volcanes.net\/?p=6672#breadcrumb\"},\"inLanguage\":\"es\",\"potentialAction\":[{\"@type\":\"ReadAction\",\"target\":[\"https:\/\/volcanes.net\/?p=6672\"]}]},{\"@type\":\"ImageObject\",\"inLanguage\":\"es\",\"@id\":\"https:\/\/volcanes.net\/?p=6672#primaryimage\",\"url\":\"https:\/\/volcanes.net\/wp-content\/uploads\/2020\/03\/VideoCapture_20200328-083041.jpg\",\"contentUrl\":\"https:\/\/volcanes.net\/wp-content\/uploads\/2020\/03\/VideoCapture_20200328-083041.jpg\",\"width\":341,\"height\":192},{\"@type\":\"BreadcrumbList\",\"@id\":\"https:\/\/volcanes.net\/?p=6672#breadcrumb\",\"itemListElement\":[{\"@type\":\"ListItem\",\"position\":1,\"name\":\"Portada\",\"item\":\"https:\/\/volcanes.net\/\"},{\"@type\":\"ListItem\",\"position\":2,\"name\":\"Gobierno municipal de Tenango del Aire atento por contingencia del COVID-19\"}]},{\"@type\":\"WebSite\",\"@id\":\"https:\/\/volcanes.net\/#website\",\"url\":\"https:\/\/volcanes.net\/\",\"name\":\"Volcanes.Net\",\"description\":\"Periodismo Profesional\",\"publisher\":{\"@id\":\"https:\/\/volcanes.net\/#organization\"},\"potentialAction\":[{\"@type\":\"SearchAction\",\"target\":{\"@type\":\"EntryPoint\",\"urlTemplate\":\"https:\/\/volcanes.net\/?s={search_term_string}\"},\"query-input\":{\"@type\":\"PropertyValueSpecification\",\"valueRequired\":true,\"valueName\":\"search_term_string\"}}],\"inLanguage\":\"es\"},{\"@type\":\"Organization\",\"@id\":\"https:\/\/volcanes.net\/#organization\",\"name\":\"Grupo Volcanes\",\"url\":\"https:\/\/volcanes.net\/\",\"logo\":{\"@type\":\"ImageObject\",\"inLanguage\":\"es\",\"@id\":\"https:\/\/volcanes.net\/#\/schema\/logo\/image\/\",\"url\":\"http:\/\/volcanes.net\/wp-content\/uploads\/2017\/12\/Avatar2.jpg\",\"contentUrl\":\"http:\/\/volcanes.net\/wp-content\/uploads\/2017\/12\/Avatar2.jpg\",\"width\":378,\"height\":378,\"caption\":\"Grupo Volcanes\"},\"image\":{\"@id\":\"https:\/\/volcanes.net\/#\/schema\/logo\/image\/\"},\"sameAs\":[\"https:\/\/www.facebook.com\/volcanes.net\/\"]},{\"@type\":\"Person\",\"@id\":\"https:\/\/volcanes.net\/#\/schema\/person\/4bf0f383940966a4abd53f5048c0e6b9\",\"name\":\"admin\",\"image\":{\"@type\":\"ImageObject\",\"inLanguage\":\"es\",\"@id\":\"https:\/\/volcanes.net\/#\/schema\/person\/image\/\",\"url\":\"https:\/\/secure.gravatar.com\/avatar\/ca004e6cba8462b8cb7abc86e382930c?s=96&d=mm&r=g\",\"contentUrl\":\"https:\/\/secure.gravatar.com\/avatar\/ca004e6cba8462b8cb7abc86e382930c?s=96&d=mm&r=g\",\"caption\":\"admin\"}}]}<\/script>\n<!-- \/ Yoast SEO plugin. -->","yoast_head_json":{"title":"Gobierno municipal de Tenango del Aire atento por contingencia del COVID-19 - Volcanes","robots":{"index":"index","follow":"follow","max-snippet":"max-snippet:-1","max-image-preview":"max-image-preview:large","max-video-preview":"max-video-preview:-1"},"canonical":"https:\/\/volcanes.net\/?p=6672","og_locale":"es_MX","og_type":"article","og_title":"Gobierno municipal de Tenango del Aire atento por contingencia del COVID-19 - Volcanes","og_description":"Tenango del Aire, Estado de M\u00e9xico 27 de marzo 2020.- Ante la situaci\u00f3n que se","og_url":"https:\/\/volcanes.net\/?p=6672","og_site_name":"Volcanes","article_publisher":"https:\/\/www.facebook.com\/volcanes.net\/","article_published_time":"2020-03-24T14:34:03+00:00","article_modified_time":"2020-03-29T04:20:13+00:00","og_image":[{"width":341,"height":192,"url":"https:\/\/volcanes.net\/wp-content\/uploads\/2020\/03\/VideoCapture_20200328-083041.jpg","type":"image\/jpeg"}],"author":"admin","twitter_card":"summary_large_image","twitter_misc":{"Escrito por":"admin","Tiempo de lectura":"1 minuto"},"schema":{"@context":"https:\/\/schema.org","@graph":[{"@type":"Article","@id":"https:\/\/volcanes.net\/?p=6672#article","isPartOf":{"@id":"https:\/\/volcanes.net\/?p=6672"},"author":{"name":"admin","@id":"https:\/\/volcanes.net\/#\/schema\/person\/4bf0f383940966a4abd53f5048c0e6b9"},"headline":"Gobierno municipal de Tenango del Aire atento por contingencia del COVID-19","datePublished":"2020-03-24T14:34:03+00:00","dateModified":"2020-03-29T04:20:13+00:00","mainEntityOfPage":{"@id":"https:\/\/volcanes.net\/?p=6672"},"wordCount":276,"commentCount":0,"publisher":{"@id":"https:\/\/volcanes.net\/#organization"},"image":{"@id":"https:\/\/volcanes.net\/?p=6672#primaryimage"},"thumbnailUrl":"https:\/\/volcanes.net\/wp-content\/uploads\/2020\/03\/VideoCapture_20200328-083041.jpg","keywords":["COVID-19","Tenango del Aire"],"articleSection":["Municipales"],"inLanguage":"es","potentialAction":[{"@type":"CommentAction","name":"Comment","target":["https:\/\/volcanes.net\/?p=6672#respond"]}]},{"@type":"WebPage","@id":"https:\/\/volcanes.net\/?p=6672","url":"https:\/\/volcanes.net\/?p=6672","name":"Gobierno municipal de Tenango del Aire atento por contingencia del COVID-19 - Volcanes","isPartOf":{"@id":"https:\/\/volcanes.net\/#website"},"primaryImageOfPage":{"@id":"https:\/\/volcanes.net\/?p=6672#primaryimage"},"image":{"@id":"https:\/\/volcanes.net\/?p=6672#primaryimage"},"thumbnailUrl":"https:\/\/volcanes.net\/wp-content\/uploads\/2020\/03\/VideoCapture_20200328-083041.jpg","datePublished":"2020-03-24T14:34:03+00:00","dateModified":"2020-03-29T04:20:13+00:00","breadcrumb":{"@id":"https:\/\/volcanes.net\/?p=6672#breadcrumb"},"inLanguage":"es","potentialAction":[{"@type":"ReadAction","target":["https:\/\/volcanes.net\/?p=6672"]}]},{"@type":"ImageObject","inLanguage":"es","@id":"https:\/\/volcanes.net\/?p=6672#primaryimage","url":"https:\/\/volcanes.net\/wp-content\/uploads\/2020\/03\/VideoCapture_20200328-083041.jpg","contentUrl":"https:\/\/volcanes.net\/wp-content\/uploads\/2020\/03\/VideoCapture_20200328-083041.jpg","width":341,"height":192},{"@type":"BreadcrumbList","@id":"https:\/\/volcanes.net\/?p=6672#breadcrumb","itemListElement":[{"@type":"ListItem","position":1,"name":"Portada","item":"https:\/\/volcanes.net\/"},{"@type":"ListItem","position":2,"name":"Gobierno municipal de Tenango del Aire atento por contingencia del COVID-19"}]},{"@type":"WebSite","@id":"https:\/\/volcanes.net\/#website","url":"https:\/\/volcanes.net\/","name":"Volcanes.Net","description":"Periodismo Profesional","publisher":{"@id":"https:\/\/volcanes.net\/#organization"},"potentialAction":[{"@type":"SearchAction","target":{"@type":"EntryPoint","urlTemplate":"https:\/\/volcanes.net\/?s={search_term_string}"},"query-input":{"@type":"PropertyValueSpecification","valueRequired":true,"valueName":"search_term_string"}}],"inLanguage":"es"},{"@type":"Organization","@id":"https:\/\/volcanes.net\/#organization","name":"Grupo Volcanes","url":"https:\/\/volcanes.net\/","logo":{"@type":"ImageObject","inLanguage":"es","@id":"https:\/\/volcanes.net\/#\/schema\/logo\/image\/","url":"http:\/\/volcanes.net\/wp-content\/uploads\/2017\/12\/Avatar2.jpg","contentUrl":"http:\/\/volcanes.net\/wp-content\/uploads\/2017\/12\/Avatar2.jpg","width":378,"height":378,"caption":"Grupo Volcanes"},"image":{"@id":"https:\/\/volcanes.net\/#\/schema\/logo\/image\/"},"sameAs":["https:\/\/www.facebook.com\/volcanes.net\/"]},{"@type":"Person","@id":"https:\/\/volcanes.net\/#\/schema\/person\/4bf0f383940966a4abd53f5048c0e6b9","name":"admin","image":{"@type":"ImageObject","inLanguage":"es","@id":"https:\/\/volcanes.net\/#\/schema\/person\/image\/","url":"https:\/\/secure.gravatar.com\/avatar\/ca004e6cba8462b8cb7abc86e382930c?s=96&d=mm&r=g","contentUrl":"https:\/\/secure.gravatar.com\/avatar\/ca004e6cba8462b8cb7abc86e382930c?s=96&d=mm&r=g","caption":"admin"}}]}},"_links":{"self":[{"href":"https:\/\/volcanes.net\/index.php?rest_route=\/wp\/v2\/posts\/6672"}],"collection":[{"href":"https:\/\/volcanes.net\/index.php?rest_route=\/wp\/v2\/posts"}],"about":[{"href":"https:\/\/volcanes.net\/index.php?rest_route=\/wp\/v2\/types\/post"}],"author":[{"embeddable":true,"href":"https:\/\/volcanes.net\/index.php?rest_route=\/wp\/v2\/users\/1"}],"replies":[{"embeddable":true,"href":"https:\/\/volcanes.net\/index.php?rest_route=%2Fwp%2Fv2%2Fcomments&post=6672"}],"version-history":[{"count":1,"href":"https:\/\/volcanes.net\/index.php?rest_route=\/wp\/v2\/posts\/6672\/revisions"}],"predecessor-version":[{"id":6673,"href":"https:\/\/volcanes.net\/index.php?rest_route=\/wp\/v2\/posts\/6672\/revisions\/6673"}],"wp:featuredmedia":[{"embeddable":true,"href":"https:\/\/volcanes.net\/index.php?rest_route=\/wp\/v2\/media\/6671"}],"wp:attachment":[{"href":"https:\/\/volcanes.net\/index.php?rest_route=%2Fwp%2Fv2%2Fmedia&parent=6672"}],"wp:term":[{"taxonomy":"category","embeddable":true,"href":"https:\/\/volcanes.net\/index.php?rest_route=%2Fwp%2Fv2%2Fcategories&post=6672"},{"taxonomy":"post_tag","embeddable":true,"href":"https:\/\/volcanes.net\/index.php?rest_route=%2Fwp%2Fv2%2Ftags&post=6672"}],"curies":[{"name":"wp","href":"https:\/\/api.w.org\/{rel}","templated":true}]}}