{"id":6674,"date":"2020-03-28T22:36:55","date_gmt":"2020-03-29T04:36:55","guid":{"rendered":"http:\/\/volcanes.net\/?p=6674"},"modified":"2020-03-28T22:37:59","modified_gmt":"2020-03-29T04:37:59","slug":"alcade-de-ozumba-hace-un-llamado-a-fortalecer-la-economia-local","status":"publish","type":"post","link":"https:\/\/volcanes.net\/?p=6674","title":{"rendered":"Alcalde de Ozumba hace un llamado a fortalecer la econom\u00eda local"},"content":{"rendered":"<div style=\"margin-top: 0px; margin-bottom: 0px;\" class=\"sharethis-inline-share-buttons\" ><\/div><p>Ozumba, Estado de M\u00e9xico.- El presidente municipal, Valent\u00edn Mart\u00ednez Castillo, se reuni\u00f3 con lideres del comercio y del transporte con el objetivo de proporcionar directrices claras y pr\u00e1cticas para garantizar la salud de la poblaci\u00f3n a trav\u00e9s de las correctas medidas de prevenci\u00f3n, ante el nuevo Coronavirus COVID-19 en este municipio.<\/p>\n<p>Acompa\u00f1ado de la jefa de la jurisdicci\u00f3n sanitaria de la regi\u00f3n 1 Amecameca, el alcalde, expres\u00f3 la situaci\u00f3n actual de esta contingencia ante l\u00edderes de distintos sectores de nuestra comunidad as\u00ed como representantes de diversos medios de comunicaci\u00f3n.<\/p>\n<p>En coordinaci\u00f3n con autoridades sanitarias, se di\u00f3 a conocer la situaci\u00f3n actual de nuestro municipio por lo que di\u00f3 a conocer las medidas que se est\u00e1n implementando para reducir el contagio:<\/p>\n<p>* Lavarse las manos frecuentemente.<br \/>\n* Al toser o estornudar, cubrirse la boca y la nariz con el codo flexionado o con un pa\u00f1uelo.<br \/>\n* Mantener el distanciamiento social.<br \/>\n* Evitar tocarse los ojos, la nariz y la boca.<br \/>\n* Si presenta fiebre, tos y dificultad para respirar, solicitar atenci\u00f3n m\u00e9dica a tiempo.<br \/>\n* Mantenerse informado y seguir las recomendaciones de los autoridades sanitarias.<\/p>\n<p style=\"padding-left: 40px;\">A los transportistas agradeci\u00f3 la participaci\u00f3n con leyendas para apoyar a la econom\u00eda local.<\/p>\n<p>Finalmente agradeci\u00f3 la participaci\u00f3n ciudadana ante esta situaci\u00f3n, y solicit\u00f3 a los comerciantes a sumarse a las acciones anunciadas.<\/p>\n<p>&nbsp;<\/p>\n","protected":false},"excerpt":{"rendered":"<p>Ozumba, Estado de M\u00e9xico.- El presidente municipal, Valent\u00edn Mart\u00ednez Castillo, se reuni\u00f3 con lideres del<\/p>\n","protected":false},"author":1,"featured_media":6675,"comment_status":"open","ping_status":"open","sticky":false,"template":"","format":"standard","meta":{"footnotes":""},"categories":[1],"tags":[291,14],"class_list":["post-6674","post","type-post","status-publish","format-standard","has-post-thumbnail","hentry","category-municipales","tag-covid-19","tag-ozumba"],"yoast_head":"<!-- This site is optimized with the Yoast SEO plugin v25.3 - https:\/\/yoast.com\/wordpress\/plugins\/seo\/ -->\n<title>Alcalde de Ozumba hace un llamado a fortalecer la econom\u00eda local - Volcanes<\/title>\n<meta name=\"robots\" content=\"index, follow, max-snippet:-1, max-image-preview:large, max-video-preview:-1\" \/>\n<link rel=\"canonical\" href=\"https:\/\/volcanes.net\/?p=6674\" \/>\n<meta property=\"og:locale\" content=\"es_MX\" \/>\n<meta property=\"og:type\" content=\"article\" \/>\n<meta property=\"og:title\" content=\"Alcalde de Ozumba hace un llamado a fortalecer la econom\u00eda local - Volcanes\" \/>\n<meta property=\"og:description\" content=\"Ozumba, Estado de M\u00e9xico.- El presidente municipal, Valent\u00edn Mart\u00ednez Castillo, se reuni\u00f3 con lideres del\" \/>\n<meta property=\"og:url\" content=\"https:\/\/volcanes.net\/?p=6674\" \/>\n<meta property=\"og:site_name\" content=\"Volcanes\" \/>\n<meta property=\"article:publisher\" content=\"https:\/\/www.facebook.com\/volcanes.net\/\" \/>\n<meta property=\"article:published_time\" content=\"2020-03-29T04:36:55+00:00\" \/>\n<meta property=\"article:modified_time\" content=\"2020-03-29T04:37:59+00:00\" \/>\n<meta property=\"og:image\" content=\"https:\/\/volcanes.net\/wp-content\/uploads\/2020\/03\/20200328_103346_copy_800x379.jpg\" \/>\n\t<meta property=\"og:image:width\" content=\"800\" \/>\n\t<meta property=\"og:image:height\" content=\"379\" \/>\n\t<meta property=\"og:image:type\" content=\"image\/jpeg\" \/>\n<meta name=\"author\" content=\"admin\" \/>\n<meta name=\"twitter:card\" content=\"summary_large_image\" \/>\n<meta name=\"twitter:label1\" content=\"Escrito por\" \/>\n\t<meta name=\"twitter:data1\" content=\"admin\" \/>\n\t<meta name=\"twitter:label2\" content=\"Tiempo de lectura\" \/>\n\t<meta name=\"twitter:data2\" content=\"1 minuto\" \/>\n<script type=\"application\/ld+json\" class=\"yoast-schema-graph\">{\"@context\":\"https:\/\/schema.org\",\"@graph\":[{\"@type\":\"Article\",\"@id\":\"https:\/\/volcanes.net\/?p=6674#article\",\"isPartOf\":{\"@id\":\"https:\/\/volcanes.net\/?p=6674\"},\"author\":{\"name\":\"admin\",\"@id\":\"https:\/\/volcanes.net\/#\/schema\/person\/4bf0f383940966a4abd53f5048c0e6b9\"},\"headline\":\"Alcalde de Ozumba hace un llamado a fortalecer la econom\u00eda local\",\"datePublished\":\"2020-03-29T04:36:55+00:00\",\"dateModified\":\"2020-03-29T04:37:59+00:00\",\"mainEntityOfPage\":{\"@id\":\"https:\/\/volcanes.net\/?p=6674\"},\"wordCount\":247,\"commentCount\":0,\"publisher\":{\"@id\":\"https:\/\/volcanes.net\/#organization\"},\"image\":{\"@id\":\"https:\/\/volcanes.net\/?p=6674#primaryimage\"},\"thumbnailUrl\":\"https:\/\/volcanes.net\/wp-content\/uploads\/2020\/03\/20200328_103346_copy_800x379.jpg\",\"keywords\":[\"COVID-19\",\"Ozumba\"],\"articleSection\":[\"Municipales\"],\"inLanguage\":\"es\",\"potentialAction\":[{\"@type\":\"CommentAction\",\"name\":\"Comment\",\"target\":[\"https:\/\/volcanes.net\/?p=6674#respond\"]}]},{\"@type\":\"WebPage\",\"@id\":\"https:\/\/volcanes.net\/?p=6674\",\"url\":\"https:\/\/volcanes.net\/?p=6674\",\"name\":\"Alcalde de Ozumba hace un llamado a fortalecer la econom\u00eda local - Volcanes\",\"isPartOf\":{\"@id\":\"https:\/\/volcanes.net\/#website\"},\"primaryImageOfPage\":{\"@id\":\"https:\/\/volcanes.net\/?p=6674#primaryimage\"},\"image\":{\"@id\":\"https:\/\/volcanes.net\/?p=6674#primaryimage\"},\"thumbnailUrl\":\"https:\/\/volcanes.net\/wp-content\/uploads\/2020\/03\/20200328_103346_copy_800x379.jpg\",\"datePublished\":\"2020-03-29T04:36:55+00:00\",\"dateModified\":\"2020-03-29T04:37:59+00:00\",\"breadcrumb\":{\"@id\":\"https:\/\/volcanes.net\/?p=6674#breadcrumb\"},\"inLanguage\":\"es\",\"potentialAction\":[{\"@type\":\"ReadAction\",\"target\":[\"https:\/\/volcanes.net\/?p=6674\"]}]},{\"@type\":\"ImageObject\",\"inLanguage\":\"es\",\"@id\":\"https:\/\/volcanes.net\/?p=6674#primaryimage\",\"url\":\"https:\/\/volcanes.net\/wp-content\/uploads\/2020\/03\/20200328_103346_copy_800x379.jpg\",\"contentUrl\":\"https:\/\/volcanes.net\/wp-content\/uploads\/2020\/03\/20200328_103346_copy_800x379.jpg\",\"width\":800,\"height\":379},{\"@type\":\"BreadcrumbList\",\"@id\":\"https:\/\/volcanes.net\/?p=6674#breadcrumb\",\"itemListElement\":[{\"@type\":\"ListItem\",\"position\":1,\"name\":\"Portada\",\"item\":\"https:\/\/volcanes.net\/\"},{\"@type\":\"ListItem\",\"position\":2,\"name\":\"Alcalde de Ozumba hace un llamado a fortalecer la econom\u00eda local\"}]},{\"@type\":\"WebSite\",\"@id\":\"https:\/\/volcanes.net\/#website\",\"url\":\"https:\/\/volcanes.net\/\",\"name\":\"Volcanes.Net\",\"description\":\"Periodismo Profesional\",\"publisher\":{\"@id\":\"https:\/\/volcanes.net\/#organization\"},\"potentialAction\":[{\"@type\":\"SearchAction\",\"target\":{\"@type\":\"EntryPoint\",\"urlTemplate\":\"https:\/\/volcanes.net\/?s={search_term_string}\"},\"query-input\":{\"@type\":\"PropertyValueSpecification\",\"valueRequired\":true,\"valueName\":\"search_term_string\"}}],\"inLanguage\":\"es\"},{\"@type\":\"Organization\",\"@id\":\"https:\/\/volcanes.net\/#organization\",\"name\":\"Grupo Volcanes\",\"url\":\"https:\/\/volcanes.net\/\",\"logo\":{\"@type\":\"ImageObject\",\"inLanguage\":\"es\",\"@id\":\"https:\/\/volcanes.net\/#\/schema\/logo\/image\/\",\"url\":\"http:\/\/volcanes.net\/wp-content\/uploads\/2017\/12\/Avatar2.jpg\",\"contentUrl\":\"http:\/\/volcanes.net\/wp-content\/uploads\/2017\/12\/Avatar2.jpg\",\"width\":378,\"height\":378,\"caption\":\"Grupo Volcanes\"},\"image\":{\"@id\":\"https:\/\/volcanes.net\/#\/schema\/logo\/image\/\"},\"sameAs\":[\"https:\/\/www.facebook.com\/volcanes.net\/\"]},{\"@type\":\"Person\",\"@id\":\"https:\/\/volcanes.net\/#\/schema\/person\/4bf0f383940966a4abd53f5048c0e6b9\",\"name\":\"admin\",\"image\":{\"@type\":\"ImageObject\",\"inLanguage\":\"es\",\"@id\":\"https:\/\/volcanes.net\/#\/schema\/person\/image\/\",\"url\":\"https:\/\/secure.gravatar.com\/avatar\/ca004e6cba8462b8cb7abc86e382930c?s=96&d=mm&r=g\",\"contentUrl\":\"https:\/\/secure.gravatar.com\/avatar\/ca004e6cba8462b8cb7abc86e382930c?s=96&d=mm&r=g\",\"caption\":\"admin\"}}]}<\/script>\n<!-- \/ Yoast SEO plugin. -->","yoast_head_json":{"title":"Alcalde de Ozumba hace un llamado a fortalecer la econom\u00eda local - Volcanes","robots":{"index":"index","follow":"follow","max-snippet":"max-snippet:-1","max-image-preview":"max-image-preview:large","max-video-preview":"max-video-preview:-1"},"canonical":"https:\/\/volcanes.net\/?p=6674","og_locale":"es_MX","og_type":"article","og_title":"Alcalde de Ozumba hace un llamado a fortalecer la econom\u00eda local - Volcanes","og_description":"Ozumba, Estado de M\u00e9xico.- El presidente municipal, Valent\u00edn Mart\u00ednez Castillo, se reuni\u00f3 con lideres del","og_url":"https:\/\/volcanes.net\/?p=6674","og_site_name":"Volcanes","article_publisher":"https:\/\/www.facebook.com\/volcanes.net\/","article_published_time":"2020-03-29T04:36:55+00:00","article_modified_time":"2020-03-29T04:37:59+00:00","og_image":[{"width":800,"height":379,"url":"https:\/\/volcanes.net\/wp-content\/uploads\/2020\/03\/20200328_103346_copy_800x379.jpg","type":"image\/jpeg"}],"author":"admin","twitter_card":"summary_large_image","twitter_misc":{"Escrito por":"admin","Tiempo de lectura":"1 minuto"},"schema":{"@context":"https:\/\/schema.org","@graph":[{"@type":"Article","@id":"https:\/\/volcanes.net\/?p=6674#article","isPartOf":{"@id":"https:\/\/volcanes.net\/?p=6674"},"author":{"name":"admin","@id":"https:\/\/volcanes.net\/#\/schema\/person\/4bf0f383940966a4abd53f5048c0e6b9"},"headline":"Alcalde de Ozumba hace un llamado a fortalecer la econom\u00eda local","datePublished":"2020-03-29T04:36:55+00:00","dateModified":"2020-03-29T04:37:59+00:00","mainEntityOfPage":{"@id":"https:\/\/volcanes.net\/?p=6674"},"wordCount":247,"commentCount":0,"publisher":{"@id":"https:\/\/volcanes.net\/#organization"},"image":{"@id":"https:\/\/volcanes.net\/?p=6674#primaryimage"},"thumbnailUrl":"https:\/\/volcanes.net\/wp-content\/uploads\/2020\/03\/20200328_103346_copy_800x379.jpg","keywords":["COVID-19","Ozumba"],"articleSection":["Municipales"],"inLanguage":"es","potentialAction":[{"@type":"CommentAction","name":"Comment","target":["https:\/\/volcanes.net\/?p=6674#respond"]}]},{"@type":"WebPage","@id":"https:\/\/volcanes.net\/?p=6674","url":"https:\/\/volcanes.net\/?p=6674","name":"Alcalde de Ozumba hace un llamado a fortalecer la econom\u00eda local - Volcanes","isPartOf":{"@id":"https:\/\/volcanes.net\/#website"},"primaryImageOfPage":{"@id":"https:\/\/volcanes.net\/?p=6674#primaryimage"},"image":{"@id":"https:\/\/volcanes.net\/?p=6674#primaryimage"},"thumbnailUrl":"https:\/\/volcanes.net\/wp-content\/uploads\/2020\/03\/20200328_103346_copy_800x379.jpg","datePublished":"2020-03-29T04:36:55+00:00","dateModified":"2020-03-29T04:37:59+00:00","breadcrumb":{"@id":"https:\/\/volcanes.net\/?p=6674#breadcrumb"},"inLanguage":"es","potentialAction":[{"@type":"ReadAction","target":["https:\/\/volcanes.net\/?p=6674"]}]},{"@type":"ImageObject","inLanguage":"es","@id":"https:\/\/volcanes.net\/?p=6674#primaryimage","url":"https:\/\/volcanes.net\/wp-content\/uploads\/2020\/03\/20200328_103346_copy_800x379.jpg","contentUrl":"https:\/\/volcanes.net\/wp-content\/uploads\/2020\/03\/20200328_103346_copy_800x379.jpg","width":800,"height":379},{"@type":"BreadcrumbList","@id":"https:\/\/volcanes.net\/?p=6674#breadcrumb","itemListElement":[{"@type":"ListItem","position":1,"name":"Portada","item":"https:\/\/volcanes.net\/"},{"@type":"ListItem","position":2,"name":"Alcalde de Ozumba hace un llamado a fortalecer la econom\u00eda local"}]},{"@type":"WebSite","@id":"https:\/\/volcanes.net\/#website","url":"https:\/\/volcanes.net\/","name":"Volcanes.Net","description":"Periodismo Profesional","publisher":{"@id":"https:\/\/volcanes.net\/#organization"},"potentialAction":[{"@type":"SearchAction","target":{"@type":"EntryPoint","urlTemplate":"https:\/\/volcanes.net\/?s={search_term_string}"},"query-input":{"@type":"PropertyValueSpecification","valueRequired":true,"valueName":"search_term_string"}}],"inLanguage":"es"},{"@type":"Organization","@id":"https:\/\/volcanes.net\/#organization","name":"Grupo Volcanes","url":"https:\/\/volcanes.net\/","logo":{"@type":"ImageObject","inLanguage":"es","@id":"https:\/\/volcanes.net\/#\/schema\/logo\/image\/","url":"http:\/\/volcanes.net\/wp-content\/uploads\/2017\/12\/Avatar2.jpg","contentUrl":"http:\/\/volcanes.net\/wp-content\/uploads\/2017\/12\/Avatar2.jpg","width":378,"height":378,"caption":"Grupo Volcanes"},"image":{"@id":"https:\/\/volcanes.net\/#\/schema\/logo\/image\/"},"sameAs":["https:\/\/www.facebook.com\/volcanes.net\/"]},{"@type":"Person","@id":"https:\/\/volcanes.net\/#\/schema\/person\/4bf0f383940966a4abd53f5048c0e6b9","name":"admin","image":{"@type":"ImageObject","inLanguage":"es","@id":"https:\/\/volcanes.net\/#\/schema\/person\/image\/","url":"https:\/\/secure.gravatar.com\/avatar\/ca004e6cba8462b8cb7abc86e382930c?s=96&d=mm&r=g","contentUrl":"https:\/\/secure.gravatar.com\/avatar\/ca004e6cba8462b8cb7abc86e382930c?s=96&d=mm&r=g","caption":"admin"}}]}},"_links":{"self":[{"href":"https:\/\/volcanes.net\/index.php?rest_route=\/wp\/v2\/posts\/6674"}],"collection":[{"href":"https:\/\/volcanes.net\/index.php?rest_route=\/wp\/v2\/posts"}],"about":[{"href":"https:\/\/volcanes.net\/index.php?rest_route=\/wp\/v2\/types\/post"}],"author":[{"embeddable":true,"href":"https:\/\/volcanes.net\/index.php?rest_route=\/wp\/v2\/users\/1"}],"replies":[{"embeddable":true,"href":"https:\/\/volcanes.net\/index.php?rest_route=%2Fwp%2Fv2%2Fcomments&post=6674"}],"version-history":[{"count":2,"href":"https:\/\/volcanes.net\/index.php?rest_route=\/wp\/v2\/posts\/6674\/revisions"}],"predecessor-version":[{"id":6677,"href":"https:\/\/volcanes.net\/index.php?rest_route=\/wp\/v2\/posts\/6674\/revisions\/6677"}],"wp:featuredmedia":[{"embeddable":true,"href":"https:\/\/volcanes.net\/index.php?rest_route=\/wp\/v2\/media\/6675"}],"wp:attachment":[{"href":"https:\/\/volcanes.net\/index.php?rest_route=%2Fwp%2Fv2%2Fmedia&parent=6674"}],"wp:term":[{"taxonomy":"category","embeddable":true,"href":"https:\/\/volcanes.net\/index.php?rest_route=%2Fwp%2Fv2%2Fcategories&post=6674"},{"taxonomy":"post_tag","embeddable":true,"href":"https:\/\/volcanes.net\/index.php?rest_route=%2Fwp%2Fv2%2Ftags&post=6674"}],"curies":[{"name":"wp","href":"https:\/\/api.w.org\/{rel}","templated":true}]}}