{"id":677,"date":"2018-01-22T04:06:32","date_gmt":"2018-01-22T04:06:32","guid":{"rendered":"http:\/\/volcanes.net\/?p=677"},"modified":"2018-01-22T04:06:32","modified_gmt":"2018-01-22T04:06:32","slug":"destaca-cruz-roa-impulso-del-gobernador-del-mazo-al-sur-mexiquense","status":"publish","type":"post","link":"https:\/\/volcanes.net\/?p=677","title":{"rendered":"Destaca Cruz Roa impulso del gobernador del Mazo al sur mexiquense"},"content":{"rendered":"<div style=\"margin-top: 0px; margin-bottom: 0px;\" class=\"sharethis-inline-share-buttons\" ><\/div><p>El diputado Cruz Roa S\u00e1nchez expres\u00f3 su agradecimiento al gobernador Alfredo del Mazo Maza por los recursos que destina a obras p\u00fablicas en el sur del Estado de M\u00e9xico, lo que es significativo para el desarrollo de esa regi\u00f3n.<\/p>\n<p>\u201cTal es el caso de la construcci\u00f3n del Multifuncional El Pocito, de Zacualpan, cuyo avance es de 90 por ciento y que inauguraremos en febrero. Para esta gran obra ha sido fundamental el respaldo del nuestro gobernador, a quien le agradecemos mucho por su compromiso con el desarrollo del sur\u201d, puntualiz\u00f3.<\/p>\n<p>El legislador realiz\u00f3 un recorrido de supervisi\u00f3n junto con el alcalde Pedro Norberto D\u00edaz Ocampo, en el que constat\u00f3 los avances de la obra de cuatro niveles.<\/p>\n<p>El multifuncional contar\u00e1 en el primer nivel con una cancha para la pr\u00e1ctica de basquetbol y de futbol r\u00e1pido; en el segundo y tercer nivel un sal\u00f3n de usos m\u00faltiples y aulas, respectivamente, mientras que en el cuarto nivel se alojar\u00e1n oficinas.<\/p>\n<p>El tambi\u00e9n coordinador parlamentario del PRI en la 59 Legislatura mexiquense reconoci\u00f3 el trabajo de los vecinos para hacer realidad esta construcci\u00f3n, particularmente del comit\u00e9 de obra, integrado por Mar\u00eda de Lourdes Vera L\u00f3pez, Sof\u00eda G\u00f3mez G\u00f3mez, Enriqueta Jacobo P\u00e9rez, Leslie Casandra Rodr\u00edguez Barrios y Rogelio Enrique Peralta Cervantes.<\/p>\n<p>Ante integrantes del cabildo, ex alcaldes, el delegado del barrio, Patricio Bahena Sin\u00f3n, y el gestor de la obra, Luis Demetrio Bahena P\u00e9rez, Cruz Roa detall\u00f3 que el 29 de agosto de 2016 inici\u00f3 la construcci\u00f3n del multifuncional con mano de obra de la comunidad y recursos proporcionados por la representaci\u00f3n popular.<\/p>\n<p>El alcalde se\u00f1al\u00f3 que esta obra perdurar\u00e1 y ser\u00e1 constancia del trabajo y compromiso de Cruz Roa con este municipio del sur mexiquense.<\/p>\n","protected":false},"excerpt":{"rendered":"<p>El diputado Cruz Roa S\u00e1nchez expres\u00f3 su agradecimiento al gobernador Alfredo del Mazo Maza por<\/p>\n","protected":false},"author":1,"featured_media":678,"comment_status":"open","ping_status":"open","sticky":false,"template":"","format":"standard","meta":{"footnotes":""},"categories":[3],"tags":[23],"class_list":["post-677","post","type-post","status-publish","format-standard","has-post-thumbnail","hentry","category-estatales","tag-lix-legislatura-edomex"],"yoast_head":"<!-- This site is optimized with the Yoast SEO plugin v25.3 - https:\/\/yoast.com\/wordpress\/plugins\/seo\/ -->\n<title>Destaca Cruz Roa impulso del gobernador del Mazo al sur mexiquense - Volcanes<\/title>\n<meta name=\"robots\" content=\"index, follow, max-snippet:-1, max-image-preview:large, max-video-preview:-1\" \/>\n<link rel=\"canonical\" href=\"https:\/\/volcanes.net\/?p=677\" \/>\n<meta property=\"og:locale\" content=\"es_MX\" \/>\n<meta property=\"og:type\" content=\"article\" \/>\n<meta property=\"og:title\" content=\"Destaca Cruz Roa impulso del gobernador del Mazo al sur mexiquense - Volcanes\" \/>\n<meta property=\"og:description\" content=\"El diputado Cruz Roa S\u00e1nchez expres\u00f3 su agradecimiento al gobernador Alfredo del Mazo Maza por\" \/>\n<meta property=\"og:url\" content=\"https:\/\/volcanes.net\/?p=677\" \/>\n<meta property=\"og:site_name\" content=\"Volcanes\" \/>\n<meta property=\"article:publisher\" content=\"https:\/\/www.facebook.com\/volcanes.net\/\" \/>\n<meta property=\"article:published_time\" content=\"2018-01-22T04:06:32+00:00\" \/>\n<meta property=\"og:image\" content=\"https:\/\/volcanes.net\/wp-content\/uploads\/2018\/01\/1246.jpg\" \/>\n\t<meta property=\"og:image:width\" content=\"448\" \/>\n\t<meta property=\"og:image:height\" content=\"299\" \/>\n\t<meta property=\"og:image:type\" content=\"image\/jpeg\" \/>\n<meta name=\"author\" content=\"admin\" \/>\n<meta name=\"twitter:card\" content=\"summary_large_image\" \/>\n<meta name=\"twitter:label1\" content=\"Escrito por\" \/>\n\t<meta name=\"twitter:data1\" content=\"admin\" \/>\n\t<meta name=\"twitter:label2\" content=\"Tiempo de lectura\" \/>\n\t<meta name=\"twitter:data2\" content=\"2 minutos\" \/>\n<script type=\"application\/ld+json\" class=\"yoast-schema-graph\">{\"@context\":\"https:\/\/schema.org\",\"@graph\":[{\"@type\":\"Article\",\"@id\":\"https:\/\/volcanes.net\/?p=677#article\",\"isPartOf\":{\"@id\":\"https:\/\/volcanes.net\/?p=677\"},\"author\":{\"name\":\"admin\",\"@id\":\"https:\/\/volcanes.net\/#\/schema\/person\/4bf0f383940966a4abd53f5048c0e6b9\"},\"headline\":\"Destaca Cruz Roa impulso del gobernador del Mazo al sur mexiquense\",\"datePublished\":\"2018-01-22T04:06:32+00:00\",\"mainEntityOfPage\":{\"@id\":\"https:\/\/volcanes.net\/?p=677\"},\"wordCount\":316,\"commentCount\":0,\"publisher\":{\"@id\":\"https:\/\/volcanes.net\/#organization\"},\"image\":{\"@id\":\"https:\/\/volcanes.net\/?p=677#primaryimage\"},\"thumbnailUrl\":\"https:\/\/volcanes.net\/wp-content\/uploads\/2018\/01\/1246.jpg\",\"keywords\":[\"LIX Legislatura Edomex\"],\"articleSection\":[\"Estatales\"],\"inLanguage\":\"es\",\"potentialAction\":[{\"@type\":\"CommentAction\",\"name\":\"Comment\",\"target\":[\"https:\/\/volcanes.net\/?p=677#respond\"]}]},{\"@type\":\"WebPage\",\"@id\":\"https:\/\/volcanes.net\/?p=677\",\"url\":\"https:\/\/volcanes.net\/?p=677\",\"name\":\"Destaca Cruz Roa impulso del gobernador del Mazo al sur mexiquense - Volcanes\",\"isPartOf\":{\"@id\":\"https:\/\/volcanes.net\/#website\"},\"primaryImageOfPage\":{\"@id\":\"https:\/\/volcanes.net\/?p=677#primaryimage\"},\"image\":{\"@id\":\"https:\/\/volcanes.net\/?p=677#primaryimage\"},\"thumbnailUrl\":\"https:\/\/volcanes.net\/wp-content\/uploads\/2018\/01\/1246.jpg\",\"datePublished\":\"2018-01-22T04:06:32+00:00\",\"breadcrumb\":{\"@id\":\"https:\/\/volcanes.net\/?p=677#breadcrumb\"},\"inLanguage\":\"es\",\"potentialAction\":[{\"@type\":\"ReadAction\",\"target\":[\"https:\/\/volcanes.net\/?p=677\"]}]},{\"@type\":\"ImageObject\",\"inLanguage\":\"es\",\"@id\":\"https:\/\/volcanes.net\/?p=677#primaryimage\",\"url\":\"https:\/\/volcanes.net\/wp-content\/uploads\/2018\/01\/1246.jpg\",\"contentUrl\":\"https:\/\/volcanes.net\/wp-content\/uploads\/2018\/01\/1246.jpg\",\"width\":448,\"height\":299},{\"@type\":\"BreadcrumbList\",\"@id\":\"https:\/\/volcanes.net\/?p=677#breadcrumb\",\"itemListElement\":[{\"@type\":\"ListItem\",\"position\":1,\"name\":\"Portada\",\"item\":\"https:\/\/volcanes.net\/\"},{\"@type\":\"ListItem\",\"position\":2,\"name\":\"Destaca Cruz Roa impulso del gobernador del Mazo al sur mexiquense\"}]},{\"@type\":\"WebSite\",\"@id\":\"https:\/\/volcanes.net\/#website\",\"url\":\"https:\/\/volcanes.net\/\",\"name\":\"Volcanes.Net\",\"description\":\"Periodismo Profesional\",\"publisher\":{\"@id\":\"https:\/\/volcanes.net\/#organization\"},\"potentialAction\":[{\"@type\":\"SearchAction\",\"target\":{\"@type\":\"EntryPoint\",\"urlTemplate\":\"https:\/\/volcanes.net\/?s={search_term_string}\"},\"query-input\":{\"@type\":\"PropertyValueSpecification\",\"valueRequired\":true,\"valueName\":\"search_term_string\"}}],\"inLanguage\":\"es\"},{\"@type\":\"Organization\",\"@id\":\"https:\/\/volcanes.net\/#organization\",\"name\":\"Grupo Volcanes\",\"url\":\"https:\/\/volcanes.net\/\",\"logo\":{\"@type\":\"ImageObject\",\"inLanguage\":\"es\",\"@id\":\"https:\/\/volcanes.net\/#\/schema\/logo\/image\/\",\"url\":\"http:\/\/volcanes.net\/wp-content\/uploads\/2017\/12\/Avatar2.jpg\",\"contentUrl\":\"http:\/\/volcanes.net\/wp-content\/uploads\/2017\/12\/Avatar2.jpg\",\"width\":378,\"height\":378,\"caption\":\"Grupo Volcanes\"},\"image\":{\"@id\":\"https:\/\/volcanes.net\/#\/schema\/logo\/image\/\"},\"sameAs\":[\"https:\/\/www.facebook.com\/volcanes.net\/\"]},{\"@type\":\"Person\",\"@id\":\"https:\/\/volcanes.net\/#\/schema\/person\/4bf0f383940966a4abd53f5048c0e6b9\",\"name\":\"admin\",\"image\":{\"@type\":\"ImageObject\",\"inLanguage\":\"es\",\"@id\":\"https:\/\/volcanes.net\/#\/schema\/person\/image\/\",\"url\":\"https:\/\/secure.gravatar.com\/avatar\/ca004e6cba8462b8cb7abc86e382930c?s=96&d=mm&r=g\",\"contentUrl\":\"https:\/\/secure.gravatar.com\/avatar\/ca004e6cba8462b8cb7abc86e382930c?s=96&d=mm&r=g\",\"caption\":\"admin\"}}]}<\/script>\n<!-- \/ Yoast SEO plugin. -->","yoast_head_json":{"title":"Destaca Cruz Roa impulso del gobernador del Mazo al sur mexiquense - Volcanes","robots":{"index":"index","follow":"follow","max-snippet":"max-snippet:-1","max-image-preview":"max-image-preview:large","max-video-preview":"max-video-preview:-1"},"canonical":"https:\/\/volcanes.net\/?p=677","og_locale":"es_MX","og_type":"article","og_title":"Destaca Cruz Roa impulso del gobernador del Mazo al sur mexiquense - Volcanes","og_description":"El diputado Cruz Roa S\u00e1nchez expres\u00f3 su agradecimiento al gobernador Alfredo del Mazo Maza por","og_url":"https:\/\/volcanes.net\/?p=677","og_site_name":"Volcanes","article_publisher":"https:\/\/www.facebook.com\/volcanes.net\/","article_published_time":"2018-01-22T04:06:32+00:00","og_image":[{"width":448,"height":299,"url":"https:\/\/volcanes.net\/wp-content\/uploads\/2018\/01\/1246.jpg","type":"image\/jpeg"}],"author":"admin","twitter_card":"summary_large_image","twitter_misc":{"Escrito por":"admin","Tiempo de lectura":"2 minutos"},"schema":{"@context":"https:\/\/schema.org","@graph":[{"@type":"Article","@id":"https:\/\/volcanes.net\/?p=677#article","isPartOf":{"@id":"https:\/\/volcanes.net\/?p=677"},"author":{"name":"admin","@id":"https:\/\/volcanes.net\/#\/schema\/person\/4bf0f383940966a4abd53f5048c0e6b9"},"headline":"Destaca Cruz Roa impulso del gobernador del Mazo al sur mexiquense","datePublished":"2018-01-22T04:06:32+00:00","mainEntityOfPage":{"@id":"https:\/\/volcanes.net\/?p=677"},"wordCount":316,"commentCount":0,"publisher":{"@id":"https:\/\/volcanes.net\/#organization"},"image":{"@id":"https:\/\/volcanes.net\/?p=677#primaryimage"},"thumbnailUrl":"https:\/\/volcanes.net\/wp-content\/uploads\/2018\/01\/1246.jpg","keywords":["LIX Legislatura Edomex"],"articleSection":["Estatales"],"inLanguage":"es","potentialAction":[{"@type":"CommentAction","name":"Comment","target":["https:\/\/volcanes.net\/?p=677#respond"]}]},{"@type":"WebPage","@id":"https:\/\/volcanes.net\/?p=677","url":"https:\/\/volcanes.net\/?p=677","name":"Destaca Cruz Roa impulso del gobernador del Mazo al sur mexiquense - Volcanes","isPartOf":{"@id":"https:\/\/volcanes.net\/#website"},"primaryImageOfPage":{"@id":"https:\/\/volcanes.net\/?p=677#primaryimage"},"image":{"@id":"https:\/\/volcanes.net\/?p=677#primaryimage"},"thumbnailUrl":"https:\/\/volcanes.net\/wp-content\/uploads\/2018\/01\/1246.jpg","datePublished":"2018-01-22T04:06:32+00:00","breadcrumb":{"@id":"https:\/\/volcanes.net\/?p=677#breadcrumb"},"inLanguage":"es","potentialAction":[{"@type":"ReadAction","target":["https:\/\/volcanes.net\/?p=677"]}]},{"@type":"ImageObject","inLanguage":"es","@id":"https:\/\/volcanes.net\/?p=677#primaryimage","url":"https:\/\/volcanes.net\/wp-content\/uploads\/2018\/01\/1246.jpg","contentUrl":"https:\/\/volcanes.net\/wp-content\/uploads\/2018\/01\/1246.jpg","width":448,"height":299},{"@type":"BreadcrumbList","@id":"https:\/\/volcanes.net\/?p=677#breadcrumb","itemListElement":[{"@type":"ListItem","position":1,"name":"Portada","item":"https:\/\/volcanes.net\/"},{"@type":"ListItem","position":2,"name":"Destaca Cruz Roa impulso del gobernador del Mazo al sur mexiquense"}]},{"@type":"WebSite","@id":"https:\/\/volcanes.net\/#website","url":"https:\/\/volcanes.net\/","name":"Volcanes.Net","description":"Periodismo Profesional","publisher":{"@id":"https:\/\/volcanes.net\/#organization"},"potentialAction":[{"@type":"SearchAction","target":{"@type":"EntryPoint","urlTemplate":"https:\/\/volcanes.net\/?s={search_term_string}"},"query-input":{"@type":"PropertyValueSpecification","valueRequired":true,"valueName":"search_term_string"}}],"inLanguage":"es"},{"@type":"Organization","@id":"https:\/\/volcanes.net\/#organization","name":"Grupo Volcanes","url":"https:\/\/volcanes.net\/","logo":{"@type":"ImageObject","inLanguage":"es","@id":"https:\/\/volcanes.net\/#\/schema\/logo\/image\/","url":"http:\/\/volcanes.net\/wp-content\/uploads\/2017\/12\/Avatar2.jpg","contentUrl":"http:\/\/volcanes.net\/wp-content\/uploads\/2017\/12\/Avatar2.jpg","width":378,"height":378,"caption":"Grupo Volcanes"},"image":{"@id":"https:\/\/volcanes.net\/#\/schema\/logo\/image\/"},"sameAs":["https:\/\/www.facebook.com\/volcanes.net\/"]},{"@type":"Person","@id":"https:\/\/volcanes.net\/#\/schema\/person\/4bf0f383940966a4abd53f5048c0e6b9","name":"admin","image":{"@type":"ImageObject","inLanguage":"es","@id":"https:\/\/volcanes.net\/#\/schema\/person\/image\/","url":"https:\/\/secure.gravatar.com\/avatar\/ca004e6cba8462b8cb7abc86e382930c?s=96&d=mm&r=g","contentUrl":"https:\/\/secure.gravatar.com\/avatar\/ca004e6cba8462b8cb7abc86e382930c?s=96&d=mm&r=g","caption":"admin"}}]}},"_links":{"self":[{"href":"https:\/\/volcanes.net\/index.php?rest_route=\/wp\/v2\/posts\/677"}],"collection":[{"href":"https:\/\/volcanes.net\/index.php?rest_route=\/wp\/v2\/posts"}],"about":[{"href":"https:\/\/volcanes.net\/index.php?rest_route=\/wp\/v2\/types\/post"}],"author":[{"embeddable":true,"href":"https:\/\/volcanes.net\/index.php?rest_route=\/wp\/v2\/users\/1"}],"replies":[{"embeddable":true,"href":"https:\/\/volcanes.net\/index.php?rest_route=%2Fwp%2Fv2%2Fcomments&post=677"}],"version-history":[{"count":1,"href":"https:\/\/volcanes.net\/index.php?rest_route=\/wp\/v2\/posts\/677\/revisions"}],"predecessor-version":[{"id":679,"href":"https:\/\/volcanes.net\/index.php?rest_route=\/wp\/v2\/posts\/677\/revisions\/679"}],"wp:featuredmedia":[{"embeddable":true,"href":"https:\/\/volcanes.net\/index.php?rest_route=\/wp\/v2\/media\/678"}],"wp:attachment":[{"href":"https:\/\/volcanes.net\/index.php?rest_route=%2Fwp%2Fv2%2Fmedia&parent=677"}],"wp:term":[{"taxonomy":"category","embeddable":true,"href":"https:\/\/volcanes.net\/index.php?rest_route=%2Fwp%2Fv2%2Fcategories&post=677"},{"taxonomy":"post_tag","embeddable":true,"href":"https:\/\/volcanes.net\/index.php?rest_route=%2Fwp%2Fv2%2Ftags&post=677"}],"curies":[{"name":"wp","href":"https:\/\/api.w.org\/{rel}","templated":true}]}}