{"id":6772,"date":"2020-04-10T13:56:20","date_gmt":"2020-04-10T19:56:20","guid":{"rendered":"https:\/\/volcanes.net\/?p=6772"},"modified":"2020-04-10T14:05:29","modified_gmt":"2020-04-10T20:05:29","slug":"en-ozumba-hay-personas-en-observacion-por-covid-19","status":"publish","type":"post","link":"https:\/\/volcanes.net\/?p=6772","title":{"rendered":"En Ozumba hay personas en observaci\u00f3n por COVID-19"},"content":{"rendered":"<div style=\"margin-top: 0px; margin-bottom: 0px;\" class=\"sharethis-inline-share-buttons\" ><\/div><p>Ozumba, Estado de M\u00e9xico.- El presidente municipal de Ozumba, Valent\u00edn Mart\u00ednez Castillo, di\u00f3 a conocer a trav\u00e9s de sus redes sociales que &#8220;la Secretar\u00eda de Salud tiene personas en observaci\u00f3n de la regi\u00f3n y de nuestro municipio&#8221;, inform\u00f3 el alcalde.<\/p>\n<p>Aqu\u00ed el texto completo de su comunicado<\/p>\n<p>\u00a1Buenas madrugadas!<\/p>\n<p>El servicio p\u00fablico demanda que estemos alertas las 24 hrs.Por eso reconozco el trabajo que hacen con esfuerzo y dedicaci\u00f3n el Agrupamiento de Seguridad P\u00fablica Municipal, Protecci\u00f3n Civil, Direcci\u00f3n de Servicios P\u00fablicos y el \u00c1rea de Comercio.Durante #LaMadrugadaDeAyer estuvimos atentos a los traslados apremiantes en ambulancia que necesit\u00f3 la ciudadan\u00eda.#HaceUnosMinutos, Seguridad P\u00fablica en coordinaci\u00f3n con la Polic\u00eda Estatal, aseguraron en cabecera municipal a un narcomenudista que ya presentamos a la fiscal\u00eda regional.<\/p>\n<p>A la par, cerca de la #UnaDeLaMa\u00f1ana nos reportaron un incendio en el Arenal. De favor evitemos quemar el rastrojo de los campos. Mi reconocimiento al Director de Servicios P\u00fablicos y Protecci\u00f3n Civil, siempre puestos para sofocarlos.<\/p>\n<p>Tambi\u00e9n aprovecho para agradecer a mis compa\u00f1eros del \u00c1rea de Limpia, porque diario est\u00e1n trabajando arduamente para que nuestras calles luzcan limpias, a\u00fan en esta contingencia. #HaceUnasCuantasHoras apenas terminaron. Mis respetos siempre.<\/p>\n<p>#EstosD\u00edas con el apoyo y en absoluta coordinaci\u00f3n con el #GobiernoDelEstadoDeM\u00e9xico a trav\u00e9s de #CAEM; se han realizado jornadas de desasolve y rescate de veneros en el sistema Alfredo del Mazo, trabajos para el funcionamiento del pozo Tlachique II del municipio de Tenango y la repartici\u00f3n de Pipas de agua. Est\u00e1s acciones, permiten que avancemos. A\u00fan nos falta mucho, pero no descansaremos hasta lograr estabilizar el suministro de agua en el municipio.<\/p>\n<p>#Finalmente, sin el af\u00e1n de crear p\u00e1nico debo decir que la Secretar\u00eda de Salud tiene personas en observaci\u00f3n de la regi\u00f3n y de nuestro municipio. Ruego, con gran respeto a sus decisiones, que se mantengan en casa. Salgan solo para lo indispensable, el tema es delicado y real.<br \/>\nEstamos ante un enemigo invisible (#COVID19), la excesiva confianza traer\u00e1 consecuencias graves. Por nuestro bien y para evitar contagios o contagiar, #Qued\u00e9monosEnCasa.<\/p>\n<p>No es p\u00e1nico, es guardar seguridad ante todas las cosas. Si no hubiera alarma por alg\u00fan contagio, infortunadamente seguir\u00edamos confiados en la l\u00f3gica de que no pasa nada.<\/p>\n<p>No obstante cuando escuchamos de rumores, entramos en inmensa preocupaci\u00f3n. Por favor seamos exactos y precisos en observar las medidas sanitarias.Para evitar malos entendidos, si no hay algo que informar, nos abstenemos. No obstante, si lo hay, con claridad estaremos dando las noticias. Por favor, solo hagan caso a los canales oficiales. Secretar\u00edas de Salud Federal y Estatal, as\u00ed como la informaci\u00f3n del municipio.<\/p>\n<p>No caigan en el error de creer lo que dijo \u201cel primo an\u00f3nimo de un amigo\u201d. Esas cosas solo nos roban la paz, y desv\u00edan la atenci\u00f3n de lo que realmente sucede.<\/p>\n<p>Me dispongo a descansar esta madrugada, tras apoyar a una familia que tuvo algunas dificultades en Chalco. #NoImportaLaHora, estamos para servir, haci\u00e9ndolo siempre con el buen \u00e1nimo de que las cosas mejoren. Descansen.<\/p>\n","protected":false},"excerpt":{"rendered":"<p>Ozumba, Estado de M\u00e9xico.- El presidente municipal de Ozumba, Valent\u00edn Mart\u00ednez Castillo, di\u00f3 a conocer<\/p>\n","protected":false},"author":1,"featured_media":6771,"comment_status":"open","ping_status":"open","sticky":false,"template":"","format":"standard","meta":{"footnotes":""},"categories":[1],"tags":[14],"class_list":["post-6772","post","type-post","status-publish","format-standard","has-post-thumbnail","hentry","category-municipales","tag-ozumba"],"yoast_head":"<!-- This site is optimized with the Yoast SEO plugin v25.3 - https:\/\/yoast.com\/wordpress\/plugins\/seo\/ -->\n<title>En Ozumba hay personas en observaci\u00f3n por COVID-19 - Volcanes<\/title>\n<meta name=\"robots\" content=\"index, follow, max-snippet:-1, max-image-preview:large, max-video-preview:-1\" \/>\n<link rel=\"canonical\" href=\"https:\/\/volcanes.net\/?p=6772\" \/>\n<meta property=\"og:locale\" content=\"es_MX\" \/>\n<meta property=\"og:type\" content=\"article\" \/>\n<meta property=\"og:title\" content=\"En Ozumba hay personas en observaci\u00f3n por COVID-19 - Volcanes\" \/>\n<meta property=\"og:description\" content=\"Ozumba, Estado de M\u00e9xico.- El presidente municipal de Ozumba, Valent\u00edn Mart\u00ednez Castillo, di\u00f3 a conocer\" \/>\n<meta property=\"og:url\" content=\"https:\/\/volcanes.net\/?p=6772\" \/>\n<meta property=\"og:site_name\" content=\"Volcanes\" \/>\n<meta property=\"article:publisher\" content=\"https:\/\/www.facebook.com\/volcanes.net\/\" \/>\n<meta property=\"article:published_time\" content=\"2020-04-10T19:56:20+00:00\" \/>\n<meta property=\"article:modified_time\" content=\"2020-04-10T20:05:29+00:00\" \/>\n<meta property=\"og:image\" content=\"https:\/\/volcanes.net\/wp-content\/uploads\/2020\/04\/CollageMaker_20200410_142516699_copy_768x768.jpg\" \/>\n\t<meta property=\"og:image:width\" content=\"768\" \/>\n\t<meta property=\"og:image:height\" content=\"768\" \/>\n\t<meta property=\"og:image:type\" content=\"image\/jpeg\" \/>\n<meta name=\"author\" content=\"admin\" \/>\n<meta name=\"twitter:card\" content=\"summary_large_image\" \/>\n<meta name=\"twitter:label1\" content=\"Escrito por\" \/>\n\t<meta name=\"twitter:data1\" content=\"admin\" \/>\n\t<meta name=\"twitter:label2\" content=\"Tiempo de lectura\" \/>\n\t<meta name=\"twitter:data2\" content=\"3 minutos\" \/>\n<script type=\"application\/ld+json\" class=\"yoast-schema-graph\">{\"@context\":\"https:\/\/schema.org\",\"@graph\":[{\"@type\":\"Article\",\"@id\":\"https:\/\/volcanes.net\/?p=6772#article\",\"isPartOf\":{\"@id\":\"https:\/\/volcanes.net\/?p=6772\"},\"author\":{\"name\":\"admin\",\"@id\":\"https:\/\/volcanes.net\/#\/schema\/person\/4bf0f383940966a4abd53f5048c0e6b9\"},\"headline\":\"En Ozumba hay personas en observaci\u00f3n por COVID-19\",\"datePublished\":\"2020-04-10T19:56:20+00:00\",\"dateModified\":\"2020-04-10T20:05:29+00:00\",\"mainEntityOfPage\":{\"@id\":\"https:\/\/volcanes.net\/?p=6772\"},\"wordCount\":551,\"commentCount\":0,\"publisher\":{\"@id\":\"https:\/\/volcanes.net\/#organization\"},\"image\":{\"@id\":\"https:\/\/volcanes.net\/?p=6772#primaryimage\"},\"thumbnailUrl\":\"https:\/\/volcanes.net\/wp-content\/uploads\/2020\/04\/CollageMaker_20200410_142516699_copy_768x768.jpg\",\"keywords\":[\"Ozumba\"],\"articleSection\":[\"Municipales\"],\"inLanguage\":\"es\",\"potentialAction\":[{\"@type\":\"CommentAction\",\"name\":\"Comment\",\"target\":[\"https:\/\/volcanes.net\/?p=6772#respond\"]}]},{\"@type\":\"WebPage\",\"@id\":\"https:\/\/volcanes.net\/?p=6772\",\"url\":\"https:\/\/volcanes.net\/?p=6772\",\"name\":\"En Ozumba hay personas en observaci\u00f3n por COVID-19 - Volcanes\",\"isPartOf\":{\"@id\":\"https:\/\/volcanes.net\/#website\"},\"primaryImageOfPage\":{\"@id\":\"https:\/\/volcanes.net\/?p=6772#primaryimage\"},\"image\":{\"@id\":\"https:\/\/volcanes.net\/?p=6772#primaryimage\"},\"thumbnailUrl\":\"https:\/\/volcanes.net\/wp-content\/uploads\/2020\/04\/CollageMaker_20200410_142516699_copy_768x768.jpg\",\"datePublished\":\"2020-04-10T19:56:20+00:00\",\"dateModified\":\"2020-04-10T20:05:29+00:00\",\"breadcrumb\":{\"@id\":\"https:\/\/volcanes.net\/?p=6772#breadcrumb\"},\"inLanguage\":\"es\",\"potentialAction\":[{\"@type\":\"ReadAction\",\"target\":[\"https:\/\/volcanes.net\/?p=6772\"]}]},{\"@type\":\"ImageObject\",\"inLanguage\":\"es\",\"@id\":\"https:\/\/volcanes.net\/?p=6772#primaryimage\",\"url\":\"https:\/\/volcanes.net\/wp-content\/uploads\/2020\/04\/CollageMaker_20200410_142516699_copy_768x768.jpg\",\"contentUrl\":\"https:\/\/volcanes.net\/wp-content\/uploads\/2020\/04\/CollageMaker_20200410_142516699_copy_768x768.jpg\",\"width\":768,\"height\":768},{\"@type\":\"BreadcrumbList\",\"@id\":\"https:\/\/volcanes.net\/?p=6772#breadcrumb\",\"itemListElement\":[{\"@type\":\"ListItem\",\"position\":1,\"name\":\"Portada\",\"item\":\"https:\/\/volcanes.net\/\"},{\"@type\":\"ListItem\",\"position\":2,\"name\":\"En Ozumba hay personas en observaci\u00f3n por COVID-19\"}]},{\"@type\":\"WebSite\",\"@id\":\"https:\/\/volcanes.net\/#website\",\"url\":\"https:\/\/volcanes.net\/\",\"name\":\"Volcanes.Net\",\"description\":\"Periodismo Profesional\",\"publisher\":{\"@id\":\"https:\/\/volcanes.net\/#organization\"},\"potentialAction\":[{\"@type\":\"SearchAction\",\"target\":{\"@type\":\"EntryPoint\",\"urlTemplate\":\"https:\/\/volcanes.net\/?s={search_term_string}\"},\"query-input\":{\"@type\":\"PropertyValueSpecification\",\"valueRequired\":true,\"valueName\":\"search_term_string\"}}],\"inLanguage\":\"es\"},{\"@type\":\"Organization\",\"@id\":\"https:\/\/volcanes.net\/#organization\",\"name\":\"Grupo Volcanes\",\"url\":\"https:\/\/volcanes.net\/\",\"logo\":{\"@type\":\"ImageObject\",\"inLanguage\":\"es\",\"@id\":\"https:\/\/volcanes.net\/#\/schema\/logo\/image\/\",\"url\":\"http:\/\/volcanes.net\/wp-content\/uploads\/2017\/12\/Avatar2.jpg\",\"contentUrl\":\"http:\/\/volcanes.net\/wp-content\/uploads\/2017\/12\/Avatar2.jpg\",\"width\":378,\"height\":378,\"caption\":\"Grupo Volcanes\"},\"image\":{\"@id\":\"https:\/\/volcanes.net\/#\/schema\/logo\/image\/\"},\"sameAs\":[\"https:\/\/www.facebook.com\/volcanes.net\/\"]},{\"@type\":\"Person\",\"@id\":\"https:\/\/volcanes.net\/#\/schema\/person\/4bf0f383940966a4abd53f5048c0e6b9\",\"name\":\"admin\",\"image\":{\"@type\":\"ImageObject\",\"inLanguage\":\"es\",\"@id\":\"https:\/\/volcanes.net\/#\/schema\/person\/image\/\",\"url\":\"https:\/\/secure.gravatar.com\/avatar\/ca004e6cba8462b8cb7abc86e382930c?s=96&d=mm&r=g\",\"contentUrl\":\"https:\/\/secure.gravatar.com\/avatar\/ca004e6cba8462b8cb7abc86e382930c?s=96&d=mm&r=g\",\"caption\":\"admin\"}}]}<\/script>\n<!-- \/ Yoast SEO plugin. -->","yoast_head_json":{"title":"En Ozumba hay personas en observaci\u00f3n por COVID-19 - Volcanes","robots":{"index":"index","follow":"follow","max-snippet":"max-snippet:-1","max-image-preview":"max-image-preview:large","max-video-preview":"max-video-preview:-1"},"canonical":"https:\/\/volcanes.net\/?p=6772","og_locale":"es_MX","og_type":"article","og_title":"En Ozumba hay personas en observaci\u00f3n por COVID-19 - Volcanes","og_description":"Ozumba, Estado de M\u00e9xico.- El presidente municipal de Ozumba, Valent\u00edn Mart\u00ednez Castillo, di\u00f3 a conocer","og_url":"https:\/\/volcanes.net\/?p=6772","og_site_name":"Volcanes","article_publisher":"https:\/\/www.facebook.com\/volcanes.net\/","article_published_time":"2020-04-10T19:56:20+00:00","article_modified_time":"2020-04-10T20:05:29+00:00","og_image":[{"width":768,"height":768,"url":"https:\/\/volcanes.net\/wp-content\/uploads\/2020\/04\/CollageMaker_20200410_142516699_copy_768x768.jpg","type":"image\/jpeg"}],"author":"admin","twitter_card":"summary_large_image","twitter_misc":{"Escrito por":"admin","Tiempo de lectura":"3 minutos"},"schema":{"@context":"https:\/\/schema.org","@graph":[{"@type":"Article","@id":"https:\/\/volcanes.net\/?p=6772#article","isPartOf":{"@id":"https:\/\/volcanes.net\/?p=6772"},"author":{"name":"admin","@id":"https:\/\/volcanes.net\/#\/schema\/person\/4bf0f383940966a4abd53f5048c0e6b9"},"headline":"En Ozumba hay personas en observaci\u00f3n por COVID-19","datePublished":"2020-04-10T19:56:20+00:00","dateModified":"2020-04-10T20:05:29+00:00","mainEntityOfPage":{"@id":"https:\/\/volcanes.net\/?p=6772"},"wordCount":551,"commentCount":0,"publisher":{"@id":"https:\/\/volcanes.net\/#organization"},"image":{"@id":"https:\/\/volcanes.net\/?p=6772#primaryimage"},"thumbnailUrl":"https:\/\/volcanes.net\/wp-content\/uploads\/2020\/04\/CollageMaker_20200410_142516699_copy_768x768.jpg","keywords":["Ozumba"],"articleSection":["Municipales"],"inLanguage":"es","potentialAction":[{"@type":"CommentAction","name":"Comment","target":["https:\/\/volcanes.net\/?p=6772#respond"]}]},{"@type":"WebPage","@id":"https:\/\/volcanes.net\/?p=6772","url":"https:\/\/volcanes.net\/?p=6772","name":"En Ozumba hay personas en observaci\u00f3n por COVID-19 - Volcanes","isPartOf":{"@id":"https:\/\/volcanes.net\/#website"},"primaryImageOfPage":{"@id":"https:\/\/volcanes.net\/?p=6772#primaryimage"},"image":{"@id":"https:\/\/volcanes.net\/?p=6772#primaryimage"},"thumbnailUrl":"https:\/\/volcanes.net\/wp-content\/uploads\/2020\/04\/CollageMaker_20200410_142516699_copy_768x768.jpg","datePublished":"2020-04-10T19:56:20+00:00","dateModified":"2020-04-10T20:05:29+00:00","breadcrumb":{"@id":"https:\/\/volcanes.net\/?p=6772#breadcrumb"},"inLanguage":"es","potentialAction":[{"@type":"ReadAction","target":["https:\/\/volcanes.net\/?p=6772"]}]},{"@type":"ImageObject","inLanguage":"es","@id":"https:\/\/volcanes.net\/?p=6772#primaryimage","url":"https:\/\/volcanes.net\/wp-content\/uploads\/2020\/04\/CollageMaker_20200410_142516699_copy_768x768.jpg","contentUrl":"https:\/\/volcanes.net\/wp-content\/uploads\/2020\/04\/CollageMaker_20200410_142516699_copy_768x768.jpg","width":768,"height":768},{"@type":"BreadcrumbList","@id":"https:\/\/volcanes.net\/?p=6772#breadcrumb","itemListElement":[{"@type":"ListItem","position":1,"name":"Portada","item":"https:\/\/volcanes.net\/"},{"@type":"ListItem","position":2,"name":"En Ozumba hay personas en observaci\u00f3n por COVID-19"}]},{"@type":"WebSite","@id":"https:\/\/volcanes.net\/#website","url":"https:\/\/volcanes.net\/","name":"Volcanes.Net","description":"Periodismo Profesional","publisher":{"@id":"https:\/\/volcanes.net\/#organization"},"potentialAction":[{"@type":"SearchAction","target":{"@type":"EntryPoint","urlTemplate":"https:\/\/volcanes.net\/?s={search_term_string}"},"query-input":{"@type":"PropertyValueSpecification","valueRequired":true,"valueName":"search_term_string"}}],"inLanguage":"es"},{"@type":"Organization","@id":"https:\/\/volcanes.net\/#organization","name":"Grupo Volcanes","url":"https:\/\/volcanes.net\/","logo":{"@type":"ImageObject","inLanguage":"es","@id":"https:\/\/volcanes.net\/#\/schema\/logo\/image\/","url":"http:\/\/volcanes.net\/wp-content\/uploads\/2017\/12\/Avatar2.jpg","contentUrl":"http:\/\/volcanes.net\/wp-content\/uploads\/2017\/12\/Avatar2.jpg","width":378,"height":378,"caption":"Grupo Volcanes"},"image":{"@id":"https:\/\/volcanes.net\/#\/schema\/logo\/image\/"},"sameAs":["https:\/\/www.facebook.com\/volcanes.net\/"]},{"@type":"Person","@id":"https:\/\/volcanes.net\/#\/schema\/person\/4bf0f383940966a4abd53f5048c0e6b9","name":"admin","image":{"@type":"ImageObject","inLanguage":"es","@id":"https:\/\/volcanes.net\/#\/schema\/person\/image\/","url":"https:\/\/secure.gravatar.com\/avatar\/ca004e6cba8462b8cb7abc86e382930c?s=96&d=mm&r=g","contentUrl":"https:\/\/secure.gravatar.com\/avatar\/ca004e6cba8462b8cb7abc86e382930c?s=96&d=mm&r=g","caption":"admin"}}]}},"_links":{"self":[{"href":"https:\/\/volcanes.net\/index.php?rest_route=\/wp\/v2\/posts\/6772"}],"collection":[{"href":"https:\/\/volcanes.net\/index.php?rest_route=\/wp\/v2\/posts"}],"about":[{"href":"https:\/\/volcanes.net\/index.php?rest_route=\/wp\/v2\/types\/post"}],"author":[{"embeddable":true,"href":"https:\/\/volcanes.net\/index.php?rest_route=\/wp\/v2\/users\/1"}],"replies":[{"embeddable":true,"href":"https:\/\/volcanes.net\/index.php?rest_route=%2Fwp%2Fv2%2Fcomments&post=6772"}],"version-history":[{"count":2,"href":"https:\/\/volcanes.net\/index.php?rest_route=\/wp\/v2\/posts\/6772\/revisions"}],"predecessor-version":[{"id":6774,"href":"https:\/\/volcanes.net\/index.php?rest_route=\/wp\/v2\/posts\/6772\/revisions\/6774"}],"wp:featuredmedia":[{"embeddable":true,"href":"https:\/\/volcanes.net\/index.php?rest_route=\/wp\/v2\/media\/6771"}],"wp:attachment":[{"href":"https:\/\/volcanes.net\/index.php?rest_route=%2Fwp%2Fv2%2Fmedia&parent=6772"}],"wp:term":[{"taxonomy":"category","embeddable":true,"href":"https:\/\/volcanes.net\/index.php?rest_route=%2Fwp%2Fv2%2Fcategories&post=6772"},{"taxonomy":"post_tag","embeddable":true,"href":"https:\/\/volcanes.net\/index.php?rest_route=%2Fwp%2Fv2%2Ftags&post=6772"}],"curies":[{"name":"wp","href":"https:\/\/api.w.org\/{rel}","templated":true}]}}