{"id":6787,"date":"2020-04-16T08:41:18","date_gmt":"2020-04-16T14:41:18","guid":{"rendered":"https:\/\/volcanes.net\/?p=6787"},"modified":"2020-04-16T08:41:58","modified_gmt":"2020-04-16T14:41:58","slug":"gobierno-de-juchitepec-atiende-recomendacion-y-cierra-la-plaza-principal","status":"publish","type":"post","link":"https:\/\/volcanes.net\/?p=6787","title":{"rendered":"Gobierno de Juchitepec atiende recomendaci\u00f3n y cierra la plaza principal"},"content":{"rendered":"<div style=\"margin-top: 0px; margin-bottom: 0px;\" class=\"sharethis-inline-share-buttons\" ><\/div><p>Juchitepec, Estado de M\u00e9xico- Debido a la contingencia sanitaria, el gobierno municipal de Juchitepec ha decidido cerrar la plaza principal con el fin de salvaguardar la salud de la poblaci\u00f3n, dando cumplimiento a las recomendaciones de las autoridades de salud.<br \/>\nDe esta manera, el municipio de Juchitepec se suma a tomar las precauciones debidas por la la contingencia sanitaria por Covid-19.<br \/>\nEste Municipio, ha seguido las recomendaciones de las autoridades federales.<br \/>\nEl Ingeniero Felipe Mej\u00eda Valdez, Presidente Municipal ; coment\u00f3 que est\u00e1 comprometido con salvaguardar la salud de todos los pobladores de este municipio, por ello se ha dado la indicaci\u00f3n de acordonar el primer cuadro del municipio, esto con la finalidad de disminuir la concentraci\u00f3n innecesaria de grupo de personas y as\u00ed disminuir el riesgo de propagar el virus COVID-19.<br \/>\nFinalmente el gobierno municipal invit\u00f3 a la poblaci\u00f3n en general a trav\u00e9s de sus redes sociales a tomar todas las medidas de precauci\u00f3n necesarias para evitar poner en riesgo a los grupos m\u00e1s vulnerables, como menores de edad, adultos mayores, etc.<\/p>\n","protected":false},"excerpt":{"rendered":"<p>Juchitepec, Estado de M\u00e9xico- Debido a la contingencia sanitaria, el gobierno municipal de Juchitepec ha<\/p>\n","protected":false},"author":1,"featured_media":6786,"comment_status":"open","ping_status":"open","sticky":false,"template":"","format":"standard","meta":{"footnotes":""},"categories":[1],"tags":[179],"class_list":["post-6787","post","type-post","status-publish","format-standard","has-post-thumbnail","hentry","category-municipales","tag-juchitepec"],"yoast_head":"<!-- This site is optimized with the Yoast SEO plugin v25.3 - https:\/\/yoast.com\/wordpress\/plugins\/seo\/ -->\n<title>Gobierno de Juchitepec atiende recomendaci\u00f3n y cierra la plaza principal - Volcanes<\/title>\n<meta name=\"robots\" content=\"index, follow, max-snippet:-1, max-image-preview:large, max-video-preview:-1\" \/>\n<link rel=\"canonical\" href=\"https:\/\/volcanes.net\/?p=6787\" \/>\n<meta property=\"og:locale\" content=\"es_MX\" \/>\n<meta property=\"og:type\" content=\"article\" \/>\n<meta property=\"og:title\" content=\"Gobierno de Juchitepec atiende recomendaci\u00f3n y cierra la plaza principal - Volcanes\" \/>\n<meta property=\"og:description\" content=\"Juchitepec, Estado de M\u00e9xico- Debido a la contingencia sanitaria, el gobierno municipal de Juchitepec ha\" \/>\n<meta property=\"og:url\" content=\"https:\/\/volcanes.net\/?p=6787\" \/>\n<meta property=\"og:site_name\" content=\"Volcanes\" \/>\n<meta property=\"article:publisher\" content=\"https:\/\/www.facebook.com\/volcanes.net\/\" \/>\n<meta property=\"article:published_time\" content=\"2020-04-16T14:41:18+00:00\" \/>\n<meta property=\"article:modified_time\" content=\"2020-04-16T14:41:58+00:00\" \/>\n<meta property=\"og:image\" content=\"https:\/\/volcanes.net\/wp-content\/uploads\/2020\/04\/IMG-20200415-WA0061_copy_1032x581_copy_774x436.jpeg\" \/>\n\t<meta property=\"og:image:width\" content=\"774\" \/>\n\t<meta property=\"og:image:height\" content=\"436\" \/>\n\t<meta property=\"og:image:type\" content=\"image\/jpeg\" \/>\n<meta name=\"author\" content=\"admin\" \/>\n<meta name=\"twitter:card\" content=\"summary_large_image\" \/>\n<meta name=\"twitter:label1\" content=\"Escrito por\" \/>\n\t<meta name=\"twitter:data1\" content=\"admin\" \/>\n\t<meta name=\"twitter:label2\" content=\"Tiempo de lectura\" \/>\n\t<meta name=\"twitter:data2\" content=\"1 minuto\" \/>\n<script type=\"application\/ld+json\" class=\"yoast-schema-graph\">{\"@context\":\"https:\/\/schema.org\",\"@graph\":[{\"@type\":\"Article\",\"@id\":\"https:\/\/volcanes.net\/?p=6787#article\",\"isPartOf\":{\"@id\":\"https:\/\/volcanes.net\/?p=6787\"},\"author\":{\"name\":\"admin\",\"@id\":\"https:\/\/volcanes.net\/#\/schema\/person\/4bf0f383940966a4abd53f5048c0e6b9\"},\"headline\":\"Gobierno de Juchitepec atiende recomendaci\u00f3n y cierra la plaza principal\",\"datePublished\":\"2020-04-16T14:41:18+00:00\",\"dateModified\":\"2020-04-16T14:41:58+00:00\",\"mainEntityOfPage\":{\"@id\":\"https:\/\/volcanes.net\/?p=6787\"},\"wordCount\":191,\"commentCount\":0,\"publisher\":{\"@id\":\"https:\/\/volcanes.net\/#organization\"},\"image\":{\"@id\":\"https:\/\/volcanes.net\/?p=6787#primaryimage\"},\"thumbnailUrl\":\"https:\/\/volcanes.net\/wp-content\/uploads\/2020\/04\/IMG-20200415-WA0061_copy_1032x581_copy_774x436.jpeg\",\"keywords\":[\"Juchitepec\"],\"articleSection\":[\"Municipales\"],\"inLanguage\":\"es\",\"potentialAction\":[{\"@type\":\"CommentAction\",\"name\":\"Comment\",\"target\":[\"https:\/\/volcanes.net\/?p=6787#respond\"]}]},{\"@type\":\"WebPage\",\"@id\":\"https:\/\/volcanes.net\/?p=6787\",\"url\":\"https:\/\/volcanes.net\/?p=6787\",\"name\":\"Gobierno de Juchitepec atiende recomendaci\u00f3n y cierra la plaza principal - Volcanes\",\"isPartOf\":{\"@id\":\"https:\/\/volcanes.net\/#website\"},\"primaryImageOfPage\":{\"@id\":\"https:\/\/volcanes.net\/?p=6787#primaryimage\"},\"image\":{\"@id\":\"https:\/\/volcanes.net\/?p=6787#primaryimage\"},\"thumbnailUrl\":\"https:\/\/volcanes.net\/wp-content\/uploads\/2020\/04\/IMG-20200415-WA0061_copy_1032x581_copy_774x436.jpeg\",\"datePublished\":\"2020-04-16T14:41:18+00:00\",\"dateModified\":\"2020-04-16T14:41:58+00:00\",\"breadcrumb\":{\"@id\":\"https:\/\/volcanes.net\/?p=6787#breadcrumb\"},\"inLanguage\":\"es\",\"potentialAction\":[{\"@type\":\"ReadAction\",\"target\":[\"https:\/\/volcanes.net\/?p=6787\"]}]},{\"@type\":\"ImageObject\",\"inLanguage\":\"es\",\"@id\":\"https:\/\/volcanes.net\/?p=6787#primaryimage\",\"url\":\"https:\/\/volcanes.net\/wp-content\/uploads\/2020\/04\/IMG-20200415-WA0061_copy_1032x581_copy_774x436.jpeg\",\"contentUrl\":\"https:\/\/volcanes.net\/wp-content\/uploads\/2020\/04\/IMG-20200415-WA0061_copy_1032x581_copy_774x436.jpeg\",\"width\":774,\"height\":436},{\"@type\":\"BreadcrumbList\",\"@id\":\"https:\/\/volcanes.net\/?p=6787#breadcrumb\",\"itemListElement\":[{\"@type\":\"ListItem\",\"position\":1,\"name\":\"Portada\",\"item\":\"https:\/\/volcanes.net\/\"},{\"@type\":\"ListItem\",\"position\":2,\"name\":\"Gobierno de Juchitepec atiende recomendaci\u00f3n y cierra la plaza principal\"}]},{\"@type\":\"WebSite\",\"@id\":\"https:\/\/volcanes.net\/#website\",\"url\":\"https:\/\/volcanes.net\/\",\"name\":\"Volcanes.Net\",\"description\":\"Periodismo Profesional\",\"publisher\":{\"@id\":\"https:\/\/volcanes.net\/#organization\"},\"potentialAction\":[{\"@type\":\"SearchAction\",\"target\":{\"@type\":\"EntryPoint\",\"urlTemplate\":\"https:\/\/volcanes.net\/?s={search_term_string}\"},\"query-input\":{\"@type\":\"PropertyValueSpecification\",\"valueRequired\":true,\"valueName\":\"search_term_string\"}}],\"inLanguage\":\"es\"},{\"@type\":\"Organization\",\"@id\":\"https:\/\/volcanes.net\/#organization\",\"name\":\"Grupo Volcanes\",\"url\":\"https:\/\/volcanes.net\/\",\"logo\":{\"@type\":\"ImageObject\",\"inLanguage\":\"es\",\"@id\":\"https:\/\/volcanes.net\/#\/schema\/logo\/image\/\",\"url\":\"http:\/\/volcanes.net\/wp-content\/uploads\/2017\/12\/Avatar2.jpg\",\"contentUrl\":\"http:\/\/volcanes.net\/wp-content\/uploads\/2017\/12\/Avatar2.jpg\",\"width\":378,\"height\":378,\"caption\":\"Grupo Volcanes\"},\"image\":{\"@id\":\"https:\/\/volcanes.net\/#\/schema\/logo\/image\/\"},\"sameAs\":[\"https:\/\/www.facebook.com\/volcanes.net\/\"]},{\"@type\":\"Person\",\"@id\":\"https:\/\/volcanes.net\/#\/schema\/person\/4bf0f383940966a4abd53f5048c0e6b9\",\"name\":\"admin\",\"image\":{\"@type\":\"ImageObject\",\"inLanguage\":\"es\",\"@id\":\"https:\/\/volcanes.net\/#\/schema\/person\/image\/\",\"url\":\"https:\/\/secure.gravatar.com\/avatar\/ca004e6cba8462b8cb7abc86e382930c?s=96&d=mm&r=g\",\"contentUrl\":\"https:\/\/secure.gravatar.com\/avatar\/ca004e6cba8462b8cb7abc86e382930c?s=96&d=mm&r=g\",\"caption\":\"admin\"}}]}<\/script>\n<!-- \/ Yoast SEO plugin. -->","yoast_head_json":{"title":"Gobierno de Juchitepec atiende recomendaci\u00f3n y cierra la plaza principal - Volcanes","robots":{"index":"index","follow":"follow","max-snippet":"max-snippet:-1","max-image-preview":"max-image-preview:large","max-video-preview":"max-video-preview:-1"},"canonical":"https:\/\/volcanes.net\/?p=6787","og_locale":"es_MX","og_type":"article","og_title":"Gobierno de Juchitepec atiende recomendaci\u00f3n y cierra la plaza principal - Volcanes","og_description":"Juchitepec, Estado de M\u00e9xico- Debido a la contingencia sanitaria, el gobierno municipal de Juchitepec ha","og_url":"https:\/\/volcanes.net\/?p=6787","og_site_name":"Volcanes","article_publisher":"https:\/\/www.facebook.com\/volcanes.net\/","article_published_time":"2020-04-16T14:41:18+00:00","article_modified_time":"2020-04-16T14:41:58+00:00","og_image":[{"width":774,"height":436,"url":"https:\/\/volcanes.net\/wp-content\/uploads\/2020\/04\/IMG-20200415-WA0061_copy_1032x581_copy_774x436.jpeg","type":"image\/jpeg"}],"author":"admin","twitter_card":"summary_large_image","twitter_misc":{"Escrito por":"admin","Tiempo de lectura":"1 minuto"},"schema":{"@context":"https:\/\/schema.org","@graph":[{"@type":"Article","@id":"https:\/\/volcanes.net\/?p=6787#article","isPartOf":{"@id":"https:\/\/volcanes.net\/?p=6787"},"author":{"name":"admin","@id":"https:\/\/volcanes.net\/#\/schema\/person\/4bf0f383940966a4abd53f5048c0e6b9"},"headline":"Gobierno de Juchitepec atiende recomendaci\u00f3n y cierra la plaza principal","datePublished":"2020-04-16T14:41:18+00:00","dateModified":"2020-04-16T14:41:58+00:00","mainEntityOfPage":{"@id":"https:\/\/volcanes.net\/?p=6787"},"wordCount":191,"commentCount":0,"publisher":{"@id":"https:\/\/volcanes.net\/#organization"},"image":{"@id":"https:\/\/volcanes.net\/?p=6787#primaryimage"},"thumbnailUrl":"https:\/\/volcanes.net\/wp-content\/uploads\/2020\/04\/IMG-20200415-WA0061_copy_1032x581_copy_774x436.jpeg","keywords":["Juchitepec"],"articleSection":["Municipales"],"inLanguage":"es","potentialAction":[{"@type":"CommentAction","name":"Comment","target":["https:\/\/volcanes.net\/?p=6787#respond"]}]},{"@type":"WebPage","@id":"https:\/\/volcanes.net\/?p=6787","url":"https:\/\/volcanes.net\/?p=6787","name":"Gobierno de Juchitepec atiende recomendaci\u00f3n y cierra la plaza principal - Volcanes","isPartOf":{"@id":"https:\/\/volcanes.net\/#website"},"primaryImageOfPage":{"@id":"https:\/\/volcanes.net\/?p=6787#primaryimage"},"image":{"@id":"https:\/\/volcanes.net\/?p=6787#primaryimage"},"thumbnailUrl":"https:\/\/volcanes.net\/wp-content\/uploads\/2020\/04\/IMG-20200415-WA0061_copy_1032x581_copy_774x436.jpeg","datePublished":"2020-04-16T14:41:18+00:00","dateModified":"2020-04-16T14:41:58+00:00","breadcrumb":{"@id":"https:\/\/volcanes.net\/?p=6787#breadcrumb"},"inLanguage":"es","potentialAction":[{"@type":"ReadAction","target":["https:\/\/volcanes.net\/?p=6787"]}]},{"@type":"ImageObject","inLanguage":"es","@id":"https:\/\/volcanes.net\/?p=6787#primaryimage","url":"https:\/\/volcanes.net\/wp-content\/uploads\/2020\/04\/IMG-20200415-WA0061_copy_1032x581_copy_774x436.jpeg","contentUrl":"https:\/\/volcanes.net\/wp-content\/uploads\/2020\/04\/IMG-20200415-WA0061_copy_1032x581_copy_774x436.jpeg","width":774,"height":436},{"@type":"BreadcrumbList","@id":"https:\/\/volcanes.net\/?p=6787#breadcrumb","itemListElement":[{"@type":"ListItem","position":1,"name":"Portada","item":"https:\/\/volcanes.net\/"},{"@type":"ListItem","position":2,"name":"Gobierno de Juchitepec atiende recomendaci\u00f3n y cierra la plaza principal"}]},{"@type":"WebSite","@id":"https:\/\/volcanes.net\/#website","url":"https:\/\/volcanes.net\/","name":"Volcanes.Net","description":"Periodismo Profesional","publisher":{"@id":"https:\/\/volcanes.net\/#organization"},"potentialAction":[{"@type":"SearchAction","target":{"@type":"EntryPoint","urlTemplate":"https:\/\/volcanes.net\/?s={search_term_string}"},"query-input":{"@type":"PropertyValueSpecification","valueRequired":true,"valueName":"search_term_string"}}],"inLanguage":"es"},{"@type":"Organization","@id":"https:\/\/volcanes.net\/#organization","name":"Grupo Volcanes","url":"https:\/\/volcanes.net\/","logo":{"@type":"ImageObject","inLanguage":"es","@id":"https:\/\/volcanes.net\/#\/schema\/logo\/image\/","url":"http:\/\/volcanes.net\/wp-content\/uploads\/2017\/12\/Avatar2.jpg","contentUrl":"http:\/\/volcanes.net\/wp-content\/uploads\/2017\/12\/Avatar2.jpg","width":378,"height":378,"caption":"Grupo Volcanes"},"image":{"@id":"https:\/\/volcanes.net\/#\/schema\/logo\/image\/"},"sameAs":["https:\/\/www.facebook.com\/volcanes.net\/"]},{"@type":"Person","@id":"https:\/\/volcanes.net\/#\/schema\/person\/4bf0f383940966a4abd53f5048c0e6b9","name":"admin","image":{"@type":"ImageObject","inLanguage":"es","@id":"https:\/\/volcanes.net\/#\/schema\/person\/image\/","url":"https:\/\/secure.gravatar.com\/avatar\/ca004e6cba8462b8cb7abc86e382930c?s=96&d=mm&r=g","contentUrl":"https:\/\/secure.gravatar.com\/avatar\/ca004e6cba8462b8cb7abc86e382930c?s=96&d=mm&r=g","caption":"admin"}}]}},"_links":{"self":[{"href":"https:\/\/volcanes.net\/index.php?rest_route=\/wp\/v2\/posts\/6787"}],"collection":[{"href":"https:\/\/volcanes.net\/index.php?rest_route=\/wp\/v2\/posts"}],"about":[{"href":"https:\/\/volcanes.net\/index.php?rest_route=\/wp\/v2\/types\/post"}],"author":[{"embeddable":true,"href":"https:\/\/volcanes.net\/index.php?rest_route=\/wp\/v2\/users\/1"}],"replies":[{"embeddable":true,"href":"https:\/\/volcanes.net\/index.php?rest_route=%2Fwp%2Fv2%2Fcomments&post=6787"}],"version-history":[{"count":1,"href":"https:\/\/volcanes.net\/index.php?rest_route=\/wp\/v2\/posts\/6787\/revisions"}],"predecessor-version":[{"id":6788,"href":"https:\/\/volcanes.net\/index.php?rest_route=\/wp\/v2\/posts\/6787\/revisions\/6788"}],"wp:featuredmedia":[{"embeddable":true,"href":"https:\/\/volcanes.net\/index.php?rest_route=\/wp\/v2\/media\/6786"}],"wp:attachment":[{"href":"https:\/\/volcanes.net\/index.php?rest_route=%2Fwp%2Fv2%2Fmedia&parent=6787"}],"wp:term":[{"taxonomy":"category","embeddable":true,"href":"https:\/\/volcanes.net\/index.php?rest_route=%2Fwp%2Fv2%2Fcategories&post=6787"},{"taxonomy":"post_tag","embeddable":true,"href":"https:\/\/volcanes.net\/index.php?rest_route=%2Fwp%2Fv2%2Ftags&post=6787"}],"curies":[{"name":"wp","href":"https:\/\/api.w.org\/{rel}","templated":true}]}}