{"id":6793,"date":"2020-04-16T19:11:15","date_gmt":"2020-04-17T01:11:15","guid":{"rendered":"http:\/\/volcanes.net\/?p=6793"},"modified":"2020-04-16T19:53:15","modified_gmt":"2020-04-17T01:53:15","slug":"da-a-conocer-el-gobierno-de-juchitepec-dos-casos-sospechos-de-coronavirus-en-este-municipio","status":"publish","type":"post","link":"https:\/\/volcanes.net\/?p=6793","title":{"rendered":"Da a conocer el gobierno de Juchitepec dos casos sospechosos de coronavirus en este municipio"},"content":{"rendered":"<div style=\"margin-top: 0px; margin-bottom: 0px;\" class=\"sharethis-inline-share-buttons\" ><\/div><p><img loading=\"lazy\" decoding=\"async\" class=\"alignleft size-thumbnail wp-image-6799\" src=\"http:\/\/volcanes.net\/wp-content\/uploads\/2020\/04\/WhatsApp-Image-2020-04-16-at-8.28.31-PM-150x150.jpeg\" alt=\"\" width=\"150\" height=\"150\" srcset=\"https:\/\/volcanes.net\/wp-content\/uploads\/2020\/04\/WhatsApp-Image-2020-04-16-at-8.28.31-PM-150x150.jpeg 150w, https:\/\/volcanes.net\/wp-content\/uploads\/2020\/04\/WhatsApp-Image-2020-04-16-at-8.28.31-PM-50x50.jpeg 50w, https:\/\/volcanes.net\/wp-content\/uploads\/2020\/04\/WhatsApp-Image-2020-04-16-at-8.28.31-PM-120x120.jpeg 120w\" sizes=\"(max-width: 150px) 100vw, 150px\" \/>Juchitepec, Estado de M\u00e9xico.- En las \u00faltimas horas el gobierno municipal de Juchitepec, que encabeza Felipe Mej\u00eda Valdez, ha dado conocer de 2 casos sospechosos por Covid-19 en este municipio.<br \/>\nDe acuerdo a las autoridades municipales estos dos casos sospechosos son dos adultos mayores que se dedican al comercio y que venden en las plazas de Juchitepec, Ozumba, Amecameca y en el Estado de Morelos, por lo que se desconoce si an alg\u00fan lugar de estos pudieron ser contagiados, por ello es que se encuentran en obervaci\u00f3n.<br \/>\nTrascendi\u00f3 que tambi\u00e9n viajaron a la CDMX para surtir de mercancia, por lo que se est\u00e1 recabando la mayor informaci\u00f3n para aislar a las personas que tuvieron contacto con estas personas.<br \/>\nEn d\u00edas pasados estos adultos mayores empezaron a presentar s\u00edntomas de Covid-19, sin embargo el d\u00eda de ayer su situaci\u00f3n de salud empeor\u00f3, por lo que fue necesario su traslado al Hospital Valent\u00edn G\u00f3mez Far\u00edas ubicado en Zentlalpan municipio de Amecameca.<br \/>\nSe inform\u00f3 que fueron los familiares de los pacientes que presentaban estos s\u00edntomas, fueron quienes trasladaron a estos adultos mayores, Por lo que fueron hospitalizados en este nosocomio que ha recientemente fue designado para tratar casos por este padecimiento que aqueja a nivel mundial, por lo que los pacientes ingresados se encuentran en observaci\u00f3n y aislados en este hospital, para en su caso descartar o confirmar Covid-19.<br \/>\nEn este y en todos los casos la identidad de los casos positivos y sospechosos se mantendr\u00e1n an\u00f3nimos para evitar que ellos o sus familias puedan ser v\u00edctimas de discriminaci\u00f3n social<\/p>\n<p>En tanto las autoridades municipales de Juchitepec desde la noche de ayer ha tomado la decisi\u00f3n de cerrar la plaza principal de este municipio.<br \/>\nComerciantes ambulantes dieron a conocer que personal de Protecci\u00f3n Civil a dialogado con ellos a fin de que utilizan las medidas de seguridad propuestas por el Gobierno Federal,en estos casos como el uso de cubrebocas, guantes, as\u00ed como sanitizar sus espacios de trabajo, sin embargo algunos aun se muestran renuentes.<br \/>\nPor ello es que las autoridades municipales reforzar\u00e1n medidas preventivas para evitar un brote de contagios por Covid-19.<br \/>\nSin embargo la gran mayor\u00eda de la poblaci\u00f3n a\u00fan se mantiene incr\u00e9dula sobre estos casos y es por ello que desarrollan su vida de manera normal. As\u00ed lo pudimos constatar este d\u00eda en un recorrido que realizamos por Juchitepec.<\/p>\n<p>&nbsp;<\/p>\n","protected":false},"excerpt":{"rendered":"<p>Juchitepec, Estado de M\u00e9xico.- En las \u00faltimas horas el gobierno municipal de Juchitepec, que encabeza<\/p>\n","protected":false},"author":1,"featured_media":6794,"comment_status":"open","ping_status":"open","sticky":false,"template":"","format":"standard","meta":{"footnotes":""},"categories":[1],"tags":[179],"class_list":["post-6793","post","type-post","status-publish","format-standard","has-post-thumbnail","hentry","category-municipales","tag-juchitepec"],"yoast_head":"<!-- This site is optimized with the Yoast SEO plugin v25.3 - https:\/\/yoast.com\/wordpress\/plugins\/seo\/ -->\n<title>Da a conocer el gobierno de Juchitepec dos casos sospechosos de coronavirus en este municipio - Volcanes<\/title>\n<meta name=\"robots\" content=\"index, follow, max-snippet:-1, max-image-preview:large, max-video-preview:-1\" \/>\n<link rel=\"canonical\" href=\"https:\/\/volcanes.net\/?p=6793\" \/>\n<meta property=\"og:locale\" content=\"es_MX\" \/>\n<meta property=\"og:type\" content=\"article\" \/>\n<meta property=\"og:title\" content=\"Da a conocer el gobierno de Juchitepec dos casos sospechosos de coronavirus en este municipio - Volcanes\" \/>\n<meta property=\"og:description\" content=\"Juchitepec, Estado de M\u00e9xico.- En las \u00faltimas horas el gobierno municipal de Juchitepec, que encabeza\" \/>\n<meta property=\"og:url\" content=\"https:\/\/volcanes.net\/?p=6793\" \/>\n<meta property=\"og:site_name\" content=\"Volcanes\" \/>\n<meta property=\"article:publisher\" content=\"https:\/\/www.facebook.com\/volcanes.net\/\" \/>\n<meta property=\"article:published_time\" content=\"2020-04-17T01:11:15+00:00\" \/>\n<meta property=\"article:modified_time\" content=\"2020-04-17T01:53:15+00:00\" \/>\n<meta property=\"og:image\" content=\"https:\/\/volcanes.net\/wp-content\/uploads\/2020\/04\/WhatsApp-Image-2020-04-16-at-8.08.39-PM.jpeg\" \/>\n\t<meta property=\"og:image:width\" content=\"1280\" \/>\n\t<meta property=\"og:image:height\" content=\"720\" \/>\n\t<meta property=\"og:image:type\" content=\"image\/jpeg\" \/>\n<meta name=\"author\" content=\"admin\" \/>\n<meta name=\"twitter:card\" content=\"summary_large_image\" \/>\n<meta name=\"twitter:label1\" content=\"Escrito por\" \/>\n\t<meta name=\"twitter:data1\" content=\"admin\" \/>\n\t<meta name=\"twitter:label2\" content=\"Tiempo de lectura\" \/>\n\t<meta name=\"twitter:data2\" content=\"2 minutos\" \/>\n<script type=\"application\/ld+json\" class=\"yoast-schema-graph\">{\"@context\":\"https:\/\/schema.org\",\"@graph\":[{\"@type\":\"Article\",\"@id\":\"https:\/\/volcanes.net\/?p=6793#article\",\"isPartOf\":{\"@id\":\"https:\/\/volcanes.net\/?p=6793\"},\"author\":{\"name\":\"admin\",\"@id\":\"https:\/\/volcanes.net\/#\/schema\/person\/4bf0f383940966a4abd53f5048c0e6b9\"},\"headline\":\"Da a conocer el gobierno de Juchitepec dos casos sospechosos de coronavirus en este municipio\",\"datePublished\":\"2020-04-17T01:11:15+00:00\",\"dateModified\":\"2020-04-17T01:53:15+00:00\",\"mainEntityOfPage\":{\"@id\":\"https:\/\/volcanes.net\/?p=6793\"},\"wordCount\":432,\"commentCount\":0,\"publisher\":{\"@id\":\"https:\/\/volcanes.net\/#organization\"},\"image\":{\"@id\":\"https:\/\/volcanes.net\/?p=6793#primaryimage\"},\"thumbnailUrl\":\"https:\/\/volcanes.net\/wp-content\/uploads\/2020\/04\/WhatsApp-Image-2020-04-16-at-8.08.39-PM.jpeg\",\"keywords\":[\"Juchitepec\"],\"articleSection\":[\"Municipales\"],\"inLanguage\":\"es\",\"potentialAction\":[{\"@type\":\"CommentAction\",\"name\":\"Comment\",\"target\":[\"https:\/\/volcanes.net\/?p=6793#respond\"]}]},{\"@type\":\"WebPage\",\"@id\":\"https:\/\/volcanes.net\/?p=6793\",\"url\":\"https:\/\/volcanes.net\/?p=6793\",\"name\":\"Da a conocer el gobierno de Juchitepec dos casos sospechosos de coronavirus en este municipio - Volcanes\",\"isPartOf\":{\"@id\":\"https:\/\/volcanes.net\/#website\"},\"primaryImageOfPage\":{\"@id\":\"https:\/\/volcanes.net\/?p=6793#primaryimage\"},\"image\":{\"@id\":\"https:\/\/volcanes.net\/?p=6793#primaryimage\"},\"thumbnailUrl\":\"https:\/\/volcanes.net\/wp-content\/uploads\/2020\/04\/WhatsApp-Image-2020-04-16-at-8.08.39-PM.jpeg\",\"datePublished\":\"2020-04-17T01:11:15+00:00\",\"dateModified\":\"2020-04-17T01:53:15+00:00\",\"breadcrumb\":{\"@id\":\"https:\/\/volcanes.net\/?p=6793#breadcrumb\"},\"inLanguage\":\"es\",\"potentialAction\":[{\"@type\":\"ReadAction\",\"target\":[\"https:\/\/volcanes.net\/?p=6793\"]}]},{\"@type\":\"ImageObject\",\"inLanguage\":\"es\",\"@id\":\"https:\/\/volcanes.net\/?p=6793#primaryimage\",\"url\":\"https:\/\/volcanes.net\/wp-content\/uploads\/2020\/04\/WhatsApp-Image-2020-04-16-at-8.08.39-PM.jpeg\",\"contentUrl\":\"https:\/\/volcanes.net\/wp-content\/uploads\/2020\/04\/WhatsApp-Image-2020-04-16-at-8.08.39-PM.jpeg\",\"width\":1280,\"height\":720},{\"@type\":\"BreadcrumbList\",\"@id\":\"https:\/\/volcanes.net\/?p=6793#breadcrumb\",\"itemListElement\":[{\"@type\":\"ListItem\",\"position\":1,\"name\":\"Portada\",\"item\":\"https:\/\/volcanes.net\/\"},{\"@type\":\"ListItem\",\"position\":2,\"name\":\"Da a conocer el gobierno de Juchitepec dos casos sospechosos de coronavirus en este municipio\"}]},{\"@type\":\"WebSite\",\"@id\":\"https:\/\/volcanes.net\/#website\",\"url\":\"https:\/\/volcanes.net\/\",\"name\":\"Volcanes.Net\",\"description\":\"Periodismo Profesional\",\"publisher\":{\"@id\":\"https:\/\/volcanes.net\/#organization\"},\"potentialAction\":[{\"@type\":\"SearchAction\",\"target\":{\"@type\":\"EntryPoint\",\"urlTemplate\":\"https:\/\/volcanes.net\/?s={search_term_string}\"},\"query-input\":{\"@type\":\"PropertyValueSpecification\",\"valueRequired\":true,\"valueName\":\"search_term_string\"}}],\"inLanguage\":\"es\"},{\"@type\":\"Organization\",\"@id\":\"https:\/\/volcanes.net\/#organization\",\"name\":\"Grupo Volcanes\",\"url\":\"https:\/\/volcanes.net\/\",\"logo\":{\"@type\":\"ImageObject\",\"inLanguage\":\"es\",\"@id\":\"https:\/\/volcanes.net\/#\/schema\/logo\/image\/\",\"url\":\"http:\/\/volcanes.net\/wp-content\/uploads\/2017\/12\/Avatar2.jpg\",\"contentUrl\":\"http:\/\/volcanes.net\/wp-content\/uploads\/2017\/12\/Avatar2.jpg\",\"width\":378,\"height\":378,\"caption\":\"Grupo Volcanes\"},\"image\":{\"@id\":\"https:\/\/volcanes.net\/#\/schema\/logo\/image\/\"},\"sameAs\":[\"https:\/\/www.facebook.com\/volcanes.net\/\"]},{\"@type\":\"Person\",\"@id\":\"https:\/\/volcanes.net\/#\/schema\/person\/4bf0f383940966a4abd53f5048c0e6b9\",\"name\":\"admin\",\"image\":{\"@type\":\"ImageObject\",\"inLanguage\":\"es\",\"@id\":\"https:\/\/volcanes.net\/#\/schema\/person\/image\/\",\"url\":\"https:\/\/secure.gravatar.com\/avatar\/ca004e6cba8462b8cb7abc86e382930c?s=96&d=mm&r=g\",\"contentUrl\":\"https:\/\/secure.gravatar.com\/avatar\/ca004e6cba8462b8cb7abc86e382930c?s=96&d=mm&r=g\",\"caption\":\"admin\"}}]}<\/script>\n<!-- \/ Yoast SEO plugin. -->","yoast_head_json":{"title":"Da a conocer el gobierno de Juchitepec dos casos sospechosos de coronavirus en este municipio - Volcanes","robots":{"index":"index","follow":"follow","max-snippet":"max-snippet:-1","max-image-preview":"max-image-preview:large","max-video-preview":"max-video-preview:-1"},"canonical":"https:\/\/volcanes.net\/?p=6793","og_locale":"es_MX","og_type":"article","og_title":"Da a conocer el gobierno de Juchitepec dos casos sospechosos de coronavirus en este municipio - Volcanes","og_description":"Juchitepec, Estado de M\u00e9xico.- En las \u00faltimas horas el gobierno municipal de Juchitepec, que encabeza","og_url":"https:\/\/volcanes.net\/?p=6793","og_site_name":"Volcanes","article_publisher":"https:\/\/www.facebook.com\/volcanes.net\/","article_published_time":"2020-04-17T01:11:15+00:00","article_modified_time":"2020-04-17T01:53:15+00:00","og_image":[{"width":1280,"height":720,"url":"https:\/\/volcanes.net\/wp-content\/uploads\/2020\/04\/WhatsApp-Image-2020-04-16-at-8.08.39-PM.jpeg","type":"image\/jpeg"}],"author":"admin","twitter_card":"summary_large_image","twitter_misc":{"Escrito por":"admin","Tiempo de lectura":"2 minutos"},"schema":{"@context":"https:\/\/schema.org","@graph":[{"@type":"Article","@id":"https:\/\/volcanes.net\/?p=6793#article","isPartOf":{"@id":"https:\/\/volcanes.net\/?p=6793"},"author":{"name":"admin","@id":"https:\/\/volcanes.net\/#\/schema\/person\/4bf0f383940966a4abd53f5048c0e6b9"},"headline":"Da a conocer el gobierno de Juchitepec dos casos sospechosos de coronavirus en este municipio","datePublished":"2020-04-17T01:11:15+00:00","dateModified":"2020-04-17T01:53:15+00:00","mainEntityOfPage":{"@id":"https:\/\/volcanes.net\/?p=6793"},"wordCount":432,"commentCount":0,"publisher":{"@id":"https:\/\/volcanes.net\/#organization"},"image":{"@id":"https:\/\/volcanes.net\/?p=6793#primaryimage"},"thumbnailUrl":"https:\/\/volcanes.net\/wp-content\/uploads\/2020\/04\/WhatsApp-Image-2020-04-16-at-8.08.39-PM.jpeg","keywords":["Juchitepec"],"articleSection":["Municipales"],"inLanguage":"es","potentialAction":[{"@type":"CommentAction","name":"Comment","target":["https:\/\/volcanes.net\/?p=6793#respond"]}]},{"@type":"WebPage","@id":"https:\/\/volcanes.net\/?p=6793","url":"https:\/\/volcanes.net\/?p=6793","name":"Da a conocer el gobierno de Juchitepec dos casos sospechosos de coronavirus en este municipio - Volcanes","isPartOf":{"@id":"https:\/\/volcanes.net\/#website"},"primaryImageOfPage":{"@id":"https:\/\/volcanes.net\/?p=6793#primaryimage"},"image":{"@id":"https:\/\/volcanes.net\/?p=6793#primaryimage"},"thumbnailUrl":"https:\/\/volcanes.net\/wp-content\/uploads\/2020\/04\/WhatsApp-Image-2020-04-16-at-8.08.39-PM.jpeg","datePublished":"2020-04-17T01:11:15+00:00","dateModified":"2020-04-17T01:53:15+00:00","breadcrumb":{"@id":"https:\/\/volcanes.net\/?p=6793#breadcrumb"},"inLanguage":"es","potentialAction":[{"@type":"ReadAction","target":["https:\/\/volcanes.net\/?p=6793"]}]},{"@type":"ImageObject","inLanguage":"es","@id":"https:\/\/volcanes.net\/?p=6793#primaryimage","url":"https:\/\/volcanes.net\/wp-content\/uploads\/2020\/04\/WhatsApp-Image-2020-04-16-at-8.08.39-PM.jpeg","contentUrl":"https:\/\/volcanes.net\/wp-content\/uploads\/2020\/04\/WhatsApp-Image-2020-04-16-at-8.08.39-PM.jpeg","width":1280,"height":720},{"@type":"BreadcrumbList","@id":"https:\/\/volcanes.net\/?p=6793#breadcrumb","itemListElement":[{"@type":"ListItem","position":1,"name":"Portada","item":"https:\/\/volcanes.net\/"},{"@type":"ListItem","position":2,"name":"Da a conocer el gobierno de Juchitepec dos casos sospechosos de coronavirus en este municipio"}]},{"@type":"WebSite","@id":"https:\/\/volcanes.net\/#website","url":"https:\/\/volcanes.net\/","name":"Volcanes.Net","description":"Periodismo Profesional","publisher":{"@id":"https:\/\/volcanes.net\/#organization"},"potentialAction":[{"@type":"SearchAction","target":{"@type":"EntryPoint","urlTemplate":"https:\/\/volcanes.net\/?s={search_term_string}"},"query-input":{"@type":"PropertyValueSpecification","valueRequired":true,"valueName":"search_term_string"}}],"inLanguage":"es"},{"@type":"Organization","@id":"https:\/\/volcanes.net\/#organization","name":"Grupo Volcanes","url":"https:\/\/volcanes.net\/","logo":{"@type":"ImageObject","inLanguage":"es","@id":"https:\/\/volcanes.net\/#\/schema\/logo\/image\/","url":"http:\/\/volcanes.net\/wp-content\/uploads\/2017\/12\/Avatar2.jpg","contentUrl":"http:\/\/volcanes.net\/wp-content\/uploads\/2017\/12\/Avatar2.jpg","width":378,"height":378,"caption":"Grupo Volcanes"},"image":{"@id":"https:\/\/volcanes.net\/#\/schema\/logo\/image\/"},"sameAs":["https:\/\/www.facebook.com\/volcanes.net\/"]},{"@type":"Person","@id":"https:\/\/volcanes.net\/#\/schema\/person\/4bf0f383940966a4abd53f5048c0e6b9","name":"admin","image":{"@type":"ImageObject","inLanguage":"es","@id":"https:\/\/volcanes.net\/#\/schema\/person\/image\/","url":"https:\/\/secure.gravatar.com\/avatar\/ca004e6cba8462b8cb7abc86e382930c?s=96&d=mm&r=g","contentUrl":"https:\/\/secure.gravatar.com\/avatar\/ca004e6cba8462b8cb7abc86e382930c?s=96&d=mm&r=g","caption":"admin"}}]}},"_links":{"self":[{"href":"https:\/\/volcanes.net\/index.php?rest_route=\/wp\/v2\/posts\/6793"}],"collection":[{"href":"https:\/\/volcanes.net\/index.php?rest_route=\/wp\/v2\/posts"}],"about":[{"href":"https:\/\/volcanes.net\/index.php?rest_route=\/wp\/v2\/types\/post"}],"author":[{"embeddable":true,"href":"https:\/\/volcanes.net\/index.php?rest_route=\/wp\/v2\/users\/1"}],"replies":[{"embeddable":true,"href":"https:\/\/volcanes.net\/index.php?rest_route=%2Fwp%2Fv2%2Fcomments&post=6793"}],"version-history":[{"count":4,"href":"https:\/\/volcanes.net\/index.php?rest_route=\/wp\/v2\/posts\/6793\/revisions"}],"predecessor-version":[{"id":6805,"href":"https:\/\/volcanes.net\/index.php?rest_route=\/wp\/v2\/posts\/6793\/revisions\/6805"}],"wp:featuredmedia":[{"embeddable":true,"href":"https:\/\/volcanes.net\/index.php?rest_route=\/wp\/v2\/media\/6794"}],"wp:attachment":[{"href":"https:\/\/volcanes.net\/index.php?rest_route=%2Fwp%2Fv2%2Fmedia&parent=6793"}],"wp:term":[{"taxonomy":"category","embeddable":true,"href":"https:\/\/volcanes.net\/index.php?rest_route=%2Fwp%2Fv2%2Fcategories&post=6793"},{"taxonomy":"post_tag","embeddable":true,"href":"https:\/\/volcanes.net\/index.php?rest_route=%2Fwp%2Fv2%2Ftags&post=6793"}],"curies":[{"name":"wp","href":"https:\/\/api.w.org\/{rel}","templated":true}]}}