{"id":6802,"date":"2020-04-16T19:42:19","date_gmt":"2020-04-17T01:42:19","guid":{"rendered":"http:\/\/volcanes.net\/?p=6802"},"modified":"2020-04-16T19:42:19","modified_gmt":"2020-04-17T01:42:19","slug":"cierran-la-plaza-centrica-los-parques-y-jardines-del-municipio-de-atlautla","status":"publish","type":"post","link":"https:\/\/volcanes.net\/?p=6802","title":{"rendered":"Cierran la Plaza C\u00e9ntrica, los parques y Jardines del municipio de #Atlautla"},"content":{"rendered":"<div style=\"margin-top: 0px; margin-bottom: 0px;\" class=\"sharethis-inline-share-buttons\" ><\/div><p>Atlautla Estado de M\u00e9xico.- El gobierno municipal de Atlautla que encabeza Hermenegildo Lozada Amaro, ha tomado la decisi\u00f3n de cerrar la Plaza C\u00e9ntrica, los parques y Jardines de este municipio. Por lo que hoy 16 de abril, personal de Protecci\u00f3n Civil del municipio procedi\u00f3 al cierre de estos lugares de la cabecera municipal y sus delegaciones, para atender las recomendaciones de las autoridades sanitarias federales.<\/p>\n<p>El gobierno municipal ha informado que este tipo de acciones son para salvaguardar la salud de los habitantes del municipio de Atlautla por el COVID19, lo cual se est\u00e1 realizando a muy buen tiempo, pues seg\u00fan los datos publicados por La Direcci\u00f3n General de Epidemiolog\u00eda (DGE), Atlautla tiene a la fecha de hoy 16 de abril: Confirmados 0; Negativos 2; Sospechosos 1 y Defunciones 0<\/p>\n<p>Por ello Protecci\u00f3n Civil de este municipio pide los habitantes continuar con las recomendaciones de mantener la Sana distancia, evitar aglomeraciones y en lo posible no salir de casa. Adem\u00e1s suspender la movilidad hacia las zonas con mayor \u00edndice de contagios como la Ciudad de M\u00e9xico y municipios del Estado de M\u00e9xico cercanos a la zona metropolitana como Chalco, Ixtapaluca y Valle de Chalco, por ser los m\u00e1s cercanos. As\u00ed mismo se pide el apoyo de la poblaci\u00f3n para que platique con sus familiares que residen en las zonas mencionadas de mayor contagio por el COVID a fin de que eviten las visitas por el riesgo de contagios.<\/p>\n<p>Por parte del Ayuntamiento se tom\u00f3 la medida de retirar a la poblaci\u00f3n vulnerable a hacer cuarentena por distanciamiento social. Sin embargo, no est\u00e1n cumpliendo con esta recomendaci\u00f3n que es para beneficio de su propia salud, por lo que el gobierno de Atlautla los exhorta a que de verdad se lleve a cabo para evitar medidas m\u00e1s restrictivas, pues \u201cno es posible que no valoren su propia salud y la de sus familiares, ayudemos a que las actividades que hoy estamos suspendiendo, puedan volver a la normalidad en un lapso menor de tiempo, de verdad, hagan esa enorme labor social, cuid\u00e9monos entre todos y cuidemos a nuestra poblaci\u00f3n, \u00a1a\u00fan estamos a tiempo!\u201d.<\/p>\n","protected":false},"excerpt":{"rendered":"<p>Atlautla Estado de M\u00e9xico.- El gobierno municipal de Atlautla que encabeza Hermenegildo Lozada Amaro, ha<\/p>\n","protected":false},"author":1,"featured_media":6803,"comment_status":"open","ping_status":"open","sticky":false,"template":"","format":"standard","meta":{"footnotes":""},"categories":[1],"tags":[80],"class_list":["post-6802","post","type-post","status-publish","format-standard","has-post-thumbnail","hentry","category-municipales","tag-atlautla"],"yoast_head":"<!-- This site is optimized with the Yoast SEO plugin v25.3 - https:\/\/yoast.com\/wordpress\/plugins\/seo\/ -->\n<title>Cierran la Plaza C\u00e9ntrica, los parques y Jardines del municipio de #Atlautla - Volcanes<\/title>\n<meta name=\"robots\" content=\"index, follow, max-snippet:-1, max-image-preview:large, max-video-preview:-1\" \/>\n<link rel=\"canonical\" href=\"https:\/\/volcanes.net\/?p=6802\" \/>\n<meta property=\"og:locale\" content=\"es_MX\" \/>\n<meta property=\"og:type\" content=\"article\" \/>\n<meta property=\"og:title\" content=\"Cierran la Plaza C\u00e9ntrica, los parques y Jardines del municipio de #Atlautla - Volcanes\" \/>\n<meta property=\"og:description\" content=\"Atlautla Estado de M\u00e9xico.- El gobierno municipal de Atlautla que encabeza Hermenegildo Lozada Amaro, ha\" \/>\n<meta property=\"og:url\" content=\"https:\/\/volcanes.net\/?p=6802\" \/>\n<meta property=\"og:site_name\" content=\"Volcanes\" \/>\n<meta property=\"article:publisher\" content=\"https:\/\/www.facebook.com\/volcanes.net\/\" \/>\n<meta property=\"article:published_time\" content=\"2020-04-17T01:42:19+00:00\" \/>\n<meta property=\"og:image\" content=\"https:\/\/volcanes.net\/wp-content\/uploads\/2020\/04\/WhatsApp-Image-2020-04-16-at-7.36.48-PM.jpeg\" \/>\n\t<meta property=\"og:image:width\" content=\"1280\" \/>\n\t<meta property=\"og:image:height\" content=\"960\" \/>\n\t<meta property=\"og:image:type\" content=\"image\/jpeg\" \/>\n<meta name=\"author\" content=\"admin\" \/>\n<meta name=\"twitter:card\" content=\"summary_large_image\" \/>\n<meta name=\"twitter:label1\" content=\"Escrito por\" \/>\n\t<meta name=\"twitter:data1\" content=\"admin\" \/>\n\t<meta name=\"twitter:label2\" content=\"Tiempo de lectura\" \/>\n\t<meta name=\"twitter:data2\" content=\"2 minutos\" \/>\n<script type=\"application\/ld+json\" class=\"yoast-schema-graph\">{\"@context\":\"https:\/\/schema.org\",\"@graph\":[{\"@type\":\"Article\",\"@id\":\"https:\/\/volcanes.net\/?p=6802#article\",\"isPartOf\":{\"@id\":\"https:\/\/volcanes.net\/?p=6802\"},\"author\":{\"name\":\"admin\",\"@id\":\"https:\/\/volcanes.net\/#\/schema\/person\/4bf0f383940966a4abd53f5048c0e6b9\"},\"headline\":\"Cierran la Plaza C\u00e9ntrica, los parques y Jardines del municipio de #Atlautla\",\"datePublished\":\"2020-04-17T01:42:19+00:00\",\"mainEntityOfPage\":{\"@id\":\"https:\/\/volcanes.net\/?p=6802\"},\"wordCount\":378,\"commentCount\":0,\"publisher\":{\"@id\":\"https:\/\/volcanes.net\/#organization\"},\"image\":{\"@id\":\"https:\/\/volcanes.net\/?p=6802#primaryimage\"},\"thumbnailUrl\":\"https:\/\/volcanes.net\/wp-content\/uploads\/2020\/04\/WhatsApp-Image-2020-04-16-at-7.36.48-PM.jpeg\",\"keywords\":[\"Atlautla\"],\"articleSection\":[\"Municipales\"],\"inLanguage\":\"es\",\"potentialAction\":[{\"@type\":\"CommentAction\",\"name\":\"Comment\",\"target\":[\"https:\/\/volcanes.net\/?p=6802#respond\"]}]},{\"@type\":\"WebPage\",\"@id\":\"https:\/\/volcanes.net\/?p=6802\",\"url\":\"https:\/\/volcanes.net\/?p=6802\",\"name\":\"Cierran la Plaza C\u00e9ntrica, los parques y Jardines del municipio de #Atlautla - Volcanes\",\"isPartOf\":{\"@id\":\"https:\/\/volcanes.net\/#website\"},\"primaryImageOfPage\":{\"@id\":\"https:\/\/volcanes.net\/?p=6802#primaryimage\"},\"image\":{\"@id\":\"https:\/\/volcanes.net\/?p=6802#primaryimage\"},\"thumbnailUrl\":\"https:\/\/volcanes.net\/wp-content\/uploads\/2020\/04\/WhatsApp-Image-2020-04-16-at-7.36.48-PM.jpeg\",\"datePublished\":\"2020-04-17T01:42:19+00:00\",\"breadcrumb\":{\"@id\":\"https:\/\/volcanes.net\/?p=6802#breadcrumb\"},\"inLanguage\":\"es\",\"potentialAction\":[{\"@type\":\"ReadAction\",\"target\":[\"https:\/\/volcanes.net\/?p=6802\"]}]},{\"@type\":\"ImageObject\",\"inLanguage\":\"es\",\"@id\":\"https:\/\/volcanes.net\/?p=6802#primaryimage\",\"url\":\"https:\/\/volcanes.net\/wp-content\/uploads\/2020\/04\/WhatsApp-Image-2020-04-16-at-7.36.48-PM.jpeg\",\"contentUrl\":\"https:\/\/volcanes.net\/wp-content\/uploads\/2020\/04\/WhatsApp-Image-2020-04-16-at-7.36.48-PM.jpeg\",\"width\":1280,\"height\":960},{\"@type\":\"BreadcrumbList\",\"@id\":\"https:\/\/volcanes.net\/?p=6802#breadcrumb\",\"itemListElement\":[{\"@type\":\"ListItem\",\"position\":1,\"name\":\"Portada\",\"item\":\"https:\/\/volcanes.net\/\"},{\"@type\":\"ListItem\",\"position\":2,\"name\":\"Cierran la Plaza C\u00e9ntrica, los parques y Jardines del municipio de #Atlautla\"}]},{\"@type\":\"WebSite\",\"@id\":\"https:\/\/volcanes.net\/#website\",\"url\":\"https:\/\/volcanes.net\/\",\"name\":\"Volcanes.Net\",\"description\":\"Periodismo Profesional\",\"publisher\":{\"@id\":\"https:\/\/volcanes.net\/#organization\"},\"potentialAction\":[{\"@type\":\"SearchAction\",\"target\":{\"@type\":\"EntryPoint\",\"urlTemplate\":\"https:\/\/volcanes.net\/?s={search_term_string}\"},\"query-input\":{\"@type\":\"PropertyValueSpecification\",\"valueRequired\":true,\"valueName\":\"search_term_string\"}}],\"inLanguage\":\"es\"},{\"@type\":\"Organization\",\"@id\":\"https:\/\/volcanes.net\/#organization\",\"name\":\"Grupo Volcanes\",\"url\":\"https:\/\/volcanes.net\/\",\"logo\":{\"@type\":\"ImageObject\",\"inLanguage\":\"es\",\"@id\":\"https:\/\/volcanes.net\/#\/schema\/logo\/image\/\",\"url\":\"http:\/\/volcanes.net\/wp-content\/uploads\/2017\/12\/Avatar2.jpg\",\"contentUrl\":\"http:\/\/volcanes.net\/wp-content\/uploads\/2017\/12\/Avatar2.jpg\",\"width\":378,\"height\":378,\"caption\":\"Grupo Volcanes\"},\"image\":{\"@id\":\"https:\/\/volcanes.net\/#\/schema\/logo\/image\/\"},\"sameAs\":[\"https:\/\/www.facebook.com\/volcanes.net\/\"]},{\"@type\":\"Person\",\"@id\":\"https:\/\/volcanes.net\/#\/schema\/person\/4bf0f383940966a4abd53f5048c0e6b9\",\"name\":\"admin\",\"image\":{\"@type\":\"ImageObject\",\"inLanguage\":\"es\",\"@id\":\"https:\/\/volcanes.net\/#\/schema\/person\/image\/\",\"url\":\"https:\/\/secure.gravatar.com\/avatar\/ca004e6cba8462b8cb7abc86e382930c?s=96&d=mm&r=g\",\"contentUrl\":\"https:\/\/secure.gravatar.com\/avatar\/ca004e6cba8462b8cb7abc86e382930c?s=96&d=mm&r=g\",\"caption\":\"admin\"}}]}<\/script>\n<!-- \/ Yoast SEO plugin. -->","yoast_head_json":{"title":"Cierran la Plaza C\u00e9ntrica, los parques y Jardines del municipio de #Atlautla - Volcanes","robots":{"index":"index","follow":"follow","max-snippet":"max-snippet:-1","max-image-preview":"max-image-preview:large","max-video-preview":"max-video-preview:-1"},"canonical":"https:\/\/volcanes.net\/?p=6802","og_locale":"es_MX","og_type":"article","og_title":"Cierran la Plaza C\u00e9ntrica, los parques y Jardines del municipio de #Atlautla - Volcanes","og_description":"Atlautla Estado de M\u00e9xico.- El gobierno municipal de Atlautla que encabeza Hermenegildo Lozada Amaro, ha","og_url":"https:\/\/volcanes.net\/?p=6802","og_site_name":"Volcanes","article_publisher":"https:\/\/www.facebook.com\/volcanes.net\/","article_published_time":"2020-04-17T01:42:19+00:00","og_image":[{"width":1280,"height":960,"url":"https:\/\/volcanes.net\/wp-content\/uploads\/2020\/04\/WhatsApp-Image-2020-04-16-at-7.36.48-PM.jpeg","type":"image\/jpeg"}],"author":"admin","twitter_card":"summary_large_image","twitter_misc":{"Escrito por":"admin","Tiempo de lectura":"2 minutos"},"schema":{"@context":"https:\/\/schema.org","@graph":[{"@type":"Article","@id":"https:\/\/volcanes.net\/?p=6802#article","isPartOf":{"@id":"https:\/\/volcanes.net\/?p=6802"},"author":{"name":"admin","@id":"https:\/\/volcanes.net\/#\/schema\/person\/4bf0f383940966a4abd53f5048c0e6b9"},"headline":"Cierran la Plaza C\u00e9ntrica, los parques y Jardines del municipio de #Atlautla","datePublished":"2020-04-17T01:42:19+00:00","mainEntityOfPage":{"@id":"https:\/\/volcanes.net\/?p=6802"},"wordCount":378,"commentCount":0,"publisher":{"@id":"https:\/\/volcanes.net\/#organization"},"image":{"@id":"https:\/\/volcanes.net\/?p=6802#primaryimage"},"thumbnailUrl":"https:\/\/volcanes.net\/wp-content\/uploads\/2020\/04\/WhatsApp-Image-2020-04-16-at-7.36.48-PM.jpeg","keywords":["Atlautla"],"articleSection":["Municipales"],"inLanguage":"es","potentialAction":[{"@type":"CommentAction","name":"Comment","target":["https:\/\/volcanes.net\/?p=6802#respond"]}]},{"@type":"WebPage","@id":"https:\/\/volcanes.net\/?p=6802","url":"https:\/\/volcanes.net\/?p=6802","name":"Cierran la Plaza C\u00e9ntrica, los parques y Jardines del municipio de #Atlautla - Volcanes","isPartOf":{"@id":"https:\/\/volcanes.net\/#website"},"primaryImageOfPage":{"@id":"https:\/\/volcanes.net\/?p=6802#primaryimage"},"image":{"@id":"https:\/\/volcanes.net\/?p=6802#primaryimage"},"thumbnailUrl":"https:\/\/volcanes.net\/wp-content\/uploads\/2020\/04\/WhatsApp-Image-2020-04-16-at-7.36.48-PM.jpeg","datePublished":"2020-04-17T01:42:19+00:00","breadcrumb":{"@id":"https:\/\/volcanes.net\/?p=6802#breadcrumb"},"inLanguage":"es","potentialAction":[{"@type":"ReadAction","target":["https:\/\/volcanes.net\/?p=6802"]}]},{"@type":"ImageObject","inLanguage":"es","@id":"https:\/\/volcanes.net\/?p=6802#primaryimage","url":"https:\/\/volcanes.net\/wp-content\/uploads\/2020\/04\/WhatsApp-Image-2020-04-16-at-7.36.48-PM.jpeg","contentUrl":"https:\/\/volcanes.net\/wp-content\/uploads\/2020\/04\/WhatsApp-Image-2020-04-16-at-7.36.48-PM.jpeg","width":1280,"height":960},{"@type":"BreadcrumbList","@id":"https:\/\/volcanes.net\/?p=6802#breadcrumb","itemListElement":[{"@type":"ListItem","position":1,"name":"Portada","item":"https:\/\/volcanes.net\/"},{"@type":"ListItem","position":2,"name":"Cierran la Plaza C\u00e9ntrica, los parques y Jardines del municipio de #Atlautla"}]},{"@type":"WebSite","@id":"https:\/\/volcanes.net\/#website","url":"https:\/\/volcanes.net\/","name":"Volcanes.Net","description":"Periodismo Profesional","publisher":{"@id":"https:\/\/volcanes.net\/#organization"},"potentialAction":[{"@type":"SearchAction","target":{"@type":"EntryPoint","urlTemplate":"https:\/\/volcanes.net\/?s={search_term_string}"},"query-input":{"@type":"PropertyValueSpecification","valueRequired":true,"valueName":"search_term_string"}}],"inLanguage":"es"},{"@type":"Organization","@id":"https:\/\/volcanes.net\/#organization","name":"Grupo Volcanes","url":"https:\/\/volcanes.net\/","logo":{"@type":"ImageObject","inLanguage":"es","@id":"https:\/\/volcanes.net\/#\/schema\/logo\/image\/","url":"http:\/\/volcanes.net\/wp-content\/uploads\/2017\/12\/Avatar2.jpg","contentUrl":"http:\/\/volcanes.net\/wp-content\/uploads\/2017\/12\/Avatar2.jpg","width":378,"height":378,"caption":"Grupo Volcanes"},"image":{"@id":"https:\/\/volcanes.net\/#\/schema\/logo\/image\/"},"sameAs":["https:\/\/www.facebook.com\/volcanes.net\/"]},{"@type":"Person","@id":"https:\/\/volcanes.net\/#\/schema\/person\/4bf0f383940966a4abd53f5048c0e6b9","name":"admin","image":{"@type":"ImageObject","inLanguage":"es","@id":"https:\/\/volcanes.net\/#\/schema\/person\/image\/","url":"https:\/\/secure.gravatar.com\/avatar\/ca004e6cba8462b8cb7abc86e382930c?s=96&d=mm&r=g","contentUrl":"https:\/\/secure.gravatar.com\/avatar\/ca004e6cba8462b8cb7abc86e382930c?s=96&d=mm&r=g","caption":"admin"}}]}},"_links":{"self":[{"href":"https:\/\/volcanes.net\/index.php?rest_route=\/wp\/v2\/posts\/6802"}],"collection":[{"href":"https:\/\/volcanes.net\/index.php?rest_route=\/wp\/v2\/posts"}],"about":[{"href":"https:\/\/volcanes.net\/index.php?rest_route=\/wp\/v2\/types\/post"}],"author":[{"embeddable":true,"href":"https:\/\/volcanes.net\/index.php?rest_route=\/wp\/v2\/users\/1"}],"replies":[{"embeddable":true,"href":"https:\/\/volcanes.net\/index.php?rest_route=%2Fwp%2Fv2%2Fcomments&post=6802"}],"version-history":[{"count":1,"href":"https:\/\/volcanes.net\/index.php?rest_route=\/wp\/v2\/posts\/6802\/revisions"}],"predecessor-version":[{"id":6804,"href":"https:\/\/volcanes.net\/index.php?rest_route=\/wp\/v2\/posts\/6802\/revisions\/6804"}],"wp:featuredmedia":[{"embeddable":true,"href":"https:\/\/volcanes.net\/index.php?rest_route=\/wp\/v2\/media\/6803"}],"wp:attachment":[{"href":"https:\/\/volcanes.net\/index.php?rest_route=%2Fwp%2Fv2%2Fmedia&parent=6802"}],"wp:term":[{"taxonomy":"category","embeddable":true,"href":"https:\/\/volcanes.net\/index.php?rest_route=%2Fwp%2Fv2%2Fcategories&post=6802"},{"taxonomy":"post_tag","embeddable":true,"href":"https:\/\/volcanes.net\/index.php?rest_route=%2Fwp%2Fv2%2Ftags&post=6802"}],"curies":[{"name":"wp","href":"https:\/\/api.w.org\/{rel}","templated":true}]}}