{"id":6814,"date":"2020-04-21T10:17:33","date_gmt":"2020-04-21T16:17:33","guid":{"rendered":"https:\/\/volcanes.net\/?p=6814"},"modified":"2020-04-21T10:23:57","modified_gmt":"2020-04-21T16:23:57","slug":"en-valle-de-chalco-hace-un-llamado-para-que-solamente-se-vendan-comida-para-llevar","status":"publish","type":"post","link":"https:\/\/volcanes.net\/?p=6814","title":{"rendered":"En Valle de Chalco se hace un llamado para que solamente se vendan comida para llevar"},"content":{"rendered":"<div style=\"margin-top: 0px; margin-bottom: 0px;\" class=\"sharethis-inline-share-buttons\" ><\/div><p>Valle de Chalco Estado de M\u00e9xico a 21 de Abril del 2020<br \/>\nEn el municipio el alcalde hace un atento llamado a los establecimientos para que solo vendan comida para llevar, ya que se deben cumplir con las medidas de seguridad, para salvaguardar a todos los pobladores.<\/p>\n<p>El Lic. Armando Garc\u00eda M\u00e9ndez, Presidente Municipal de Valle de Chalco Solidaridad a trav\u00e9s del Comit\u00e9 Interno Municipal para la Protecci\u00f3n Contra Riesgos Sanitarios, se dio cita para visitar cada establecimiento y llevar consigo la invitaci\u00f3n a los comercios con venta de alimentos a seguir las recomendaciones dispuestas por el gobierno federal, estatal y municipal, implementando la venta de los alimentos en su modalidad \u201csolo para llevar\u201d, reiter\u00e1ndoles su apoyo en caso de alg\u00fan percance que ellos pudieran tener.As\u00ed mismo se les invita a utilizar el cubre bocas, gel antibacterial y guardar la sana distancia, de un metro y medio m\u00ednimo, para as\u00ed evitar contagios, a fin de que los comercios sigan laborando, para no ser afectados en su econom\u00eda, y la econom\u00eda del municipio, dej\u00e1ndoles como encomienda que ellos mismos al ser el primer contacto con sus clientes les indiquen que tambi\u00e9n hagan el uso de las recomendaciones sanitarias y tambi\u00e9n el no salir de sus domicilios, solamente si es alguna emergencia.<\/p>\n","protected":false},"excerpt":{"rendered":"<p>Valle de Chalco Estado de M\u00e9xico a 21 de Abril del 2020 En el municipio<\/p>\n","protected":false},"author":1,"featured_media":6812,"comment_status":"open","ping_status":"open","sticky":false,"template":"","format":"standard","meta":{"footnotes":""},"categories":[1],"tags":[5],"class_list":["post-6814","post","type-post","status-publish","format-standard","has-post-thumbnail","hentry","category-municipales","tag-valle-de-chalco"],"yoast_head":"<!-- This site is optimized with the Yoast SEO plugin v25.3 - https:\/\/yoast.com\/wordpress\/plugins\/seo\/ -->\n<title>En Valle de Chalco se hace un llamado para que solamente se vendan comida para llevar - Volcanes<\/title>\n<meta name=\"robots\" content=\"index, follow, max-snippet:-1, max-image-preview:large, max-video-preview:-1\" \/>\n<link rel=\"canonical\" href=\"https:\/\/volcanes.net\/?p=6814\" \/>\n<meta property=\"og:locale\" content=\"es_MX\" \/>\n<meta property=\"og:type\" content=\"article\" \/>\n<meta property=\"og:title\" content=\"En Valle de Chalco se hace un llamado para que solamente se vendan comida para llevar - Volcanes\" \/>\n<meta property=\"og:description\" content=\"Valle de Chalco Estado de M\u00e9xico a 21 de Abril del 2020 En el municipio\" \/>\n<meta property=\"og:url\" content=\"https:\/\/volcanes.net\/?p=6814\" \/>\n<meta property=\"og:site_name\" content=\"Volcanes\" \/>\n<meta property=\"article:publisher\" content=\"https:\/\/www.facebook.com\/volcanes.net\/\" \/>\n<meta property=\"article:published_time\" content=\"2020-04-21T16:17:33+00:00\" \/>\n<meta property=\"article:modified_time\" content=\"2020-04-21T16:23:57+00:00\" \/>\n<meta property=\"og:image\" content=\"https:\/\/volcanes.net\/wp-content\/uploads\/2020\/04\/IMG-20200421-WA0022_copy_720x585.jpg\" \/>\n\t<meta property=\"og:image:width\" content=\"720\" \/>\n\t<meta property=\"og:image:height\" content=\"585\" \/>\n\t<meta property=\"og:image:type\" content=\"image\/jpeg\" \/>\n<meta name=\"author\" content=\"admin\" \/>\n<meta name=\"twitter:card\" content=\"summary_large_image\" \/>\n<meta name=\"twitter:label1\" content=\"Escrito por\" \/>\n\t<meta name=\"twitter:data1\" content=\"admin\" \/>\n\t<meta name=\"twitter:label2\" content=\"Tiempo de lectura\" \/>\n\t<meta name=\"twitter:data2\" content=\"1 minuto\" \/>\n<script type=\"application\/ld+json\" class=\"yoast-schema-graph\">{\"@context\":\"https:\/\/schema.org\",\"@graph\":[{\"@type\":\"Article\",\"@id\":\"https:\/\/volcanes.net\/?p=6814#article\",\"isPartOf\":{\"@id\":\"https:\/\/volcanes.net\/?p=6814\"},\"author\":{\"name\":\"admin\",\"@id\":\"https:\/\/volcanes.net\/#\/schema\/person\/4bf0f383940966a4abd53f5048c0e6b9\"},\"headline\":\"En Valle de Chalco se hace un llamado para que solamente se vendan comida para llevar\",\"datePublished\":\"2020-04-21T16:17:33+00:00\",\"dateModified\":\"2020-04-21T16:23:57+00:00\",\"mainEntityOfPage\":{\"@id\":\"https:\/\/volcanes.net\/?p=6814\"},\"wordCount\":239,\"commentCount\":0,\"publisher\":{\"@id\":\"https:\/\/volcanes.net\/#organization\"},\"image\":{\"@id\":\"https:\/\/volcanes.net\/?p=6814#primaryimage\"},\"thumbnailUrl\":\"https:\/\/volcanes.net\/wp-content\/uploads\/2020\/04\/IMG-20200421-WA0022_copy_720x585.jpg\",\"keywords\":[\"Valle de Chalco\"],\"articleSection\":[\"Municipales\"],\"inLanguage\":\"es\",\"potentialAction\":[{\"@type\":\"CommentAction\",\"name\":\"Comment\",\"target\":[\"https:\/\/volcanes.net\/?p=6814#respond\"]}]},{\"@type\":\"WebPage\",\"@id\":\"https:\/\/volcanes.net\/?p=6814\",\"url\":\"https:\/\/volcanes.net\/?p=6814\",\"name\":\"En Valle de Chalco se hace un llamado para que solamente se vendan comida para llevar - Volcanes\",\"isPartOf\":{\"@id\":\"https:\/\/volcanes.net\/#website\"},\"primaryImageOfPage\":{\"@id\":\"https:\/\/volcanes.net\/?p=6814#primaryimage\"},\"image\":{\"@id\":\"https:\/\/volcanes.net\/?p=6814#primaryimage\"},\"thumbnailUrl\":\"https:\/\/volcanes.net\/wp-content\/uploads\/2020\/04\/IMG-20200421-WA0022_copy_720x585.jpg\",\"datePublished\":\"2020-04-21T16:17:33+00:00\",\"dateModified\":\"2020-04-21T16:23:57+00:00\",\"breadcrumb\":{\"@id\":\"https:\/\/volcanes.net\/?p=6814#breadcrumb\"},\"inLanguage\":\"es\",\"potentialAction\":[{\"@type\":\"ReadAction\",\"target\":[\"https:\/\/volcanes.net\/?p=6814\"]}]},{\"@type\":\"ImageObject\",\"inLanguage\":\"es\",\"@id\":\"https:\/\/volcanes.net\/?p=6814#primaryimage\",\"url\":\"https:\/\/volcanes.net\/wp-content\/uploads\/2020\/04\/IMG-20200421-WA0022_copy_720x585.jpg\",\"contentUrl\":\"https:\/\/volcanes.net\/wp-content\/uploads\/2020\/04\/IMG-20200421-WA0022_copy_720x585.jpg\",\"width\":720,\"height\":585},{\"@type\":\"BreadcrumbList\",\"@id\":\"https:\/\/volcanes.net\/?p=6814#breadcrumb\",\"itemListElement\":[{\"@type\":\"ListItem\",\"position\":1,\"name\":\"Portada\",\"item\":\"https:\/\/volcanes.net\/\"},{\"@type\":\"ListItem\",\"position\":2,\"name\":\"En Valle de Chalco se hace un llamado para que solamente se vendan comida para llevar\"}]},{\"@type\":\"WebSite\",\"@id\":\"https:\/\/volcanes.net\/#website\",\"url\":\"https:\/\/volcanes.net\/\",\"name\":\"Volcanes.Net\",\"description\":\"Periodismo Profesional\",\"publisher\":{\"@id\":\"https:\/\/volcanes.net\/#organization\"},\"potentialAction\":[{\"@type\":\"SearchAction\",\"target\":{\"@type\":\"EntryPoint\",\"urlTemplate\":\"https:\/\/volcanes.net\/?s={search_term_string}\"},\"query-input\":{\"@type\":\"PropertyValueSpecification\",\"valueRequired\":true,\"valueName\":\"search_term_string\"}}],\"inLanguage\":\"es\"},{\"@type\":\"Organization\",\"@id\":\"https:\/\/volcanes.net\/#organization\",\"name\":\"Grupo Volcanes\",\"url\":\"https:\/\/volcanes.net\/\",\"logo\":{\"@type\":\"ImageObject\",\"inLanguage\":\"es\",\"@id\":\"https:\/\/volcanes.net\/#\/schema\/logo\/image\/\",\"url\":\"http:\/\/volcanes.net\/wp-content\/uploads\/2017\/12\/Avatar2.jpg\",\"contentUrl\":\"http:\/\/volcanes.net\/wp-content\/uploads\/2017\/12\/Avatar2.jpg\",\"width\":378,\"height\":378,\"caption\":\"Grupo Volcanes\"},\"image\":{\"@id\":\"https:\/\/volcanes.net\/#\/schema\/logo\/image\/\"},\"sameAs\":[\"https:\/\/www.facebook.com\/volcanes.net\/\"]},{\"@type\":\"Person\",\"@id\":\"https:\/\/volcanes.net\/#\/schema\/person\/4bf0f383940966a4abd53f5048c0e6b9\",\"name\":\"admin\",\"image\":{\"@type\":\"ImageObject\",\"inLanguage\":\"es\",\"@id\":\"https:\/\/volcanes.net\/#\/schema\/person\/image\/\",\"url\":\"https:\/\/secure.gravatar.com\/avatar\/ca004e6cba8462b8cb7abc86e382930c?s=96&d=mm&r=g\",\"contentUrl\":\"https:\/\/secure.gravatar.com\/avatar\/ca004e6cba8462b8cb7abc86e382930c?s=96&d=mm&r=g\",\"caption\":\"admin\"}}]}<\/script>\n<!-- \/ Yoast SEO plugin. -->","yoast_head_json":{"title":"En Valle de Chalco se hace un llamado para que solamente se vendan comida para llevar - Volcanes","robots":{"index":"index","follow":"follow","max-snippet":"max-snippet:-1","max-image-preview":"max-image-preview:large","max-video-preview":"max-video-preview:-1"},"canonical":"https:\/\/volcanes.net\/?p=6814","og_locale":"es_MX","og_type":"article","og_title":"En Valle de Chalco se hace un llamado para que solamente se vendan comida para llevar - Volcanes","og_description":"Valle de Chalco Estado de M\u00e9xico a 21 de Abril del 2020 En el municipio","og_url":"https:\/\/volcanes.net\/?p=6814","og_site_name":"Volcanes","article_publisher":"https:\/\/www.facebook.com\/volcanes.net\/","article_published_time":"2020-04-21T16:17:33+00:00","article_modified_time":"2020-04-21T16:23:57+00:00","og_image":[{"width":720,"height":585,"url":"https:\/\/volcanes.net\/wp-content\/uploads\/2020\/04\/IMG-20200421-WA0022_copy_720x585.jpg","type":"image\/jpeg"}],"author":"admin","twitter_card":"summary_large_image","twitter_misc":{"Escrito por":"admin","Tiempo de lectura":"1 minuto"},"schema":{"@context":"https:\/\/schema.org","@graph":[{"@type":"Article","@id":"https:\/\/volcanes.net\/?p=6814#article","isPartOf":{"@id":"https:\/\/volcanes.net\/?p=6814"},"author":{"name":"admin","@id":"https:\/\/volcanes.net\/#\/schema\/person\/4bf0f383940966a4abd53f5048c0e6b9"},"headline":"En Valle de Chalco se hace un llamado para que solamente se vendan comida para llevar","datePublished":"2020-04-21T16:17:33+00:00","dateModified":"2020-04-21T16:23:57+00:00","mainEntityOfPage":{"@id":"https:\/\/volcanes.net\/?p=6814"},"wordCount":239,"commentCount":0,"publisher":{"@id":"https:\/\/volcanes.net\/#organization"},"image":{"@id":"https:\/\/volcanes.net\/?p=6814#primaryimage"},"thumbnailUrl":"https:\/\/volcanes.net\/wp-content\/uploads\/2020\/04\/IMG-20200421-WA0022_copy_720x585.jpg","keywords":["Valle de Chalco"],"articleSection":["Municipales"],"inLanguage":"es","potentialAction":[{"@type":"CommentAction","name":"Comment","target":["https:\/\/volcanes.net\/?p=6814#respond"]}]},{"@type":"WebPage","@id":"https:\/\/volcanes.net\/?p=6814","url":"https:\/\/volcanes.net\/?p=6814","name":"En Valle de Chalco se hace un llamado para que solamente se vendan comida para llevar - Volcanes","isPartOf":{"@id":"https:\/\/volcanes.net\/#website"},"primaryImageOfPage":{"@id":"https:\/\/volcanes.net\/?p=6814#primaryimage"},"image":{"@id":"https:\/\/volcanes.net\/?p=6814#primaryimage"},"thumbnailUrl":"https:\/\/volcanes.net\/wp-content\/uploads\/2020\/04\/IMG-20200421-WA0022_copy_720x585.jpg","datePublished":"2020-04-21T16:17:33+00:00","dateModified":"2020-04-21T16:23:57+00:00","breadcrumb":{"@id":"https:\/\/volcanes.net\/?p=6814#breadcrumb"},"inLanguage":"es","potentialAction":[{"@type":"ReadAction","target":["https:\/\/volcanes.net\/?p=6814"]}]},{"@type":"ImageObject","inLanguage":"es","@id":"https:\/\/volcanes.net\/?p=6814#primaryimage","url":"https:\/\/volcanes.net\/wp-content\/uploads\/2020\/04\/IMG-20200421-WA0022_copy_720x585.jpg","contentUrl":"https:\/\/volcanes.net\/wp-content\/uploads\/2020\/04\/IMG-20200421-WA0022_copy_720x585.jpg","width":720,"height":585},{"@type":"BreadcrumbList","@id":"https:\/\/volcanes.net\/?p=6814#breadcrumb","itemListElement":[{"@type":"ListItem","position":1,"name":"Portada","item":"https:\/\/volcanes.net\/"},{"@type":"ListItem","position":2,"name":"En Valle de Chalco se hace un llamado para que solamente se vendan comida para llevar"}]},{"@type":"WebSite","@id":"https:\/\/volcanes.net\/#website","url":"https:\/\/volcanes.net\/","name":"Volcanes.Net","description":"Periodismo Profesional","publisher":{"@id":"https:\/\/volcanes.net\/#organization"},"potentialAction":[{"@type":"SearchAction","target":{"@type":"EntryPoint","urlTemplate":"https:\/\/volcanes.net\/?s={search_term_string}"},"query-input":{"@type":"PropertyValueSpecification","valueRequired":true,"valueName":"search_term_string"}}],"inLanguage":"es"},{"@type":"Organization","@id":"https:\/\/volcanes.net\/#organization","name":"Grupo Volcanes","url":"https:\/\/volcanes.net\/","logo":{"@type":"ImageObject","inLanguage":"es","@id":"https:\/\/volcanes.net\/#\/schema\/logo\/image\/","url":"http:\/\/volcanes.net\/wp-content\/uploads\/2017\/12\/Avatar2.jpg","contentUrl":"http:\/\/volcanes.net\/wp-content\/uploads\/2017\/12\/Avatar2.jpg","width":378,"height":378,"caption":"Grupo Volcanes"},"image":{"@id":"https:\/\/volcanes.net\/#\/schema\/logo\/image\/"},"sameAs":["https:\/\/www.facebook.com\/volcanes.net\/"]},{"@type":"Person","@id":"https:\/\/volcanes.net\/#\/schema\/person\/4bf0f383940966a4abd53f5048c0e6b9","name":"admin","image":{"@type":"ImageObject","inLanguage":"es","@id":"https:\/\/volcanes.net\/#\/schema\/person\/image\/","url":"https:\/\/secure.gravatar.com\/avatar\/ca004e6cba8462b8cb7abc86e382930c?s=96&d=mm&r=g","contentUrl":"https:\/\/secure.gravatar.com\/avatar\/ca004e6cba8462b8cb7abc86e382930c?s=96&d=mm&r=g","caption":"admin"}}]}},"_links":{"self":[{"href":"https:\/\/volcanes.net\/index.php?rest_route=\/wp\/v2\/posts\/6814"}],"collection":[{"href":"https:\/\/volcanes.net\/index.php?rest_route=\/wp\/v2\/posts"}],"about":[{"href":"https:\/\/volcanes.net\/index.php?rest_route=\/wp\/v2\/types\/post"}],"author":[{"embeddable":true,"href":"https:\/\/volcanes.net\/index.php?rest_route=\/wp\/v2\/users\/1"}],"replies":[{"embeddable":true,"href":"https:\/\/volcanes.net\/index.php?rest_route=%2Fwp%2Fv2%2Fcomments&post=6814"}],"version-history":[{"count":2,"href":"https:\/\/volcanes.net\/index.php?rest_route=\/wp\/v2\/posts\/6814\/revisions"}],"predecessor-version":[{"id":6818,"href":"https:\/\/volcanes.net\/index.php?rest_route=\/wp\/v2\/posts\/6814\/revisions\/6818"}],"wp:featuredmedia":[{"embeddable":true,"href":"https:\/\/volcanes.net\/index.php?rest_route=\/wp\/v2\/media\/6812"}],"wp:attachment":[{"href":"https:\/\/volcanes.net\/index.php?rest_route=%2Fwp%2Fv2%2Fmedia&parent=6814"}],"wp:term":[{"taxonomy":"category","embeddable":true,"href":"https:\/\/volcanes.net\/index.php?rest_route=%2Fwp%2Fv2%2Fcategories&post=6814"},{"taxonomy":"post_tag","embeddable":true,"href":"https:\/\/volcanes.net\/index.php?rest_route=%2Fwp%2Fv2%2Ftags&post=6814"}],"curies":[{"name":"wp","href":"https:\/\/api.w.org\/{rel}","templated":true}]}}