{"id":6849,"date":"2020-04-22T16:49:29","date_gmt":"2020-04-22T22:49:29","guid":{"rendered":"https:\/\/volcanes.net\/?p=6849"},"modified":"2020-04-22T16:50:08","modified_gmt":"2020-04-22T22:50:08","slug":"sanitizan-en-amecameca-450-unidades-de-transporte-publico-y-mas-de-mil-bicitaxis","status":"publish","type":"post","link":"https:\/\/volcanes.net\/?p=6849","title":{"rendered":"Sanitizan en Amecameca 450 unidades de transporte p\u00fablico y m\u00e1s de mil bicitaxis"},"content":{"rendered":"<div style=\"margin-top: 0px; margin-bottom: 0px;\" class=\"sharethis-inline-share-buttons\" ><\/div><p>Amecameca de Ju\u00e1rez, Estado de M\u00e9xico a 22 de abril de 2020.- Con la sanitizaci\u00f3n de 450 unidades de transporte p\u00fablico y m\u00e1s de 1000 bicitaxis el Gobierno Municipal refuerza las medidas de prevenci\u00f3n en esta Fase 3 de la pandemia del COVID-19.<br \/>\nDurante esta actividad el Presidente Municipal Miguel \u00c1ngel Salom\u00f3n Cort\u00e9s exhort\u00f3 a todos los conductores a portar cubrebocas y les agradeci\u00f3 su confianza por permitir sanitizar, bajar la carga viral en taxis, urvan, combis, autobuses y bicitaxis coadyuva en el cuidado de la salud de los usuarios y choferes de Amecameca y de los pasajeros de los municipios en donde suban pasaje\u201d<br \/>\nCabe mencionar que las rutas sanitizadas fueron Transportes Chalco, Ruta 36 ramal San Diego Huhuecalco, Autotransportes de Pasajeros Jos\u00e9 Antonio Alzate, Ruta 41 ramal San Juan Tehuixtitl\u00e1n, Uni\u00f3n de transportistas de Oriente, Ruta 61, Ruta 85, Autobuses de Amecameca, Autotransportes Ixtac\u00edhuatl, Sitio Ju\u00e1rez Base San Remo, Sitio Ju\u00e1rez Grupo Delta, Sitio Ju\u00e1rez Base Col\u00f3n, Autotransportes Ayapango de Gabriel Ramos Mill\u00e1n y Omnibus Crist\u00f3bal Col\u00f3n, con un total de 490 unidades. Asimismo participaron 20 agrupaciones de bicitaxis con un total de 1150 unidades.<\/p>\n","protected":false},"excerpt":{"rendered":"<p>Amecameca de Ju\u00e1rez, Estado de M\u00e9xico a 22 de abril de 2020.- Con la sanitizaci\u00f3n<\/p>\n","protected":false},"author":1,"featured_media":6848,"comment_status":"open","ping_status":"open","sticky":false,"template":"","format":"standard","meta":{"footnotes":""},"categories":[1],"tags":[7],"class_list":["post-6849","post","type-post","status-publish","format-standard","has-post-thumbnail","hentry","category-municipales","tag-amecameca"],"yoast_head":"<!-- This site is optimized with the Yoast SEO plugin v25.3 - https:\/\/yoast.com\/wordpress\/plugins\/seo\/ -->\n<title>Sanitizan en Amecameca 450 unidades de transporte p\u00fablico y m\u00e1s de mil bicitaxis - Volcanes<\/title>\n<meta name=\"robots\" content=\"index, follow, max-snippet:-1, max-image-preview:large, max-video-preview:-1\" \/>\n<link rel=\"canonical\" href=\"https:\/\/volcanes.net\/?p=6849\" \/>\n<meta property=\"og:locale\" content=\"es_MX\" \/>\n<meta property=\"og:type\" content=\"article\" \/>\n<meta property=\"og:title\" content=\"Sanitizan en Amecameca 450 unidades de transporte p\u00fablico y m\u00e1s de mil bicitaxis - Volcanes\" \/>\n<meta property=\"og:description\" content=\"Amecameca de Ju\u00e1rez, Estado de M\u00e9xico a 22 de abril de 2020.- Con la sanitizaci\u00f3n\" \/>\n<meta property=\"og:url\" content=\"https:\/\/volcanes.net\/?p=6849\" \/>\n<meta property=\"og:site_name\" content=\"Volcanes\" \/>\n<meta property=\"article:publisher\" content=\"https:\/\/www.facebook.com\/volcanes.net\/\" \/>\n<meta property=\"article:published_time\" content=\"2020-04-22T22:49:29+00:00\" \/>\n<meta property=\"article:modified_time\" content=\"2020-04-22T22:50:08+00:00\" \/>\n<meta property=\"og:image\" content=\"https:\/\/volcanes.net\/wp-content\/uploads\/2020\/04\/IMG-20200422-WA0042_copy_640x427.jpg\" \/>\n\t<meta property=\"og:image:width\" content=\"640\" \/>\n\t<meta property=\"og:image:height\" content=\"427\" \/>\n\t<meta property=\"og:image:type\" content=\"image\/jpeg\" \/>\n<meta name=\"author\" content=\"admin\" \/>\n<meta name=\"twitter:card\" content=\"summary_large_image\" \/>\n<meta name=\"twitter:label1\" content=\"Escrito por\" \/>\n\t<meta name=\"twitter:data1\" content=\"admin\" \/>\n\t<meta name=\"twitter:label2\" content=\"Tiempo de lectura\" \/>\n\t<meta name=\"twitter:data2\" content=\"1 minuto\" \/>\n<script type=\"application\/ld+json\" class=\"yoast-schema-graph\">{\"@context\":\"https:\/\/schema.org\",\"@graph\":[{\"@type\":\"Article\",\"@id\":\"https:\/\/volcanes.net\/?p=6849#article\",\"isPartOf\":{\"@id\":\"https:\/\/volcanes.net\/?p=6849\"},\"author\":{\"name\":\"admin\",\"@id\":\"https:\/\/volcanes.net\/#\/schema\/person\/4bf0f383940966a4abd53f5048c0e6b9\"},\"headline\":\"Sanitizan en Amecameca 450 unidades de transporte p\u00fablico y m\u00e1s de mil bicitaxis\",\"datePublished\":\"2020-04-22T22:49:29+00:00\",\"dateModified\":\"2020-04-22T22:50:08+00:00\",\"mainEntityOfPage\":{\"@id\":\"https:\/\/volcanes.net\/?p=6849\"},\"wordCount\":208,\"commentCount\":0,\"publisher\":{\"@id\":\"https:\/\/volcanes.net\/#organization\"},\"image\":{\"@id\":\"https:\/\/volcanes.net\/?p=6849#primaryimage\"},\"thumbnailUrl\":\"https:\/\/volcanes.net\/wp-content\/uploads\/2020\/04\/IMG-20200422-WA0042_copy_640x427.jpg\",\"keywords\":[\"Amecameca\"],\"articleSection\":[\"Municipales\"],\"inLanguage\":\"es\",\"potentialAction\":[{\"@type\":\"CommentAction\",\"name\":\"Comment\",\"target\":[\"https:\/\/volcanes.net\/?p=6849#respond\"]}]},{\"@type\":\"WebPage\",\"@id\":\"https:\/\/volcanes.net\/?p=6849\",\"url\":\"https:\/\/volcanes.net\/?p=6849\",\"name\":\"Sanitizan en Amecameca 450 unidades de transporte p\u00fablico y m\u00e1s de mil bicitaxis - Volcanes\",\"isPartOf\":{\"@id\":\"https:\/\/volcanes.net\/#website\"},\"primaryImageOfPage\":{\"@id\":\"https:\/\/volcanes.net\/?p=6849#primaryimage\"},\"image\":{\"@id\":\"https:\/\/volcanes.net\/?p=6849#primaryimage\"},\"thumbnailUrl\":\"https:\/\/volcanes.net\/wp-content\/uploads\/2020\/04\/IMG-20200422-WA0042_copy_640x427.jpg\",\"datePublished\":\"2020-04-22T22:49:29+00:00\",\"dateModified\":\"2020-04-22T22:50:08+00:00\",\"breadcrumb\":{\"@id\":\"https:\/\/volcanes.net\/?p=6849#breadcrumb\"},\"inLanguage\":\"es\",\"potentialAction\":[{\"@type\":\"ReadAction\",\"target\":[\"https:\/\/volcanes.net\/?p=6849\"]}]},{\"@type\":\"ImageObject\",\"inLanguage\":\"es\",\"@id\":\"https:\/\/volcanes.net\/?p=6849#primaryimage\",\"url\":\"https:\/\/volcanes.net\/wp-content\/uploads\/2020\/04\/IMG-20200422-WA0042_copy_640x427.jpg\",\"contentUrl\":\"https:\/\/volcanes.net\/wp-content\/uploads\/2020\/04\/IMG-20200422-WA0042_copy_640x427.jpg\",\"width\":640,\"height\":427},{\"@type\":\"BreadcrumbList\",\"@id\":\"https:\/\/volcanes.net\/?p=6849#breadcrumb\",\"itemListElement\":[{\"@type\":\"ListItem\",\"position\":1,\"name\":\"Portada\",\"item\":\"https:\/\/volcanes.net\/\"},{\"@type\":\"ListItem\",\"position\":2,\"name\":\"Sanitizan en Amecameca 450 unidades de transporte p\u00fablico y m\u00e1s de mil bicitaxis\"}]},{\"@type\":\"WebSite\",\"@id\":\"https:\/\/volcanes.net\/#website\",\"url\":\"https:\/\/volcanes.net\/\",\"name\":\"Volcanes.Net\",\"description\":\"Periodismo Profesional\",\"publisher\":{\"@id\":\"https:\/\/volcanes.net\/#organization\"},\"potentialAction\":[{\"@type\":\"SearchAction\",\"target\":{\"@type\":\"EntryPoint\",\"urlTemplate\":\"https:\/\/volcanes.net\/?s={search_term_string}\"},\"query-input\":{\"@type\":\"PropertyValueSpecification\",\"valueRequired\":true,\"valueName\":\"search_term_string\"}}],\"inLanguage\":\"es\"},{\"@type\":\"Organization\",\"@id\":\"https:\/\/volcanes.net\/#organization\",\"name\":\"Grupo Volcanes\",\"url\":\"https:\/\/volcanes.net\/\",\"logo\":{\"@type\":\"ImageObject\",\"inLanguage\":\"es\",\"@id\":\"https:\/\/volcanes.net\/#\/schema\/logo\/image\/\",\"url\":\"http:\/\/volcanes.net\/wp-content\/uploads\/2017\/12\/Avatar2.jpg\",\"contentUrl\":\"http:\/\/volcanes.net\/wp-content\/uploads\/2017\/12\/Avatar2.jpg\",\"width\":378,\"height\":378,\"caption\":\"Grupo Volcanes\"},\"image\":{\"@id\":\"https:\/\/volcanes.net\/#\/schema\/logo\/image\/\"},\"sameAs\":[\"https:\/\/www.facebook.com\/volcanes.net\/\"]},{\"@type\":\"Person\",\"@id\":\"https:\/\/volcanes.net\/#\/schema\/person\/4bf0f383940966a4abd53f5048c0e6b9\",\"name\":\"admin\",\"image\":{\"@type\":\"ImageObject\",\"inLanguage\":\"es\",\"@id\":\"https:\/\/volcanes.net\/#\/schema\/person\/image\/\",\"url\":\"https:\/\/secure.gravatar.com\/avatar\/ca004e6cba8462b8cb7abc86e382930c?s=96&d=mm&r=g\",\"contentUrl\":\"https:\/\/secure.gravatar.com\/avatar\/ca004e6cba8462b8cb7abc86e382930c?s=96&d=mm&r=g\",\"caption\":\"admin\"}}]}<\/script>\n<!-- \/ Yoast SEO plugin. -->","yoast_head_json":{"title":"Sanitizan en Amecameca 450 unidades de transporte p\u00fablico y m\u00e1s de mil bicitaxis - Volcanes","robots":{"index":"index","follow":"follow","max-snippet":"max-snippet:-1","max-image-preview":"max-image-preview:large","max-video-preview":"max-video-preview:-1"},"canonical":"https:\/\/volcanes.net\/?p=6849","og_locale":"es_MX","og_type":"article","og_title":"Sanitizan en Amecameca 450 unidades de transporte p\u00fablico y m\u00e1s de mil bicitaxis - Volcanes","og_description":"Amecameca de Ju\u00e1rez, Estado de M\u00e9xico a 22 de abril de 2020.- Con la sanitizaci\u00f3n","og_url":"https:\/\/volcanes.net\/?p=6849","og_site_name":"Volcanes","article_publisher":"https:\/\/www.facebook.com\/volcanes.net\/","article_published_time":"2020-04-22T22:49:29+00:00","article_modified_time":"2020-04-22T22:50:08+00:00","og_image":[{"width":640,"height":427,"url":"https:\/\/volcanes.net\/wp-content\/uploads\/2020\/04\/IMG-20200422-WA0042_copy_640x427.jpg","type":"image\/jpeg"}],"author":"admin","twitter_card":"summary_large_image","twitter_misc":{"Escrito por":"admin","Tiempo de lectura":"1 minuto"},"schema":{"@context":"https:\/\/schema.org","@graph":[{"@type":"Article","@id":"https:\/\/volcanes.net\/?p=6849#article","isPartOf":{"@id":"https:\/\/volcanes.net\/?p=6849"},"author":{"name":"admin","@id":"https:\/\/volcanes.net\/#\/schema\/person\/4bf0f383940966a4abd53f5048c0e6b9"},"headline":"Sanitizan en Amecameca 450 unidades de transporte p\u00fablico y m\u00e1s de mil bicitaxis","datePublished":"2020-04-22T22:49:29+00:00","dateModified":"2020-04-22T22:50:08+00:00","mainEntityOfPage":{"@id":"https:\/\/volcanes.net\/?p=6849"},"wordCount":208,"commentCount":0,"publisher":{"@id":"https:\/\/volcanes.net\/#organization"},"image":{"@id":"https:\/\/volcanes.net\/?p=6849#primaryimage"},"thumbnailUrl":"https:\/\/volcanes.net\/wp-content\/uploads\/2020\/04\/IMG-20200422-WA0042_copy_640x427.jpg","keywords":["Amecameca"],"articleSection":["Municipales"],"inLanguage":"es","potentialAction":[{"@type":"CommentAction","name":"Comment","target":["https:\/\/volcanes.net\/?p=6849#respond"]}]},{"@type":"WebPage","@id":"https:\/\/volcanes.net\/?p=6849","url":"https:\/\/volcanes.net\/?p=6849","name":"Sanitizan en Amecameca 450 unidades de transporte p\u00fablico y m\u00e1s de mil bicitaxis - Volcanes","isPartOf":{"@id":"https:\/\/volcanes.net\/#website"},"primaryImageOfPage":{"@id":"https:\/\/volcanes.net\/?p=6849#primaryimage"},"image":{"@id":"https:\/\/volcanes.net\/?p=6849#primaryimage"},"thumbnailUrl":"https:\/\/volcanes.net\/wp-content\/uploads\/2020\/04\/IMG-20200422-WA0042_copy_640x427.jpg","datePublished":"2020-04-22T22:49:29+00:00","dateModified":"2020-04-22T22:50:08+00:00","breadcrumb":{"@id":"https:\/\/volcanes.net\/?p=6849#breadcrumb"},"inLanguage":"es","potentialAction":[{"@type":"ReadAction","target":["https:\/\/volcanes.net\/?p=6849"]}]},{"@type":"ImageObject","inLanguage":"es","@id":"https:\/\/volcanes.net\/?p=6849#primaryimage","url":"https:\/\/volcanes.net\/wp-content\/uploads\/2020\/04\/IMG-20200422-WA0042_copy_640x427.jpg","contentUrl":"https:\/\/volcanes.net\/wp-content\/uploads\/2020\/04\/IMG-20200422-WA0042_copy_640x427.jpg","width":640,"height":427},{"@type":"BreadcrumbList","@id":"https:\/\/volcanes.net\/?p=6849#breadcrumb","itemListElement":[{"@type":"ListItem","position":1,"name":"Portada","item":"https:\/\/volcanes.net\/"},{"@type":"ListItem","position":2,"name":"Sanitizan en Amecameca 450 unidades de transporte p\u00fablico y m\u00e1s de mil bicitaxis"}]},{"@type":"WebSite","@id":"https:\/\/volcanes.net\/#website","url":"https:\/\/volcanes.net\/","name":"Volcanes.Net","description":"Periodismo Profesional","publisher":{"@id":"https:\/\/volcanes.net\/#organization"},"potentialAction":[{"@type":"SearchAction","target":{"@type":"EntryPoint","urlTemplate":"https:\/\/volcanes.net\/?s={search_term_string}"},"query-input":{"@type":"PropertyValueSpecification","valueRequired":true,"valueName":"search_term_string"}}],"inLanguage":"es"},{"@type":"Organization","@id":"https:\/\/volcanes.net\/#organization","name":"Grupo Volcanes","url":"https:\/\/volcanes.net\/","logo":{"@type":"ImageObject","inLanguage":"es","@id":"https:\/\/volcanes.net\/#\/schema\/logo\/image\/","url":"http:\/\/volcanes.net\/wp-content\/uploads\/2017\/12\/Avatar2.jpg","contentUrl":"http:\/\/volcanes.net\/wp-content\/uploads\/2017\/12\/Avatar2.jpg","width":378,"height":378,"caption":"Grupo Volcanes"},"image":{"@id":"https:\/\/volcanes.net\/#\/schema\/logo\/image\/"},"sameAs":["https:\/\/www.facebook.com\/volcanes.net\/"]},{"@type":"Person","@id":"https:\/\/volcanes.net\/#\/schema\/person\/4bf0f383940966a4abd53f5048c0e6b9","name":"admin","image":{"@type":"ImageObject","inLanguage":"es","@id":"https:\/\/volcanes.net\/#\/schema\/person\/image\/","url":"https:\/\/secure.gravatar.com\/avatar\/ca004e6cba8462b8cb7abc86e382930c?s=96&d=mm&r=g","contentUrl":"https:\/\/secure.gravatar.com\/avatar\/ca004e6cba8462b8cb7abc86e382930c?s=96&d=mm&r=g","caption":"admin"}}]}},"_links":{"self":[{"href":"https:\/\/volcanes.net\/index.php?rest_route=\/wp\/v2\/posts\/6849"}],"collection":[{"href":"https:\/\/volcanes.net\/index.php?rest_route=\/wp\/v2\/posts"}],"about":[{"href":"https:\/\/volcanes.net\/index.php?rest_route=\/wp\/v2\/types\/post"}],"author":[{"embeddable":true,"href":"https:\/\/volcanes.net\/index.php?rest_route=\/wp\/v2\/users\/1"}],"replies":[{"embeddable":true,"href":"https:\/\/volcanes.net\/index.php?rest_route=%2Fwp%2Fv2%2Fcomments&post=6849"}],"version-history":[{"count":1,"href":"https:\/\/volcanes.net\/index.php?rest_route=\/wp\/v2\/posts\/6849\/revisions"}],"predecessor-version":[{"id":6850,"href":"https:\/\/volcanes.net\/index.php?rest_route=\/wp\/v2\/posts\/6849\/revisions\/6850"}],"wp:featuredmedia":[{"embeddable":true,"href":"https:\/\/volcanes.net\/index.php?rest_route=\/wp\/v2\/media\/6848"}],"wp:attachment":[{"href":"https:\/\/volcanes.net\/index.php?rest_route=%2Fwp%2Fv2%2Fmedia&parent=6849"}],"wp:term":[{"taxonomy":"category","embeddable":true,"href":"https:\/\/volcanes.net\/index.php?rest_route=%2Fwp%2Fv2%2Fcategories&post=6849"},{"taxonomy":"post_tag","embeddable":true,"href":"https:\/\/volcanes.net\/index.php?rest_route=%2Fwp%2Fv2%2Ftags&post=6849"}],"curies":[{"name":"wp","href":"https:\/\/api.w.org\/{rel}","templated":true}]}}