{"id":6869,"date":"2020-04-25T16:16:06","date_gmt":"2020-04-25T22:16:06","guid":{"rendered":"http:\/\/volcanes.net\/?p=6869"},"modified":"2020-04-25T16:16:06","modified_gmt":"2020-04-25T22:16:06","slug":"desalojan-a-7-pacientes-con-covid-19-de-hospital-de-chalco","status":"publish","type":"post","link":"https:\/\/volcanes.net\/?p=6869","title":{"rendered":"Desalojan a 7 pacientes con COVID-19 de hospital de Chalco"},"content":{"rendered":"<div style=\"margin-top: 0px; margin-bottom: 0px;\" class=\"sharethis-inline-share-buttons\" ><\/div><blockquote><p>La Direcci\u00f3n de Seguridad P\u00fablica, Tr\u00e1nsito y Bomberos y la Coordinaci\u00f3n Municipal de Protecci\u00f3n Civil, en conjunto con la Guardia Nacional, instala una carpa de atenci\u00f3n a familiares de personas internadas en la Cl\u00ednica 71 del IMSS<\/p><\/blockquote>\n<p>Familiares de los pacientes que tengan pacientes internados en la cl\u00ednica 71 del IMSS en Chalco cuentan con un espacio acondicionado de la manera temporal, en lo que esperan que la salud de su paciente mejore.<\/p>\n<p>As\u00ed lo dio a conocer el Alcalde de Chalco Miguel Gutierrez a trav\u00e9s de sus redes sociales, quien enfatiz\u00f3 que instruy\u00f3 a las direcciones de seguridad p\u00fablica, transito y bomberos y a la coordinaci\u00f3n de Protecci\u00f3n civil para &#8220;acondicionar un espacio para que los familiares de los pacientes de la cl\u00ednica 71 sigan las recomendaciones de la @SSalud_mx (La secretar\u00eda de salud federal) mientras esperan buenas noticias.<\/p>\n<blockquote class=\"twitter-tweet\" data-width=\"550\" data-dnt=\"true\">\n<p lang=\"es\" dir=\"ltr\">Instru\u00ed a las Direcciones de Seguridad P\u00fablica, Tr\u00e1nsito y Bomberos y a la Coordinaci\u00f3n de Protecci\u00f3n Civil acondicionar un espacio para que los familiares de los pacientes de la cl\u00ednica 71 sigan las recomendaciones de la <a href=\"https:\/\/twitter.com\/SSalud_mx?ref_src=twsrc%5Etfw\">@SSalud_mx<\/a> mientras esperan buenas noticias <a href=\"https:\/\/twitter.com\/hashtag\/Qu%C3%A9dateEnCasa?src=hash&amp;ref_src=twsrc%5Etfw\">#Qu\u00e9dateEnCasa<\/a> <a href=\"https:\/\/t.co\/TDAGyrKHVc\">https:\/\/t.co\/TDAGyrKHVc<\/a><\/p>\n<p>&mdash; Miguel Guti\u00e9rrez (@MGChalco) <a href=\"https:\/\/twitter.com\/MGChalco\/status\/1254154176315092992?ref_src=twsrc%5Etfw\">April 25, 2020<\/a><\/p><\/blockquote>\n<p><script async src=\"https:\/\/platform.twitter.com\/widgets.js\" charset=\"utf-8\"><\/script><\/p>\n<p>Cabe se\u00f1alar que elementos de la Guardia Nacional resguardan desde este 22 de abril las instalaciones de la cl\u00ednica 71 del IMSS del Chalco.<\/p>\n<p>Personal del Hospital dieron a conocer que los familiares de un joven fallecido la madrugada anterior presuntamente por COVID-19 causaron da\u00f1os en el \u00e1rea administrativa, manifestando su frustraci\u00f3n por el deceso de su joven familiar.<\/p>\n<p>Cabe resaltar que al medio d\u00eda de este s\u00e1bado 25 de abril fueron trasladados 7 pacientes con <a class=\"link-complex\" href=\"https:\/\/twitter.com\/search?q=%23COVID\" target=\"_blank\" rel=\"hashtag noopener noreferrer\"><span class=\"hash\">#<\/span><span class=\"link-complex-target\">COVID<\/span><\/a>-19, fueron trasladados \u00a0de la cl\u00ednica 71 del IMSS de <a class=\"link-complex\" href=\"https:\/\/twitter.com\/search?q=%23Chalco\" target=\"_blank\" rel=\"hashtag noopener noreferrer\"><span class=\"hash\">#<\/span><span class=\"link-complex-target\">Chalco<\/span><\/a> a un hospital de especialidades, sin que se detallara que hospital recibir\u00eda a los pacientes. Por lo que esta ma\u00f1ana fue desinfectada la calle Santiaguito, calle en la que se encuentra el \u00e1rea de urgencias de este hospital. participando personal de PC de Chalco, la Guardia Nacional.<\/p>\n<p>Hasta Este s\u00e1bado 25 de abril \u00a0seg\u00fan los datos publicados por La Direcci\u00f3n General de Epidemiolog\u00eda (DGE), Chalco tiene: Confirmados 74; Negativos 126; Sospechosos 57 y 3 Defunciones.<\/p>\n<p>&nbsp;<\/p>\n","protected":false},"excerpt":{"rendered":"<p>La Direcci\u00f3n de Seguridad P\u00fablica, Tr\u00e1nsito y Bomberos y la Coordinaci\u00f3n Municipal de Protecci\u00f3n Civil,<\/p>\n","protected":false},"author":1,"featured_media":6870,"comment_status":"open","ping_status":"open","sticky":false,"template":"","format":"standard","meta":{"footnotes":""},"categories":[1],"tags":[9,291,294],"class_list":["post-6869","post","type-post","status-publish","format-standard","has-post-thumbnail","hentry","category-municipales","tag-chalco","tag-covid-19","tag-guardia-nacional"],"yoast_head":"<!-- This site is optimized with the Yoast SEO plugin v25.3 - https:\/\/yoast.com\/wordpress\/plugins\/seo\/ -->\n<title>Desalojan a 7 pacientes con COVID-19 de hospital de Chalco - Volcanes<\/title>\n<meta name=\"robots\" content=\"index, follow, max-snippet:-1, max-image-preview:large, max-video-preview:-1\" \/>\n<link rel=\"canonical\" href=\"https:\/\/volcanes.net\/?p=6869\" \/>\n<meta property=\"og:locale\" content=\"es_MX\" \/>\n<meta property=\"og:type\" content=\"article\" \/>\n<meta property=\"og:title\" content=\"Desalojan a 7 pacientes con COVID-19 de hospital de Chalco - Volcanes\" \/>\n<meta property=\"og:description\" content=\"La Direcci\u00f3n de Seguridad P\u00fablica, Tr\u00e1nsito y Bomberos y la Coordinaci\u00f3n Municipal de Protecci\u00f3n Civil,\" \/>\n<meta property=\"og:url\" content=\"https:\/\/volcanes.net\/?p=6869\" \/>\n<meta property=\"og:site_name\" content=\"Volcanes\" \/>\n<meta property=\"article:publisher\" content=\"https:\/\/www.facebook.com\/volcanes.net\/\" \/>\n<meta property=\"article:published_time\" content=\"2020-04-25T22:16:06+00:00\" \/>\n<meta property=\"og:image\" content=\"https:\/\/volcanes.net\/wp-content\/uploads\/2020\/04\/EWelCPVUYAENAZy-e1587851685395.jpg\" \/>\n\t<meta property=\"og:image:width\" content=\"700\" \/>\n\t<meta property=\"og:image:height\" content=\"467\" \/>\n\t<meta property=\"og:image:type\" content=\"image\/jpeg\" \/>\n<meta name=\"author\" content=\"admin\" \/>\n<meta name=\"twitter:card\" content=\"summary_large_image\" \/>\n<meta name=\"twitter:label1\" content=\"Escrito por\" \/>\n\t<meta name=\"twitter:data1\" content=\"admin\" \/>\n\t<meta name=\"twitter:label2\" content=\"Tiempo de lectura\" \/>\n\t<meta name=\"twitter:data2\" content=\"2 minutos\" \/>\n<script type=\"application\/ld+json\" class=\"yoast-schema-graph\">{\"@context\":\"https:\/\/schema.org\",\"@graph\":[{\"@type\":\"Article\",\"@id\":\"https:\/\/volcanes.net\/?p=6869#article\",\"isPartOf\":{\"@id\":\"https:\/\/volcanes.net\/?p=6869\"},\"author\":{\"name\":\"admin\",\"@id\":\"https:\/\/volcanes.net\/#\/schema\/person\/4bf0f383940966a4abd53f5048c0e6b9\"},\"headline\":\"Desalojan a 7 pacientes con COVID-19 de hospital de Chalco\",\"datePublished\":\"2020-04-25T22:16:06+00:00\",\"mainEntityOfPage\":{\"@id\":\"https:\/\/volcanes.net\/?p=6869\"},\"wordCount\":333,\"commentCount\":0,\"publisher\":{\"@id\":\"https:\/\/volcanes.net\/#organization\"},\"image\":{\"@id\":\"https:\/\/volcanes.net\/?p=6869#primaryimage\"},\"thumbnailUrl\":\"https:\/\/volcanes.net\/wp-content\/uploads\/2020\/04\/EWelCPVUYAENAZy-e1587851685395.jpg\",\"keywords\":[\"Chalco\",\"COVID-19\",\"Guardia Nacional\"],\"articleSection\":[\"Municipales\"],\"inLanguage\":\"es\",\"potentialAction\":[{\"@type\":\"CommentAction\",\"name\":\"Comment\",\"target\":[\"https:\/\/volcanes.net\/?p=6869#respond\"]}]},{\"@type\":\"WebPage\",\"@id\":\"https:\/\/volcanes.net\/?p=6869\",\"url\":\"https:\/\/volcanes.net\/?p=6869\",\"name\":\"Desalojan a 7 pacientes con COVID-19 de hospital de Chalco - Volcanes\",\"isPartOf\":{\"@id\":\"https:\/\/volcanes.net\/#website\"},\"primaryImageOfPage\":{\"@id\":\"https:\/\/volcanes.net\/?p=6869#primaryimage\"},\"image\":{\"@id\":\"https:\/\/volcanes.net\/?p=6869#primaryimage\"},\"thumbnailUrl\":\"https:\/\/volcanes.net\/wp-content\/uploads\/2020\/04\/EWelCPVUYAENAZy-e1587851685395.jpg\",\"datePublished\":\"2020-04-25T22:16:06+00:00\",\"breadcrumb\":{\"@id\":\"https:\/\/volcanes.net\/?p=6869#breadcrumb\"},\"inLanguage\":\"es\",\"potentialAction\":[{\"@type\":\"ReadAction\",\"target\":[\"https:\/\/volcanes.net\/?p=6869\"]}]},{\"@type\":\"ImageObject\",\"inLanguage\":\"es\",\"@id\":\"https:\/\/volcanes.net\/?p=6869#primaryimage\",\"url\":\"https:\/\/volcanes.net\/wp-content\/uploads\/2020\/04\/EWelCPVUYAENAZy-e1587851685395.jpg\",\"contentUrl\":\"https:\/\/volcanes.net\/wp-content\/uploads\/2020\/04\/EWelCPVUYAENAZy-e1587851685395.jpg\",\"width\":700,\"height\":467},{\"@type\":\"BreadcrumbList\",\"@id\":\"https:\/\/volcanes.net\/?p=6869#breadcrumb\",\"itemListElement\":[{\"@type\":\"ListItem\",\"position\":1,\"name\":\"Portada\",\"item\":\"https:\/\/volcanes.net\/\"},{\"@type\":\"ListItem\",\"position\":2,\"name\":\"Desalojan a 7 pacientes con COVID-19 de hospital de Chalco\"}]},{\"@type\":\"WebSite\",\"@id\":\"https:\/\/volcanes.net\/#website\",\"url\":\"https:\/\/volcanes.net\/\",\"name\":\"Volcanes.Net\",\"description\":\"Periodismo Profesional\",\"publisher\":{\"@id\":\"https:\/\/volcanes.net\/#organization\"},\"potentialAction\":[{\"@type\":\"SearchAction\",\"target\":{\"@type\":\"EntryPoint\",\"urlTemplate\":\"https:\/\/volcanes.net\/?s={search_term_string}\"},\"query-input\":{\"@type\":\"PropertyValueSpecification\",\"valueRequired\":true,\"valueName\":\"search_term_string\"}}],\"inLanguage\":\"es\"},{\"@type\":\"Organization\",\"@id\":\"https:\/\/volcanes.net\/#organization\",\"name\":\"Grupo Volcanes\",\"url\":\"https:\/\/volcanes.net\/\",\"logo\":{\"@type\":\"ImageObject\",\"inLanguage\":\"es\",\"@id\":\"https:\/\/volcanes.net\/#\/schema\/logo\/image\/\",\"url\":\"http:\/\/volcanes.net\/wp-content\/uploads\/2017\/12\/Avatar2.jpg\",\"contentUrl\":\"http:\/\/volcanes.net\/wp-content\/uploads\/2017\/12\/Avatar2.jpg\",\"width\":378,\"height\":378,\"caption\":\"Grupo Volcanes\"},\"image\":{\"@id\":\"https:\/\/volcanes.net\/#\/schema\/logo\/image\/\"},\"sameAs\":[\"https:\/\/www.facebook.com\/volcanes.net\/\"]},{\"@type\":\"Person\",\"@id\":\"https:\/\/volcanes.net\/#\/schema\/person\/4bf0f383940966a4abd53f5048c0e6b9\",\"name\":\"admin\",\"image\":{\"@type\":\"ImageObject\",\"inLanguage\":\"es\",\"@id\":\"https:\/\/volcanes.net\/#\/schema\/person\/image\/\",\"url\":\"https:\/\/secure.gravatar.com\/avatar\/ca004e6cba8462b8cb7abc86e382930c?s=96&d=mm&r=g\",\"contentUrl\":\"https:\/\/secure.gravatar.com\/avatar\/ca004e6cba8462b8cb7abc86e382930c?s=96&d=mm&r=g\",\"caption\":\"admin\"}}]}<\/script>\n<!-- \/ Yoast SEO plugin. -->","yoast_head_json":{"title":"Desalojan a 7 pacientes con COVID-19 de hospital de Chalco - Volcanes","robots":{"index":"index","follow":"follow","max-snippet":"max-snippet:-1","max-image-preview":"max-image-preview:large","max-video-preview":"max-video-preview:-1"},"canonical":"https:\/\/volcanes.net\/?p=6869","og_locale":"es_MX","og_type":"article","og_title":"Desalojan a 7 pacientes con COVID-19 de hospital de Chalco - Volcanes","og_description":"La Direcci\u00f3n de Seguridad P\u00fablica, Tr\u00e1nsito y Bomberos y la Coordinaci\u00f3n Municipal de Protecci\u00f3n Civil,","og_url":"https:\/\/volcanes.net\/?p=6869","og_site_name":"Volcanes","article_publisher":"https:\/\/www.facebook.com\/volcanes.net\/","article_published_time":"2020-04-25T22:16:06+00:00","og_image":[{"width":700,"height":467,"url":"https:\/\/volcanes.net\/wp-content\/uploads\/2020\/04\/EWelCPVUYAENAZy-e1587851685395.jpg","type":"image\/jpeg"}],"author":"admin","twitter_card":"summary_large_image","twitter_misc":{"Escrito por":"admin","Tiempo de lectura":"2 minutos"},"schema":{"@context":"https:\/\/schema.org","@graph":[{"@type":"Article","@id":"https:\/\/volcanes.net\/?p=6869#article","isPartOf":{"@id":"https:\/\/volcanes.net\/?p=6869"},"author":{"name":"admin","@id":"https:\/\/volcanes.net\/#\/schema\/person\/4bf0f383940966a4abd53f5048c0e6b9"},"headline":"Desalojan a 7 pacientes con COVID-19 de hospital de Chalco","datePublished":"2020-04-25T22:16:06+00:00","mainEntityOfPage":{"@id":"https:\/\/volcanes.net\/?p=6869"},"wordCount":333,"commentCount":0,"publisher":{"@id":"https:\/\/volcanes.net\/#organization"},"image":{"@id":"https:\/\/volcanes.net\/?p=6869#primaryimage"},"thumbnailUrl":"https:\/\/volcanes.net\/wp-content\/uploads\/2020\/04\/EWelCPVUYAENAZy-e1587851685395.jpg","keywords":["Chalco","COVID-19","Guardia Nacional"],"articleSection":["Municipales"],"inLanguage":"es","potentialAction":[{"@type":"CommentAction","name":"Comment","target":["https:\/\/volcanes.net\/?p=6869#respond"]}]},{"@type":"WebPage","@id":"https:\/\/volcanes.net\/?p=6869","url":"https:\/\/volcanes.net\/?p=6869","name":"Desalojan a 7 pacientes con COVID-19 de hospital de Chalco - Volcanes","isPartOf":{"@id":"https:\/\/volcanes.net\/#website"},"primaryImageOfPage":{"@id":"https:\/\/volcanes.net\/?p=6869#primaryimage"},"image":{"@id":"https:\/\/volcanes.net\/?p=6869#primaryimage"},"thumbnailUrl":"https:\/\/volcanes.net\/wp-content\/uploads\/2020\/04\/EWelCPVUYAENAZy-e1587851685395.jpg","datePublished":"2020-04-25T22:16:06+00:00","breadcrumb":{"@id":"https:\/\/volcanes.net\/?p=6869#breadcrumb"},"inLanguage":"es","potentialAction":[{"@type":"ReadAction","target":["https:\/\/volcanes.net\/?p=6869"]}]},{"@type":"ImageObject","inLanguage":"es","@id":"https:\/\/volcanes.net\/?p=6869#primaryimage","url":"https:\/\/volcanes.net\/wp-content\/uploads\/2020\/04\/EWelCPVUYAENAZy-e1587851685395.jpg","contentUrl":"https:\/\/volcanes.net\/wp-content\/uploads\/2020\/04\/EWelCPVUYAENAZy-e1587851685395.jpg","width":700,"height":467},{"@type":"BreadcrumbList","@id":"https:\/\/volcanes.net\/?p=6869#breadcrumb","itemListElement":[{"@type":"ListItem","position":1,"name":"Portada","item":"https:\/\/volcanes.net\/"},{"@type":"ListItem","position":2,"name":"Desalojan a 7 pacientes con COVID-19 de hospital de Chalco"}]},{"@type":"WebSite","@id":"https:\/\/volcanes.net\/#website","url":"https:\/\/volcanes.net\/","name":"Volcanes.Net","description":"Periodismo Profesional","publisher":{"@id":"https:\/\/volcanes.net\/#organization"},"potentialAction":[{"@type":"SearchAction","target":{"@type":"EntryPoint","urlTemplate":"https:\/\/volcanes.net\/?s={search_term_string}"},"query-input":{"@type":"PropertyValueSpecification","valueRequired":true,"valueName":"search_term_string"}}],"inLanguage":"es"},{"@type":"Organization","@id":"https:\/\/volcanes.net\/#organization","name":"Grupo Volcanes","url":"https:\/\/volcanes.net\/","logo":{"@type":"ImageObject","inLanguage":"es","@id":"https:\/\/volcanes.net\/#\/schema\/logo\/image\/","url":"http:\/\/volcanes.net\/wp-content\/uploads\/2017\/12\/Avatar2.jpg","contentUrl":"http:\/\/volcanes.net\/wp-content\/uploads\/2017\/12\/Avatar2.jpg","width":378,"height":378,"caption":"Grupo Volcanes"},"image":{"@id":"https:\/\/volcanes.net\/#\/schema\/logo\/image\/"},"sameAs":["https:\/\/www.facebook.com\/volcanes.net\/"]},{"@type":"Person","@id":"https:\/\/volcanes.net\/#\/schema\/person\/4bf0f383940966a4abd53f5048c0e6b9","name":"admin","image":{"@type":"ImageObject","inLanguage":"es","@id":"https:\/\/volcanes.net\/#\/schema\/person\/image\/","url":"https:\/\/secure.gravatar.com\/avatar\/ca004e6cba8462b8cb7abc86e382930c?s=96&d=mm&r=g","contentUrl":"https:\/\/secure.gravatar.com\/avatar\/ca004e6cba8462b8cb7abc86e382930c?s=96&d=mm&r=g","caption":"admin"}}]}},"_links":{"self":[{"href":"https:\/\/volcanes.net\/index.php?rest_route=\/wp\/v2\/posts\/6869"}],"collection":[{"href":"https:\/\/volcanes.net\/index.php?rest_route=\/wp\/v2\/posts"}],"about":[{"href":"https:\/\/volcanes.net\/index.php?rest_route=\/wp\/v2\/types\/post"}],"author":[{"embeddable":true,"href":"https:\/\/volcanes.net\/index.php?rest_route=\/wp\/v2\/users\/1"}],"replies":[{"embeddable":true,"href":"https:\/\/volcanes.net\/index.php?rest_route=%2Fwp%2Fv2%2Fcomments&post=6869"}],"version-history":[{"count":1,"href":"https:\/\/volcanes.net\/index.php?rest_route=\/wp\/v2\/posts\/6869\/revisions"}],"predecessor-version":[{"id":6872,"href":"https:\/\/volcanes.net\/index.php?rest_route=\/wp\/v2\/posts\/6869\/revisions\/6872"}],"wp:featuredmedia":[{"embeddable":true,"href":"https:\/\/volcanes.net\/index.php?rest_route=\/wp\/v2\/media\/6870"}],"wp:attachment":[{"href":"https:\/\/volcanes.net\/index.php?rest_route=%2Fwp%2Fv2%2Fmedia&parent=6869"}],"wp:term":[{"taxonomy":"category","embeddable":true,"href":"https:\/\/volcanes.net\/index.php?rest_route=%2Fwp%2Fv2%2Fcategories&post=6869"},{"taxonomy":"post_tag","embeddable":true,"href":"https:\/\/volcanes.net\/index.php?rest_route=%2Fwp%2Fv2%2Ftags&post=6869"}],"curies":[{"name":"wp","href":"https:\/\/api.w.org\/{rel}","templated":true}]}}