{"id":6880,"date":"2020-04-26T12:50:28","date_gmt":"2020-04-26T18:50:28","guid":{"rendered":"http:\/\/volcanes.net\/?p=6880"},"modified":"2020-04-26T12:50:28","modified_gmt":"2020-04-26T18:50:28","slug":"anuncian-primer-fallecimiento-en-atlautla-a-causa-de-covid-19","status":"publish","type":"post","link":"https:\/\/volcanes.net\/?p=6880","title":{"rendered":"Anuncian primer fallecimiento en Atlautla a causa de COVID-19"},"content":{"rendered":"<div style=\"margin-top: 0px; margin-bottom: 0px;\" class=\"sharethis-inline-share-buttons\" ><\/div><p>Atlautla, Estado de M\u00e9xico.- A trav\u00e9s de sus redes sociales el Ayuntamiento de Atlautla dio a conocer el primer deceso a causa de COVID-19.<\/p>\n<p>&#8220;Con gran pesar el Ayuntamiento de Atlautla, M\u00e9xico, 2019-2021 informa a los habitantes de nuestro municipio que lamentablemente se ha presentado el primer fallecimiento en nuestra comunidad a causa del COVID-19.<br \/>\nDesde el primer momento que tuvimos conocimiento de la pandemia y las consecuencias que pod\u00eda acarrear a nuestra sociedad, esta administraci\u00f3n tom\u00f3 medidas acatando las recomendaciones del Consejo de Salubridad General, del Gobierno de M\u00e9xico, quienes determinaron que<span class=\"text_exposed_show\">\u00a0la enfermedad provocada por el virus SARS-CoV-2 (Covid-19) es una enfermedad grave de atenci\u00f3n prioritaria y establecieron las actividades de preparaci\u00f3n y respuesta ante dicha epidemia.<br \/>\nA partir de esto, el Ayuntamiento de Atlautla, a trav\u00e9s de la Coordinaci\u00f3n de Protecci\u00f3n Civil, el Comit\u00e9 de Salud municipal y la Coordinaci\u00f3n de Salud, ha realizado diferentes actividades preventivas para evitar el surgimiento de un posible brote del virus en nuestra comunidad, entre ellas el perifoneo y la difusi\u00f3n en redes sociales, adem\u00e1s de entrega de d\u00edpticos sobre las medidas sanitarias que se deben adoptar para evitar el contagio, como el lavado de manos, la sana distancia, el uso de cubrebocas y sobre todo mantenerse en casa.<br \/>\nLa Direcci\u00f3n de Reglamentos y la Coordinaci\u00f3n de Protecci\u00f3n Civil han notificado de manera puntual a los negocios que expenden alimentos a que solo pueden hacerlo para llevar, nunca para consumir en el establecimiento, adem\u00e1s de que s\u00f3lo pueden funcionar los que son de primera necesidad, como las farmacias, por ejemplo.<br \/>\nTambi\u00e9n se han limitado los servicios que presta la administraci\u00f3n municipal a los esenciales, es decir \u00fanicamente Direcci\u00f3n de Seguridad P\u00fablica municipal, Direcci\u00f3n de Servicios p\u00fablicos y Coordinaci\u00f3n de Protecci\u00f3n Civil.<br \/>\nSe entregaron kits que inclu\u00edan cubrebocas, gel antibacterial y d\u00edpticos informativos a personas adultas mayores y, se ha realizado sanitizaci\u00f3n de manera constante en espacios p\u00fablicos del municipio, adem\u00e1s de acordonar por parte de la Coordinaci\u00f3n de Protecci\u00f3n Civil los lugares en donde se pudiera dar una alta concentraci\u00f3n de personas.<br \/>\nSin embargo, hemos visto que muchas de las acciones que se han llevado a cabo por esta administraci\u00f3n son tomadas con indiferencia y escepticismo por muchos de los pobladores, quienes no dan la importancia que representa esta situaci\u00f3n.<br \/>\nSabemos que los factores para que se pueda dar un brote de contagio depende de m\u00faltiples circunstancias, pero hoy nuestra comunidad se viste de luto por el fallecimiento de una persona en nuestro municipio a causa del Covid-19.<br \/>\nEl Ayuntamiento de Atlautla, M\u00e9xico 2019-2021 y la administraci\u00f3n municipal refrenda su compromiso para seguir trabajando en la aplicaci\u00f3n de medidas preventivas, pero tambi\u00e9n invitamos a los habitantes a tomar las debidas precauciones, porque s\u00f3lo trabajando unidos vamos a salir adelante, las autoridades atendiendo sus responsabilidades y los ciudadanos manteni\u00e9ndose en casa.<br \/>\nPOR FAVOR, QU\u00c9DATE EN CASA.&#8221;<\/span><\/p>\n","protected":false},"excerpt":{"rendered":"<p>Atlautla, Estado de M\u00e9xico.- A trav\u00e9s de sus redes sociales el Ayuntamiento de Atlautla dio<\/p>\n","protected":false},"author":1,"featured_media":6881,"comment_status":"open","ping_status":"open","sticky":false,"template":"","format":"standard","meta":{"footnotes":""},"categories":[1],"tags":[80],"class_list":["post-6880","post","type-post","status-publish","format-standard","has-post-thumbnail","hentry","category-municipales","tag-atlautla"],"yoast_head":"<!-- This site is optimized with the Yoast SEO plugin v25.3 - https:\/\/yoast.com\/wordpress\/plugins\/seo\/ -->\n<title>Anuncian primer fallecimiento en Atlautla a causa de COVID-19 - Volcanes<\/title>\n<meta name=\"robots\" content=\"index, follow, max-snippet:-1, max-image-preview:large, max-video-preview:-1\" \/>\n<link rel=\"canonical\" href=\"https:\/\/volcanes.net\/?p=6880\" \/>\n<meta property=\"og:locale\" content=\"es_MX\" \/>\n<meta property=\"og:type\" content=\"article\" \/>\n<meta property=\"og:title\" content=\"Anuncian primer fallecimiento en Atlautla a causa de COVID-19 - Volcanes\" \/>\n<meta property=\"og:description\" content=\"Atlautla, Estado de M\u00e9xico.- A trav\u00e9s de sus redes sociales el Ayuntamiento de Atlautla dio\" \/>\n<meta property=\"og:url\" content=\"https:\/\/volcanes.net\/?p=6880\" \/>\n<meta property=\"og:site_name\" content=\"Volcanes\" \/>\n<meta property=\"article:publisher\" content=\"https:\/\/www.facebook.com\/volcanes.net\/\" \/>\n<meta property=\"article:published_time\" content=\"2020-04-26T18:50:28+00:00\" \/>\n<meta property=\"og:image\" content=\"https:\/\/volcanes.net\/wp-content\/uploads\/2020\/04\/atlaut-e1587926999800.png\" \/>\n\t<meta property=\"og:image:width\" content=\"700\" \/>\n\t<meta property=\"og:image:height\" content=\"315\" \/>\n\t<meta property=\"og:image:type\" content=\"image\/png\" \/>\n<meta name=\"author\" content=\"admin\" \/>\n<meta name=\"twitter:card\" content=\"summary_large_image\" \/>\n<meta name=\"twitter:label1\" content=\"Escrito por\" \/>\n\t<meta name=\"twitter:data1\" content=\"admin\" \/>\n\t<meta name=\"twitter:label2\" content=\"Tiempo de lectura\" \/>\n\t<meta name=\"twitter:data2\" content=\"3 minutos\" \/>\n<script type=\"application\/ld+json\" class=\"yoast-schema-graph\">{\"@context\":\"https:\/\/schema.org\",\"@graph\":[{\"@type\":\"Article\",\"@id\":\"https:\/\/volcanes.net\/?p=6880#article\",\"isPartOf\":{\"@id\":\"https:\/\/volcanes.net\/?p=6880\"},\"author\":{\"name\":\"admin\",\"@id\":\"https:\/\/volcanes.net\/#\/schema\/person\/4bf0f383940966a4abd53f5048c0e6b9\"},\"headline\":\"Anuncian primer fallecimiento en Atlautla a causa de COVID-19\",\"datePublished\":\"2020-04-26T18:50:28+00:00\",\"mainEntityOfPage\":{\"@id\":\"https:\/\/volcanes.net\/?p=6880\"},\"wordCount\":530,\"commentCount\":0,\"publisher\":{\"@id\":\"https:\/\/volcanes.net\/#organization\"},\"image\":{\"@id\":\"https:\/\/volcanes.net\/?p=6880#primaryimage\"},\"thumbnailUrl\":\"https:\/\/volcanes.net\/wp-content\/uploads\/2020\/04\/atlaut-e1587926999800.png\",\"keywords\":[\"Atlautla\"],\"articleSection\":[\"Municipales\"],\"inLanguage\":\"es\",\"potentialAction\":[{\"@type\":\"CommentAction\",\"name\":\"Comment\",\"target\":[\"https:\/\/volcanes.net\/?p=6880#respond\"]}]},{\"@type\":\"WebPage\",\"@id\":\"https:\/\/volcanes.net\/?p=6880\",\"url\":\"https:\/\/volcanes.net\/?p=6880\",\"name\":\"Anuncian primer fallecimiento en Atlautla a causa de COVID-19 - Volcanes\",\"isPartOf\":{\"@id\":\"https:\/\/volcanes.net\/#website\"},\"primaryImageOfPage\":{\"@id\":\"https:\/\/volcanes.net\/?p=6880#primaryimage\"},\"image\":{\"@id\":\"https:\/\/volcanes.net\/?p=6880#primaryimage\"},\"thumbnailUrl\":\"https:\/\/volcanes.net\/wp-content\/uploads\/2020\/04\/atlaut-e1587926999800.png\",\"datePublished\":\"2020-04-26T18:50:28+00:00\",\"breadcrumb\":{\"@id\":\"https:\/\/volcanes.net\/?p=6880#breadcrumb\"},\"inLanguage\":\"es\",\"potentialAction\":[{\"@type\":\"ReadAction\",\"target\":[\"https:\/\/volcanes.net\/?p=6880\"]}]},{\"@type\":\"ImageObject\",\"inLanguage\":\"es\",\"@id\":\"https:\/\/volcanes.net\/?p=6880#primaryimage\",\"url\":\"https:\/\/volcanes.net\/wp-content\/uploads\/2020\/04\/atlaut-e1587926999800.png\",\"contentUrl\":\"https:\/\/volcanes.net\/wp-content\/uploads\/2020\/04\/atlaut-e1587926999800.png\",\"width\":700,\"height\":315},{\"@type\":\"BreadcrumbList\",\"@id\":\"https:\/\/volcanes.net\/?p=6880#breadcrumb\",\"itemListElement\":[{\"@type\":\"ListItem\",\"position\":1,\"name\":\"Portada\",\"item\":\"https:\/\/volcanes.net\/\"},{\"@type\":\"ListItem\",\"position\":2,\"name\":\"Anuncian primer fallecimiento en Atlautla a causa de COVID-19\"}]},{\"@type\":\"WebSite\",\"@id\":\"https:\/\/volcanes.net\/#website\",\"url\":\"https:\/\/volcanes.net\/\",\"name\":\"Volcanes.Net\",\"description\":\"Periodismo Profesional\",\"publisher\":{\"@id\":\"https:\/\/volcanes.net\/#organization\"},\"potentialAction\":[{\"@type\":\"SearchAction\",\"target\":{\"@type\":\"EntryPoint\",\"urlTemplate\":\"https:\/\/volcanes.net\/?s={search_term_string}\"},\"query-input\":{\"@type\":\"PropertyValueSpecification\",\"valueRequired\":true,\"valueName\":\"search_term_string\"}}],\"inLanguage\":\"es\"},{\"@type\":\"Organization\",\"@id\":\"https:\/\/volcanes.net\/#organization\",\"name\":\"Grupo Volcanes\",\"url\":\"https:\/\/volcanes.net\/\",\"logo\":{\"@type\":\"ImageObject\",\"inLanguage\":\"es\",\"@id\":\"https:\/\/volcanes.net\/#\/schema\/logo\/image\/\",\"url\":\"http:\/\/volcanes.net\/wp-content\/uploads\/2017\/12\/Avatar2.jpg\",\"contentUrl\":\"http:\/\/volcanes.net\/wp-content\/uploads\/2017\/12\/Avatar2.jpg\",\"width\":378,\"height\":378,\"caption\":\"Grupo Volcanes\"},\"image\":{\"@id\":\"https:\/\/volcanes.net\/#\/schema\/logo\/image\/\"},\"sameAs\":[\"https:\/\/www.facebook.com\/volcanes.net\/\"]},{\"@type\":\"Person\",\"@id\":\"https:\/\/volcanes.net\/#\/schema\/person\/4bf0f383940966a4abd53f5048c0e6b9\",\"name\":\"admin\",\"image\":{\"@type\":\"ImageObject\",\"inLanguage\":\"es\",\"@id\":\"https:\/\/volcanes.net\/#\/schema\/person\/image\/\",\"url\":\"https:\/\/secure.gravatar.com\/avatar\/ca004e6cba8462b8cb7abc86e382930c?s=96&d=mm&r=g\",\"contentUrl\":\"https:\/\/secure.gravatar.com\/avatar\/ca004e6cba8462b8cb7abc86e382930c?s=96&d=mm&r=g\",\"caption\":\"admin\"}}]}<\/script>\n<!-- \/ Yoast SEO plugin. -->","yoast_head_json":{"title":"Anuncian primer fallecimiento en Atlautla a causa de COVID-19 - Volcanes","robots":{"index":"index","follow":"follow","max-snippet":"max-snippet:-1","max-image-preview":"max-image-preview:large","max-video-preview":"max-video-preview:-1"},"canonical":"https:\/\/volcanes.net\/?p=6880","og_locale":"es_MX","og_type":"article","og_title":"Anuncian primer fallecimiento en Atlautla a causa de COVID-19 - Volcanes","og_description":"Atlautla, Estado de M\u00e9xico.- A trav\u00e9s de sus redes sociales el Ayuntamiento de Atlautla dio","og_url":"https:\/\/volcanes.net\/?p=6880","og_site_name":"Volcanes","article_publisher":"https:\/\/www.facebook.com\/volcanes.net\/","article_published_time":"2020-04-26T18:50:28+00:00","og_image":[{"width":700,"height":315,"url":"https:\/\/volcanes.net\/wp-content\/uploads\/2020\/04\/atlaut-e1587926999800.png","type":"image\/png"}],"author":"admin","twitter_card":"summary_large_image","twitter_misc":{"Escrito por":"admin","Tiempo de lectura":"3 minutos"},"schema":{"@context":"https:\/\/schema.org","@graph":[{"@type":"Article","@id":"https:\/\/volcanes.net\/?p=6880#article","isPartOf":{"@id":"https:\/\/volcanes.net\/?p=6880"},"author":{"name":"admin","@id":"https:\/\/volcanes.net\/#\/schema\/person\/4bf0f383940966a4abd53f5048c0e6b9"},"headline":"Anuncian primer fallecimiento en Atlautla a causa de COVID-19","datePublished":"2020-04-26T18:50:28+00:00","mainEntityOfPage":{"@id":"https:\/\/volcanes.net\/?p=6880"},"wordCount":530,"commentCount":0,"publisher":{"@id":"https:\/\/volcanes.net\/#organization"},"image":{"@id":"https:\/\/volcanes.net\/?p=6880#primaryimage"},"thumbnailUrl":"https:\/\/volcanes.net\/wp-content\/uploads\/2020\/04\/atlaut-e1587926999800.png","keywords":["Atlautla"],"articleSection":["Municipales"],"inLanguage":"es","potentialAction":[{"@type":"CommentAction","name":"Comment","target":["https:\/\/volcanes.net\/?p=6880#respond"]}]},{"@type":"WebPage","@id":"https:\/\/volcanes.net\/?p=6880","url":"https:\/\/volcanes.net\/?p=6880","name":"Anuncian primer fallecimiento en Atlautla a causa de COVID-19 - Volcanes","isPartOf":{"@id":"https:\/\/volcanes.net\/#website"},"primaryImageOfPage":{"@id":"https:\/\/volcanes.net\/?p=6880#primaryimage"},"image":{"@id":"https:\/\/volcanes.net\/?p=6880#primaryimage"},"thumbnailUrl":"https:\/\/volcanes.net\/wp-content\/uploads\/2020\/04\/atlaut-e1587926999800.png","datePublished":"2020-04-26T18:50:28+00:00","breadcrumb":{"@id":"https:\/\/volcanes.net\/?p=6880#breadcrumb"},"inLanguage":"es","potentialAction":[{"@type":"ReadAction","target":["https:\/\/volcanes.net\/?p=6880"]}]},{"@type":"ImageObject","inLanguage":"es","@id":"https:\/\/volcanes.net\/?p=6880#primaryimage","url":"https:\/\/volcanes.net\/wp-content\/uploads\/2020\/04\/atlaut-e1587926999800.png","contentUrl":"https:\/\/volcanes.net\/wp-content\/uploads\/2020\/04\/atlaut-e1587926999800.png","width":700,"height":315},{"@type":"BreadcrumbList","@id":"https:\/\/volcanes.net\/?p=6880#breadcrumb","itemListElement":[{"@type":"ListItem","position":1,"name":"Portada","item":"https:\/\/volcanes.net\/"},{"@type":"ListItem","position":2,"name":"Anuncian primer fallecimiento en Atlautla a causa de COVID-19"}]},{"@type":"WebSite","@id":"https:\/\/volcanes.net\/#website","url":"https:\/\/volcanes.net\/","name":"Volcanes.Net","description":"Periodismo Profesional","publisher":{"@id":"https:\/\/volcanes.net\/#organization"},"potentialAction":[{"@type":"SearchAction","target":{"@type":"EntryPoint","urlTemplate":"https:\/\/volcanes.net\/?s={search_term_string}"},"query-input":{"@type":"PropertyValueSpecification","valueRequired":true,"valueName":"search_term_string"}}],"inLanguage":"es"},{"@type":"Organization","@id":"https:\/\/volcanes.net\/#organization","name":"Grupo Volcanes","url":"https:\/\/volcanes.net\/","logo":{"@type":"ImageObject","inLanguage":"es","@id":"https:\/\/volcanes.net\/#\/schema\/logo\/image\/","url":"http:\/\/volcanes.net\/wp-content\/uploads\/2017\/12\/Avatar2.jpg","contentUrl":"http:\/\/volcanes.net\/wp-content\/uploads\/2017\/12\/Avatar2.jpg","width":378,"height":378,"caption":"Grupo Volcanes"},"image":{"@id":"https:\/\/volcanes.net\/#\/schema\/logo\/image\/"},"sameAs":["https:\/\/www.facebook.com\/volcanes.net\/"]},{"@type":"Person","@id":"https:\/\/volcanes.net\/#\/schema\/person\/4bf0f383940966a4abd53f5048c0e6b9","name":"admin","image":{"@type":"ImageObject","inLanguage":"es","@id":"https:\/\/volcanes.net\/#\/schema\/person\/image\/","url":"https:\/\/secure.gravatar.com\/avatar\/ca004e6cba8462b8cb7abc86e382930c?s=96&d=mm&r=g","contentUrl":"https:\/\/secure.gravatar.com\/avatar\/ca004e6cba8462b8cb7abc86e382930c?s=96&d=mm&r=g","caption":"admin"}}]}},"_links":{"self":[{"href":"https:\/\/volcanes.net\/index.php?rest_route=\/wp\/v2\/posts\/6880"}],"collection":[{"href":"https:\/\/volcanes.net\/index.php?rest_route=\/wp\/v2\/posts"}],"about":[{"href":"https:\/\/volcanes.net\/index.php?rest_route=\/wp\/v2\/types\/post"}],"author":[{"embeddable":true,"href":"https:\/\/volcanes.net\/index.php?rest_route=\/wp\/v2\/users\/1"}],"replies":[{"embeddable":true,"href":"https:\/\/volcanes.net\/index.php?rest_route=%2Fwp%2Fv2%2Fcomments&post=6880"}],"version-history":[{"count":1,"href":"https:\/\/volcanes.net\/index.php?rest_route=\/wp\/v2\/posts\/6880\/revisions"}],"predecessor-version":[{"id":6882,"href":"https:\/\/volcanes.net\/index.php?rest_route=\/wp\/v2\/posts\/6880\/revisions\/6882"}],"wp:featuredmedia":[{"embeddable":true,"href":"https:\/\/volcanes.net\/index.php?rest_route=\/wp\/v2\/media\/6881"}],"wp:attachment":[{"href":"https:\/\/volcanes.net\/index.php?rest_route=%2Fwp%2Fv2%2Fmedia&parent=6880"}],"wp:term":[{"taxonomy":"category","embeddable":true,"href":"https:\/\/volcanes.net\/index.php?rest_route=%2Fwp%2Fv2%2Fcategories&post=6880"},{"taxonomy":"post_tag","embeddable":true,"href":"https:\/\/volcanes.net\/index.php?rest_route=%2Fwp%2Fv2%2Ftags&post=6880"}],"curies":[{"name":"wp","href":"https:\/\/api.w.org\/{rel}","templated":true}]}}