{"id":6883,"date":"2020-04-26T13:32:41","date_gmt":"2020-04-26T19:32:41","guid":{"rendered":"http:\/\/volcanes.net\/?p=6883"},"modified":"2020-04-26T13:32:41","modified_gmt":"2020-04-26T19:32:41","slug":"instala-gobierno-de-amecameca-filtros-de-seguridad-en-el-tianguis-del-domingo","status":"publish","type":"post","link":"https:\/\/volcanes.net\/?p=6883","title":{"rendered":"Instala Gobierno de Amecameca filtros de  seguridad en el Tianguis del Domingo"},"content":{"rendered":"<div style=\"margin-top: 0px; margin-bottom: 0px;\" class=\"sharethis-inline-share-buttons\" ><\/div><p>Amecameca de Ju\u00e1rez, Estado de M\u00e9xico a 26 de abril de 2020.- Como parte de la estrategia de reforzamiento de las acciones para prevenir los contagios por COVID-19 en Fase 3, el Gobierno Municipal, encabezado por el Alcalde Miguel \u00c1ngel Salom\u00f3n Cort\u00e9s, instal\u00f3 8 filtros de seguridad en el tianguis que se ubica todos los domingos en calle Abasolo, adem\u00e1s de que entreg\u00f3 m\u00e1s de 2 mil cubrebocas, gel antibacterial y se tom\u00f3 la temperatura a los compradores.<\/p>\n<p>En entrevista, el Presidente Municipal mencion\u00f3 que la noche del s\u00e1bado se sanitiz\u00f3 toda la zona donde se instala el tianguis, como parte de los compromisos que se adquirieron con los comerciantes, \u201clo que m\u00e1s nos importa es la salud de los amecamequenses, y todos los niveles de gobierno trabajamos para que nuestras familias no padezcan por esta pandemia\u201d, afirm\u00f3.<\/p>\n<p>Durante la jornada de contenci\u00f3n de contagios, que cont\u00f3 con el apoyo de la Direcci\u00f3n de Seguridad Ciudadana, personal capacitado recorri\u00f3 el tianguis con altavoces, exhortando a los compradores a mantener la sana distancia, a realizar sus compras en el menor tiempo posible y a regresar pronto a sus hogares.<\/p>\n<p>El Alcalde tambi\u00e9n reconoci\u00f3 que todos los comerciantes, quienes portaban sus cubrebocas, aceptaron disminuir el tama\u00f1o de sus puestos, adem\u00e1s de que s\u00f3lo vendieron los que comercializan alimentos de la canasta b\u00e1sica y preparados para llevar, recaudo, semillas, abarrotes y productos para limpieza.<\/p>\n<p>Cabe mencionar que los filtros se colocaron en las calles San Francisco, Relox, Arista y Morelos (en ambas bocacalles), que son las entradas por donde ingresa la ciudadan\u00eda.<\/p>\n","protected":false},"excerpt":{"rendered":"<p>Amecameca de Ju\u00e1rez, Estado de M\u00e9xico a 26 de abril de 2020.- Como parte de<\/p>\n","protected":false},"author":1,"featured_media":6884,"comment_status":"open","ping_status":"open","sticky":false,"template":"","format":"standard","meta":{"footnotes":""},"categories":[1],"tags":[7],"class_list":["post-6883","post","type-post","status-publish","format-standard","has-post-thumbnail","hentry","category-municipales","tag-amecameca"],"yoast_head":"<!-- This site is optimized with the Yoast SEO plugin v25.3 - https:\/\/yoast.com\/wordpress\/plugins\/seo\/ -->\n<title>Instala Gobierno de Amecameca filtros de seguridad en el Tianguis del Domingo - Volcanes<\/title>\n<meta name=\"robots\" content=\"index, follow, max-snippet:-1, max-image-preview:large, max-video-preview:-1\" \/>\n<link rel=\"canonical\" href=\"https:\/\/volcanes.net\/?p=6883\" \/>\n<meta property=\"og:locale\" content=\"es_MX\" \/>\n<meta property=\"og:type\" content=\"article\" \/>\n<meta property=\"og:title\" content=\"Instala Gobierno de Amecameca filtros de seguridad en el Tianguis del Domingo - Volcanes\" \/>\n<meta property=\"og:description\" content=\"Amecameca de Ju\u00e1rez, Estado de M\u00e9xico a 26 de abril de 2020.- Como parte de\" \/>\n<meta property=\"og:url\" content=\"https:\/\/volcanes.net\/?p=6883\" \/>\n<meta property=\"og:site_name\" content=\"Volcanes\" \/>\n<meta property=\"article:publisher\" content=\"https:\/\/www.facebook.com\/volcanes.net\/\" \/>\n<meta property=\"article:published_time\" content=\"2020-04-26T19:32:41+00:00\" \/>\n<meta property=\"og:image\" content=\"https:\/\/volcanes.net\/wp-content\/uploads\/2020\/04\/WhatsApp-Image-2020-04-26-at-1.40.21-PM-e1587929541835.jpeg\" \/>\n\t<meta property=\"og:image:width\" content=\"700\" \/>\n\t<meta property=\"og:image:height\" content=\"466\" \/>\n\t<meta property=\"og:image:type\" content=\"image\/jpeg\" \/>\n<meta name=\"author\" content=\"admin\" \/>\n<meta name=\"twitter:card\" content=\"summary_large_image\" \/>\n<meta name=\"twitter:label1\" content=\"Escrito por\" \/>\n\t<meta name=\"twitter:data1\" content=\"admin\" \/>\n\t<meta name=\"twitter:label2\" content=\"Tiempo de lectura\" \/>\n\t<meta name=\"twitter:data2\" content=\"1 minuto\" \/>\n<script type=\"application\/ld+json\" class=\"yoast-schema-graph\">{\"@context\":\"https:\/\/schema.org\",\"@graph\":[{\"@type\":\"Article\",\"@id\":\"https:\/\/volcanes.net\/?p=6883#article\",\"isPartOf\":{\"@id\":\"https:\/\/volcanes.net\/?p=6883\"},\"author\":{\"name\":\"admin\",\"@id\":\"https:\/\/volcanes.net\/#\/schema\/person\/4bf0f383940966a4abd53f5048c0e6b9\"},\"headline\":\"Instala Gobierno de Amecameca filtros de seguridad en el Tianguis del Domingo\",\"datePublished\":\"2020-04-26T19:32:41+00:00\",\"mainEntityOfPage\":{\"@id\":\"https:\/\/volcanes.net\/?p=6883\"},\"wordCount\":283,\"commentCount\":0,\"publisher\":{\"@id\":\"https:\/\/volcanes.net\/#organization\"},\"image\":{\"@id\":\"https:\/\/volcanes.net\/?p=6883#primaryimage\"},\"thumbnailUrl\":\"https:\/\/volcanes.net\/wp-content\/uploads\/2020\/04\/WhatsApp-Image-2020-04-26-at-1.40.21-PM-e1587929541835.jpeg\",\"keywords\":[\"Amecameca\"],\"articleSection\":[\"Municipales\"],\"inLanguage\":\"es\",\"potentialAction\":[{\"@type\":\"CommentAction\",\"name\":\"Comment\",\"target\":[\"https:\/\/volcanes.net\/?p=6883#respond\"]}]},{\"@type\":\"WebPage\",\"@id\":\"https:\/\/volcanes.net\/?p=6883\",\"url\":\"https:\/\/volcanes.net\/?p=6883\",\"name\":\"Instala Gobierno de Amecameca filtros de seguridad en el Tianguis del Domingo - Volcanes\",\"isPartOf\":{\"@id\":\"https:\/\/volcanes.net\/#website\"},\"primaryImageOfPage\":{\"@id\":\"https:\/\/volcanes.net\/?p=6883#primaryimage\"},\"image\":{\"@id\":\"https:\/\/volcanes.net\/?p=6883#primaryimage\"},\"thumbnailUrl\":\"https:\/\/volcanes.net\/wp-content\/uploads\/2020\/04\/WhatsApp-Image-2020-04-26-at-1.40.21-PM-e1587929541835.jpeg\",\"datePublished\":\"2020-04-26T19:32:41+00:00\",\"breadcrumb\":{\"@id\":\"https:\/\/volcanes.net\/?p=6883#breadcrumb\"},\"inLanguage\":\"es\",\"potentialAction\":[{\"@type\":\"ReadAction\",\"target\":[\"https:\/\/volcanes.net\/?p=6883\"]}]},{\"@type\":\"ImageObject\",\"inLanguage\":\"es\",\"@id\":\"https:\/\/volcanes.net\/?p=6883#primaryimage\",\"url\":\"https:\/\/volcanes.net\/wp-content\/uploads\/2020\/04\/WhatsApp-Image-2020-04-26-at-1.40.21-PM-e1587929541835.jpeg\",\"contentUrl\":\"https:\/\/volcanes.net\/wp-content\/uploads\/2020\/04\/WhatsApp-Image-2020-04-26-at-1.40.21-PM-e1587929541835.jpeg\",\"width\":700,\"height\":466},{\"@type\":\"BreadcrumbList\",\"@id\":\"https:\/\/volcanes.net\/?p=6883#breadcrumb\",\"itemListElement\":[{\"@type\":\"ListItem\",\"position\":1,\"name\":\"Portada\",\"item\":\"https:\/\/volcanes.net\/\"},{\"@type\":\"ListItem\",\"position\":2,\"name\":\"Instala Gobierno de Amecameca filtros de seguridad en el Tianguis del Domingo\"}]},{\"@type\":\"WebSite\",\"@id\":\"https:\/\/volcanes.net\/#website\",\"url\":\"https:\/\/volcanes.net\/\",\"name\":\"Volcanes.Net\",\"description\":\"Periodismo Profesional\",\"publisher\":{\"@id\":\"https:\/\/volcanes.net\/#organization\"},\"potentialAction\":[{\"@type\":\"SearchAction\",\"target\":{\"@type\":\"EntryPoint\",\"urlTemplate\":\"https:\/\/volcanes.net\/?s={search_term_string}\"},\"query-input\":{\"@type\":\"PropertyValueSpecification\",\"valueRequired\":true,\"valueName\":\"search_term_string\"}}],\"inLanguage\":\"es\"},{\"@type\":\"Organization\",\"@id\":\"https:\/\/volcanes.net\/#organization\",\"name\":\"Grupo Volcanes\",\"url\":\"https:\/\/volcanes.net\/\",\"logo\":{\"@type\":\"ImageObject\",\"inLanguage\":\"es\",\"@id\":\"https:\/\/volcanes.net\/#\/schema\/logo\/image\/\",\"url\":\"http:\/\/volcanes.net\/wp-content\/uploads\/2017\/12\/Avatar2.jpg\",\"contentUrl\":\"http:\/\/volcanes.net\/wp-content\/uploads\/2017\/12\/Avatar2.jpg\",\"width\":378,\"height\":378,\"caption\":\"Grupo Volcanes\"},\"image\":{\"@id\":\"https:\/\/volcanes.net\/#\/schema\/logo\/image\/\"},\"sameAs\":[\"https:\/\/www.facebook.com\/volcanes.net\/\"]},{\"@type\":\"Person\",\"@id\":\"https:\/\/volcanes.net\/#\/schema\/person\/4bf0f383940966a4abd53f5048c0e6b9\",\"name\":\"admin\",\"image\":{\"@type\":\"ImageObject\",\"inLanguage\":\"es\",\"@id\":\"https:\/\/volcanes.net\/#\/schema\/person\/image\/\",\"url\":\"https:\/\/secure.gravatar.com\/avatar\/ca004e6cba8462b8cb7abc86e382930c?s=96&d=mm&r=g\",\"contentUrl\":\"https:\/\/secure.gravatar.com\/avatar\/ca004e6cba8462b8cb7abc86e382930c?s=96&d=mm&r=g\",\"caption\":\"admin\"}}]}<\/script>\n<!-- \/ Yoast SEO plugin. -->","yoast_head_json":{"title":"Instala Gobierno de Amecameca filtros de seguridad en el Tianguis del Domingo - Volcanes","robots":{"index":"index","follow":"follow","max-snippet":"max-snippet:-1","max-image-preview":"max-image-preview:large","max-video-preview":"max-video-preview:-1"},"canonical":"https:\/\/volcanes.net\/?p=6883","og_locale":"es_MX","og_type":"article","og_title":"Instala Gobierno de Amecameca filtros de seguridad en el Tianguis del Domingo - Volcanes","og_description":"Amecameca de Ju\u00e1rez, Estado de M\u00e9xico a 26 de abril de 2020.- Como parte de","og_url":"https:\/\/volcanes.net\/?p=6883","og_site_name":"Volcanes","article_publisher":"https:\/\/www.facebook.com\/volcanes.net\/","article_published_time":"2020-04-26T19:32:41+00:00","og_image":[{"width":700,"height":466,"url":"https:\/\/volcanes.net\/wp-content\/uploads\/2020\/04\/WhatsApp-Image-2020-04-26-at-1.40.21-PM-e1587929541835.jpeg","type":"image\/jpeg"}],"author":"admin","twitter_card":"summary_large_image","twitter_misc":{"Escrito por":"admin","Tiempo de lectura":"1 minuto"},"schema":{"@context":"https:\/\/schema.org","@graph":[{"@type":"Article","@id":"https:\/\/volcanes.net\/?p=6883#article","isPartOf":{"@id":"https:\/\/volcanes.net\/?p=6883"},"author":{"name":"admin","@id":"https:\/\/volcanes.net\/#\/schema\/person\/4bf0f383940966a4abd53f5048c0e6b9"},"headline":"Instala Gobierno de Amecameca filtros de seguridad en el Tianguis del Domingo","datePublished":"2020-04-26T19:32:41+00:00","mainEntityOfPage":{"@id":"https:\/\/volcanes.net\/?p=6883"},"wordCount":283,"commentCount":0,"publisher":{"@id":"https:\/\/volcanes.net\/#organization"},"image":{"@id":"https:\/\/volcanes.net\/?p=6883#primaryimage"},"thumbnailUrl":"https:\/\/volcanes.net\/wp-content\/uploads\/2020\/04\/WhatsApp-Image-2020-04-26-at-1.40.21-PM-e1587929541835.jpeg","keywords":["Amecameca"],"articleSection":["Municipales"],"inLanguage":"es","potentialAction":[{"@type":"CommentAction","name":"Comment","target":["https:\/\/volcanes.net\/?p=6883#respond"]}]},{"@type":"WebPage","@id":"https:\/\/volcanes.net\/?p=6883","url":"https:\/\/volcanes.net\/?p=6883","name":"Instala Gobierno de Amecameca filtros de seguridad en el Tianguis del Domingo - Volcanes","isPartOf":{"@id":"https:\/\/volcanes.net\/#website"},"primaryImageOfPage":{"@id":"https:\/\/volcanes.net\/?p=6883#primaryimage"},"image":{"@id":"https:\/\/volcanes.net\/?p=6883#primaryimage"},"thumbnailUrl":"https:\/\/volcanes.net\/wp-content\/uploads\/2020\/04\/WhatsApp-Image-2020-04-26-at-1.40.21-PM-e1587929541835.jpeg","datePublished":"2020-04-26T19:32:41+00:00","breadcrumb":{"@id":"https:\/\/volcanes.net\/?p=6883#breadcrumb"},"inLanguage":"es","potentialAction":[{"@type":"ReadAction","target":["https:\/\/volcanes.net\/?p=6883"]}]},{"@type":"ImageObject","inLanguage":"es","@id":"https:\/\/volcanes.net\/?p=6883#primaryimage","url":"https:\/\/volcanes.net\/wp-content\/uploads\/2020\/04\/WhatsApp-Image-2020-04-26-at-1.40.21-PM-e1587929541835.jpeg","contentUrl":"https:\/\/volcanes.net\/wp-content\/uploads\/2020\/04\/WhatsApp-Image-2020-04-26-at-1.40.21-PM-e1587929541835.jpeg","width":700,"height":466},{"@type":"BreadcrumbList","@id":"https:\/\/volcanes.net\/?p=6883#breadcrumb","itemListElement":[{"@type":"ListItem","position":1,"name":"Portada","item":"https:\/\/volcanes.net\/"},{"@type":"ListItem","position":2,"name":"Instala Gobierno de Amecameca filtros de seguridad en el Tianguis del Domingo"}]},{"@type":"WebSite","@id":"https:\/\/volcanes.net\/#website","url":"https:\/\/volcanes.net\/","name":"Volcanes.Net","description":"Periodismo Profesional","publisher":{"@id":"https:\/\/volcanes.net\/#organization"},"potentialAction":[{"@type":"SearchAction","target":{"@type":"EntryPoint","urlTemplate":"https:\/\/volcanes.net\/?s={search_term_string}"},"query-input":{"@type":"PropertyValueSpecification","valueRequired":true,"valueName":"search_term_string"}}],"inLanguage":"es"},{"@type":"Organization","@id":"https:\/\/volcanes.net\/#organization","name":"Grupo Volcanes","url":"https:\/\/volcanes.net\/","logo":{"@type":"ImageObject","inLanguage":"es","@id":"https:\/\/volcanes.net\/#\/schema\/logo\/image\/","url":"http:\/\/volcanes.net\/wp-content\/uploads\/2017\/12\/Avatar2.jpg","contentUrl":"http:\/\/volcanes.net\/wp-content\/uploads\/2017\/12\/Avatar2.jpg","width":378,"height":378,"caption":"Grupo Volcanes"},"image":{"@id":"https:\/\/volcanes.net\/#\/schema\/logo\/image\/"},"sameAs":["https:\/\/www.facebook.com\/volcanes.net\/"]},{"@type":"Person","@id":"https:\/\/volcanes.net\/#\/schema\/person\/4bf0f383940966a4abd53f5048c0e6b9","name":"admin","image":{"@type":"ImageObject","inLanguage":"es","@id":"https:\/\/volcanes.net\/#\/schema\/person\/image\/","url":"https:\/\/secure.gravatar.com\/avatar\/ca004e6cba8462b8cb7abc86e382930c?s=96&d=mm&r=g","contentUrl":"https:\/\/secure.gravatar.com\/avatar\/ca004e6cba8462b8cb7abc86e382930c?s=96&d=mm&r=g","caption":"admin"}}]}},"_links":{"self":[{"href":"https:\/\/volcanes.net\/index.php?rest_route=\/wp\/v2\/posts\/6883"}],"collection":[{"href":"https:\/\/volcanes.net\/index.php?rest_route=\/wp\/v2\/posts"}],"about":[{"href":"https:\/\/volcanes.net\/index.php?rest_route=\/wp\/v2\/types\/post"}],"author":[{"embeddable":true,"href":"https:\/\/volcanes.net\/index.php?rest_route=\/wp\/v2\/users\/1"}],"replies":[{"embeddable":true,"href":"https:\/\/volcanes.net\/index.php?rest_route=%2Fwp%2Fv2%2Fcomments&post=6883"}],"version-history":[{"count":1,"href":"https:\/\/volcanes.net\/index.php?rest_route=\/wp\/v2\/posts\/6883\/revisions"}],"predecessor-version":[{"id":6885,"href":"https:\/\/volcanes.net\/index.php?rest_route=\/wp\/v2\/posts\/6883\/revisions\/6885"}],"wp:featuredmedia":[{"embeddable":true,"href":"https:\/\/volcanes.net\/index.php?rest_route=\/wp\/v2\/media\/6884"}],"wp:attachment":[{"href":"https:\/\/volcanes.net\/index.php?rest_route=%2Fwp%2Fv2%2Fmedia&parent=6883"}],"wp:term":[{"taxonomy":"category","embeddable":true,"href":"https:\/\/volcanes.net\/index.php?rest_route=%2Fwp%2Fv2%2Fcategories&post=6883"},{"taxonomy":"post_tag","embeddable":true,"href":"https:\/\/volcanes.net\/index.php?rest_route=%2Fwp%2Fv2%2Ftags&post=6883"}],"curies":[{"name":"wp","href":"https:\/\/api.w.org\/{rel}","templated":true}]}}