{"id":6895,"date":"2020-04-27T12:59:43","date_gmt":"2020-04-27T18:59:43","guid":{"rendered":"http:\/\/volcanes.net\/?p=6895"},"modified":"2020-04-27T12:59:43","modified_gmt":"2020-04-27T18:59:43","slug":"gobierno-de-chalco-implementa-acciones-contundentes-contra-el-covid-19","status":"publish","type":"post","link":"https:\/\/volcanes.net\/?p=6895","title":{"rendered":"Gobierno de Chalco implementa acciones contundentes contra el COVID-19"},"content":{"rendered":"<div style=\"margin-top: 0px; margin-bottom: 0px;\" class=\"sharethis-inline-share-buttons\" ><\/div><p>&nbsp;<\/p>\n<p>Chalco, Estado de M\u00e9xico a 27 de abril de 2020.-\u00a0Ante la declaratoria de pandemia por el virus SARS-COV2, causante del COVID-19, el desde el pasado 18 de marzo, el Presidente Municipal, Miguel Guti\u00e9rrez Morales, con el respaldo de los integrantes del Ayuntamiento y en coordinaci\u00f3n con todas las direcciones y organismos descentralizados de la Administraci\u00f3n 2019-2021, emprendi\u00f3 acciones para cuidar la salud de los chalquenses y as\u00ed evitar contagios.<\/p>\n<p>Comprometido con la salud, el Gobierno de Chalco se sum\u00f3 a la Jornada Nacional de Sana Distancia y cancel\u00f3 las actividades no esenciales de la Administraci\u00f3n P\u00fablica Municipal, e instal\u00f3 filtros sanitarios en los accesos de la Presidencia Municipal y organismos descentralizados.<\/p>\n<p>Los integrantes del Cabildo aprobaron por unanimidad las medidas de prevenci\u00f3n para evitar o disminuir la probabilidad del contagio del COVID-19, como resultado de los acuerdos, se llev\u00f3 a cabo la sesi\u00f3n extraordinaria del Comit\u00e9 Municipal de Salud. El Presidente Municipal y los integrantes del ayuntamiento se coordinan con los diferentes niveles de Gobierno, para atender esta contingencia, a trav\u00e9s de video conferencias.<\/p>\n<p>Se dot\u00f3 de equipo de protecci\u00f3n e insumos a 24 m\u00e9dicos de la administraci\u00f3n p\u00fablica y se equip\u00f3 una ambulancia con una c\u00e1psula de aislamiento para traslados gratuitos, en caso de alguna emergencia. Adem\u00e1s se capacit\u00f3 a todos los servidores p\u00fablicos municipales en materia de medidas de prevenci\u00f3n para evitar contagios de SARS-COV2, como la t\u00e9cnica del lavado de manos, el uso correcto del cubrebocas y del alcohol gel.<\/p>\n<p>El Presidente Municipal llev\u00f3 a cabo reuniones con Autoridades Auxiliares, l\u00edderes de asociaciones de peque\u00f1as y medianas empresas, dirigentes del comercio en v\u00eda p\u00fablica y mesas directivas de mercados para capacitarlos en las medidas de prevenci\u00f3n, conformaci\u00f3n de brigadas y restricci\u00f3n de actividades, a fin de cumplir con las medidas de sana distancia.<\/p>\n<p>El Gobierno de Chalco entreg\u00f3 equipo de protecci\u00f3n y capacit\u00f3 a todos los elementos de la Direcci\u00f3n de Seguridad P\u00fablica, Tr\u00e1nsito y Bomberos, en protocolos de prevenci\u00f3n de contagios; las unidades patrullan diariamente las calles de Chalco, con un mensaje de concientizaci\u00f3n para que los ciudadanos, en la medida de sus posibilidades, se queden es casa; la Polic\u00eda Municipal, en coordinaci\u00f3n con la Guardia Nacional y la Polic\u00eda Estatal realiza operativos anti saqueos, tambi\u00e9n el Cuerpo de Bomberos sanitiza con soluci\u00f3n de amonio cuaternario espacios p\u00fablicos tales como: parques, \u00e1reas comerciales, unidades de salud p\u00fablica y privada, bases de transporte p\u00fablico, plazas, mercados, entre otros y se dise\u00f1\u00f3 la campa\u00f1a de separaci\u00f3n de residuos solidos para prevenir contagios y cuidar la salud de los trabajadores de limpia.<\/p>\n<p>La Coordinaci\u00f3n Municipal de Protecci\u00f3n Civil y las Direcciones de Desarrollo Econ\u00f3mico, Comercio, Gobierno y Concertaci\u00f3n, en coordinaci\u00f3n con Regulaci\u00f3n Sanitaria y Gobernaci\u00f3n Estatal; realizan operativos de notificaci\u00f3n, verificaci\u00f3n y supervisi\u00f3n a todo el comercio dentro del municipio para hacer llegar las recomendaciones y disposiciones de la Secretar\u00eda de Salud del Gobierno de M\u00e9xico y del Estado de M\u00e9xico.<\/p>\n<p>A trav\u00e9s de ODAPAS se dio apoyo a los comit\u00e9s aut\u00f3nomos con equipo de cloraci\u00f3n para mejorar la calidad del agua; se implement\u00f3 un programa gratuito de abasto emergente por medio de pipas y se aceler\u00f3 la construcci\u00f3n de obras de infraestructura hidr\u00e1ulica poniendo en marcha el pozo de Atlahuite en San Mart\u00edn Cuautlalpan y la construcci\u00f3n de la red de agua potable en la colonia Guadalupe Mor\u00e1n, beneficiando a 2,329 personas; estas acciones, permiten que familias que no contaban con el servicio, hoy realicen las medidas de higiene sugeridas por la Secretar\u00eda de Salud durante esta contingencia.<\/p>\n<p>Todos los d\u00edas se mantiene informada a la poblaci\u00f3n informado sobre el panorama de la pandemia a trav\u00e9s de los sitios oficiales del Gobierno de Chalco, adem\u00e1s se publica material audiovisual para difundir las medidas de prevenci\u00f3n. Se realiza una campa\u00f1a permanente de informaci\u00f3n en la que se colocaron 4 mil carteles con medidas de prevenci\u00f3n del contagio del COVID-19 en locales comerciales e industrias; oficinas gubernamentales, las 34 delegaciones, los 28 Centros de Atenci\u00f3n Social, el Sistema Municipal DIF Chalco, ODAPAS, hospitales p\u00fablicos y privados; tambi\u00e9n, se hicieron llegar a los m\u00e1s de 110 mil hogares volantes informativos; a trav\u00e9s de perifoneo, calle por calle, se difunde el spot \u201cQu\u00e9date en casa\u201d.<\/p>\n<p>Se colocaron 10 espectaculares en entradas y salidas del municipio, adem\u00e1s de vallas en los principales cruceros de la zona centro; en pueblos, barrios, colonias y unidades habitacionales se pusieron 500 vinilonas en puntos estrat\u00e9gicos, con la frase \u201cPor tu salud, es mejor estar en casa\u201d; adem\u00e1s 8 mil vecinos se sumaron a esta iniciativa colocando este mensaje fuera de sus hogares. Se reforz\u00f3 la plataforma www.gobiernodechalco.gob.mx para que la ciudadan\u00eda realizar tr\u00e1mites desde casa.<\/p>\n<p>Para disminuir la movilidad de las personas, cerramos el Jard\u00edn Central, parques, deportivos y otros espacios p\u00fablicos. Y como medida extraordinaria, mediante un acuerdo con organizaciones del comercio, se determin\u00f3 suspender toda actividad comercial en v\u00eda p\u00fablica, as\u00ed como en unidades econ\u00f3micas no esenciales, del 23 de abril al 8 de mayo, en todo el municipio.<\/p>\n<p>Con estas acciones, el objetivo del Gobierno de Chalco es que los casos de contagio de COVID-19 en esta tercera fase sean los menos posibles y as\u00ed salvar vidas.<\/p>\n","protected":false},"excerpt":{"rendered":"<p>&nbsp; Chalco, Estado de M\u00e9xico a 27 de abril de 2020.-\u00a0Ante la declaratoria de pandemia<\/p>\n","protected":false},"author":1,"featured_media":6896,"comment_status":"open","ping_status":"open","sticky":false,"template":"","format":"standard","meta":{"footnotes":""},"categories":[1],"tags":[9],"class_list":["post-6895","post","type-post","status-publish","format-standard","has-post-thumbnail","hentry","category-municipales","tag-chalco"],"yoast_head":"<!-- This site is optimized with the Yoast SEO plugin v25.3 - https:\/\/yoast.com\/wordpress\/plugins\/seo\/ -->\n<title>Gobierno de Chalco implementa acciones contundentes contra el COVID-19 - Volcanes<\/title>\n<meta name=\"robots\" content=\"index, follow, max-snippet:-1, max-image-preview:large, max-video-preview:-1\" \/>\n<link rel=\"canonical\" href=\"https:\/\/volcanes.net\/?p=6895\" \/>\n<meta property=\"og:locale\" content=\"es_MX\" \/>\n<meta property=\"og:type\" content=\"article\" \/>\n<meta property=\"og:title\" content=\"Gobierno de Chalco implementa acciones contundentes contra el COVID-19 - Volcanes\" \/>\n<meta property=\"og:description\" content=\"&nbsp; Chalco, Estado de M\u00e9xico a 27 de abril de 2020.-\u00a0Ante la declaratoria de pandemia\" \/>\n<meta property=\"og:url\" content=\"https:\/\/volcanes.net\/?p=6895\" \/>\n<meta property=\"og:site_name\" content=\"Volcanes\" \/>\n<meta property=\"article:publisher\" content=\"https:\/\/www.facebook.com\/volcanes.net\/\" \/>\n<meta property=\"article:published_time\" content=\"2020-04-27T18:59:43+00:00\" \/>\n<meta property=\"og:image\" content=\"https:\/\/volcanes.net\/wp-content\/uploads\/2020\/04\/be0114ec-3985-4372-b8fa-b37c1e7543a9-e1588013953203.jpg\" \/>\n\t<meta property=\"og:image:width\" content=\"700\" \/>\n\t<meta property=\"og:image:height\" content=\"466\" \/>\n\t<meta property=\"og:image:type\" content=\"image\/jpeg\" \/>\n<meta name=\"author\" content=\"admin\" \/>\n<meta name=\"twitter:card\" content=\"summary_large_image\" \/>\n<meta name=\"twitter:label1\" content=\"Escrito por\" \/>\n\t<meta name=\"twitter:data1\" content=\"admin\" \/>\n\t<meta name=\"twitter:label2\" content=\"Tiempo de lectura\" \/>\n\t<meta name=\"twitter:data2\" content=\"5 minutos\" \/>\n<script type=\"application\/ld+json\" class=\"yoast-schema-graph\">{\"@context\":\"https:\/\/schema.org\",\"@graph\":[{\"@type\":\"Article\",\"@id\":\"https:\/\/volcanes.net\/?p=6895#article\",\"isPartOf\":{\"@id\":\"https:\/\/volcanes.net\/?p=6895\"},\"author\":{\"name\":\"admin\",\"@id\":\"https:\/\/volcanes.net\/#\/schema\/person\/4bf0f383940966a4abd53f5048c0e6b9\"},\"headline\":\"Gobierno de Chalco implementa acciones contundentes contra el COVID-19\",\"datePublished\":\"2020-04-27T18:59:43+00:00\",\"mainEntityOfPage\":{\"@id\":\"https:\/\/volcanes.net\/?p=6895\"},\"wordCount\":942,\"commentCount\":0,\"publisher\":{\"@id\":\"https:\/\/volcanes.net\/#organization\"},\"image\":{\"@id\":\"https:\/\/volcanes.net\/?p=6895#primaryimage\"},\"thumbnailUrl\":\"https:\/\/volcanes.net\/wp-content\/uploads\/2020\/04\/be0114ec-3985-4372-b8fa-b37c1e7543a9-e1588013953203.jpg\",\"keywords\":[\"Chalco\"],\"articleSection\":[\"Municipales\"],\"inLanguage\":\"es\",\"potentialAction\":[{\"@type\":\"CommentAction\",\"name\":\"Comment\",\"target\":[\"https:\/\/volcanes.net\/?p=6895#respond\"]}]},{\"@type\":\"WebPage\",\"@id\":\"https:\/\/volcanes.net\/?p=6895\",\"url\":\"https:\/\/volcanes.net\/?p=6895\",\"name\":\"Gobierno de Chalco implementa acciones contundentes contra el COVID-19 - Volcanes\",\"isPartOf\":{\"@id\":\"https:\/\/volcanes.net\/#website\"},\"primaryImageOfPage\":{\"@id\":\"https:\/\/volcanes.net\/?p=6895#primaryimage\"},\"image\":{\"@id\":\"https:\/\/volcanes.net\/?p=6895#primaryimage\"},\"thumbnailUrl\":\"https:\/\/volcanes.net\/wp-content\/uploads\/2020\/04\/be0114ec-3985-4372-b8fa-b37c1e7543a9-e1588013953203.jpg\",\"datePublished\":\"2020-04-27T18:59:43+00:00\",\"breadcrumb\":{\"@id\":\"https:\/\/volcanes.net\/?p=6895#breadcrumb\"},\"inLanguage\":\"es\",\"potentialAction\":[{\"@type\":\"ReadAction\",\"target\":[\"https:\/\/volcanes.net\/?p=6895\"]}]},{\"@type\":\"ImageObject\",\"inLanguage\":\"es\",\"@id\":\"https:\/\/volcanes.net\/?p=6895#primaryimage\",\"url\":\"https:\/\/volcanes.net\/wp-content\/uploads\/2020\/04\/be0114ec-3985-4372-b8fa-b37c1e7543a9-e1588013953203.jpg\",\"contentUrl\":\"https:\/\/volcanes.net\/wp-content\/uploads\/2020\/04\/be0114ec-3985-4372-b8fa-b37c1e7543a9-e1588013953203.jpg\",\"width\":700,\"height\":466},{\"@type\":\"BreadcrumbList\",\"@id\":\"https:\/\/volcanes.net\/?p=6895#breadcrumb\",\"itemListElement\":[{\"@type\":\"ListItem\",\"position\":1,\"name\":\"Portada\",\"item\":\"https:\/\/volcanes.net\/\"},{\"@type\":\"ListItem\",\"position\":2,\"name\":\"Gobierno de Chalco implementa acciones contundentes contra el COVID-19\"}]},{\"@type\":\"WebSite\",\"@id\":\"https:\/\/volcanes.net\/#website\",\"url\":\"https:\/\/volcanes.net\/\",\"name\":\"Volcanes.Net\",\"description\":\"Periodismo Profesional\",\"publisher\":{\"@id\":\"https:\/\/volcanes.net\/#organization\"},\"potentialAction\":[{\"@type\":\"SearchAction\",\"target\":{\"@type\":\"EntryPoint\",\"urlTemplate\":\"https:\/\/volcanes.net\/?s={search_term_string}\"},\"query-input\":{\"@type\":\"PropertyValueSpecification\",\"valueRequired\":true,\"valueName\":\"search_term_string\"}}],\"inLanguage\":\"es\"},{\"@type\":\"Organization\",\"@id\":\"https:\/\/volcanes.net\/#organization\",\"name\":\"Grupo Volcanes\",\"url\":\"https:\/\/volcanes.net\/\",\"logo\":{\"@type\":\"ImageObject\",\"inLanguage\":\"es\",\"@id\":\"https:\/\/volcanes.net\/#\/schema\/logo\/image\/\",\"url\":\"http:\/\/volcanes.net\/wp-content\/uploads\/2017\/12\/Avatar2.jpg\",\"contentUrl\":\"http:\/\/volcanes.net\/wp-content\/uploads\/2017\/12\/Avatar2.jpg\",\"width\":378,\"height\":378,\"caption\":\"Grupo Volcanes\"},\"image\":{\"@id\":\"https:\/\/volcanes.net\/#\/schema\/logo\/image\/\"},\"sameAs\":[\"https:\/\/www.facebook.com\/volcanes.net\/\"]},{\"@type\":\"Person\",\"@id\":\"https:\/\/volcanes.net\/#\/schema\/person\/4bf0f383940966a4abd53f5048c0e6b9\",\"name\":\"admin\",\"image\":{\"@type\":\"ImageObject\",\"inLanguage\":\"es\",\"@id\":\"https:\/\/volcanes.net\/#\/schema\/person\/image\/\",\"url\":\"https:\/\/secure.gravatar.com\/avatar\/ca004e6cba8462b8cb7abc86e382930c?s=96&d=mm&r=g\",\"contentUrl\":\"https:\/\/secure.gravatar.com\/avatar\/ca004e6cba8462b8cb7abc86e382930c?s=96&d=mm&r=g\",\"caption\":\"admin\"}}]}<\/script>\n<!-- \/ Yoast SEO plugin. -->","yoast_head_json":{"title":"Gobierno de Chalco implementa acciones contundentes contra el COVID-19 - Volcanes","robots":{"index":"index","follow":"follow","max-snippet":"max-snippet:-1","max-image-preview":"max-image-preview:large","max-video-preview":"max-video-preview:-1"},"canonical":"https:\/\/volcanes.net\/?p=6895","og_locale":"es_MX","og_type":"article","og_title":"Gobierno de Chalco implementa acciones contundentes contra el COVID-19 - Volcanes","og_description":"&nbsp; Chalco, Estado de M\u00e9xico a 27 de abril de 2020.-\u00a0Ante la declaratoria de pandemia","og_url":"https:\/\/volcanes.net\/?p=6895","og_site_name":"Volcanes","article_publisher":"https:\/\/www.facebook.com\/volcanes.net\/","article_published_time":"2020-04-27T18:59:43+00:00","og_image":[{"width":700,"height":466,"url":"https:\/\/volcanes.net\/wp-content\/uploads\/2020\/04\/be0114ec-3985-4372-b8fa-b37c1e7543a9-e1588013953203.jpg","type":"image\/jpeg"}],"author":"admin","twitter_card":"summary_large_image","twitter_misc":{"Escrito por":"admin","Tiempo de lectura":"5 minutos"},"schema":{"@context":"https:\/\/schema.org","@graph":[{"@type":"Article","@id":"https:\/\/volcanes.net\/?p=6895#article","isPartOf":{"@id":"https:\/\/volcanes.net\/?p=6895"},"author":{"name":"admin","@id":"https:\/\/volcanes.net\/#\/schema\/person\/4bf0f383940966a4abd53f5048c0e6b9"},"headline":"Gobierno de Chalco implementa acciones contundentes contra el COVID-19","datePublished":"2020-04-27T18:59:43+00:00","mainEntityOfPage":{"@id":"https:\/\/volcanes.net\/?p=6895"},"wordCount":942,"commentCount":0,"publisher":{"@id":"https:\/\/volcanes.net\/#organization"},"image":{"@id":"https:\/\/volcanes.net\/?p=6895#primaryimage"},"thumbnailUrl":"https:\/\/volcanes.net\/wp-content\/uploads\/2020\/04\/be0114ec-3985-4372-b8fa-b37c1e7543a9-e1588013953203.jpg","keywords":["Chalco"],"articleSection":["Municipales"],"inLanguage":"es","potentialAction":[{"@type":"CommentAction","name":"Comment","target":["https:\/\/volcanes.net\/?p=6895#respond"]}]},{"@type":"WebPage","@id":"https:\/\/volcanes.net\/?p=6895","url":"https:\/\/volcanes.net\/?p=6895","name":"Gobierno de Chalco implementa acciones contundentes contra el COVID-19 - Volcanes","isPartOf":{"@id":"https:\/\/volcanes.net\/#website"},"primaryImageOfPage":{"@id":"https:\/\/volcanes.net\/?p=6895#primaryimage"},"image":{"@id":"https:\/\/volcanes.net\/?p=6895#primaryimage"},"thumbnailUrl":"https:\/\/volcanes.net\/wp-content\/uploads\/2020\/04\/be0114ec-3985-4372-b8fa-b37c1e7543a9-e1588013953203.jpg","datePublished":"2020-04-27T18:59:43+00:00","breadcrumb":{"@id":"https:\/\/volcanes.net\/?p=6895#breadcrumb"},"inLanguage":"es","potentialAction":[{"@type":"ReadAction","target":["https:\/\/volcanes.net\/?p=6895"]}]},{"@type":"ImageObject","inLanguage":"es","@id":"https:\/\/volcanes.net\/?p=6895#primaryimage","url":"https:\/\/volcanes.net\/wp-content\/uploads\/2020\/04\/be0114ec-3985-4372-b8fa-b37c1e7543a9-e1588013953203.jpg","contentUrl":"https:\/\/volcanes.net\/wp-content\/uploads\/2020\/04\/be0114ec-3985-4372-b8fa-b37c1e7543a9-e1588013953203.jpg","width":700,"height":466},{"@type":"BreadcrumbList","@id":"https:\/\/volcanes.net\/?p=6895#breadcrumb","itemListElement":[{"@type":"ListItem","position":1,"name":"Portada","item":"https:\/\/volcanes.net\/"},{"@type":"ListItem","position":2,"name":"Gobierno de Chalco implementa acciones contundentes contra el COVID-19"}]},{"@type":"WebSite","@id":"https:\/\/volcanes.net\/#website","url":"https:\/\/volcanes.net\/","name":"Volcanes.Net","description":"Periodismo Profesional","publisher":{"@id":"https:\/\/volcanes.net\/#organization"},"potentialAction":[{"@type":"SearchAction","target":{"@type":"EntryPoint","urlTemplate":"https:\/\/volcanes.net\/?s={search_term_string}"},"query-input":{"@type":"PropertyValueSpecification","valueRequired":true,"valueName":"search_term_string"}}],"inLanguage":"es"},{"@type":"Organization","@id":"https:\/\/volcanes.net\/#organization","name":"Grupo Volcanes","url":"https:\/\/volcanes.net\/","logo":{"@type":"ImageObject","inLanguage":"es","@id":"https:\/\/volcanes.net\/#\/schema\/logo\/image\/","url":"http:\/\/volcanes.net\/wp-content\/uploads\/2017\/12\/Avatar2.jpg","contentUrl":"http:\/\/volcanes.net\/wp-content\/uploads\/2017\/12\/Avatar2.jpg","width":378,"height":378,"caption":"Grupo Volcanes"},"image":{"@id":"https:\/\/volcanes.net\/#\/schema\/logo\/image\/"},"sameAs":["https:\/\/www.facebook.com\/volcanes.net\/"]},{"@type":"Person","@id":"https:\/\/volcanes.net\/#\/schema\/person\/4bf0f383940966a4abd53f5048c0e6b9","name":"admin","image":{"@type":"ImageObject","inLanguage":"es","@id":"https:\/\/volcanes.net\/#\/schema\/person\/image\/","url":"https:\/\/secure.gravatar.com\/avatar\/ca004e6cba8462b8cb7abc86e382930c?s=96&d=mm&r=g","contentUrl":"https:\/\/secure.gravatar.com\/avatar\/ca004e6cba8462b8cb7abc86e382930c?s=96&d=mm&r=g","caption":"admin"}}]}},"_links":{"self":[{"href":"https:\/\/volcanes.net\/index.php?rest_route=\/wp\/v2\/posts\/6895"}],"collection":[{"href":"https:\/\/volcanes.net\/index.php?rest_route=\/wp\/v2\/posts"}],"about":[{"href":"https:\/\/volcanes.net\/index.php?rest_route=\/wp\/v2\/types\/post"}],"author":[{"embeddable":true,"href":"https:\/\/volcanes.net\/index.php?rest_route=\/wp\/v2\/users\/1"}],"replies":[{"embeddable":true,"href":"https:\/\/volcanes.net\/index.php?rest_route=%2Fwp%2Fv2%2Fcomments&post=6895"}],"version-history":[{"count":1,"href":"https:\/\/volcanes.net\/index.php?rest_route=\/wp\/v2\/posts\/6895\/revisions"}],"predecessor-version":[{"id":6897,"href":"https:\/\/volcanes.net\/index.php?rest_route=\/wp\/v2\/posts\/6895\/revisions\/6897"}],"wp:featuredmedia":[{"embeddable":true,"href":"https:\/\/volcanes.net\/index.php?rest_route=\/wp\/v2\/media\/6896"}],"wp:attachment":[{"href":"https:\/\/volcanes.net\/index.php?rest_route=%2Fwp%2Fv2%2Fmedia&parent=6895"}],"wp:term":[{"taxonomy":"category","embeddable":true,"href":"https:\/\/volcanes.net\/index.php?rest_route=%2Fwp%2Fv2%2Fcategories&post=6895"},{"taxonomy":"post_tag","embeddable":true,"href":"https:\/\/volcanes.net\/index.php?rest_route=%2Fwp%2Fv2%2Ftags&post=6895"}],"curies":[{"name":"wp","href":"https:\/\/api.w.org\/{rel}","templated":true}]}}