{"id":6906,"date":"2020-04-30T08:27:06","date_gmt":"2020-04-30T14:27:06","guid":{"rendered":"https:\/\/volcanes.net\/?p=6906"},"modified":"2020-04-30T08:27:34","modified_gmt":"2020-04-30T14:27:34","slug":"sanitizan-mercados-en-valle-de-chalco","status":"publish","type":"post","link":"https:\/\/volcanes.net\/?p=6906","title":{"rendered":"Sanitizan mercados en Valle de Chalco"},"content":{"rendered":"<div style=\"margin-top: 0px; margin-bottom: 0px;\" class=\"sharethis-inline-share-buttons\" ><\/div><blockquote><p>Ser\u00e1n m\u00e1s de 30 centros de abasto los que estar\u00e1n fuera de focos infecciosos<\/p><\/blockquote>\n<p>Valle de Chalco, Rstado de M\u00e9xico.- Con el prop\u00f3sito de cuidar a la poblaci\u00f3n vallechalquense y desechar del escenario infeccioso creado por la presencia del COVId-19; acci\u00f3n que el gobierno municipal lleva a cabo con los protocolos b\u00e1sicos de prevenci\u00f3n de los riesgos sanitarios, al interior de los mercados, protegiendo a locatarios y clientes que llegan a adquirir los productos de la canasta b\u00e1sica, para su alimentaci\u00f3n.<\/p>\n<p>Con personal t\u00e9cnico altamente especializado y llevando consigo los desinfectantes necesarios, para dejar libre de focos de infecci\u00f3n dichos centros comerciales; el alcalde Armando Garc\u00eda M\u00e9ndez, instruy\u00f3 a poner en marcha la segunda jornada de sanitaci\u00f3n, que se aplica en todos los mercados de las colonias del municipio, tal como se hizo en su primera etapa.<br \/>\nEs decir, luego del medio d\u00eda de hoy, la caravana de especialistas, usando el equipo adecuado para proteger su salud y de los vecinos dieron inicio los trabajos de sanitizaci\u00f3n en las instalaciones del mercado 27 de mayo, que se ubica en el per\u00edmetro de la colonia del Carmen.<\/p>\n<p>Sin embargo, al observar la llegada del transporte que tra\u00eda consigo toda clase de desinfectantes, para aplicarlos en este centro de abasto mostraron su reconocimiento al gobierno y a su titular, por mantenerse atento a evitar, presunto contagio en el importante punto de abastecimiento.<\/p>\n<p>Al continuar con la jornada de sanitizaci\u00f3n de mercados p\u00fablicos, se dirigieron al mercado Ejidal Dar\u00edo Mart\u00ednez, al de la colonia Santiago, 24 de mayo, 14 de abril y nuevo Sol, hasta sumar un total, de 34 m\u00f3dulos de abasto popular, ubicados en Valle de Chalco.<\/p>\n<p>Por su parte el edil, Garc\u00eda M\u00e9ndez, destac\u00f3 que en Valle de Chalco Solidaridad, la salud es primero y no se escatimar\u00e1 inversi\u00f3n alguna, en busca de reducir al m\u00e1ximo los embates de la pandemia, resaltando que por esa raz\u00f3n es importante que se cumplan los protocolos de medidas de prevenci\u00f3n, como el de la sana distancia, la utilizaci\u00f3n de cubrebocas, utilizar gel antibacterial, as\u00ed como lavarse continuamente las manos con agua y jab\u00f3n, y en el caso de los mercados, mantener un alto grado de limpieza y desinfecci\u00f3n, en cada uno de los locales. \u201cPorque la prevenci\u00f3n es la herramienta que tiene Valle de Chalco y su gobierno, para combatir la pandemia\u201d, explic\u00f3.<\/p>\n<p>Mientras que Antonio Romero Vel\u00e1zquez, integrante de la mesa directiva del citado mercado 27 de mayo, acompa\u00f1ado de sus integrantes, agradeci\u00f3 al edil municipal, Armando Garc\u00eda, los trabajos de sanitizaci\u00f3n aplicados, lo que permitir\u00e1 garantizar entregar su producto, con alto nivel sanitario y estar plenamente protegido de dicha pandemia.<\/p>\n<p>Por su parte el director de atenci\u00f3n a la salud, Mario Daniel Ontiveros \u00c1lvarez, agradeci\u00f3 a nombre del alcalde Garc\u00eda M\u00e9ndez, el hecho que los locatarios del mercado 27 de mayo, hayan aceptado, suspender sus actividades diarias, para que el gobierno realizara la sanitizaci\u00f3n y as\u00ed garantizar su salud y la de sus clientes llevando el mensaje cuid\u00e9monos todos #Qu\u00e9dateEnCasa.<\/p>\n","protected":false},"excerpt":{"rendered":"<p>Ser\u00e1n m\u00e1s de 30 centros de abasto los que estar\u00e1n fuera de focos infecciosos Valle<\/p>\n","protected":false},"author":1,"featured_media":6905,"comment_status":"open","ping_status":"open","sticky":false,"template":"","format":"standard","meta":{"footnotes":""},"categories":[1],"tags":[],"class_list":["post-6906","post","type-post","status-publish","format-standard","has-post-thumbnail","hentry","category-municipales"],"yoast_head":"<!-- This site is optimized with the Yoast SEO plugin v25.3 - https:\/\/yoast.com\/wordpress\/plugins\/seo\/ -->\n<title>Sanitizan mercados en Valle de Chalco - Volcanes<\/title>\n<meta name=\"robots\" content=\"index, follow, max-snippet:-1, max-image-preview:large, max-video-preview:-1\" \/>\n<link rel=\"canonical\" href=\"https:\/\/volcanes.net\/?p=6906\" \/>\n<meta property=\"og:locale\" content=\"es_MX\" \/>\n<meta property=\"og:type\" content=\"article\" \/>\n<meta property=\"og:title\" content=\"Sanitizan mercados en Valle de Chalco - Volcanes\" \/>\n<meta property=\"og:description\" content=\"Ser\u00e1n m\u00e1s de 30 centros de abasto los que estar\u00e1n fuera de focos infecciosos Valle\" \/>\n<meta property=\"og:url\" content=\"https:\/\/volcanes.net\/?p=6906\" \/>\n<meta property=\"og:site_name\" content=\"Volcanes\" \/>\n<meta property=\"article:publisher\" content=\"https:\/\/www.facebook.com\/volcanes.net\/\" \/>\n<meta property=\"article:published_time\" content=\"2020-04-30T14:27:06+00:00\" \/>\n<meta property=\"article:modified_time\" content=\"2020-04-30T14:27:34+00:00\" \/>\n<meta property=\"og:image\" content=\"https:\/\/volcanes.net\/wp-content\/uploads\/2020\/04\/FB_IMG_1588256615085_copy_552x575.jpg\" \/>\n\t<meta property=\"og:image:width\" content=\"552\" \/>\n\t<meta property=\"og:image:height\" content=\"575\" \/>\n\t<meta property=\"og:image:type\" content=\"image\/jpeg\" \/>\n<meta name=\"author\" content=\"admin\" \/>\n<meta name=\"twitter:card\" content=\"summary_large_image\" \/>\n<meta name=\"twitter:label1\" content=\"Escrito por\" \/>\n\t<meta name=\"twitter:data1\" content=\"admin\" \/>\n\t<meta name=\"twitter:label2\" content=\"Tiempo de lectura\" \/>\n\t<meta name=\"twitter:data2\" content=\"3 minutos\" \/>\n<script type=\"application\/ld+json\" class=\"yoast-schema-graph\">{\"@context\":\"https:\/\/schema.org\",\"@graph\":[{\"@type\":\"Article\",\"@id\":\"https:\/\/volcanes.net\/?p=6906#article\",\"isPartOf\":{\"@id\":\"https:\/\/volcanes.net\/?p=6906\"},\"author\":{\"name\":\"admin\",\"@id\":\"https:\/\/volcanes.net\/#\/schema\/person\/4bf0f383940966a4abd53f5048c0e6b9\"},\"headline\":\"Sanitizan mercados en Valle de Chalco\",\"datePublished\":\"2020-04-30T14:27:06+00:00\",\"dateModified\":\"2020-04-30T14:27:34+00:00\",\"mainEntityOfPage\":{\"@id\":\"https:\/\/volcanes.net\/?p=6906\"},\"wordCount\":544,\"commentCount\":0,\"publisher\":{\"@id\":\"https:\/\/volcanes.net\/#organization\"},\"image\":{\"@id\":\"https:\/\/volcanes.net\/?p=6906#primaryimage\"},\"thumbnailUrl\":\"https:\/\/volcanes.net\/wp-content\/uploads\/2020\/04\/FB_IMG_1588256615085_copy_552x575.jpg\",\"articleSection\":[\"Municipales\"],\"inLanguage\":\"es\",\"potentialAction\":[{\"@type\":\"CommentAction\",\"name\":\"Comment\",\"target\":[\"https:\/\/volcanes.net\/?p=6906#respond\"]}]},{\"@type\":\"WebPage\",\"@id\":\"https:\/\/volcanes.net\/?p=6906\",\"url\":\"https:\/\/volcanes.net\/?p=6906\",\"name\":\"Sanitizan mercados en Valle de Chalco - Volcanes\",\"isPartOf\":{\"@id\":\"https:\/\/volcanes.net\/#website\"},\"primaryImageOfPage\":{\"@id\":\"https:\/\/volcanes.net\/?p=6906#primaryimage\"},\"image\":{\"@id\":\"https:\/\/volcanes.net\/?p=6906#primaryimage\"},\"thumbnailUrl\":\"https:\/\/volcanes.net\/wp-content\/uploads\/2020\/04\/FB_IMG_1588256615085_copy_552x575.jpg\",\"datePublished\":\"2020-04-30T14:27:06+00:00\",\"dateModified\":\"2020-04-30T14:27:34+00:00\",\"breadcrumb\":{\"@id\":\"https:\/\/volcanes.net\/?p=6906#breadcrumb\"},\"inLanguage\":\"es\",\"potentialAction\":[{\"@type\":\"ReadAction\",\"target\":[\"https:\/\/volcanes.net\/?p=6906\"]}]},{\"@type\":\"ImageObject\",\"inLanguage\":\"es\",\"@id\":\"https:\/\/volcanes.net\/?p=6906#primaryimage\",\"url\":\"https:\/\/volcanes.net\/wp-content\/uploads\/2020\/04\/FB_IMG_1588256615085_copy_552x575.jpg\",\"contentUrl\":\"https:\/\/volcanes.net\/wp-content\/uploads\/2020\/04\/FB_IMG_1588256615085_copy_552x575.jpg\",\"width\":552,\"height\":575},{\"@type\":\"BreadcrumbList\",\"@id\":\"https:\/\/volcanes.net\/?p=6906#breadcrumb\",\"itemListElement\":[{\"@type\":\"ListItem\",\"position\":1,\"name\":\"Portada\",\"item\":\"https:\/\/volcanes.net\/\"},{\"@type\":\"ListItem\",\"position\":2,\"name\":\"Sanitizan mercados en Valle de Chalco\"}]},{\"@type\":\"WebSite\",\"@id\":\"https:\/\/volcanes.net\/#website\",\"url\":\"https:\/\/volcanes.net\/\",\"name\":\"Volcanes.Net\",\"description\":\"Periodismo Profesional\",\"publisher\":{\"@id\":\"https:\/\/volcanes.net\/#organization\"},\"potentialAction\":[{\"@type\":\"SearchAction\",\"target\":{\"@type\":\"EntryPoint\",\"urlTemplate\":\"https:\/\/volcanes.net\/?s={search_term_string}\"},\"query-input\":{\"@type\":\"PropertyValueSpecification\",\"valueRequired\":true,\"valueName\":\"search_term_string\"}}],\"inLanguage\":\"es\"},{\"@type\":\"Organization\",\"@id\":\"https:\/\/volcanes.net\/#organization\",\"name\":\"Grupo Volcanes\",\"url\":\"https:\/\/volcanes.net\/\",\"logo\":{\"@type\":\"ImageObject\",\"inLanguage\":\"es\",\"@id\":\"https:\/\/volcanes.net\/#\/schema\/logo\/image\/\",\"url\":\"http:\/\/volcanes.net\/wp-content\/uploads\/2017\/12\/Avatar2.jpg\",\"contentUrl\":\"http:\/\/volcanes.net\/wp-content\/uploads\/2017\/12\/Avatar2.jpg\",\"width\":378,\"height\":378,\"caption\":\"Grupo Volcanes\"},\"image\":{\"@id\":\"https:\/\/volcanes.net\/#\/schema\/logo\/image\/\"},\"sameAs\":[\"https:\/\/www.facebook.com\/volcanes.net\/\"]},{\"@type\":\"Person\",\"@id\":\"https:\/\/volcanes.net\/#\/schema\/person\/4bf0f383940966a4abd53f5048c0e6b9\",\"name\":\"admin\",\"image\":{\"@type\":\"ImageObject\",\"inLanguage\":\"es\",\"@id\":\"https:\/\/volcanes.net\/#\/schema\/person\/image\/\",\"url\":\"https:\/\/secure.gravatar.com\/avatar\/ca004e6cba8462b8cb7abc86e382930c?s=96&d=mm&r=g\",\"contentUrl\":\"https:\/\/secure.gravatar.com\/avatar\/ca004e6cba8462b8cb7abc86e382930c?s=96&d=mm&r=g\",\"caption\":\"admin\"}}]}<\/script>\n<!-- \/ Yoast SEO plugin. -->","yoast_head_json":{"title":"Sanitizan mercados en Valle de Chalco - Volcanes","robots":{"index":"index","follow":"follow","max-snippet":"max-snippet:-1","max-image-preview":"max-image-preview:large","max-video-preview":"max-video-preview:-1"},"canonical":"https:\/\/volcanes.net\/?p=6906","og_locale":"es_MX","og_type":"article","og_title":"Sanitizan mercados en Valle de Chalco - Volcanes","og_description":"Ser\u00e1n m\u00e1s de 30 centros de abasto los que estar\u00e1n fuera de focos infecciosos Valle","og_url":"https:\/\/volcanes.net\/?p=6906","og_site_name":"Volcanes","article_publisher":"https:\/\/www.facebook.com\/volcanes.net\/","article_published_time":"2020-04-30T14:27:06+00:00","article_modified_time":"2020-04-30T14:27:34+00:00","og_image":[{"width":552,"height":575,"url":"https:\/\/volcanes.net\/wp-content\/uploads\/2020\/04\/FB_IMG_1588256615085_copy_552x575.jpg","type":"image\/jpeg"}],"author":"admin","twitter_card":"summary_large_image","twitter_misc":{"Escrito por":"admin","Tiempo de lectura":"3 minutos"},"schema":{"@context":"https:\/\/schema.org","@graph":[{"@type":"Article","@id":"https:\/\/volcanes.net\/?p=6906#article","isPartOf":{"@id":"https:\/\/volcanes.net\/?p=6906"},"author":{"name":"admin","@id":"https:\/\/volcanes.net\/#\/schema\/person\/4bf0f383940966a4abd53f5048c0e6b9"},"headline":"Sanitizan mercados en Valle de Chalco","datePublished":"2020-04-30T14:27:06+00:00","dateModified":"2020-04-30T14:27:34+00:00","mainEntityOfPage":{"@id":"https:\/\/volcanes.net\/?p=6906"},"wordCount":544,"commentCount":0,"publisher":{"@id":"https:\/\/volcanes.net\/#organization"},"image":{"@id":"https:\/\/volcanes.net\/?p=6906#primaryimage"},"thumbnailUrl":"https:\/\/volcanes.net\/wp-content\/uploads\/2020\/04\/FB_IMG_1588256615085_copy_552x575.jpg","articleSection":["Municipales"],"inLanguage":"es","potentialAction":[{"@type":"CommentAction","name":"Comment","target":["https:\/\/volcanes.net\/?p=6906#respond"]}]},{"@type":"WebPage","@id":"https:\/\/volcanes.net\/?p=6906","url":"https:\/\/volcanes.net\/?p=6906","name":"Sanitizan mercados en Valle de Chalco - Volcanes","isPartOf":{"@id":"https:\/\/volcanes.net\/#website"},"primaryImageOfPage":{"@id":"https:\/\/volcanes.net\/?p=6906#primaryimage"},"image":{"@id":"https:\/\/volcanes.net\/?p=6906#primaryimage"},"thumbnailUrl":"https:\/\/volcanes.net\/wp-content\/uploads\/2020\/04\/FB_IMG_1588256615085_copy_552x575.jpg","datePublished":"2020-04-30T14:27:06+00:00","dateModified":"2020-04-30T14:27:34+00:00","breadcrumb":{"@id":"https:\/\/volcanes.net\/?p=6906#breadcrumb"},"inLanguage":"es","potentialAction":[{"@type":"ReadAction","target":["https:\/\/volcanes.net\/?p=6906"]}]},{"@type":"ImageObject","inLanguage":"es","@id":"https:\/\/volcanes.net\/?p=6906#primaryimage","url":"https:\/\/volcanes.net\/wp-content\/uploads\/2020\/04\/FB_IMG_1588256615085_copy_552x575.jpg","contentUrl":"https:\/\/volcanes.net\/wp-content\/uploads\/2020\/04\/FB_IMG_1588256615085_copy_552x575.jpg","width":552,"height":575},{"@type":"BreadcrumbList","@id":"https:\/\/volcanes.net\/?p=6906#breadcrumb","itemListElement":[{"@type":"ListItem","position":1,"name":"Portada","item":"https:\/\/volcanes.net\/"},{"@type":"ListItem","position":2,"name":"Sanitizan mercados en Valle de Chalco"}]},{"@type":"WebSite","@id":"https:\/\/volcanes.net\/#website","url":"https:\/\/volcanes.net\/","name":"Volcanes.Net","description":"Periodismo Profesional","publisher":{"@id":"https:\/\/volcanes.net\/#organization"},"potentialAction":[{"@type":"SearchAction","target":{"@type":"EntryPoint","urlTemplate":"https:\/\/volcanes.net\/?s={search_term_string}"},"query-input":{"@type":"PropertyValueSpecification","valueRequired":true,"valueName":"search_term_string"}}],"inLanguage":"es"},{"@type":"Organization","@id":"https:\/\/volcanes.net\/#organization","name":"Grupo Volcanes","url":"https:\/\/volcanes.net\/","logo":{"@type":"ImageObject","inLanguage":"es","@id":"https:\/\/volcanes.net\/#\/schema\/logo\/image\/","url":"http:\/\/volcanes.net\/wp-content\/uploads\/2017\/12\/Avatar2.jpg","contentUrl":"http:\/\/volcanes.net\/wp-content\/uploads\/2017\/12\/Avatar2.jpg","width":378,"height":378,"caption":"Grupo Volcanes"},"image":{"@id":"https:\/\/volcanes.net\/#\/schema\/logo\/image\/"},"sameAs":["https:\/\/www.facebook.com\/volcanes.net\/"]},{"@type":"Person","@id":"https:\/\/volcanes.net\/#\/schema\/person\/4bf0f383940966a4abd53f5048c0e6b9","name":"admin","image":{"@type":"ImageObject","inLanguage":"es","@id":"https:\/\/volcanes.net\/#\/schema\/person\/image\/","url":"https:\/\/secure.gravatar.com\/avatar\/ca004e6cba8462b8cb7abc86e382930c?s=96&d=mm&r=g","contentUrl":"https:\/\/secure.gravatar.com\/avatar\/ca004e6cba8462b8cb7abc86e382930c?s=96&d=mm&r=g","caption":"admin"}}]}},"_links":{"self":[{"href":"https:\/\/volcanes.net\/index.php?rest_route=\/wp\/v2\/posts\/6906"}],"collection":[{"href":"https:\/\/volcanes.net\/index.php?rest_route=\/wp\/v2\/posts"}],"about":[{"href":"https:\/\/volcanes.net\/index.php?rest_route=\/wp\/v2\/types\/post"}],"author":[{"embeddable":true,"href":"https:\/\/volcanes.net\/index.php?rest_route=\/wp\/v2\/users\/1"}],"replies":[{"embeddable":true,"href":"https:\/\/volcanes.net\/index.php?rest_route=%2Fwp%2Fv2%2Fcomments&post=6906"}],"version-history":[{"count":1,"href":"https:\/\/volcanes.net\/index.php?rest_route=\/wp\/v2\/posts\/6906\/revisions"}],"predecessor-version":[{"id":6907,"href":"https:\/\/volcanes.net\/index.php?rest_route=\/wp\/v2\/posts\/6906\/revisions\/6907"}],"wp:featuredmedia":[{"embeddable":true,"href":"https:\/\/volcanes.net\/index.php?rest_route=\/wp\/v2\/media\/6905"}],"wp:attachment":[{"href":"https:\/\/volcanes.net\/index.php?rest_route=%2Fwp%2Fv2%2Fmedia&parent=6906"}],"wp:term":[{"taxonomy":"category","embeddable":true,"href":"https:\/\/volcanes.net\/index.php?rest_route=%2Fwp%2Fv2%2Fcategories&post=6906"},{"taxonomy":"post_tag","embeddable":true,"href":"https:\/\/volcanes.net\/index.php?rest_route=%2Fwp%2Fv2%2Ftags&post=6906"}],"curies":[{"name":"wp","href":"https:\/\/api.w.org\/{rel}","templated":true}]}}