{"id":6924,"date":"2020-05-03T16:06:47","date_gmt":"2020-05-03T22:06:47","guid":{"rendered":"http:\/\/volcanes.net\/?p=6924"},"modified":"2020-05-03T16:06:47","modified_gmt":"2020-05-03T22:06:47","slug":"reduce-el-numero-de-asistentes-en-el-tianguis-de-amecameca","status":"publish","type":"post","link":"https:\/\/volcanes.net\/?p=6924","title":{"rendered":"Reduce el n\u00famero de asistentes en el Tianguis de Amecameca"},"content":{"rendered":"<div style=\"margin-top: 0px; margin-bottom: 0px;\" class=\"sharethis-inline-share-buttons\" ><\/div><p>Amecameca de Ju\u00e1rez, Estado de M\u00e9xico a 03 de mayo de 2020.- Limitar el tianguis a la venta de productos de primera necesidad, as\u00ed como la instalaci\u00f3n de filtros de seguridad permitieron disminuir considerablemente la cantidad de personas que ingresaron al tianguis que se ubica los domingos en la calle de Abasolo.<br \/>\nLas brigadas de atenci\u00f3n ciudadana, integradas por servidores p\u00fablicos y encabezadas por el Alcalde Miguel \u00c1ngel Salom\u00f3n Cort\u00e9s, iniciaron desde las primeras horas del d\u00eda en los accesos del tianguis, entregando cubrebocas, gel antibacterial, tomando la temperatura y solicitando a todos los compradores respetaran las sana distancia.<br \/>\nEl Presidente Municipal sostuvo que continuar\u00e1n las acciones para evitar los contagios, aunque consider\u00f3 que es una corresponsabilidad social cuidarnos, las familias deben de cobrar conciencia sobre la importancia de quedarse en casa. Entendemos que muchos necesitan salir a trabajar, pero por la salud de todos, los que puedan hacerlo que se queden en sus hogares.<\/p>\n","protected":false},"excerpt":{"rendered":"<p>Amecameca de Ju\u00e1rez, Estado de M\u00e9xico a 03 de mayo de 2020.- Limitar el tianguis<\/p>\n","protected":false},"author":1,"featured_media":6925,"comment_status":"open","ping_status":"open","sticky":false,"template":"","format":"standard","meta":{"footnotes":""},"categories":[1],"tags":[7],"class_list":["post-6924","post","type-post","status-publish","format-standard","has-post-thumbnail","hentry","category-municipales","tag-amecameca"],"yoast_head":"<!-- This site is optimized with the Yoast SEO plugin v25.3 - https:\/\/yoast.com\/wordpress\/plugins\/seo\/ -->\n<title>Reduce el n\u00famero de asistentes en el Tianguis de Amecameca - Volcanes<\/title>\n<meta name=\"robots\" content=\"index, follow, max-snippet:-1, max-image-preview:large, max-video-preview:-1\" \/>\n<link rel=\"canonical\" href=\"https:\/\/volcanes.net\/?p=6924\" \/>\n<meta property=\"og:locale\" content=\"es_MX\" \/>\n<meta property=\"og:type\" content=\"article\" \/>\n<meta property=\"og:title\" content=\"Reduce el n\u00famero de asistentes en el Tianguis de Amecameca - Volcanes\" \/>\n<meta property=\"og:description\" content=\"Amecameca de Ju\u00e1rez, Estado de M\u00e9xico a 03 de mayo de 2020.- Limitar el tianguis\" \/>\n<meta property=\"og:url\" content=\"https:\/\/volcanes.net\/?p=6924\" \/>\n<meta property=\"og:site_name\" content=\"Volcanes\" \/>\n<meta property=\"article:publisher\" content=\"https:\/\/www.facebook.com\/volcanes.net\/\" \/>\n<meta property=\"article:published_time\" content=\"2020-05-03T22:06:47+00:00\" \/>\n<meta property=\"og:image\" content=\"https:\/\/volcanes.net\/wp-content\/uploads\/2020\/05\/IMG-20200503-WA0003.jpg\" \/>\n\t<meta property=\"og:image:width\" content=\"1256\" \/>\n\t<meta property=\"og:image:height\" content=\"806\" \/>\n\t<meta property=\"og:image:type\" content=\"image\/jpeg\" \/>\n<meta name=\"author\" content=\"admin\" \/>\n<meta name=\"twitter:card\" content=\"summary_large_image\" \/>\n<meta name=\"twitter:label1\" content=\"Escrito por\" \/>\n\t<meta name=\"twitter:data1\" content=\"admin\" \/>\n\t<meta name=\"twitter:label2\" content=\"Tiempo de lectura\" \/>\n\t<meta name=\"twitter:data2\" content=\"1 minuto\" \/>\n<script type=\"application\/ld+json\" class=\"yoast-schema-graph\">{\"@context\":\"https:\/\/schema.org\",\"@graph\":[{\"@type\":\"Article\",\"@id\":\"https:\/\/volcanes.net\/?p=6924#article\",\"isPartOf\":{\"@id\":\"https:\/\/volcanes.net\/?p=6924\"},\"author\":{\"name\":\"admin\",\"@id\":\"https:\/\/volcanes.net\/#\/schema\/person\/4bf0f383940966a4abd53f5048c0e6b9\"},\"headline\":\"Reduce el n\u00famero de asistentes en el Tianguis de Amecameca\",\"datePublished\":\"2020-05-03T22:06:47+00:00\",\"mainEntityOfPage\":{\"@id\":\"https:\/\/volcanes.net\/?p=6924\"},\"wordCount\":174,\"commentCount\":0,\"publisher\":{\"@id\":\"https:\/\/volcanes.net\/#organization\"},\"image\":{\"@id\":\"https:\/\/volcanes.net\/?p=6924#primaryimage\"},\"thumbnailUrl\":\"https:\/\/volcanes.net\/wp-content\/uploads\/2020\/05\/IMG-20200503-WA0003.jpg\",\"keywords\":[\"Amecameca\"],\"articleSection\":[\"Municipales\"],\"inLanguage\":\"es\",\"potentialAction\":[{\"@type\":\"CommentAction\",\"name\":\"Comment\",\"target\":[\"https:\/\/volcanes.net\/?p=6924#respond\"]}]},{\"@type\":\"WebPage\",\"@id\":\"https:\/\/volcanes.net\/?p=6924\",\"url\":\"https:\/\/volcanes.net\/?p=6924\",\"name\":\"Reduce el n\u00famero de asistentes en el Tianguis de Amecameca - Volcanes\",\"isPartOf\":{\"@id\":\"https:\/\/volcanes.net\/#website\"},\"primaryImageOfPage\":{\"@id\":\"https:\/\/volcanes.net\/?p=6924#primaryimage\"},\"image\":{\"@id\":\"https:\/\/volcanes.net\/?p=6924#primaryimage\"},\"thumbnailUrl\":\"https:\/\/volcanes.net\/wp-content\/uploads\/2020\/05\/IMG-20200503-WA0003.jpg\",\"datePublished\":\"2020-05-03T22:06:47+00:00\",\"breadcrumb\":{\"@id\":\"https:\/\/volcanes.net\/?p=6924#breadcrumb\"},\"inLanguage\":\"es\",\"potentialAction\":[{\"@type\":\"ReadAction\",\"target\":[\"https:\/\/volcanes.net\/?p=6924\"]}]},{\"@type\":\"ImageObject\",\"inLanguage\":\"es\",\"@id\":\"https:\/\/volcanes.net\/?p=6924#primaryimage\",\"url\":\"https:\/\/volcanes.net\/wp-content\/uploads\/2020\/05\/IMG-20200503-WA0003.jpg\",\"contentUrl\":\"https:\/\/volcanes.net\/wp-content\/uploads\/2020\/05\/IMG-20200503-WA0003.jpg\",\"width\":1256,\"height\":806},{\"@type\":\"BreadcrumbList\",\"@id\":\"https:\/\/volcanes.net\/?p=6924#breadcrumb\",\"itemListElement\":[{\"@type\":\"ListItem\",\"position\":1,\"name\":\"Portada\",\"item\":\"https:\/\/volcanes.net\/\"},{\"@type\":\"ListItem\",\"position\":2,\"name\":\"Reduce el n\u00famero de asistentes en el Tianguis de Amecameca\"}]},{\"@type\":\"WebSite\",\"@id\":\"https:\/\/volcanes.net\/#website\",\"url\":\"https:\/\/volcanes.net\/\",\"name\":\"Volcanes.Net\",\"description\":\"Periodismo Profesional\",\"publisher\":{\"@id\":\"https:\/\/volcanes.net\/#organization\"},\"potentialAction\":[{\"@type\":\"SearchAction\",\"target\":{\"@type\":\"EntryPoint\",\"urlTemplate\":\"https:\/\/volcanes.net\/?s={search_term_string}\"},\"query-input\":{\"@type\":\"PropertyValueSpecification\",\"valueRequired\":true,\"valueName\":\"search_term_string\"}}],\"inLanguage\":\"es\"},{\"@type\":\"Organization\",\"@id\":\"https:\/\/volcanes.net\/#organization\",\"name\":\"Grupo Volcanes\",\"url\":\"https:\/\/volcanes.net\/\",\"logo\":{\"@type\":\"ImageObject\",\"inLanguage\":\"es\",\"@id\":\"https:\/\/volcanes.net\/#\/schema\/logo\/image\/\",\"url\":\"http:\/\/volcanes.net\/wp-content\/uploads\/2017\/12\/Avatar2.jpg\",\"contentUrl\":\"http:\/\/volcanes.net\/wp-content\/uploads\/2017\/12\/Avatar2.jpg\",\"width\":378,\"height\":378,\"caption\":\"Grupo Volcanes\"},\"image\":{\"@id\":\"https:\/\/volcanes.net\/#\/schema\/logo\/image\/\"},\"sameAs\":[\"https:\/\/www.facebook.com\/volcanes.net\/\"]},{\"@type\":\"Person\",\"@id\":\"https:\/\/volcanes.net\/#\/schema\/person\/4bf0f383940966a4abd53f5048c0e6b9\",\"name\":\"admin\",\"image\":{\"@type\":\"ImageObject\",\"inLanguage\":\"es\",\"@id\":\"https:\/\/volcanes.net\/#\/schema\/person\/image\/\",\"url\":\"https:\/\/secure.gravatar.com\/avatar\/ca004e6cba8462b8cb7abc86e382930c?s=96&d=mm&r=g\",\"contentUrl\":\"https:\/\/secure.gravatar.com\/avatar\/ca004e6cba8462b8cb7abc86e382930c?s=96&d=mm&r=g\",\"caption\":\"admin\"}}]}<\/script>\n<!-- \/ Yoast SEO plugin. -->","yoast_head_json":{"title":"Reduce el n\u00famero de asistentes en el Tianguis de Amecameca - Volcanes","robots":{"index":"index","follow":"follow","max-snippet":"max-snippet:-1","max-image-preview":"max-image-preview:large","max-video-preview":"max-video-preview:-1"},"canonical":"https:\/\/volcanes.net\/?p=6924","og_locale":"es_MX","og_type":"article","og_title":"Reduce el n\u00famero de asistentes en el Tianguis de Amecameca - Volcanes","og_description":"Amecameca de Ju\u00e1rez, Estado de M\u00e9xico a 03 de mayo de 2020.- Limitar el tianguis","og_url":"https:\/\/volcanes.net\/?p=6924","og_site_name":"Volcanes","article_publisher":"https:\/\/www.facebook.com\/volcanes.net\/","article_published_time":"2020-05-03T22:06:47+00:00","og_image":[{"width":1256,"height":806,"url":"https:\/\/volcanes.net\/wp-content\/uploads\/2020\/05\/IMG-20200503-WA0003.jpg","type":"image\/jpeg"}],"author":"admin","twitter_card":"summary_large_image","twitter_misc":{"Escrito por":"admin","Tiempo de lectura":"1 minuto"},"schema":{"@context":"https:\/\/schema.org","@graph":[{"@type":"Article","@id":"https:\/\/volcanes.net\/?p=6924#article","isPartOf":{"@id":"https:\/\/volcanes.net\/?p=6924"},"author":{"name":"admin","@id":"https:\/\/volcanes.net\/#\/schema\/person\/4bf0f383940966a4abd53f5048c0e6b9"},"headline":"Reduce el n\u00famero de asistentes en el Tianguis de Amecameca","datePublished":"2020-05-03T22:06:47+00:00","mainEntityOfPage":{"@id":"https:\/\/volcanes.net\/?p=6924"},"wordCount":174,"commentCount":0,"publisher":{"@id":"https:\/\/volcanes.net\/#organization"},"image":{"@id":"https:\/\/volcanes.net\/?p=6924#primaryimage"},"thumbnailUrl":"https:\/\/volcanes.net\/wp-content\/uploads\/2020\/05\/IMG-20200503-WA0003.jpg","keywords":["Amecameca"],"articleSection":["Municipales"],"inLanguage":"es","potentialAction":[{"@type":"CommentAction","name":"Comment","target":["https:\/\/volcanes.net\/?p=6924#respond"]}]},{"@type":"WebPage","@id":"https:\/\/volcanes.net\/?p=6924","url":"https:\/\/volcanes.net\/?p=6924","name":"Reduce el n\u00famero de asistentes en el Tianguis de Amecameca - Volcanes","isPartOf":{"@id":"https:\/\/volcanes.net\/#website"},"primaryImageOfPage":{"@id":"https:\/\/volcanes.net\/?p=6924#primaryimage"},"image":{"@id":"https:\/\/volcanes.net\/?p=6924#primaryimage"},"thumbnailUrl":"https:\/\/volcanes.net\/wp-content\/uploads\/2020\/05\/IMG-20200503-WA0003.jpg","datePublished":"2020-05-03T22:06:47+00:00","breadcrumb":{"@id":"https:\/\/volcanes.net\/?p=6924#breadcrumb"},"inLanguage":"es","potentialAction":[{"@type":"ReadAction","target":["https:\/\/volcanes.net\/?p=6924"]}]},{"@type":"ImageObject","inLanguage":"es","@id":"https:\/\/volcanes.net\/?p=6924#primaryimage","url":"https:\/\/volcanes.net\/wp-content\/uploads\/2020\/05\/IMG-20200503-WA0003.jpg","contentUrl":"https:\/\/volcanes.net\/wp-content\/uploads\/2020\/05\/IMG-20200503-WA0003.jpg","width":1256,"height":806},{"@type":"BreadcrumbList","@id":"https:\/\/volcanes.net\/?p=6924#breadcrumb","itemListElement":[{"@type":"ListItem","position":1,"name":"Portada","item":"https:\/\/volcanes.net\/"},{"@type":"ListItem","position":2,"name":"Reduce el n\u00famero de asistentes en el Tianguis de Amecameca"}]},{"@type":"WebSite","@id":"https:\/\/volcanes.net\/#website","url":"https:\/\/volcanes.net\/","name":"Volcanes.Net","description":"Periodismo Profesional","publisher":{"@id":"https:\/\/volcanes.net\/#organization"},"potentialAction":[{"@type":"SearchAction","target":{"@type":"EntryPoint","urlTemplate":"https:\/\/volcanes.net\/?s={search_term_string}"},"query-input":{"@type":"PropertyValueSpecification","valueRequired":true,"valueName":"search_term_string"}}],"inLanguage":"es"},{"@type":"Organization","@id":"https:\/\/volcanes.net\/#organization","name":"Grupo Volcanes","url":"https:\/\/volcanes.net\/","logo":{"@type":"ImageObject","inLanguage":"es","@id":"https:\/\/volcanes.net\/#\/schema\/logo\/image\/","url":"http:\/\/volcanes.net\/wp-content\/uploads\/2017\/12\/Avatar2.jpg","contentUrl":"http:\/\/volcanes.net\/wp-content\/uploads\/2017\/12\/Avatar2.jpg","width":378,"height":378,"caption":"Grupo Volcanes"},"image":{"@id":"https:\/\/volcanes.net\/#\/schema\/logo\/image\/"},"sameAs":["https:\/\/www.facebook.com\/volcanes.net\/"]},{"@type":"Person","@id":"https:\/\/volcanes.net\/#\/schema\/person\/4bf0f383940966a4abd53f5048c0e6b9","name":"admin","image":{"@type":"ImageObject","inLanguage":"es","@id":"https:\/\/volcanes.net\/#\/schema\/person\/image\/","url":"https:\/\/secure.gravatar.com\/avatar\/ca004e6cba8462b8cb7abc86e382930c?s=96&d=mm&r=g","contentUrl":"https:\/\/secure.gravatar.com\/avatar\/ca004e6cba8462b8cb7abc86e382930c?s=96&d=mm&r=g","caption":"admin"}}]}},"_links":{"self":[{"href":"https:\/\/volcanes.net\/index.php?rest_route=\/wp\/v2\/posts\/6924"}],"collection":[{"href":"https:\/\/volcanes.net\/index.php?rest_route=\/wp\/v2\/posts"}],"about":[{"href":"https:\/\/volcanes.net\/index.php?rest_route=\/wp\/v2\/types\/post"}],"author":[{"embeddable":true,"href":"https:\/\/volcanes.net\/index.php?rest_route=\/wp\/v2\/users\/1"}],"replies":[{"embeddable":true,"href":"https:\/\/volcanes.net\/index.php?rest_route=%2Fwp%2Fv2%2Fcomments&post=6924"}],"version-history":[{"count":1,"href":"https:\/\/volcanes.net\/index.php?rest_route=\/wp\/v2\/posts\/6924\/revisions"}],"predecessor-version":[{"id":6926,"href":"https:\/\/volcanes.net\/index.php?rest_route=\/wp\/v2\/posts\/6924\/revisions\/6926"}],"wp:featuredmedia":[{"embeddable":true,"href":"https:\/\/volcanes.net\/index.php?rest_route=\/wp\/v2\/media\/6925"}],"wp:attachment":[{"href":"https:\/\/volcanes.net\/index.php?rest_route=%2Fwp%2Fv2%2Fmedia&parent=6924"}],"wp:term":[{"taxonomy":"category","embeddable":true,"href":"https:\/\/volcanes.net\/index.php?rest_route=%2Fwp%2Fv2%2Fcategories&post=6924"},{"taxonomy":"post_tag","embeddable":true,"href":"https:\/\/volcanes.net\/index.php?rest_route=%2Fwp%2Fv2%2Ftags&post=6924"}],"curies":[{"name":"wp","href":"https:\/\/api.w.org\/{rel}","templated":true}]}}