{"id":693,"date":"2018-01-22T21:17:35","date_gmt":"2018-01-22T21:17:35","guid":{"rendered":"http:\/\/volcanes.net\/?p=693"},"modified":"2018-01-22T21:17:35","modified_gmt":"2018-01-22T21:17:35","slug":"ciudadanos-confian-mas-en-el-ejercito-y-en-la-marina","status":"publish","type":"post","link":"https:\/\/volcanes.net\/?p=693","title":{"rendered":"Ciudadanos conf\u00edan m\u00e1s en el Ej\u00e9rcito y en la Marina"},"content":{"rendered":"<div style=\"margin-top: 0px; margin-bottom: 0px;\" class=\"sharethis-inline-share-buttons\" ><\/div><p>M\u00e9xico, 22 Ene (Notimex).- Actualmente el Ej\u00e9rcito y la Marina-Armada de M\u00e9xico siguen siendo las dependencias con mayor aceptaci\u00f3n entre los ciudadanos, pues de acuerdo con datos del Instituto Nacional de Estad\u00edstica y Geograf\u00eda (Inegi) cerraron el 2017 con un porcentaje superior a 80 puntos.<\/p>\n<p>En el trabajo m\u00e1s reciente de la dependencia denominado, Encuesta Nacional de Seguridad P\u00fablica Urbana (ENSU) dada a conocer la semana pasada, misma que se aplic\u00f3 en diciembre de 2017, se consult\u00f3 a la poblaci\u00f3n sobre el desempe\u00f1o de las corporaciones policiacas y las Fuerzas Armadas del pa\u00eds en su labor para prevenir y combatir la delincuencia.<\/p>\n<p>Al conjuntar las respuestas de quienes consideran que las acciones de estas corporaciones son \u201cmuy efectivas\u201d o \u201calgo efectivas\u201d, el Ej\u00e9rcito y la Marina se colocan en el primer lugar nacional, por encima de otras instituciones.<\/p>\n<p>La Secretar\u00eda de Marina (Semar) cerr\u00f3 el a\u00f1o pasado con una calificaci\u00f3n de 85.6 por ciento entre los ciudadanos que consideran que su actuaci\u00f3n es \u201cmuy o algo efectiva\u201d, superior a la que obtuvo en 2016 con 84.2 por ciento.<\/p>\n<p>En este mismo contexto, la Secretar\u00eda de la Defensa Nacional (Sedena) alcanz\u00f3 83.2 por ciento, mientras que al cierre de 2016 logr\u00f3 81.7 por ciento.<\/p>\n<p>La percepci\u00f3n de la gente en cuanto al desempe\u00f1o de la Gendarmer\u00eda tambi\u00e9n mejor\u00f3, al pasar de 69.4 a 71.2 por ciento, mientras que la Polic\u00eda Federal pas\u00f3 de 63.5 a 65.3 por ciento.<\/p>\n<p>De manera contraria, las instituciones locales dedicadas a la prevenci\u00f3n del delito fueron las que recibieron la peor calificaci\u00f3n de la poblaci\u00f3n, adem\u00e1s de que registraron un descenso en la percepci\u00f3n que sobre su actuaci\u00f3n tiene la poblaci\u00f3n: las polic\u00edas estatales pasaron de 49.4 a 47 por ciento, mientras que las polic\u00edas preventivas municipales bajaron de 39.8 en 2016 a 38.5 en 2017.<\/p>\n","protected":false},"excerpt":{"rendered":"<p>M\u00e9xico, 22 Ene (Notimex).- Actualmente el Ej\u00e9rcito y la Marina-Armada de M\u00e9xico siguen siendo las<\/p>\n","protected":false},"author":1,"featured_media":694,"comment_status":"open","ping_status":"open","sticky":false,"template":"","format":"standard","meta":{"footnotes":""},"categories":[1],"tags":[44,96],"class_list":["post-693","post","type-post","status-publish","format-standard","has-post-thumbnail","hentry","category-municipales","tag-gobierno-de-la-republica","tag-semar"],"yoast_head":"<!-- This site is optimized with the Yoast SEO plugin v25.3 - https:\/\/yoast.com\/wordpress\/plugins\/seo\/ -->\n<title>Ciudadanos conf\u00edan m\u00e1s en el Ej\u00e9rcito y en la Marina - Volcanes<\/title>\n<meta name=\"robots\" content=\"index, follow, max-snippet:-1, max-image-preview:large, max-video-preview:-1\" \/>\n<link rel=\"canonical\" href=\"https:\/\/volcanes.net\/?p=693\" \/>\n<meta property=\"og:locale\" content=\"es_MX\" \/>\n<meta property=\"og:type\" content=\"article\" \/>\n<meta property=\"og:title\" content=\"Ciudadanos conf\u00edan m\u00e1s en el Ej\u00e9rcito y en la Marina - Volcanes\" \/>\n<meta property=\"og:description\" content=\"M\u00e9xico, 22 Ene (Notimex).- Actualmente el Ej\u00e9rcito y la Marina-Armada de M\u00e9xico siguen siendo las\" \/>\n<meta property=\"og:url\" content=\"https:\/\/volcanes.net\/?p=693\" \/>\n<meta property=\"og:site_name\" content=\"Volcanes\" \/>\n<meta property=\"article:publisher\" content=\"https:\/\/www.facebook.com\/volcanes.net\/\" \/>\n<meta property=\"article:published_time\" content=\"2018-01-22T21:17:35+00:00\" \/>\n<meta property=\"og:image\" content=\"https:\/\/volcanes.net\/wp-content\/uploads\/2018\/01\/c70911275.jpg\" \/>\n\t<meta property=\"og:image:width\" content=\"262\" \/>\n\t<meta property=\"og:image:height\" content=\"242\" \/>\n\t<meta property=\"og:image:type\" content=\"image\/jpeg\" \/>\n<meta name=\"author\" content=\"admin\" \/>\n<meta name=\"twitter:card\" content=\"summary_large_image\" \/>\n<meta name=\"twitter:label1\" content=\"Escrito por\" \/>\n\t<meta name=\"twitter:data1\" content=\"admin\" \/>\n\t<meta name=\"twitter:label2\" content=\"Tiempo de lectura\" \/>\n\t<meta name=\"twitter:data2\" content=\"2 minutos\" \/>\n<script type=\"application\/ld+json\" class=\"yoast-schema-graph\">{\"@context\":\"https:\/\/schema.org\",\"@graph\":[{\"@type\":\"Article\",\"@id\":\"https:\/\/volcanes.net\/?p=693#article\",\"isPartOf\":{\"@id\":\"https:\/\/volcanes.net\/?p=693\"},\"author\":{\"name\":\"admin\",\"@id\":\"https:\/\/volcanes.net\/#\/schema\/person\/4bf0f383940966a4abd53f5048c0e6b9\"},\"headline\":\"Ciudadanos conf\u00edan m\u00e1s en el Ej\u00e9rcito y en la Marina\",\"datePublished\":\"2018-01-22T21:17:35+00:00\",\"mainEntityOfPage\":{\"@id\":\"https:\/\/volcanes.net\/?p=693\"},\"wordCount\":325,\"commentCount\":0,\"publisher\":{\"@id\":\"https:\/\/volcanes.net\/#organization\"},\"image\":{\"@id\":\"https:\/\/volcanes.net\/?p=693#primaryimage\"},\"thumbnailUrl\":\"https:\/\/volcanes.net\/wp-content\/uploads\/2018\/01\/c70911275.jpg\",\"keywords\":[\"Gobierno de la Rep\u00fablica\",\"SEMAR\"],\"articleSection\":[\"Municipales\"],\"inLanguage\":\"es\",\"potentialAction\":[{\"@type\":\"CommentAction\",\"name\":\"Comment\",\"target\":[\"https:\/\/volcanes.net\/?p=693#respond\"]}]},{\"@type\":\"WebPage\",\"@id\":\"https:\/\/volcanes.net\/?p=693\",\"url\":\"https:\/\/volcanes.net\/?p=693\",\"name\":\"Ciudadanos conf\u00edan m\u00e1s en el Ej\u00e9rcito y en la Marina - Volcanes\",\"isPartOf\":{\"@id\":\"https:\/\/volcanes.net\/#website\"},\"primaryImageOfPage\":{\"@id\":\"https:\/\/volcanes.net\/?p=693#primaryimage\"},\"image\":{\"@id\":\"https:\/\/volcanes.net\/?p=693#primaryimage\"},\"thumbnailUrl\":\"https:\/\/volcanes.net\/wp-content\/uploads\/2018\/01\/c70911275.jpg\",\"datePublished\":\"2018-01-22T21:17:35+00:00\",\"breadcrumb\":{\"@id\":\"https:\/\/volcanes.net\/?p=693#breadcrumb\"},\"inLanguage\":\"es\",\"potentialAction\":[{\"@type\":\"ReadAction\",\"target\":[\"https:\/\/volcanes.net\/?p=693\"]}]},{\"@type\":\"ImageObject\",\"inLanguage\":\"es\",\"@id\":\"https:\/\/volcanes.net\/?p=693#primaryimage\",\"url\":\"https:\/\/volcanes.net\/wp-content\/uploads\/2018\/01\/c70911275.jpg\",\"contentUrl\":\"https:\/\/volcanes.net\/wp-content\/uploads\/2018\/01\/c70911275.jpg\",\"width\":262,\"height\":242},{\"@type\":\"BreadcrumbList\",\"@id\":\"https:\/\/volcanes.net\/?p=693#breadcrumb\",\"itemListElement\":[{\"@type\":\"ListItem\",\"position\":1,\"name\":\"Portada\",\"item\":\"https:\/\/volcanes.net\/\"},{\"@type\":\"ListItem\",\"position\":2,\"name\":\"Ciudadanos conf\u00edan m\u00e1s en el Ej\u00e9rcito y en la Marina\"}]},{\"@type\":\"WebSite\",\"@id\":\"https:\/\/volcanes.net\/#website\",\"url\":\"https:\/\/volcanes.net\/\",\"name\":\"Volcanes.Net\",\"description\":\"Periodismo Profesional\",\"publisher\":{\"@id\":\"https:\/\/volcanes.net\/#organization\"},\"potentialAction\":[{\"@type\":\"SearchAction\",\"target\":{\"@type\":\"EntryPoint\",\"urlTemplate\":\"https:\/\/volcanes.net\/?s={search_term_string}\"},\"query-input\":{\"@type\":\"PropertyValueSpecification\",\"valueRequired\":true,\"valueName\":\"search_term_string\"}}],\"inLanguage\":\"es\"},{\"@type\":\"Organization\",\"@id\":\"https:\/\/volcanes.net\/#organization\",\"name\":\"Grupo Volcanes\",\"url\":\"https:\/\/volcanes.net\/\",\"logo\":{\"@type\":\"ImageObject\",\"inLanguage\":\"es\",\"@id\":\"https:\/\/volcanes.net\/#\/schema\/logo\/image\/\",\"url\":\"http:\/\/volcanes.net\/wp-content\/uploads\/2017\/12\/Avatar2.jpg\",\"contentUrl\":\"http:\/\/volcanes.net\/wp-content\/uploads\/2017\/12\/Avatar2.jpg\",\"width\":378,\"height\":378,\"caption\":\"Grupo Volcanes\"},\"image\":{\"@id\":\"https:\/\/volcanes.net\/#\/schema\/logo\/image\/\"},\"sameAs\":[\"https:\/\/www.facebook.com\/volcanes.net\/\"]},{\"@type\":\"Person\",\"@id\":\"https:\/\/volcanes.net\/#\/schema\/person\/4bf0f383940966a4abd53f5048c0e6b9\",\"name\":\"admin\",\"image\":{\"@type\":\"ImageObject\",\"inLanguage\":\"es\",\"@id\":\"https:\/\/volcanes.net\/#\/schema\/person\/image\/\",\"url\":\"https:\/\/secure.gravatar.com\/avatar\/ca004e6cba8462b8cb7abc86e382930c?s=96&d=mm&r=g\",\"contentUrl\":\"https:\/\/secure.gravatar.com\/avatar\/ca004e6cba8462b8cb7abc86e382930c?s=96&d=mm&r=g\",\"caption\":\"admin\"}}]}<\/script>\n<!-- \/ Yoast SEO plugin. -->","yoast_head_json":{"title":"Ciudadanos conf\u00edan m\u00e1s en el Ej\u00e9rcito y en la Marina - Volcanes","robots":{"index":"index","follow":"follow","max-snippet":"max-snippet:-1","max-image-preview":"max-image-preview:large","max-video-preview":"max-video-preview:-1"},"canonical":"https:\/\/volcanes.net\/?p=693","og_locale":"es_MX","og_type":"article","og_title":"Ciudadanos conf\u00edan m\u00e1s en el Ej\u00e9rcito y en la Marina - Volcanes","og_description":"M\u00e9xico, 22 Ene (Notimex).- Actualmente el Ej\u00e9rcito y la Marina-Armada de M\u00e9xico siguen siendo las","og_url":"https:\/\/volcanes.net\/?p=693","og_site_name":"Volcanes","article_publisher":"https:\/\/www.facebook.com\/volcanes.net\/","article_published_time":"2018-01-22T21:17:35+00:00","og_image":[{"width":262,"height":242,"url":"https:\/\/volcanes.net\/wp-content\/uploads\/2018\/01\/c70911275.jpg","type":"image\/jpeg"}],"author":"admin","twitter_card":"summary_large_image","twitter_misc":{"Escrito por":"admin","Tiempo de lectura":"2 minutos"},"schema":{"@context":"https:\/\/schema.org","@graph":[{"@type":"Article","@id":"https:\/\/volcanes.net\/?p=693#article","isPartOf":{"@id":"https:\/\/volcanes.net\/?p=693"},"author":{"name":"admin","@id":"https:\/\/volcanes.net\/#\/schema\/person\/4bf0f383940966a4abd53f5048c0e6b9"},"headline":"Ciudadanos conf\u00edan m\u00e1s en el Ej\u00e9rcito y en la Marina","datePublished":"2018-01-22T21:17:35+00:00","mainEntityOfPage":{"@id":"https:\/\/volcanes.net\/?p=693"},"wordCount":325,"commentCount":0,"publisher":{"@id":"https:\/\/volcanes.net\/#organization"},"image":{"@id":"https:\/\/volcanes.net\/?p=693#primaryimage"},"thumbnailUrl":"https:\/\/volcanes.net\/wp-content\/uploads\/2018\/01\/c70911275.jpg","keywords":["Gobierno de la Rep\u00fablica","SEMAR"],"articleSection":["Municipales"],"inLanguage":"es","potentialAction":[{"@type":"CommentAction","name":"Comment","target":["https:\/\/volcanes.net\/?p=693#respond"]}]},{"@type":"WebPage","@id":"https:\/\/volcanes.net\/?p=693","url":"https:\/\/volcanes.net\/?p=693","name":"Ciudadanos conf\u00edan m\u00e1s en el Ej\u00e9rcito y en la Marina - Volcanes","isPartOf":{"@id":"https:\/\/volcanes.net\/#website"},"primaryImageOfPage":{"@id":"https:\/\/volcanes.net\/?p=693#primaryimage"},"image":{"@id":"https:\/\/volcanes.net\/?p=693#primaryimage"},"thumbnailUrl":"https:\/\/volcanes.net\/wp-content\/uploads\/2018\/01\/c70911275.jpg","datePublished":"2018-01-22T21:17:35+00:00","breadcrumb":{"@id":"https:\/\/volcanes.net\/?p=693#breadcrumb"},"inLanguage":"es","potentialAction":[{"@type":"ReadAction","target":["https:\/\/volcanes.net\/?p=693"]}]},{"@type":"ImageObject","inLanguage":"es","@id":"https:\/\/volcanes.net\/?p=693#primaryimage","url":"https:\/\/volcanes.net\/wp-content\/uploads\/2018\/01\/c70911275.jpg","contentUrl":"https:\/\/volcanes.net\/wp-content\/uploads\/2018\/01\/c70911275.jpg","width":262,"height":242},{"@type":"BreadcrumbList","@id":"https:\/\/volcanes.net\/?p=693#breadcrumb","itemListElement":[{"@type":"ListItem","position":1,"name":"Portada","item":"https:\/\/volcanes.net\/"},{"@type":"ListItem","position":2,"name":"Ciudadanos conf\u00edan m\u00e1s en el Ej\u00e9rcito y en la Marina"}]},{"@type":"WebSite","@id":"https:\/\/volcanes.net\/#website","url":"https:\/\/volcanes.net\/","name":"Volcanes.Net","description":"Periodismo Profesional","publisher":{"@id":"https:\/\/volcanes.net\/#organization"},"potentialAction":[{"@type":"SearchAction","target":{"@type":"EntryPoint","urlTemplate":"https:\/\/volcanes.net\/?s={search_term_string}"},"query-input":{"@type":"PropertyValueSpecification","valueRequired":true,"valueName":"search_term_string"}}],"inLanguage":"es"},{"@type":"Organization","@id":"https:\/\/volcanes.net\/#organization","name":"Grupo Volcanes","url":"https:\/\/volcanes.net\/","logo":{"@type":"ImageObject","inLanguage":"es","@id":"https:\/\/volcanes.net\/#\/schema\/logo\/image\/","url":"http:\/\/volcanes.net\/wp-content\/uploads\/2017\/12\/Avatar2.jpg","contentUrl":"http:\/\/volcanes.net\/wp-content\/uploads\/2017\/12\/Avatar2.jpg","width":378,"height":378,"caption":"Grupo Volcanes"},"image":{"@id":"https:\/\/volcanes.net\/#\/schema\/logo\/image\/"},"sameAs":["https:\/\/www.facebook.com\/volcanes.net\/"]},{"@type":"Person","@id":"https:\/\/volcanes.net\/#\/schema\/person\/4bf0f383940966a4abd53f5048c0e6b9","name":"admin","image":{"@type":"ImageObject","inLanguage":"es","@id":"https:\/\/volcanes.net\/#\/schema\/person\/image\/","url":"https:\/\/secure.gravatar.com\/avatar\/ca004e6cba8462b8cb7abc86e382930c?s=96&d=mm&r=g","contentUrl":"https:\/\/secure.gravatar.com\/avatar\/ca004e6cba8462b8cb7abc86e382930c?s=96&d=mm&r=g","caption":"admin"}}]}},"_links":{"self":[{"href":"https:\/\/volcanes.net\/index.php?rest_route=\/wp\/v2\/posts\/693"}],"collection":[{"href":"https:\/\/volcanes.net\/index.php?rest_route=\/wp\/v2\/posts"}],"about":[{"href":"https:\/\/volcanes.net\/index.php?rest_route=\/wp\/v2\/types\/post"}],"author":[{"embeddable":true,"href":"https:\/\/volcanes.net\/index.php?rest_route=\/wp\/v2\/users\/1"}],"replies":[{"embeddable":true,"href":"https:\/\/volcanes.net\/index.php?rest_route=%2Fwp%2Fv2%2Fcomments&post=693"}],"version-history":[{"count":1,"href":"https:\/\/volcanes.net\/index.php?rest_route=\/wp\/v2\/posts\/693\/revisions"}],"predecessor-version":[{"id":695,"href":"https:\/\/volcanes.net\/index.php?rest_route=\/wp\/v2\/posts\/693\/revisions\/695"}],"wp:featuredmedia":[{"embeddable":true,"href":"https:\/\/volcanes.net\/index.php?rest_route=\/wp\/v2\/media\/694"}],"wp:attachment":[{"href":"https:\/\/volcanes.net\/index.php?rest_route=%2Fwp%2Fv2%2Fmedia&parent=693"}],"wp:term":[{"taxonomy":"category","embeddable":true,"href":"https:\/\/volcanes.net\/index.php?rest_route=%2Fwp%2Fv2%2Fcategories&post=693"},{"taxonomy":"post_tag","embeddable":true,"href":"https:\/\/volcanes.net\/index.php?rest_route=%2Fwp%2Fv2%2Ftags&post=693"}],"curies":[{"name":"wp","href":"https:\/\/api.w.org\/{rel}","templated":true}]}}