{"id":6931,"date":"2020-05-03T19:03:36","date_gmt":"2020-05-04T01:03:36","guid":{"rendered":"http:\/\/volcanes.net\/?p=6931"},"modified":"2020-05-03T19:06:29","modified_gmt":"2020-05-04T01:06:29","slug":"entregan-unidades-al-servicio-publico-en-temamatla","status":"publish","type":"post","link":"https:\/\/volcanes.net\/?p=6931","title":{"rendered":"Gobierno municipal de Temamatla entrega unidades"},"content":{"rendered":"<div style=\"margin-top: 0px; margin-bottom: 0px;\" class=\"sharethis-inline-share-buttons\" ><\/div><p>Temamatla, Estado de M\u00e9xico.- Este s\u00e1bado, el gobierno municipal que encabeza el presidente municipal de Temamatla, Juan Mart\u00edn Orozpe P\u00e9rez,\u00a0 entregaron a la direcci\u00f3n de seguridad p\u00fablica municipal 4 patrullas equipadas con la m\u00e1s alta tecnolog\u00eda, as\u00ed como la entrega de una unidad para la direcci\u00f3n de servicios p\u00fablicos y un veh\u00edculo utilitario, acciones que refuerzan el plan municipal de desarrollo y el compromiso adquirido en campa\u00f1a para generar mejores condiciones de Seguridad en este municipio.<\/p>\n<p>El presidente municipal dio a conocer a este medio de comunicaci\u00f3n, que esta acci\u00f3n tiene la finalidad de que los elementos de seguridad p\u00fablica cuenten con mejores condiciones para realizar sus labores en beneficio de la ciudadan\u00eda ante la contingencia sanitaria por el COVID-19 que se vive actualmente.<\/p>\n<p>Inform\u00f3 el alcalde que tambi\u00e9n se inici\u00f3 este mes un esquema de salario que permitir\u00e1 que los elementos de seguridad p\u00fablica obtengan un aumento a sus ingresos hasta de un 50% .<\/p>\n<p>Aprovech\u00f3 el alcalde para dirigirse a los elementos de seguridad p\u00fablica ah\u00ed reunidos a quien dijo: &#8220;mi m\u00e1s grande reconocimiento a las direcciones ya citadas, ya que son \u00e1reas operativas que contin\u00faan brindando atenci\u00f3n a la ciudadan\u00eda, les agradezco su dedicaci\u00f3n y vocaci\u00f3n de servicio&#8221;.<\/p>\n<p>Se dio a conocer que estas acciones tuvieron una inversi\u00f3n aproximada de 2 millones 150 mil pesos, y que servir\u00e1n para seguir atendiendo a la poblaci\u00f3n en los servicios que demandan.<\/p>\n<p>Este mismo d\u00eda se dot\u00f3 a la administraci\u00f3n municipal de dos unidades semi nuevas, una camioneta F350 destinada a servicios p\u00fablicos y un carro utilitario Aveo que ser\u00e1 destinado para eficientizar el ejercicio administrativo de gobierno municipal.<\/p>\n<p>El presidente municipal agradeci\u00f3 la presencia y respaldo de Pedro De la Rosa y del licenciado. Jes\u00fas Ad\u00e1n representantes del Gobierno Federal, y tambi\u00e9n agradeci\u00f3 la presencia del p\u00e1rroco del lugar, el presb\u00edtero Mario Alberto.<\/p>\n<p>Durante esta entrega de unidades que realiz\u00f3 el gobierno municipal se tomaron las medidas preventivas y de seguridad en materia sanitaria que marca el Gobierno Federal.<\/p>\n<p>&nbsp;<\/p>\n","protected":false},"excerpt":{"rendered":"<p>Temamatla, Estado de M\u00e9xico.- Este s\u00e1bado, el gobierno municipal que encabeza el presidente municipal de<\/p>\n","protected":false},"author":1,"featured_media":6932,"comment_status":"open","ping_status":"open","sticky":false,"template":"","format":"standard","meta":{"footnotes":""},"categories":[1],"tags":[236],"class_list":["post-6931","post","type-post","status-publish","format-standard","has-post-thumbnail","hentry","category-municipales","tag-temamatla"],"yoast_head":"<!-- This site is optimized with the Yoast SEO plugin v25.3 - https:\/\/yoast.com\/wordpress\/plugins\/seo\/ -->\n<title>Gobierno municipal de Temamatla entrega unidades - Volcanes<\/title>\n<meta name=\"robots\" content=\"index, follow, max-snippet:-1, max-image-preview:large, max-video-preview:-1\" \/>\n<link rel=\"canonical\" href=\"https:\/\/volcanes.net\/?p=6931\" \/>\n<meta property=\"og:locale\" content=\"es_MX\" \/>\n<meta property=\"og:type\" content=\"article\" \/>\n<meta property=\"og:title\" content=\"Gobierno municipal de Temamatla entrega unidades - Volcanes\" \/>\n<meta property=\"og:description\" content=\"Temamatla, Estado de M\u00e9xico.- Este s\u00e1bado, el gobierno municipal que encabeza el presidente municipal de\" \/>\n<meta property=\"og:url\" content=\"https:\/\/volcanes.net\/?p=6931\" \/>\n<meta property=\"og:site_name\" content=\"Volcanes\" \/>\n<meta property=\"article:publisher\" content=\"https:\/\/www.facebook.com\/volcanes.net\/\" \/>\n<meta property=\"article:published_time\" content=\"2020-05-04T01:03:36+00:00\" \/>\n<meta property=\"article:modified_time\" content=\"2020-05-04T01:06:29+00:00\" \/>\n<meta property=\"og:image\" content=\"https:\/\/volcanes.net\/wp-content\/uploads\/2020\/05\/WhatsApp-Image-2020-05-03-at-7.05.50-PM.jpeg\" \/>\n\t<meta property=\"og:image:width\" content=\"1260\" \/>\n\t<meta property=\"og:image:height\" content=\"600\" \/>\n\t<meta property=\"og:image:type\" content=\"image\/jpeg\" \/>\n<meta name=\"author\" content=\"admin\" \/>\n<meta name=\"twitter:card\" content=\"summary_large_image\" \/>\n<meta name=\"twitter:label1\" content=\"Escrito por\" \/>\n\t<meta name=\"twitter:data1\" content=\"admin\" \/>\n\t<meta name=\"twitter:label2\" content=\"Tiempo de lectura\" \/>\n\t<meta name=\"twitter:data2\" content=\"2 minutos\" \/>\n<script type=\"application\/ld+json\" class=\"yoast-schema-graph\">{\"@context\":\"https:\/\/schema.org\",\"@graph\":[{\"@type\":\"Article\",\"@id\":\"https:\/\/volcanes.net\/?p=6931#article\",\"isPartOf\":{\"@id\":\"https:\/\/volcanes.net\/?p=6931\"},\"author\":{\"name\":\"admin\",\"@id\":\"https:\/\/volcanes.net\/#\/schema\/person\/4bf0f383940966a4abd53f5048c0e6b9\"},\"headline\":\"Gobierno municipal de Temamatla entrega unidades\",\"datePublished\":\"2020-05-04T01:03:36+00:00\",\"dateModified\":\"2020-05-04T01:06:29+00:00\",\"mainEntityOfPage\":{\"@id\":\"https:\/\/volcanes.net\/?p=6931\"},\"wordCount\":369,\"commentCount\":0,\"publisher\":{\"@id\":\"https:\/\/volcanes.net\/#organization\"},\"image\":{\"@id\":\"https:\/\/volcanes.net\/?p=6931#primaryimage\"},\"thumbnailUrl\":\"https:\/\/volcanes.net\/wp-content\/uploads\/2020\/05\/WhatsApp-Image-2020-05-03-at-7.05.50-PM.jpeg\",\"keywords\":[\"Temamatla\"],\"articleSection\":[\"Municipales\"],\"inLanguage\":\"es\",\"potentialAction\":[{\"@type\":\"CommentAction\",\"name\":\"Comment\",\"target\":[\"https:\/\/volcanes.net\/?p=6931#respond\"]}]},{\"@type\":\"WebPage\",\"@id\":\"https:\/\/volcanes.net\/?p=6931\",\"url\":\"https:\/\/volcanes.net\/?p=6931\",\"name\":\"Gobierno municipal de Temamatla entrega unidades - Volcanes\",\"isPartOf\":{\"@id\":\"https:\/\/volcanes.net\/#website\"},\"primaryImageOfPage\":{\"@id\":\"https:\/\/volcanes.net\/?p=6931#primaryimage\"},\"image\":{\"@id\":\"https:\/\/volcanes.net\/?p=6931#primaryimage\"},\"thumbnailUrl\":\"https:\/\/volcanes.net\/wp-content\/uploads\/2020\/05\/WhatsApp-Image-2020-05-03-at-7.05.50-PM.jpeg\",\"datePublished\":\"2020-05-04T01:03:36+00:00\",\"dateModified\":\"2020-05-04T01:06:29+00:00\",\"breadcrumb\":{\"@id\":\"https:\/\/volcanes.net\/?p=6931#breadcrumb\"},\"inLanguage\":\"es\",\"potentialAction\":[{\"@type\":\"ReadAction\",\"target\":[\"https:\/\/volcanes.net\/?p=6931\"]}]},{\"@type\":\"ImageObject\",\"inLanguage\":\"es\",\"@id\":\"https:\/\/volcanes.net\/?p=6931#primaryimage\",\"url\":\"https:\/\/volcanes.net\/wp-content\/uploads\/2020\/05\/WhatsApp-Image-2020-05-03-at-7.05.50-PM.jpeg\",\"contentUrl\":\"https:\/\/volcanes.net\/wp-content\/uploads\/2020\/05\/WhatsApp-Image-2020-05-03-at-7.05.50-PM.jpeg\",\"width\":1260,\"height\":600},{\"@type\":\"BreadcrumbList\",\"@id\":\"https:\/\/volcanes.net\/?p=6931#breadcrumb\",\"itemListElement\":[{\"@type\":\"ListItem\",\"position\":1,\"name\":\"Portada\",\"item\":\"https:\/\/volcanes.net\/\"},{\"@type\":\"ListItem\",\"position\":2,\"name\":\"Gobierno municipal de Temamatla entrega unidades\"}]},{\"@type\":\"WebSite\",\"@id\":\"https:\/\/volcanes.net\/#website\",\"url\":\"https:\/\/volcanes.net\/\",\"name\":\"Volcanes.Net\",\"description\":\"Periodismo Profesional\",\"publisher\":{\"@id\":\"https:\/\/volcanes.net\/#organization\"},\"potentialAction\":[{\"@type\":\"SearchAction\",\"target\":{\"@type\":\"EntryPoint\",\"urlTemplate\":\"https:\/\/volcanes.net\/?s={search_term_string}\"},\"query-input\":{\"@type\":\"PropertyValueSpecification\",\"valueRequired\":true,\"valueName\":\"search_term_string\"}}],\"inLanguage\":\"es\"},{\"@type\":\"Organization\",\"@id\":\"https:\/\/volcanes.net\/#organization\",\"name\":\"Grupo Volcanes\",\"url\":\"https:\/\/volcanes.net\/\",\"logo\":{\"@type\":\"ImageObject\",\"inLanguage\":\"es\",\"@id\":\"https:\/\/volcanes.net\/#\/schema\/logo\/image\/\",\"url\":\"http:\/\/volcanes.net\/wp-content\/uploads\/2017\/12\/Avatar2.jpg\",\"contentUrl\":\"http:\/\/volcanes.net\/wp-content\/uploads\/2017\/12\/Avatar2.jpg\",\"width\":378,\"height\":378,\"caption\":\"Grupo Volcanes\"},\"image\":{\"@id\":\"https:\/\/volcanes.net\/#\/schema\/logo\/image\/\"},\"sameAs\":[\"https:\/\/www.facebook.com\/volcanes.net\/\"]},{\"@type\":\"Person\",\"@id\":\"https:\/\/volcanes.net\/#\/schema\/person\/4bf0f383940966a4abd53f5048c0e6b9\",\"name\":\"admin\",\"image\":{\"@type\":\"ImageObject\",\"inLanguage\":\"es\",\"@id\":\"https:\/\/volcanes.net\/#\/schema\/person\/image\/\",\"url\":\"https:\/\/secure.gravatar.com\/avatar\/ca004e6cba8462b8cb7abc86e382930c?s=96&d=mm&r=g\",\"contentUrl\":\"https:\/\/secure.gravatar.com\/avatar\/ca004e6cba8462b8cb7abc86e382930c?s=96&d=mm&r=g\",\"caption\":\"admin\"}}]}<\/script>\n<!-- \/ Yoast SEO plugin. -->","yoast_head_json":{"title":"Gobierno municipal de Temamatla entrega unidades - Volcanes","robots":{"index":"index","follow":"follow","max-snippet":"max-snippet:-1","max-image-preview":"max-image-preview:large","max-video-preview":"max-video-preview:-1"},"canonical":"https:\/\/volcanes.net\/?p=6931","og_locale":"es_MX","og_type":"article","og_title":"Gobierno municipal de Temamatla entrega unidades - Volcanes","og_description":"Temamatla, Estado de M\u00e9xico.- Este s\u00e1bado, el gobierno municipal que encabeza el presidente municipal de","og_url":"https:\/\/volcanes.net\/?p=6931","og_site_name":"Volcanes","article_publisher":"https:\/\/www.facebook.com\/volcanes.net\/","article_published_time":"2020-05-04T01:03:36+00:00","article_modified_time":"2020-05-04T01:06:29+00:00","og_image":[{"width":1260,"height":600,"url":"https:\/\/volcanes.net\/wp-content\/uploads\/2020\/05\/WhatsApp-Image-2020-05-03-at-7.05.50-PM.jpeg","type":"image\/jpeg"}],"author":"admin","twitter_card":"summary_large_image","twitter_misc":{"Escrito por":"admin","Tiempo de lectura":"2 minutos"},"schema":{"@context":"https:\/\/schema.org","@graph":[{"@type":"Article","@id":"https:\/\/volcanes.net\/?p=6931#article","isPartOf":{"@id":"https:\/\/volcanes.net\/?p=6931"},"author":{"name":"admin","@id":"https:\/\/volcanes.net\/#\/schema\/person\/4bf0f383940966a4abd53f5048c0e6b9"},"headline":"Gobierno municipal de Temamatla entrega unidades","datePublished":"2020-05-04T01:03:36+00:00","dateModified":"2020-05-04T01:06:29+00:00","mainEntityOfPage":{"@id":"https:\/\/volcanes.net\/?p=6931"},"wordCount":369,"commentCount":0,"publisher":{"@id":"https:\/\/volcanes.net\/#organization"},"image":{"@id":"https:\/\/volcanes.net\/?p=6931#primaryimage"},"thumbnailUrl":"https:\/\/volcanes.net\/wp-content\/uploads\/2020\/05\/WhatsApp-Image-2020-05-03-at-7.05.50-PM.jpeg","keywords":["Temamatla"],"articleSection":["Municipales"],"inLanguage":"es","potentialAction":[{"@type":"CommentAction","name":"Comment","target":["https:\/\/volcanes.net\/?p=6931#respond"]}]},{"@type":"WebPage","@id":"https:\/\/volcanes.net\/?p=6931","url":"https:\/\/volcanes.net\/?p=6931","name":"Gobierno municipal de Temamatla entrega unidades - Volcanes","isPartOf":{"@id":"https:\/\/volcanes.net\/#website"},"primaryImageOfPage":{"@id":"https:\/\/volcanes.net\/?p=6931#primaryimage"},"image":{"@id":"https:\/\/volcanes.net\/?p=6931#primaryimage"},"thumbnailUrl":"https:\/\/volcanes.net\/wp-content\/uploads\/2020\/05\/WhatsApp-Image-2020-05-03-at-7.05.50-PM.jpeg","datePublished":"2020-05-04T01:03:36+00:00","dateModified":"2020-05-04T01:06:29+00:00","breadcrumb":{"@id":"https:\/\/volcanes.net\/?p=6931#breadcrumb"},"inLanguage":"es","potentialAction":[{"@type":"ReadAction","target":["https:\/\/volcanes.net\/?p=6931"]}]},{"@type":"ImageObject","inLanguage":"es","@id":"https:\/\/volcanes.net\/?p=6931#primaryimage","url":"https:\/\/volcanes.net\/wp-content\/uploads\/2020\/05\/WhatsApp-Image-2020-05-03-at-7.05.50-PM.jpeg","contentUrl":"https:\/\/volcanes.net\/wp-content\/uploads\/2020\/05\/WhatsApp-Image-2020-05-03-at-7.05.50-PM.jpeg","width":1260,"height":600},{"@type":"BreadcrumbList","@id":"https:\/\/volcanes.net\/?p=6931#breadcrumb","itemListElement":[{"@type":"ListItem","position":1,"name":"Portada","item":"https:\/\/volcanes.net\/"},{"@type":"ListItem","position":2,"name":"Gobierno municipal de Temamatla entrega unidades"}]},{"@type":"WebSite","@id":"https:\/\/volcanes.net\/#website","url":"https:\/\/volcanes.net\/","name":"Volcanes.Net","description":"Periodismo Profesional","publisher":{"@id":"https:\/\/volcanes.net\/#organization"},"potentialAction":[{"@type":"SearchAction","target":{"@type":"EntryPoint","urlTemplate":"https:\/\/volcanes.net\/?s={search_term_string}"},"query-input":{"@type":"PropertyValueSpecification","valueRequired":true,"valueName":"search_term_string"}}],"inLanguage":"es"},{"@type":"Organization","@id":"https:\/\/volcanes.net\/#organization","name":"Grupo Volcanes","url":"https:\/\/volcanes.net\/","logo":{"@type":"ImageObject","inLanguage":"es","@id":"https:\/\/volcanes.net\/#\/schema\/logo\/image\/","url":"http:\/\/volcanes.net\/wp-content\/uploads\/2017\/12\/Avatar2.jpg","contentUrl":"http:\/\/volcanes.net\/wp-content\/uploads\/2017\/12\/Avatar2.jpg","width":378,"height":378,"caption":"Grupo Volcanes"},"image":{"@id":"https:\/\/volcanes.net\/#\/schema\/logo\/image\/"},"sameAs":["https:\/\/www.facebook.com\/volcanes.net\/"]},{"@type":"Person","@id":"https:\/\/volcanes.net\/#\/schema\/person\/4bf0f383940966a4abd53f5048c0e6b9","name":"admin","image":{"@type":"ImageObject","inLanguage":"es","@id":"https:\/\/volcanes.net\/#\/schema\/person\/image\/","url":"https:\/\/secure.gravatar.com\/avatar\/ca004e6cba8462b8cb7abc86e382930c?s=96&d=mm&r=g","contentUrl":"https:\/\/secure.gravatar.com\/avatar\/ca004e6cba8462b8cb7abc86e382930c?s=96&d=mm&r=g","caption":"admin"}}]}},"_links":{"self":[{"href":"https:\/\/volcanes.net\/index.php?rest_route=\/wp\/v2\/posts\/6931"}],"collection":[{"href":"https:\/\/volcanes.net\/index.php?rest_route=\/wp\/v2\/posts"}],"about":[{"href":"https:\/\/volcanes.net\/index.php?rest_route=\/wp\/v2\/types\/post"}],"author":[{"embeddable":true,"href":"https:\/\/volcanes.net\/index.php?rest_route=\/wp\/v2\/users\/1"}],"replies":[{"embeddable":true,"href":"https:\/\/volcanes.net\/index.php?rest_route=%2Fwp%2Fv2%2Fcomments&post=6931"}],"version-history":[{"count":4,"href":"https:\/\/volcanes.net\/index.php?rest_route=\/wp\/v2\/posts\/6931\/revisions"}],"predecessor-version":[{"id":6936,"href":"https:\/\/volcanes.net\/index.php?rest_route=\/wp\/v2\/posts\/6931\/revisions\/6936"}],"wp:featuredmedia":[{"embeddable":true,"href":"https:\/\/volcanes.net\/index.php?rest_route=\/wp\/v2\/media\/6932"}],"wp:attachment":[{"href":"https:\/\/volcanes.net\/index.php?rest_route=%2Fwp%2Fv2%2Fmedia&parent=6931"}],"wp:term":[{"taxonomy":"category","embeddable":true,"href":"https:\/\/volcanes.net\/index.php?rest_route=%2Fwp%2Fv2%2Fcategories&post=6931"},{"taxonomy":"post_tag","embeddable":true,"href":"https:\/\/volcanes.net\/index.php?rest_route=%2Fwp%2Fv2%2Ftags&post=6931"}],"curies":[{"name":"wp","href":"https:\/\/api.w.org\/{rel}","templated":true}]}}