{"id":6943,"date":"2020-05-04T20:59:18","date_gmt":"2020-05-05T02:59:18","guid":{"rendered":"http:\/\/volcanes.net\/?p=6943"},"modified":"2020-05-04T20:59:18","modified_gmt":"2020-05-05T02:59:18","slug":"ya-son-8-casos-positivos-de-covid-19-en-tepetlixpa","status":"publish","type":"post","link":"https:\/\/volcanes.net\/?p=6943","title":{"rendered":"Ya son 8 casos positivos de COVID-19 en Tepetlixpa"},"content":{"rendered":"<div style=\"margin-top: 0px; margin-bottom: 0px;\" class=\"sharethis-inline-share-buttons\" ><\/div><p>Tepetlixpa, Estado de M\u00e9xico.- Como consecuencia de la falta de acciones contundentes por el gobierno municipal para evitar los contagios en este municipio, siguen creciendo los casos positivos de COVID19, de acuerdo a las cifras oficiales de casos de coronavirus siguen aumentando en el municipio de Tepetlixpa, esta tendencia a la alza se informa de acuerdo a los datos actualizados por la Secretar\u00eda de Salud Federal, a trav\u00e9s de la Direcci\u00f3n General de Epidemiolog\u00eda, ya que hasta la actualizaci\u00f3n del 4 de Mayo del 2020, este municipio, cuenta ya con 8 casos confirmados con COVID-19.<\/p>\n<p>Este lunes 4 de mayo del 2020, este informe detalla que hasta esta fecha, se han registrado 2 defunciones\u00a0 por COVID-19 en este municipio mexiquense, adem\u00e1s se informa que 3 personas m\u00e1s est\u00e1n en estatus de sospechosos, y otras 5 personas m\u00e1s ya resultaron negativo de estar contagiados del virus SARS-CoV-2 causante del COVID19.<\/p>\n<p>A pesar de que esto se ha convertido en un foco rojo para la regi\u00f3n de los volcanes, las autoridades municipales han desacatado las recomendaciones de las autoridades federales y estatales en materia de prevenci\u00f3n, el presidente municipal, Armando Mel\u00e9ndez Soriano no logr\u00f3 garantizar el derecho a la salud a los habitantes de este municipio dejando que sigan aumentando los contagios en Tepetlixpa.<\/p>\n<p>Las cosas pueden empeorar ante la miopia de Mel\u00e9ndez Soriano, pues en este municipio no se han tomado las cosas en serio, pues las casi nulas acciones del gobierno municipal, se han reflejado en el aumento de casos positivos de COVID-19.<\/p>\n<p>Cifras que son proporcionadas por la Direcci\u00f3n General de Epidemiolog\u00eda, en su actualizaci\u00f3n de este 4 de mayo del 2020 y pueden ser verificadas en la p\u00e1gina https:\/\/coronavirus.gob.mx\/datos\/<\/p>\n<p>&nbsp;<\/p>\n","protected":false},"excerpt":{"rendered":"<p>Tepetlixpa, Estado de M\u00e9xico.- Como consecuencia de la falta de acciones contundentes por el gobierno<\/p>\n","protected":false},"author":1,"featured_media":6944,"comment_status":"open","ping_status":"open","sticky":false,"template":"","format":"standard","meta":{"footnotes":""},"categories":[1],"tags":[16],"class_list":["post-6943","post","type-post","status-publish","format-standard","has-post-thumbnail","hentry","category-municipales","tag-tepetlixpa"],"yoast_head":"<!-- This site is optimized with the Yoast SEO plugin v25.3 - https:\/\/yoast.com\/wordpress\/plugins\/seo\/ -->\n<title>Ya son 8 casos positivos de COVID-19 en Tepetlixpa - Volcanes<\/title>\n<meta name=\"robots\" content=\"index, follow, max-snippet:-1, max-image-preview:large, max-video-preview:-1\" \/>\n<link rel=\"canonical\" href=\"https:\/\/volcanes.net\/?p=6943\" \/>\n<meta property=\"og:locale\" content=\"es_MX\" \/>\n<meta property=\"og:type\" content=\"article\" \/>\n<meta property=\"og:title\" content=\"Ya son 8 casos positivos de COVID-19 en Tepetlixpa - Volcanes\" \/>\n<meta property=\"og:description\" content=\"Tepetlixpa, Estado de M\u00e9xico.- Como consecuencia de la falta de acciones contundentes por el gobierno\" \/>\n<meta property=\"og:url\" content=\"https:\/\/volcanes.net\/?p=6943\" \/>\n<meta property=\"og:site_name\" content=\"Volcanes\" \/>\n<meta property=\"article:publisher\" content=\"https:\/\/www.facebook.com\/volcanes.net\/\" \/>\n<meta property=\"article:published_time\" content=\"2020-05-05T02:59:18+00:00\" \/>\n<meta property=\"og:image\" content=\"https:\/\/volcanes.net\/wp-content\/uploads\/2020\/05\/Tepe_8.png\" \/>\n\t<meta property=\"og:image:width\" content=\"1873\" \/>\n\t<meta property=\"og:image:height\" content=\"893\" \/>\n\t<meta property=\"og:image:type\" content=\"image\/png\" \/>\n<meta name=\"author\" content=\"admin\" \/>\n<meta name=\"twitter:card\" content=\"summary_large_image\" \/>\n<meta name=\"twitter:label1\" content=\"Escrito por\" \/>\n\t<meta name=\"twitter:data1\" content=\"admin\" \/>\n\t<meta name=\"twitter:label2\" content=\"Tiempo de lectura\" \/>\n\t<meta name=\"twitter:data2\" content=\"1 minuto\" \/>\n<script type=\"application\/ld+json\" class=\"yoast-schema-graph\">{\"@context\":\"https:\/\/schema.org\",\"@graph\":[{\"@type\":\"Article\",\"@id\":\"https:\/\/volcanes.net\/?p=6943#article\",\"isPartOf\":{\"@id\":\"https:\/\/volcanes.net\/?p=6943\"},\"author\":{\"name\":\"admin\",\"@id\":\"https:\/\/volcanes.net\/#\/schema\/person\/4bf0f383940966a4abd53f5048c0e6b9\"},\"headline\":\"Ya son 8 casos positivos de COVID-19 en Tepetlixpa\",\"datePublished\":\"2020-05-05T02:59:18+00:00\",\"mainEntityOfPage\":{\"@id\":\"https:\/\/volcanes.net\/?p=6943\"},\"wordCount\":303,\"commentCount\":0,\"publisher\":{\"@id\":\"https:\/\/volcanes.net\/#organization\"},\"image\":{\"@id\":\"https:\/\/volcanes.net\/?p=6943#primaryimage\"},\"thumbnailUrl\":\"https:\/\/volcanes.net\/wp-content\/uploads\/2020\/05\/Tepe_8.png\",\"keywords\":[\"Tepetlixpa\"],\"articleSection\":[\"Municipales\"],\"inLanguage\":\"es\",\"potentialAction\":[{\"@type\":\"CommentAction\",\"name\":\"Comment\",\"target\":[\"https:\/\/volcanes.net\/?p=6943#respond\"]}]},{\"@type\":\"WebPage\",\"@id\":\"https:\/\/volcanes.net\/?p=6943\",\"url\":\"https:\/\/volcanes.net\/?p=6943\",\"name\":\"Ya son 8 casos positivos de COVID-19 en Tepetlixpa - Volcanes\",\"isPartOf\":{\"@id\":\"https:\/\/volcanes.net\/#website\"},\"primaryImageOfPage\":{\"@id\":\"https:\/\/volcanes.net\/?p=6943#primaryimage\"},\"image\":{\"@id\":\"https:\/\/volcanes.net\/?p=6943#primaryimage\"},\"thumbnailUrl\":\"https:\/\/volcanes.net\/wp-content\/uploads\/2020\/05\/Tepe_8.png\",\"datePublished\":\"2020-05-05T02:59:18+00:00\",\"breadcrumb\":{\"@id\":\"https:\/\/volcanes.net\/?p=6943#breadcrumb\"},\"inLanguage\":\"es\",\"potentialAction\":[{\"@type\":\"ReadAction\",\"target\":[\"https:\/\/volcanes.net\/?p=6943\"]}]},{\"@type\":\"ImageObject\",\"inLanguage\":\"es\",\"@id\":\"https:\/\/volcanes.net\/?p=6943#primaryimage\",\"url\":\"https:\/\/volcanes.net\/wp-content\/uploads\/2020\/05\/Tepe_8.png\",\"contentUrl\":\"https:\/\/volcanes.net\/wp-content\/uploads\/2020\/05\/Tepe_8.png\",\"width\":1873,\"height\":893},{\"@type\":\"BreadcrumbList\",\"@id\":\"https:\/\/volcanes.net\/?p=6943#breadcrumb\",\"itemListElement\":[{\"@type\":\"ListItem\",\"position\":1,\"name\":\"Portada\",\"item\":\"https:\/\/volcanes.net\/\"},{\"@type\":\"ListItem\",\"position\":2,\"name\":\"Ya son 8 casos positivos de COVID-19 en Tepetlixpa\"}]},{\"@type\":\"WebSite\",\"@id\":\"https:\/\/volcanes.net\/#website\",\"url\":\"https:\/\/volcanes.net\/\",\"name\":\"Volcanes.Net\",\"description\":\"Periodismo Profesional\",\"publisher\":{\"@id\":\"https:\/\/volcanes.net\/#organization\"},\"potentialAction\":[{\"@type\":\"SearchAction\",\"target\":{\"@type\":\"EntryPoint\",\"urlTemplate\":\"https:\/\/volcanes.net\/?s={search_term_string}\"},\"query-input\":{\"@type\":\"PropertyValueSpecification\",\"valueRequired\":true,\"valueName\":\"search_term_string\"}}],\"inLanguage\":\"es\"},{\"@type\":\"Organization\",\"@id\":\"https:\/\/volcanes.net\/#organization\",\"name\":\"Grupo Volcanes\",\"url\":\"https:\/\/volcanes.net\/\",\"logo\":{\"@type\":\"ImageObject\",\"inLanguage\":\"es\",\"@id\":\"https:\/\/volcanes.net\/#\/schema\/logo\/image\/\",\"url\":\"http:\/\/volcanes.net\/wp-content\/uploads\/2017\/12\/Avatar2.jpg\",\"contentUrl\":\"http:\/\/volcanes.net\/wp-content\/uploads\/2017\/12\/Avatar2.jpg\",\"width\":378,\"height\":378,\"caption\":\"Grupo Volcanes\"},\"image\":{\"@id\":\"https:\/\/volcanes.net\/#\/schema\/logo\/image\/\"},\"sameAs\":[\"https:\/\/www.facebook.com\/volcanes.net\/\"]},{\"@type\":\"Person\",\"@id\":\"https:\/\/volcanes.net\/#\/schema\/person\/4bf0f383940966a4abd53f5048c0e6b9\",\"name\":\"admin\",\"image\":{\"@type\":\"ImageObject\",\"inLanguage\":\"es\",\"@id\":\"https:\/\/volcanes.net\/#\/schema\/person\/image\/\",\"url\":\"https:\/\/secure.gravatar.com\/avatar\/ca004e6cba8462b8cb7abc86e382930c?s=96&d=mm&r=g\",\"contentUrl\":\"https:\/\/secure.gravatar.com\/avatar\/ca004e6cba8462b8cb7abc86e382930c?s=96&d=mm&r=g\",\"caption\":\"admin\"}}]}<\/script>\n<!-- \/ Yoast SEO plugin. -->","yoast_head_json":{"title":"Ya son 8 casos positivos de COVID-19 en Tepetlixpa - Volcanes","robots":{"index":"index","follow":"follow","max-snippet":"max-snippet:-1","max-image-preview":"max-image-preview:large","max-video-preview":"max-video-preview:-1"},"canonical":"https:\/\/volcanes.net\/?p=6943","og_locale":"es_MX","og_type":"article","og_title":"Ya son 8 casos positivos de COVID-19 en Tepetlixpa - Volcanes","og_description":"Tepetlixpa, Estado de M\u00e9xico.- Como consecuencia de la falta de acciones contundentes por el gobierno","og_url":"https:\/\/volcanes.net\/?p=6943","og_site_name":"Volcanes","article_publisher":"https:\/\/www.facebook.com\/volcanes.net\/","article_published_time":"2020-05-05T02:59:18+00:00","og_image":[{"width":1873,"height":893,"url":"https:\/\/volcanes.net\/wp-content\/uploads\/2020\/05\/Tepe_8.png","type":"image\/png"}],"author":"admin","twitter_card":"summary_large_image","twitter_misc":{"Escrito por":"admin","Tiempo de lectura":"1 minuto"},"schema":{"@context":"https:\/\/schema.org","@graph":[{"@type":"Article","@id":"https:\/\/volcanes.net\/?p=6943#article","isPartOf":{"@id":"https:\/\/volcanes.net\/?p=6943"},"author":{"name":"admin","@id":"https:\/\/volcanes.net\/#\/schema\/person\/4bf0f383940966a4abd53f5048c0e6b9"},"headline":"Ya son 8 casos positivos de COVID-19 en Tepetlixpa","datePublished":"2020-05-05T02:59:18+00:00","mainEntityOfPage":{"@id":"https:\/\/volcanes.net\/?p=6943"},"wordCount":303,"commentCount":0,"publisher":{"@id":"https:\/\/volcanes.net\/#organization"},"image":{"@id":"https:\/\/volcanes.net\/?p=6943#primaryimage"},"thumbnailUrl":"https:\/\/volcanes.net\/wp-content\/uploads\/2020\/05\/Tepe_8.png","keywords":["Tepetlixpa"],"articleSection":["Municipales"],"inLanguage":"es","potentialAction":[{"@type":"CommentAction","name":"Comment","target":["https:\/\/volcanes.net\/?p=6943#respond"]}]},{"@type":"WebPage","@id":"https:\/\/volcanes.net\/?p=6943","url":"https:\/\/volcanes.net\/?p=6943","name":"Ya son 8 casos positivos de COVID-19 en Tepetlixpa - Volcanes","isPartOf":{"@id":"https:\/\/volcanes.net\/#website"},"primaryImageOfPage":{"@id":"https:\/\/volcanes.net\/?p=6943#primaryimage"},"image":{"@id":"https:\/\/volcanes.net\/?p=6943#primaryimage"},"thumbnailUrl":"https:\/\/volcanes.net\/wp-content\/uploads\/2020\/05\/Tepe_8.png","datePublished":"2020-05-05T02:59:18+00:00","breadcrumb":{"@id":"https:\/\/volcanes.net\/?p=6943#breadcrumb"},"inLanguage":"es","potentialAction":[{"@type":"ReadAction","target":["https:\/\/volcanes.net\/?p=6943"]}]},{"@type":"ImageObject","inLanguage":"es","@id":"https:\/\/volcanes.net\/?p=6943#primaryimage","url":"https:\/\/volcanes.net\/wp-content\/uploads\/2020\/05\/Tepe_8.png","contentUrl":"https:\/\/volcanes.net\/wp-content\/uploads\/2020\/05\/Tepe_8.png","width":1873,"height":893},{"@type":"BreadcrumbList","@id":"https:\/\/volcanes.net\/?p=6943#breadcrumb","itemListElement":[{"@type":"ListItem","position":1,"name":"Portada","item":"https:\/\/volcanes.net\/"},{"@type":"ListItem","position":2,"name":"Ya son 8 casos positivos de COVID-19 en Tepetlixpa"}]},{"@type":"WebSite","@id":"https:\/\/volcanes.net\/#website","url":"https:\/\/volcanes.net\/","name":"Volcanes.Net","description":"Periodismo Profesional","publisher":{"@id":"https:\/\/volcanes.net\/#organization"},"potentialAction":[{"@type":"SearchAction","target":{"@type":"EntryPoint","urlTemplate":"https:\/\/volcanes.net\/?s={search_term_string}"},"query-input":{"@type":"PropertyValueSpecification","valueRequired":true,"valueName":"search_term_string"}}],"inLanguage":"es"},{"@type":"Organization","@id":"https:\/\/volcanes.net\/#organization","name":"Grupo Volcanes","url":"https:\/\/volcanes.net\/","logo":{"@type":"ImageObject","inLanguage":"es","@id":"https:\/\/volcanes.net\/#\/schema\/logo\/image\/","url":"http:\/\/volcanes.net\/wp-content\/uploads\/2017\/12\/Avatar2.jpg","contentUrl":"http:\/\/volcanes.net\/wp-content\/uploads\/2017\/12\/Avatar2.jpg","width":378,"height":378,"caption":"Grupo Volcanes"},"image":{"@id":"https:\/\/volcanes.net\/#\/schema\/logo\/image\/"},"sameAs":["https:\/\/www.facebook.com\/volcanes.net\/"]},{"@type":"Person","@id":"https:\/\/volcanes.net\/#\/schema\/person\/4bf0f383940966a4abd53f5048c0e6b9","name":"admin","image":{"@type":"ImageObject","inLanguage":"es","@id":"https:\/\/volcanes.net\/#\/schema\/person\/image\/","url":"https:\/\/secure.gravatar.com\/avatar\/ca004e6cba8462b8cb7abc86e382930c?s=96&d=mm&r=g","contentUrl":"https:\/\/secure.gravatar.com\/avatar\/ca004e6cba8462b8cb7abc86e382930c?s=96&d=mm&r=g","caption":"admin"}}]}},"_links":{"self":[{"href":"https:\/\/volcanes.net\/index.php?rest_route=\/wp\/v2\/posts\/6943"}],"collection":[{"href":"https:\/\/volcanes.net\/index.php?rest_route=\/wp\/v2\/posts"}],"about":[{"href":"https:\/\/volcanes.net\/index.php?rest_route=\/wp\/v2\/types\/post"}],"author":[{"embeddable":true,"href":"https:\/\/volcanes.net\/index.php?rest_route=\/wp\/v2\/users\/1"}],"replies":[{"embeddable":true,"href":"https:\/\/volcanes.net\/index.php?rest_route=%2Fwp%2Fv2%2Fcomments&post=6943"}],"version-history":[{"count":1,"href":"https:\/\/volcanes.net\/index.php?rest_route=\/wp\/v2\/posts\/6943\/revisions"}],"predecessor-version":[{"id":6945,"href":"https:\/\/volcanes.net\/index.php?rest_route=\/wp\/v2\/posts\/6943\/revisions\/6945"}],"wp:featuredmedia":[{"embeddable":true,"href":"https:\/\/volcanes.net\/index.php?rest_route=\/wp\/v2\/media\/6944"}],"wp:attachment":[{"href":"https:\/\/volcanes.net\/index.php?rest_route=%2Fwp%2Fv2%2Fmedia&parent=6943"}],"wp:term":[{"taxonomy":"category","embeddable":true,"href":"https:\/\/volcanes.net\/index.php?rest_route=%2Fwp%2Fv2%2Fcategories&post=6943"},{"taxonomy":"post_tag","embeddable":true,"href":"https:\/\/volcanes.net\/index.php?rest_route=%2Fwp%2Fv2%2Ftags&post=6943"}],"curies":[{"name":"wp","href":"https:\/\/api.w.org\/{rel}","templated":true}]}}