{"id":697,"date":"2018-01-23T22:58:03","date_gmt":"2018-01-23T22:58:03","guid":{"rendered":"http:\/\/volcanes.net\/?p=697"},"modified":"2018-01-23T22:58:03","modified_gmt":"2018-01-23T22:58:03","slug":"mejora-percepcion-de-seguridad-en-ecatepec-alfredo-del-mazo-video","status":"publish","type":"post","link":"https:\/\/volcanes.net\/?p=697","title":{"rendered":"Mejora percepci\u00f3n de seguridad en Ecatepec Alfredo del Mazo (VIDEO)"},"content":{"rendered":"<div style=\"margin-top: 0px; margin-bottom: 0px;\" class=\"sharethis-inline-share-buttons\" ><\/div><p>El gobernador Alfredo Del Mazo Maza destac\u00f3 que como resultado del trabajo coordinado con las fuerzas federales y los ayuntamientos, se logr\u00f3 mejorar en siete puntos porcentuales la percepci\u00f3n ciudadana\u00a0sobre la seguridad en Ecatepec.<\/p>\n<p>En reuni\u00f3n con el Grupo de Seguridad, donde se evaluaron los avances en Ecatepec, el mandatario refiri\u00f3 que tambi\u00e9n se pudo contener el crecimiento de los delitos de alto impacto y disminuir el robo a transporte p\u00fablico en esa demarcaci\u00f3n.<\/p>\n<p>Se\u00f1al\u00f3 que de acuerdo con datos de la Encuesta Nacional de Seguridad Urbana, la percepci\u00f3n de inseguridad disminuy\u00f3 de 93 a 86 por ciento en dicho municipio mexiquense.<\/p>\n<p>\u201cEso demuestra que esta estrategia integral est\u00e1 dando resultados, no nada m\u00e1s en la contenci\u00f3n de los delitos que tenemos reportados, sino tambi\u00e9n en la percepci\u00f3n de la ciudadan\u00eda que es algo fundamental\u201d, subray\u00f3.<\/p>\n<p>Afirm\u00f3 que estos avances se han alcanzado gracias a la funci\u00f3n de las Bases de Operaci\u00f3n Mixta (BOM), al patrullaje constante, los operativos y el trabajo de inteligencia que se realiza en \u00e9ste que es el municipio m\u00e1s poblado de Am\u00e9rica Latina, por lo que anunci\u00f3 que acciones de este tipo se replicar\u00e1n en otras demarcaciones con \u00edndices elevados de violencia.<\/p>\n<p>\u201cEcatepec es uno de los municipios donde m\u00e1s estrecha colaboraci\u00f3n ha habido entre las polic\u00edas municipales y la polic\u00eda estatal, y eso nos permite dar buenos resultados a la ciudadan\u00eda, lo cual seguiremos insistiendo y trabajando de la mano de los distintos ayuntamientos para buscar que tengamos, cada vez, una mayor coordinaci\u00f3n entre las polic\u00edas municipales y la polic\u00eda estatal\u201d, dijo.<\/p>\n<p>El jefe del Ejecutivo mexiquense destac\u00f3 que la estrategia de seguridad que se aplica en Ecatepec tiene el objetivo de obtener m\u00e1s resultados a trav\u00e9s del trabajo que se hace en el Centro de Control, Comando, Comunicaci\u00f3n, C\u00f3mputo y Calidad, C5, que es uno de los dos instalados en el Estado de M\u00e9xico.<\/p>\n<p>Ante estos resultados, el gobernador reconoci\u00f3 la tarea de los elementos de las fuerzas de seguridad nacional, as\u00ed como del gobierno municipal de Ecatepec, y asegur\u00f3 que la meta es brindar tranquilidad y paz a los mexiquenses de todas las regiones de la entidad.<\/p>\n<p>Resalt\u00f3 el apoyo del Ej\u00e9rcito, de la Marina, de la Polic\u00eda Federal y de la Procuradur\u00eda General de la Rep\u00fablica a la Secretar\u00eda de Seguridad del Estado y la Fiscal\u00eda Estatal, en conjunto con la Polic\u00eda Municipal.<\/p>\n<p>A su vez, el alcalde de Ecatepec, Indalecio R\u00edos Vel\u00e1zquez, reconoci\u00f3 tambi\u00e9n la importante presencia de la Polic\u00eda Estatal y de las Fuerzas Armadas, pues -dijo- han permitido mejorar la percepci\u00f3n de inseguridad en el municipio.<\/p>\n<p>Agreg\u00f3 que, como ejemplo de este trabajo y gracias a la reacci\u00f3n oportuna de las autoridades, se contuvieron los saqueos en esta demarcaci\u00f3n.<\/p>\n<div class=\"jetpack-video-wrapper\"><span class=\"embed-youtube\"><\/span><\/div>\n","protected":false},"excerpt":{"rendered":"<p>El gobernador Alfredo Del Mazo Maza destac\u00f3 que como resultado del trabajo coordinado con las<\/p>\n","protected":false},"author":1,"featured_media":698,"comment_status":"open","ping_status":"open","sticky":false,"template":"","format":"standard","meta":{"footnotes":""},"categories":[3],"tags":[51,63,4],"class_list":["post-697","post","type-post","status-publish","format-standard","has-post-thumbnail","hentry","category-estatales","tag-del-mazo","tag-ecatepec","tag-gobierno-del-estado-de-mexico"],"yoast_head":"<!-- This site is optimized with the Yoast SEO plugin v25.3 - https:\/\/yoast.com\/wordpress\/plugins\/seo\/ -->\n<title>Mejora percepci\u00f3n de seguridad en Ecatepec Alfredo del Mazo (VIDEO) - Volcanes<\/title>\n<meta name=\"robots\" content=\"index, follow, max-snippet:-1, max-image-preview:large, max-video-preview:-1\" \/>\n<link rel=\"canonical\" href=\"https:\/\/volcanes.net\/?p=697\" \/>\n<meta property=\"og:locale\" content=\"es_MX\" \/>\n<meta property=\"og:type\" content=\"article\" \/>\n<meta property=\"og:title\" content=\"Mejora percepci\u00f3n de seguridad en Ecatepec Alfredo del Mazo (VIDEO) - Volcanes\" \/>\n<meta property=\"og:description\" content=\"El gobernador Alfredo Del Mazo Maza destac\u00f3 que como resultado del trabajo coordinado con las\" \/>\n<meta property=\"og:url\" content=\"https:\/\/volcanes.net\/?p=697\" \/>\n<meta property=\"og:site_name\" content=\"Volcanes\" \/>\n<meta property=\"article:publisher\" content=\"https:\/\/www.facebook.com\/volcanes.net\/\" \/>\n<meta property=\"article:published_time\" content=\"2018-01-23T22:58:03+00:00\" \/>\n<meta property=\"og:image\" content=\"https:\/\/volcanes.net\/wp-content\/uploads\/2018\/01\/del-mazo8.jpg\" \/>\n\t<meta property=\"og:image:width\" content=\"400\" \/>\n\t<meta property=\"og:image:height\" content=\"200\" \/>\n\t<meta property=\"og:image:type\" content=\"image\/jpeg\" \/>\n<meta name=\"author\" content=\"admin\" \/>\n<meta name=\"twitter:card\" content=\"summary_large_image\" \/>\n<meta name=\"twitter:label1\" content=\"Escrito por\" \/>\n\t<meta name=\"twitter:data1\" content=\"admin\" \/>\n\t<meta name=\"twitter:label2\" content=\"Tiempo de lectura\" \/>\n\t<meta name=\"twitter:data2\" content=\"2 minutos\" \/>\n<script type=\"application\/ld+json\" class=\"yoast-schema-graph\">{\"@context\":\"https:\/\/schema.org\",\"@graph\":[{\"@type\":\"Article\",\"@id\":\"https:\/\/volcanes.net\/?p=697#article\",\"isPartOf\":{\"@id\":\"https:\/\/volcanes.net\/?p=697\"},\"author\":{\"name\":\"admin\",\"@id\":\"https:\/\/volcanes.net\/#\/schema\/person\/4bf0f383940966a4abd53f5048c0e6b9\"},\"headline\":\"Mejora percepci\u00f3n de seguridad en Ecatepec Alfredo del Mazo (VIDEO)\",\"datePublished\":\"2018-01-23T22:58:03+00:00\",\"mainEntityOfPage\":{\"@id\":\"https:\/\/volcanes.net\/?p=697\"},\"wordCount\":505,\"commentCount\":0,\"publisher\":{\"@id\":\"https:\/\/volcanes.net\/#organization\"},\"image\":{\"@id\":\"https:\/\/volcanes.net\/?p=697#primaryimage\"},\"thumbnailUrl\":\"https:\/\/volcanes.net\/wp-content\/uploads\/2018\/01\/del-mazo8.jpg\",\"keywords\":[\"Del Mazo\",\"Ecatepec\",\"Gobierno del Estado de M\u00e9xico\"],\"articleSection\":[\"Estatales\"],\"inLanguage\":\"es\",\"potentialAction\":[{\"@type\":\"CommentAction\",\"name\":\"Comment\",\"target\":[\"https:\/\/volcanes.net\/?p=697#respond\"]}]},{\"@type\":\"WebPage\",\"@id\":\"https:\/\/volcanes.net\/?p=697\",\"url\":\"https:\/\/volcanes.net\/?p=697\",\"name\":\"Mejora percepci\u00f3n de seguridad en Ecatepec Alfredo del Mazo (VIDEO) - Volcanes\",\"isPartOf\":{\"@id\":\"https:\/\/volcanes.net\/#website\"},\"primaryImageOfPage\":{\"@id\":\"https:\/\/volcanes.net\/?p=697#primaryimage\"},\"image\":{\"@id\":\"https:\/\/volcanes.net\/?p=697#primaryimage\"},\"thumbnailUrl\":\"https:\/\/volcanes.net\/wp-content\/uploads\/2018\/01\/del-mazo8.jpg\",\"datePublished\":\"2018-01-23T22:58:03+00:00\",\"breadcrumb\":{\"@id\":\"https:\/\/volcanes.net\/?p=697#breadcrumb\"},\"inLanguage\":\"es\",\"potentialAction\":[{\"@type\":\"ReadAction\",\"target\":[\"https:\/\/volcanes.net\/?p=697\"]}]},{\"@type\":\"ImageObject\",\"inLanguage\":\"es\",\"@id\":\"https:\/\/volcanes.net\/?p=697#primaryimage\",\"url\":\"https:\/\/volcanes.net\/wp-content\/uploads\/2018\/01\/del-mazo8.jpg\",\"contentUrl\":\"https:\/\/volcanes.net\/wp-content\/uploads\/2018\/01\/del-mazo8.jpg\",\"width\":400,\"height\":200},{\"@type\":\"BreadcrumbList\",\"@id\":\"https:\/\/volcanes.net\/?p=697#breadcrumb\",\"itemListElement\":[{\"@type\":\"ListItem\",\"position\":1,\"name\":\"Portada\",\"item\":\"https:\/\/volcanes.net\/\"},{\"@type\":\"ListItem\",\"position\":2,\"name\":\"Mejora percepci\u00f3n de seguridad en Ecatepec Alfredo del Mazo (VIDEO)\"}]},{\"@type\":\"WebSite\",\"@id\":\"https:\/\/volcanes.net\/#website\",\"url\":\"https:\/\/volcanes.net\/\",\"name\":\"Volcanes.Net\",\"description\":\"Periodismo Profesional\",\"publisher\":{\"@id\":\"https:\/\/volcanes.net\/#organization\"},\"potentialAction\":[{\"@type\":\"SearchAction\",\"target\":{\"@type\":\"EntryPoint\",\"urlTemplate\":\"https:\/\/volcanes.net\/?s={search_term_string}\"},\"query-input\":{\"@type\":\"PropertyValueSpecification\",\"valueRequired\":true,\"valueName\":\"search_term_string\"}}],\"inLanguage\":\"es\"},{\"@type\":\"Organization\",\"@id\":\"https:\/\/volcanes.net\/#organization\",\"name\":\"Grupo Volcanes\",\"url\":\"https:\/\/volcanes.net\/\",\"logo\":{\"@type\":\"ImageObject\",\"inLanguage\":\"es\",\"@id\":\"https:\/\/volcanes.net\/#\/schema\/logo\/image\/\",\"url\":\"http:\/\/volcanes.net\/wp-content\/uploads\/2017\/12\/Avatar2.jpg\",\"contentUrl\":\"http:\/\/volcanes.net\/wp-content\/uploads\/2017\/12\/Avatar2.jpg\",\"width\":378,\"height\":378,\"caption\":\"Grupo Volcanes\"},\"image\":{\"@id\":\"https:\/\/volcanes.net\/#\/schema\/logo\/image\/\"},\"sameAs\":[\"https:\/\/www.facebook.com\/volcanes.net\/\"]},{\"@type\":\"Person\",\"@id\":\"https:\/\/volcanes.net\/#\/schema\/person\/4bf0f383940966a4abd53f5048c0e6b9\",\"name\":\"admin\",\"image\":{\"@type\":\"ImageObject\",\"inLanguage\":\"es\",\"@id\":\"https:\/\/volcanes.net\/#\/schema\/person\/image\/\",\"url\":\"https:\/\/secure.gravatar.com\/avatar\/ca004e6cba8462b8cb7abc86e382930c?s=96&d=mm&r=g\",\"contentUrl\":\"https:\/\/secure.gravatar.com\/avatar\/ca004e6cba8462b8cb7abc86e382930c?s=96&d=mm&r=g\",\"caption\":\"admin\"}}]}<\/script>\n<!-- \/ Yoast SEO plugin. -->","yoast_head_json":{"title":"Mejora percepci\u00f3n de seguridad en Ecatepec Alfredo del Mazo (VIDEO) - Volcanes","robots":{"index":"index","follow":"follow","max-snippet":"max-snippet:-1","max-image-preview":"max-image-preview:large","max-video-preview":"max-video-preview:-1"},"canonical":"https:\/\/volcanes.net\/?p=697","og_locale":"es_MX","og_type":"article","og_title":"Mejora percepci\u00f3n de seguridad en Ecatepec Alfredo del Mazo (VIDEO) - Volcanes","og_description":"El gobernador Alfredo Del Mazo Maza destac\u00f3 que como resultado del trabajo coordinado con las","og_url":"https:\/\/volcanes.net\/?p=697","og_site_name":"Volcanes","article_publisher":"https:\/\/www.facebook.com\/volcanes.net\/","article_published_time":"2018-01-23T22:58:03+00:00","og_image":[{"width":400,"height":200,"url":"https:\/\/volcanes.net\/wp-content\/uploads\/2018\/01\/del-mazo8.jpg","type":"image\/jpeg"}],"author":"admin","twitter_card":"summary_large_image","twitter_misc":{"Escrito por":"admin","Tiempo de lectura":"2 minutos"},"schema":{"@context":"https:\/\/schema.org","@graph":[{"@type":"Article","@id":"https:\/\/volcanes.net\/?p=697#article","isPartOf":{"@id":"https:\/\/volcanes.net\/?p=697"},"author":{"name":"admin","@id":"https:\/\/volcanes.net\/#\/schema\/person\/4bf0f383940966a4abd53f5048c0e6b9"},"headline":"Mejora percepci\u00f3n de seguridad en Ecatepec Alfredo del Mazo (VIDEO)","datePublished":"2018-01-23T22:58:03+00:00","mainEntityOfPage":{"@id":"https:\/\/volcanes.net\/?p=697"},"wordCount":505,"commentCount":0,"publisher":{"@id":"https:\/\/volcanes.net\/#organization"},"image":{"@id":"https:\/\/volcanes.net\/?p=697#primaryimage"},"thumbnailUrl":"https:\/\/volcanes.net\/wp-content\/uploads\/2018\/01\/del-mazo8.jpg","keywords":["Del Mazo","Ecatepec","Gobierno del Estado de M\u00e9xico"],"articleSection":["Estatales"],"inLanguage":"es","potentialAction":[{"@type":"CommentAction","name":"Comment","target":["https:\/\/volcanes.net\/?p=697#respond"]}]},{"@type":"WebPage","@id":"https:\/\/volcanes.net\/?p=697","url":"https:\/\/volcanes.net\/?p=697","name":"Mejora percepci\u00f3n de seguridad en Ecatepec Alfredo del Mazo (VIDEO) - Volcanes","isPartOf":{"@id":"https:\/\/volcanes.net\/#website"},"primaryImageOfPage":{"@id":"https:\/\/volcanes.net\/?p=697#primaryimage"},"image":{"@id":"https:\/\/volcanes.net\/?p=697#primaryimage"},"thumbnailUrl":"https:\/\/volcanes.net\/wp-content\/uploads\/2018\/01\/del-mazo8.jpg","datePublished":"2018-01-23T22:58:03+00:00","breadcrumb":{"@id":"https:\/\/volcanes.net\/?p=697#breadcrumb"},"inLanguage":"es","potentialAction":[{"@type":"ReadAction","target":["https:\/\/volcanes.net\/?p=697"]}]},{"@type":"ImageObject","inLanguage":"es","@id":"https:\/\/volcanes.net\/?p=697#primaryimage","url":"https:\/\/volcanes.net\/wp-content\/uploads\/2018\/01\/del-mazo8.jpg","contentUrl":"https:\/\/volcanes.net\/wp-content\/uploads\/2018\/01\/del-mazo8.jpg","width":400,"height":200},{"@type":"BreadcrumbList","@id":"https:\/\/volcanes.net\/?p=697#breadcrumb","itemListElement":[{"@type":"ListItem","position":1,"name":"Portada","item":"https:\/\/volcanes.net\/"},{"@type":"ListItem","position":2,"name":"Mejora percepci\u00f3n de seguridad en Ecatepec Alfredo del Mazo (VIDEO)"}]},{"@type":"WebSite","@id":"https:\/\/volcanes.net\/#website","url":"https:\/\/volcanes.net\/","name":"Volcanes.Net","description":"Periodismo Profesional","publisher":{"@id":"https:\/\/volcanes.net\/#organization"},"potentialAction":[{"@type":"SearchAction","target":{"@type":"EntryPoint","urlTemplate":"https:\/\/volcanes.net\/?s={search_term_string}"},"query-input":{"@type":"PropertyValueSpecification","valueRequired":true,"valueName":"search_term_string"}}],"inLanguage":"es"},{"@type":"Organization","@id":"https:\/\/volcanes.net\/#organization","name":"Grupo Volcanes","url":"https:\/\/volcanes.net\/","logo":{"@type":"ImageObject","inLanguage":"es","@id":"https:\/\/volcanes.net\/#\/schema\/logo\/image\/","url":"http:\/\/volcanes.net\/wp-content\/uploads\/2017\/12\/Avatar2.jpg","contentUrl":"http:\/\/volcanes.net\/wp-content\/uploads\/2017\/12\/Avatar2.jpg","width":378,"height":378,"caption":"Grupo Volcanes"},"image":{"@id":"https:\/\/volcanes.net\/#\/schema\/logo\/image\/"},"sameAs":["https:\/\/www.facebook.com\/volcanes.net\/"]},{"@type":"Person","@id":"https:\/\/volcanes.net\/#\/schema\/person\/4bf0f383940966a4abd53f5048c0e6b9","name":"admin","image":{"@type":"ImageObject","inLanguage":"es","@id":"https:\/\/volcanes.net\/#\/schema\/person\/image\/","url":"https:\/\/secure.gravatar.com\/avatar\/ca004e6cba8462b8cb7abc86e382930c?s=96&d=mm&r=g","contentUrl":"https:\/\/secure.gravatar.com\/avatar\/ca004e6cba8462b8cb7abc86e382930c?s=96&d=mm&r=g","caption":"admin"}}]}},"_links":{"self":[{"href":"https:\/\/volcanes.net\/index.php?rest_route=\/wp\/v2\/posts\/697"}],"collection":[{"href":"https:\/\/volcanes.net\/index.php?rest_route=\/wp\/v2\/posts"}],"about":[{"href":"https:\/\/volcanes.net\/index.php?rest_route=\/wp\/v2\/types\/post"}],"author":[{"embeddable":true,"href":"https:\/\/volcanes.net\/index.php?rest_route=\/wp\/v2\/users\/1"}],"replies":[{"embeddable":true,"href":"https:\/\/volcanes.net\/index.php?rest_route=%2Fwp%2Fv2%2Fcomments&post=697"}],"version-history":[{"count":1,"href":"https:\/\/volcanes.net\/index.php?rest_route=\/wp\/v2\/posts\/697\/revisions"}],"predecessor-version":[{"id":700,"href":"https:\/\/volcanes.net\/index.php?rest_route=\/wp\/v2\/posts\/697\/revisions\/700"}],"wp:featuredmedia":[{"embeddable":true,"href":"https:\/\/volcanes.net\/index.php?rest_route=\/wp\/v2\/media\/698"}],"wp:attachment":[{"href":"https:\/\/volcanes.net\/index.php?rest_route=%2Fwp%2Fv2%2Fmedia&parent=697"}],"wp:term":[{"taxonomy":"category","embeddable":true,"href":"https:\/\/volcanes.net\/index.php?rest_route=%2Fwp%2Fv2%2Fcategories&post=697"},{"taxonomy":"post_tag","embeddable":true,"href":"https:\/\/volcanes.net\/index.php?rest_route=%2Fwp%2Fv2%2Ftags&post=697"}],"curies":[{"name":"wp","href":"https:\/\/api.w.org\/{rel}","templated":true}]}}