{"id":6975,"date":"2020-05-11T18:10:24","date_gmt":"2020-05-12T00:10:24","guid":{"rendered":"http:\/\/volcanes.net\/?p=6975"},"modified":"2020-05-11T18:10:24","modified_gmt":"2020-05-12T00:10:24","slug":"habitantes-de-ixtapaluca-denuncian-en-casa-y-sin-comida","status":"publish","type":"post","link":"https:\/\/volcanes.net\/?p=6975","title":{"rendered":"Habitantes de #Ixtapaluca denuncian \u201cen casa y sin comida\u201d"},"content":{"rendered":"<div style=\"margin-top: 0px; margin-bottom: 0px;\" class=\"sharethis-inline-share-buttons\" ><\/div><p>Ixtapaluquenses \u00a0se han sumado a la demanda que hiciera en pasados d\u00edas la alcaldesa Maricela Serrano a los gobiernos estatal y federal para atender a la poblaci\u00f3n que ha tenido que quedarse en casa y que no cuentan \u00a0empleo o ingresos para la manutenci\u00f3n de su familia, por lo que \u00a0denuncian\u00a0 la falta de alimentos con lienzos y trapos blancos.<\/p>\n<p>Ante ello la presidenta municipal se\u00f1al\u00f3 que en Ixtapaluca m\u00e1s del 65 por ciento de la poblaci\u00f3n acude a la Ciudad de M\u00e9xico a trabajar y en su mayor\u00eda se han visto afectados en sus ingresos debido a la contingencia ya que se han suspendido sus actividades laborales, o peor a\u00fan para quienes viven al d\u00eda en sus ventas.<\/p>\n<p>Por ello hizo un llamado a que el gobierno federal y estatal implemente de manera urgente e inmediata un plan nacional de alimentos no sesgado para atender a los sectores m\u00e1s desprotegidos.<\/p>\n<p>Vecinos y vecinas de diferentes colonias se han unido a este exhorto, mostrando y colocando en sus domicilios carteles y mantas blancas donde se puede leer el mensaje En casa y sin comida.<\/p>\n<p>El municipio, se\u00f1al\u00f3 Serrano Hern\u00e1ndez, no se ha quedado cruzado de brazos y ha realizado diferentes medidas pero no ha sido suficiente; son las instancias estatales y federales las que cuentan con los recursos financieros para atender esta demanda.<\/p>\n<p>Cabe mencionar que la alcaldesa afirm\u00f3 que al inicio de la pandemia implement\u00f3 un programa de despensas para m\u00e1s de 93 mil personas, entreg\u00f3 kits de limpieza para personas adultas mayores, sanitiz\u00f3 espacios y paraderos del transporte p\u00fablico, llev\u00f3 a cabo la instalaci\u00f3n de lavabos m\u00f3viles.<\/p>\n<p>Adem\u00e1s fueron equipadas tres ambulancias para trasladar a personas con sospecha de coronavirus y se monitorea diariamente todo el municipio para dar atenci\u00f3n a la poblaci\u00f3n.<\/p>\n<p>Por eso, la alcaldesa ha hecho constante el llamado a la ciudadan\u00eda de Ixtapaluca \u201ca permanecer en casa, pero exigiendo los derechos a la salud y a la alimentaci\u00f3n\u201d porque el municipio no tiene lo necesario ya que incluso sufri\u00f3 un recorte dr\u00e1stico a su presupuesto.<\/p>\n<p>&nbsp;<\/p>\n","protected":false},"excerpt":{"rendered":"<p>Ixtapaluquenses \u00a0se han sumado a la demanda que hiciera en pasados d\u00edas la alcaldesa Maricela<\/p>\n","protected":false},"author":1,"featured_media":6976,"comment_status":"open","ping_status":"open","sticky":false,"template":"","format":"standard","meta":{"footnotes":""},"categories":[1],"tags":[265,6],"class_list":["post-6975","post","type-post","status-publish","format-standard","has-post-thumbnail","hentry","category-municipales","tag-grupovolcanes","tag-ixtapaluca"],"yoast_head":"<!-- This site is optimized with the Yoast SEO plugin v25.3 - https:\/\/yoast.com\/wordpress\/plugins\/seo\/ -->\n<title>Habitantes de #Ixtapaluca denuncian \u201cen casa y sin comida\u201d - Volcanes<\/title>\n<meta name=\"robots\" content=\"index, follow, max-snippet:-1, max-image-preview:large, max-video-preview:-1\" \/>\n<link rel=\"canonical\" href=\"https:\/\/volcanes.net\/?p=6975\" \/>\n<meta property=\"og:locale\" content=\"es_MX\" \/>\n<meta property=\"og:type\" content=\"article\" \/>\n<meta property=\"og:title\" content=\"Habitantes de #Ixtapaluca denuncian \u201cen casa y sin comida\u201d - Volcanes\" \/>\n<meta property=\"og:description\" content=\"Ixtapaluquenses \u00a0se han sumado a la demanda que hiciera en pasados d\u00edas la alcaldesa Maricela\" \/>\n<meta property=\"og:url\" content=\"https:\/\/volcanes.net\/?p=6975\" \/>\n<meta property=\"og:site_name\" content=\"Volcanes\" \/>\n<meta property=\"article:publisher\" content=\"https:\/\/www.facebook.com\/volcanes.net\/\" \/>\n<meta property=\"article:published_time\" content=\"2020-05-12T00:10:24+00:00\" \/>\n<meta property=\"og:image\" content=\"https:\/\/volcanes.net\/wp-content\/uploads\/2020\/05\/EN-CASA-Y-SIN-COMIDA-7.jpeg\" \/>\n\t<meta property=\"og:image:width\" content=\"780\" \/>\n\t<meta property=\"og:image:height\" content=\"1040\" \/>\n\t<meta property=\"og:image:type\" content=\"image\/jpeg\" \/>\n<meta name=\"author\" content=\"admin\" \/>\n<meta name=\"twitter:card\" content=\"summary_large_image\" \/>\n<meta name=\"twitter:label1\" content=\"Escrito por\" \/>\n\t<meta name=\"twitter:data1\" content=\"admin\" \/>\n\t<meta name=\"twitter:label2\" content=\"Tiempo de lectura\" \/>\n\t<meta name=\"twitter:data2\" content=\"2 minutos\" \/>\n<script type=\"application\/ld+json\" class=\"yoast-schema-graph\">{\"@context\":\"https:\/\/schema.org\",\"@graph\":[{\"@type\":\"Article\",\"@id\":\"https:\/\/volcanes.net\/?p=6975#article\",\"isPartOf\":{\"@id\":\"https:\/\/volcanes.net\/?p=6975\"},\"author\":{\"name\":\"admin\",\"@id\":\"https:\/\/volcanes.net\/#\/schema\/person\/4bf0f383940966a4abd53f5048c0e6b9\"},\"headline\":\"Habitantes de #Ixtapaluca denuncian \u201cen casa y sin comida\u201d\",\"datePublished\":\"2020-05-12T00:10:24+00:00\",\"mainEntityOfPage\":{\"@id\":\"https:\/\/volcanes.net\/?p=6975\"},\"wordCount\":372,\"commentCount\":0,\"publisher\":{\"@id\":\"https:\/\/volcanes.net\/#organization\"},\"image\":{\"@id\":\"https:\/\/volcanes.net\/?p=6975#primaryimage\"},\"thumbnailUrl\":\"https:\/\/volcanes.net\/wp-content\/uploads\/2020\/05\/EN-CASA-Y-SIN-COMIDA-7.jpeg\",\"keywords\":[\"GrupoVolcanes\",\"Ixtapaluca\"],\"articleSection\":[\"Municipales\"],\"inLanguage\":\"es\",\"potentialAction\":[{\"@type\":\"CommentAction\",\"name\":\"Comment\",\"target\":[\"https:\/\/volcanes.net\/?p=6975#respond\"]}]},{\"@type\":\"WebPage\",\"@id\":\"https:\/\/volcanes.net\/?p=6975\",\"url\":\"https:\/\/volcanes.net\/?p=6975\",\"name\":\"Habitantes de #Ixtapaluca denuncian \u201cen casa y sin comida\u201d - Volcanes\",\"isPartOf\":{\"@id\":\"https:\/\/volcanes.net\/#website\"},\"primaryImageOfPage\":{\"@id\":\"https:\/\/volcanes.net\/?p=6975#primaryimage\"},\"image\":{\"@id\":\"https:\/\/volcanes.net\/?p=6975#primaryimage\"},\"thumbnailUrl\":\"https:\/\/volcanes.net\/wp-content\/uploads\/2020\/05\/EN-CASA-Y-SIN-COMIDA-7.jpeg\",\"datePublished\":\"2020-05-12T00:10:24+00:00\",\"breadcrumb\":{\"@id\":\"https:\/\/volcanes.net\/?p=6975#breadcrumb\"},\"inLanguage\":\"es\",\"potentialAction\":[{\"@type\":\"ReadAction\",\"target\":[\"https:\/\/volcanes.net\/?p=6975\"]}]},{\"@type\":\"ImageObject\",\"inLanguage\":\"es\",\"@id\":\"https:\/\/volcanes.net\/?p=6975#primaryimage\",\"url\":\"https:\/\/volcanes.net\/wp-content\/uploads\/2020\/05\/EN-CASA-Y-SIN-COMIDA-7.jpeg\",\"contentUrl\":\"https:\/\/volcanes.net\/wp-content\/uploads\/2020\/05\/EN-CASA-Y-SIN-COMIDA-7.jpeg\",\"width\":780,\"height\":1040},{\"@type\":\"BreadcrumbList\",\"@id\":\"https:\/\/volcanes.net\/?p=6975#breadcrumb\",\"itemListElement\":[{\"@type\":\"ListItem\",\"position\":1,\"name\":\"Portada\",\"item\":\"https:\/\/volcanes.net\/\"},{\"@type\":\"ListItem\",\"position\":2,\"name\":\"Habitantes de #Ixtapaluca denuncian \u201cen casa y sin comida\u201d\"}]},{\"@type\":\"WebSite\",\"@id\":\"https:\/\/volcanes.net\/#website\",\"url\":\"https:\/\/volcanes.net\/\",\"name\":\"Volcanes.Net\",\"description\":\"Periodismo Profesional\",\"publisher\":{\"@id\":\"https:\/\/volcanes.net\/#organization\"},\"potentialAction\":[{\"@type\":\"SearchAction\",\"target\":{\"@type\":\"EntryPoint\",\"urlTemplate\":\"https:\/\/volcanes.net\/?s={search_term_string}\"},\"query-input\":{\"@type\":\"PropertyValueSpecification\",\"valueRequired\":true,\"valueName\":\"search_term_string\"}}],\"inLanguage\":\"es\"},{\"@type\":\"Organization\",\"@id\":\"https:\/\/volcanes.net\/#organization\",\"name\":\"Grupo Volcanes\",\"url\":\"https:\/\/volcanes.net\/\",\"logo\":{\"@type\":\"ImageObject\",\"inLanguage\":\"es\",\"@id\":\"https:\/\/volcanes.net\/#\/schema\/logo\/image\/\",\"url\":\"http:\/\/volcanes.net\/wp-content\/uploads\/2017\/12\/Avatar2.jpg\",\"contentUrl\":\"http:\/\/volcanes.net\/wp-content\/uploads\/2017\/12\/Avatar2.jpg\",\"width\":378,\"height\":378,\"caption\":\"Grupo Volcanes\"},\"image\":{\"@id\":\"https:\/\/volcanes.net\/#\/schema\/logo\/image\/\"},\"sameAs\":[\"https:\/\/www.facebook.com\/volcanes.net\/\"]},{\"@type\":\"Person\",\"@id\":\"https:\/\/volcanes.net\/#\/schema\/person\/4bf0f383940966a4abd53f5048c0e6b9\",\"name\":\"admin\",\"image\":{\"@type\":\"ImageObject\",\"inLanguage\":\"es\",\"@id\":\"https:\/\/volcanes.net\/#\/schema\/person\/image\/\",\"url\":\"https:\/\/secure.gravatar.com\/avatar\/ca004e6cba8462b8cb7abc86e382930c?s=96&d=mm&r=g\",\"contentUrl\":\"https:\/\/secure.gravatar.com\/avatar\/ca004e6cba8462b8cb7abc86e382930c?s=96&d=mm&r=g\",\"caption\":\"admin\"}}]}<\/script>\n<!-- \/ Yoast SEO plugin. -->","yoast_head_json":{"title":"Habitantes de #Ixtapaluca denuncian \u201cen casa y sin comida\u201d - Volcanes","robots":{"index":"index","follow":"follow","max-snippet":"max-snippet:-1","max-image-preview":"max-image-preview:large","max-video-preview":"max-video-preview:-1"},"canonical":"https:\/\/volcanes.net\/?p=6975","og_locale":"es_MX","og_type":"article","og_title":"Habitantes de #Ixtapaluca denuncian \u201cen casa y sin comida\u201d - Volcanes","og_description":"Ixtapaluquenses \u00a0se han sumado a la demanda que hiciera en pasados d\u00edas la alcaldesa Maricela","og_url":"https:\/\/volcanes.net\/?p=6975","og_site_name":"Volcanes","article_publisher":"https:\/\/www.facebook.com\/volcanes.net\/","article_published_time":"2020-05-12T00:10:24+00:00","og_image":[{"width":780,"height":1040,"url":"https:\/\/volcanes.net\/wp-content\/uploads\/2020\/05\/EN-CASA-Y-SIN-COMIDA-7.jpeg","type":"image\/jpeg"}],"author":"admin","twitter_card":"summary_large_image","twitter_misc":{"Escrito por":"admin","Tiempo de lectura":"2 minutos"},"schema":{"@context":"https:\/\/schema.org","@graph":[{"@type":"Article","@id":"https:\/\/volcanes.net\/?p=6975#article","isPartOf":{"@id":"https:\/\/volcanes.net\/?p=6975"},"author":{"name":"admin","@id":"https:\/\/volcanes.net\/#\/schema\/person\/4bf0f383940966a4abd53f5048c0e6b9"},"headline":"Habitantes de #Ixtapaluca denuncian \u201cen casa y sin comida\u201d","datePublished":"2020-05-12T00:10:24+00:00","mainEntityOfPage":{"@id":"https:\/\/volcanes.net\/?p=6975"},"wordCount":372,"commentCount":0,"publisher":{"@id":"https:\/\/volcanes.net\/#organization"},"image":{"@id":"https:\/\/volcanes.net\/?p=6975#primaryimage"},"thumbnailUrl":"https:\/\/volcanes.net\/wp-content\/uploads\/2020\/05\/EN-CASA-Y-SIN-COMIDA-7.jpeg","keywords":["GrupoVolcanes","Ixtapaluca"],"articleSection":["Municipales"],"inLanguage":"es","potentialAction":[{"@type":"CommentAction","name":"Comment","target":["https:\/\/volcanes.net\/?p=6975#respond"]}]},{"@type":"WebPage","@id":"https:\/\/volcanes.net\/?p=6975","url":"https:\/\/volcanes.net\/?p=6975","name":"Habitantes de #Ixtapaluca denuncian \u201cen casa y sin comida\u201d - Volcanes","isPartOf":{"@id":"https:\/\/volcanes.net\/#website"},"primaryImageOfPage":{"@id":"https:\/\/volcanes.net\/?p=6975#primaryimage"},"image":{"@id":"https:\/\/volcanes.net\/?p=6975#primaryimage"},"thumbnailUrl":"https:\/\/volcanes.net\/wp-content\/uploads\/2020\/05\/EN-CASA-Y-SIN-COMIDA-7.jpeg","datePublished":"2020-05-12T00:10:24+00:00","breadcrumb":{"@id":"https:\/\/volcanes.net\/?p=6975#breadcrumb"},"inLanguage":"es","potentialAction":[{"@type":"ReadAction","target":["https:\/\/volcanes.net\/?p=6975"]}]},{"@type":"ImageObject","inLanguage":"es","@id":"https:\/\/volcanes.net\/?p=6975#primaryimage","url":"https:\/\/volcanes.net\/wp-content\/uploads\/2020\/05\/EN-CASA-Y-SIN-COMIDA-7.jpeg","contentUrl":"https:\/\/volcanes.net\/wp-content\/uploads\/2020\/05\/EN-CASA-Y-SIN-COMIDA-7.jpeg","width":780,"height":1040},{"@type":"BreadcrumbList","@id":"https:\/\/volcanes.net\/?p=6975#breadcrumb","itemListElement":[{"@type":"ListItem","position":1,"name":"Portada","item":"https:\/\/volcanes.net\/"},{"@type":"ListItem","position":2,"name":"Habitantes de #Ixtapaluca denuncian \u201cen casa y sin comida\u201d"}]},{"@type":"WebSite","@id":"https:\/\/volcanes.net\/#website","url":"https:\/\/volcanes.net\/","name":"Volcanes.Net","description":"Periodismo Profesional","publisher":{"@id":"https:\/\/volcanes.net\/#organization"},"potentialAction":[{"@type":"SearchAction","target":{"@type":"EntryPoint","urlTemplate":"https:\/\/volcanes.net\/?s={search_term_string}"},"query-input":{"@type":"PropertyValueSpecification","valueRequired":true,"valueName":"search_term_string"}}],"inLanguage":"es"},{"@type":"Organization","@id":"https:\/\/volcanes.net\/#organization","name":"Grupo Volcanes","url":"https:\/\/volcanes.net\/","logo":{"@type":"ImageObject","inLanguage":"es","@id":"https:\/\/volcanes.net\/#\/schema\/logo\/image\/","url":"http:\/\/volcanes.net\/wp-content\/uploads\/2017\/12\/Avatar2.jpg","contentUrl":"http:\/\/volcanes.net\/wp-content\/uploads\/2017\/12\/Avatar2.jpg","width":378,"height":378,"caption":"Grupo Volcanes"},"image":{"@id":"https:\/\/volcanes.net\/#\/schema\/logo\/image\/"},"sameAs":["https:\/\/www.facebook.com\/volcanes.net\/"]},{"@type":"Person","@id":"https:\/\/volcanes.net\/#\/schema\/person\/4bf0f383940966a4abd53f5048c0e6b9","name":"admin","image":{"@type":"ImageObject","inLanguage":"es","@id":"https:\/\/volcanes.net\/#\/schema\/person\/image\/","url":"https:\/\/secure.gravatar.com\/avatar\/ca004e6cba8462b8cb7abc86e382930c?s=96&d=mm&r=g","contentUrl":"https:\/\/secure.gravatar.com\/avatar\/ca004e6cba8462b8cb7abc86e382930c?s=96&d=mm&r=g","caption":"admin"}}]}},"_links":{"self":[{"href":"https:\/\/volcanes.net\/index.php?rest_route=\/wp\/v2\/posts\/6975"}],"collection":[{"href":"https:\/\/volcanes.net\/index.php?rest_route=\/wp\/v2\/posts"}],"about":[{"href":"https:\/\/volcanes.net\/index.php?rest_route=\/wp\/v2\/types\/post"}],"author":[{"embeddable":true,"href":"https:\/\/volcanes.net\/index.php?rest_route=\/wp\/v2\/users\/1"}],"replies":[{"embeddable":true,"href":"https:\/\/volcanes.net\/index.php?rest_route=%2Fwp%2Fv2%2Fcomments&post=6975"}],"version-history":[{"count":1,"href":"https:\/\/volcanes.net\/index.php?rest_route=\/wp\/v2\/posts\/6975\/revisions"}],"predecessor-version":[{"id":6977,"href":"https:\/\/volcanes.net\/index.php?rest_route=\/wp\/v2\/posts\/6975\/revisions\/6977"}],"wp:featuredmedia":[{"embeddable":true,"href":"https:\/\/volcanes.net\/index.php?rest_route=\/wp\/v2\/media\/6976"}],"wp:attachment":[{"href":"https:\/\/volcanes.net\/index.php?rest_route=%2Fwp%2Fv2%2Fmedia&parent=6975"}],"wp:term":[{"taxonomy":"category","embeddable":true,"href":"https:\/\/volcanes.net\/index.php?rest_route=%2Fwp%2Fv2%2Fcategories&post=6975"},{"taxonomy":"post_tag","embeddable":true,"href":"https:\/\/volcanes.net\/index.php?rest_route=%2Fwp%2Fv2%2Ftags&post=6975"}],"curies":[{"name":"wp","href":"https:\/\/api.w.org\/{rel}","templated":true}]}}