{"id":6981,"date":"2020-05-13T17:16:05","date_gmt":"2020-05-13T23:16:05","guid":{"rendered":"http:\/\/volcanes.net\/?p=6981"},"modified":"2020-05-13T17:16:05","modified_gmt":"2020-05-13T23:16:05","slug":"fuerte-incendio-consume-fabrica-de-estopa-y-algodon-en-valledechalco","status":"publish","type":"post","link":"https:\/\/volcanes.net\/?p=6981","title":{"rendered":"Fuerte incendio consume f\u00e1brica de estopa y algod\u00f3n en #ValleDeChalco"},"content":{"rendered":"<div style=\"margin-top: 0px; margin-bottom: 0px;\" class=\"sharethis-inline-share-buttons\" ><\/div><p>Cerca de las 2 de la ma\u00f1ana de este mi\u00e9rcoles, bomberos del\u00a0 municipio de Valle de Chalco, Ixtapaluca y de la alcald\u00eda Tl\u00e1huac e Iztapalapa trabajaron varias horas para sofocar un incendio\u00a0 que se registr\u00f3 al interior de una f\u00e1brica de estopa y algod\u00f3n<\/p>\n<p>Durante la madrugada de este mi\u00e9rcoles se registr\u00f3 un fuerte incendio al interior de una f\u00e1brica de estopa y algod\u00f3n ubicada en la calle Tepeyac en la colonia Valle de Chalco, Solidaridad en el municipio de Valle de Chalco, Estado de M\u00e9xico.<\/p>\n<p>De acuerdo con las autoridades el siniestro se registr\u00f3 a las 2 de la ma\u00f1ana, por lo que bomberos de Valle de Chalco, Ixtapaluca, Tl\u00e1huac e Iztapalapa trabajaron varias horas para sofocar el incendio, hecho que provoc\u00f3 una fuerte columna de humo el cual se pod\u00eda ver a varios kil\u00f3metros.<\/p>\n<p>Cabe mencionar que el fuego se sali\u00f3 de control ya que las llamas alcanzaron una altura de 20 m alcanzando cables de energ\u00eda el\u00e9ctrica, sin embargo, los bomberos apoyados por varias pipas de agua pudieron \u00a0extinguir \u00a0el fuego y evitar que este se extendiera a las viviendas que se encontraban cerca del lugar y las cuales fueron evacuadas por personal de Protecci\u00f3n Civil como medida de precauci\u00f3n.<\/p>\n<p>No obstante, las llamas consumieron gran parte de la nave industrial de dos mil metros cuadrados y en donde tambi\u00e9n se almacenaban solventes, pl\u00e1sticos, pintura, cart\u00f3n y madera, material que es altamente flamable.<\/p>\n<p>Hasta el momento se desconocen las causas que provoco el incendio, adem\u00e1s de que personas de Protecci\u00f3n Civil report\u00f3 que no se registraron personas lesionadas n p\u00e9rdidas humanas<\/p>\n<p>&nbsp;<\/p>\n","protected":false},"excerpt":{"rendered":"<p>Cerca de las 2 de la ma\u00f1ana de este mi\u00e9rcoles, bomberos del\u00a0 municipio de Valle<\/p>\n","protected":false},"author":1,"featured_media":6982,"comment_status":"open","ping_status":"open","sticky":false,"template":"","format":"standard","meta":{"footnotes":""},"categories":[1],"tags":[9,265],"class_list":["post-6981","post","type-post","status-publish","format-standard","has-post-thumbnail","hentry","category-municipales","tag-chalco","tag-grupovolcanes"],"yoast_head":"<!-- This site is optimized with the Yoast SEO plugin v25.3 - https:\/\/yoast.com\/wordpress\/plugins\/seo\/ -->\n<title>Fuerte incendio consume f\u00e1brica de estopa y algod\u00f3n en #ValleDeChalco - Volcanes<\/title>\n<meta name=\"robots\" content=\"index, follow, max-snippet:-1, max-image-preview:large, max-video-preview:-1\" \/>\n<link rel=\"canonical\" href=\"https:\/\/volcanes.net\/?p=6981\" \/>\n<meta property=\"og:locale\" content=\"es_MX\" \/>\n<meta property=\"og:type\" content=\"article\" \/>\n<meta property=\"og:title\" content=\"Fuerte incendio consume f\u00e1brica de estopa y algod\u00f3n en #ValleDeChalco - Volcanes\" \/>\n<meta property=\"og:description\" content=\"Cerca de las 2 de la ma\u00f1ana de este mi\u00e9rcoles, bomberos del\u00a0 municipio de Valle\" \/>\n<meta property=\"og:url\" content=\"https:\/\/volcanes.net\/?p=6981\" \/>\n<meta property=\"og:site_name\" content=\"Volcanes\" \/>\n<meta property=\"article:publisher\" content=\"https:\/\/www.facebook.com\/volcanes.net\/\" \/>\n<meta property=\"article:published_time\" content=\"2020-05-13T23:16:05+00:00\" \/>\n<meta property=\"og:image\" content=\"https:\/\/volcanes.net\/wp-content\/uploads\/2020\/05\/2358913_opt.jpg\" \/>\n\t<meta property=\"og:image:width\" content=\"400\" \/>\n\t<meta property=\"og:image:height\" content=\"300\" \/>\n\t<meta property=\"og:image:type\" content=\"image\/jpeg\" \/>\n<meta name=\"author\" content=\"admin\" \/>\n<meta name=\"twitter:card\" content=\"summary_large_image\" \/>\n<meta name=\"twitter:label1\" content=\"Escrito por\" \/>\n\t<meta name=\"twitter:data1\" content=\"admin\" \/>\n\t<meta name=\"twitter:label2\" content=\"Tiempo de lectura\" \/>\n\t<meta name=\"twitter:data2\" content=\"1 minuto\" \/>\n<script type=\"application\/ld+json\" class=\"yoast-schema-graph\">{\"@context\":\"https:\/\/schema.org\",\"@graph\":[{\"@type\":\"Article\",\"@id\":\"https:\/\/volcanes.net\/?p=6981#article\",\"isPartOf\":{\"@id\":\"https:\/\/volcanes.net\/?p=6981\"},\"author\":{\"name\":\"admin\",\"@id\":\"https:\/\/volcanes.net\/#\/schema\/person\/4bf0f383940966a4abd53f5048c0e6b9\"},\"headline\":\"Fuerte incendio consume f\u00e1brica de estopa y algod\u00f3n en #ValleDeChalco\",\"datePublished\":\"2020-05-13T23:16:05+00:00\",\"mainEntityOfPage\":{\"@id\":\"https:\/\/volcanes.net\/?p=6981\"},\"wordCount\":298,\"commentCount\":0,\"publisher\":{\"@id\":\"https:\/\/volcanes.net\/#organization\"},\"image\":{\"@id\":\"https:\/\/volcanes.net\/?p=6981#primaryimage\"},\"thumbnailUrl\":\"https:\/\/volcanes.net\/wp-content\/uploads\/2020\/05\/2358913_opt.jpg\",\"keywords\":[\"Chalco\",\"GrupoVolcanes\"],\"articleSection\":[\"Municipales\"],\"inLanguage\":\"es\",\"potentialAction\":[{\"@type\":\"CommentAction\",\"name\":\"Comment\",\"target\":[\"https:\/\/volcanes.net\/?p=6981#respond\"]}]},{\"@type\":\"WebPage\",\"@id\":\"https:\/\/volcanes.net\/?p=6981\",\"url\":\"https:\/\/volcanes.net\/?p=6981\",\"name\":\"Fuerte incendio consume f\u00e1brica de estopa y algod\u00f3n en #ValleDeChalco - Volcanes\",\"isPartOf\":{\"@id\":\"https:\/\/volcanes.net\/#website\"},\"primaryImageOfPage\":{\"@id\":\"https:\/\/volcanes.net\/?p=6981#primaryimage\"},\"image\":{\"@id\":\"https:\/\/volcanes.net\/?p=6981#primaryimage\"},\"thumbnailUrl\":\"https:\/\/volcanes.net\/wp-content\/uploads\/2020\/05\/2358913_opt.jpg\",\"datePublished\":\"2020-05-13T23:16:05+00:00\",\"breadcrumb\":{\"@id\":\"https:\/\/volcanes.net\/?p=6981#breadcrumb\"},\"inLanguage\":\"es\",\"potentialAction\":[{\"@type\":\"ReadAction\",\"target\":[\"https:\/\/volcanes.net\/?p=6981\"]}]},{\"@type\":\"ImageObject\",\"inLanguage\":\"es\",\"@id\":\"https:\/\/volcanes.net\/?p=6981#primaryimage\",\"url\":\"https:\/\/volcanes.net\/wp-content\/uploads\/2020\/05\/2358913_opt.jpg\",\"contentUrl\":\"https:\/\/volcanes.net\/wp-content\/uploads\/2020\/05\/2358913_opt.jpg\",\"width\":400,\"height\":300},{\"@type\":\"BreadcrumbList\",\"@id\":\"https:\/\/volcanes.net\/?p=6981#breadcrumb\",\"itemListElement\":[{\"@type\":\"ListItem\",\"position\":1,\"name\":\"Portada\",\"item\":\"https:\/\/volcanes.net\/\"},{\"@type\":\"ListItem\",\"position\":2,\"name\":\"Fuerte incendio consume f\u00e1brica de estopa y algod\u00f3n en #ValleDeChalco\"}]},{\"@type\":\"WebSite\",\"@id\":\"https:\/\/volcanes.net\/#website\",\"url\":\"https:\/\/volcanes.net\/\",\"name\":\"Volcanes.Net\",\"description\":\"Periodismo Profesional\",\"publisher\":{\"@id\":\"https:\/\/volcanes.net\/#organization\"},\"potentialAction\":[{\"@type\":\"SearchAction\",\"target\":{\"@type\":\"EntryPoint\",\"urlTemplate\":\"https:\/\/volcanes.net\/?s={search_term_string}\"},\"query-input\":{\"@type\":\"PropertyValueSpecification\",\"valueRequired\":true,\"valueName\":\"search_term_string\"}}],\"inLanguage\":\"es\"},{\"@type\":\"Organization\",\"@id\":\"https:\/\/volcanes.net\/#organization\",\"name\":\"Grupo Volcanes\",\"url\":\"https:\/\/volcanes.net\/\",\"logo\":{\"@type\":\"ImageObject\",\"inLanguage\":\"es\",\"@id\":\"https:\/\/volcanes.net\/#\/schema\/logo\/image\/\",\"url\":\"http:\/\/volcanes.net\/wp-content\/uploads\/2017\/12\/Avatar2.jpg\",\"contentUrl\":\"http:\/\/volcanes.net\/wp-content\/uploads\/2017\/12\/Avatar2.jpg\",\"width\":378,\"height\":378,\"caption\":\"Grupo Volcanes\"},\"image\":{\"@id\":\"https:\/\/volcanes.net\/#\/schema\/logo\/image\/\"},\"sameAs\":[\"https:\/\/www.facebook.com\/volcanes.net\/\"]},{\"@type\":\"Person\",\"@id\":\"https:\/\/volcanes.net\/#\/schema\/person\/4bf0f383940966a4abd53f5048c0e6b9\",\"name\":\"admin\",\"image\":{\"@type\":\"ImageObject\",\"inLanguage\":\"es\",\"@id\":\"https:\/\/volcanes.net\/#\/schema\/person\/image\/\",\"url\":\"https:\/\/secure.gravatar.com\/avatar\/ca004e6cba8462b8cb7abc86e382930c?s=96&d=mm&r=g\",\"contentUrl\":\"https:\/\/secure.gravatar.com\/avatar\/ca004e6cba8462b8cb7abc86e382930c?s=96&d=mm&r=g\",\"caption\":\"admin\"}}]}<\/script>\n<!-- \/ Yoast SEO plugin. -->","yoast_head_json":{"title":"Fuerte incendio consume f\u00e1brica de estopa y algod\u00f3n en #ValleDeChalco - Volcanes","robots":{"index":"index","follow":"follow","max-snippet":"max-snippet:-1","max-image-preview":"max-image-preview:large","max-video-preview":"max-video-preview:-1"},"canonical":"https:\/\/volcanes.net\/?p=6981","og_locale":"es_MX","og_type":"article","og_title":"Fuerte incendio consume f\u00e1brica de estopa y algod\u00f3n en #ValleDeChalco - Volcanes","og_description":"Cerca de las 2 de la ma\u00f1ana de este mi\u00e9rcoles, bomberos del\u00a0 municipio de Valle","og_url":"https:\/\/volcanes.net\/?p=6981","og_site_name":"Volcanes","article_publisher":"https:\/\/www.facebook.com\/volcanes.net\/","article_published_time":"2020-05-13T23:16:05+00:00","og_image":[{"width":400,"height":300,"url":"https:\/\/volcanes.net\/wp-content\/uploads\/2020\/05\/2358913_opt.jpg","type":"image\/jpeg"}],"author":"admin","twitter_card":"summary_large_image","twitter_misc":{"Escrito por":"admin","Tiempo de lectura":"1 minuto"},"schema":{"@context":"https:\/\/schema.org","@graph":[{"@type":"Article","@id":"https:\/\/volcanes.net\/?p=6981#article","isPartOf":{"@id":"https:\/\/volcanes.net\/?p=6981"},"author":{"name":"admin","@id":"https:\/\/volcanes.net\/#\/schema\/person\/4bf0f383940966a4abd53f5048c0e6b9"},"headline":"Fuerte incendio consume f\u00e1brica de estopa y algod\u00f3n en #ValleDeChalco","datePublished":"2020-05-13T23:16:05+00:00","mainEntityOfPage":{"@id":"https:\/\/volcanes.net\/?p=6981"},"wordCount":298,"commentCount":0,"publisher":{"@id":"https:\/\/volcanes.net\/#organization"},"image":{"@id":"https:\/\/volcanes.net\/?p=6981#primaryimage"},"thumbnailUrl":"https:\/\/volcanes.net\/wp-content\/uploads\/2020\/05\/2358913_opt.jpg","keywords":["Chalco","GrupoVolcanes"],"articleSection":["Municipales"],"inLanguage":"es","potentialAction":[{"@type":"CommentAction","name":"Comment","target":["https:\/\/volcanes.net\/?p=6981#respond"]}]},{"@type":"WebPage","@id":"https:\/\/volcanes.net\/?p=6981","url":"https:\/\/volcanes.net\/?p=6981","name":"Fuerte incendio consume f\u00e1brica de estopa y algod\u00f3n en #ValleDeChalco - Volcanes","isPartOf":{"@id":"https:\/\/volcanes.net\/#website"},"primaryImageOfPage":{"@id":"https:\/\/volcanes.net\/?p=6981#primaryimage"},"image":{"@id":"https:\/\/volcanes.net\/?p=6981#primaryimage"},"thumbnailUrl":"https:\/\/volcanes.net\/wp-content\/uploads\/2020\/05\/2358913_opt.jpg","datePublished":"2020-05-13T23:16:05+00:00","breadcrumb":{"@id":"https:\/\/volcanes.net\/?p=6981#breadcrumb"},"inLanguage":"es","potentialAction":[{"@type":"ReadAction","target":["https:\/\/volcanes.net\/?p=6981"]}]},{"@type":"ImageObject","inLanguage":"es","@id":"https:\/\/volcanes.net\/?p=6981#primaryimage","url":"https:\/\/volcanes.net\/wp-content\/uploads\/2020\/05\/2358913_opt.jpg","contentUrl":"https:\/\/volcanes.net\/wp-content\/uploads\/2020\/05\/2358913_opt.jpg","width":400,"height":300},{"@type":"BreadcrumbList","@id":"https:\/\/volcanes.net\/?p=6981#breadcrumb","itemListElement":[{"@type":"ListItem","position":1,"name":"Portada","item":"https:\/\/volcanes.net\/"},{"@type":"ListItem","position":2,"name":"Fuerte incendio consume f\u00e1brica de estopa y algod\u00f3n en #ValleDeChalco"}]},{"@type":"WebSite","@id":"https:\/\/volcanes.net\/#website","url":"https:\/\/volcanes.net\/","name":"Volcanes.Net","description":"Periodismo Profesional","publisher":{"@id":"https:\/\/volcanes.net\/#organization"},"potentialAction":[{"@type":"SearchAction","target":{"@type":"EntryPoint","urlTemplate":"https:\/\/volcanes.net\/?s={search_term_string}"},"query-input":{"@type":"PropertyValueSpecification","valueRequired":true,"valueName":"search_term_string"}}],"inLanguage":"es"},{"@type":"Organization","@id":"https:\/\/volcanes.net\/#organization","name":"Grupo Volcanes","url":"https:\/\/volcanes.net\/","logo":{"@type":"ImageObject","inLanguage":"es","@id":"https:\/\/volcanes.net\/#\/schema\/logo\/image\/","url":"http:\/\/volcanes.net\/wp-content\/uploads\/2017\/12\/Avatar2.jpg","contentUrl":"http:\/\/volcanes.net\/wp-content\/uploads\/2017\/12\/Avatar2.jpg","width":378,"height":378,"caption":"Grupo Volcanes"},"image":{"@id":"https:\/\/volcanes.net\/#\/schema\/logo\/image\/"},"sameAs":["https:\/\/www.facebook.com\/volcanes.net\/"]},{"@type":"Person","@id":"https:\/\/volcanes.net\/#\/schema\/person\/4bf0f383940966a4abd53f5048c0e6b9","name":"admin","image":{"@type":"ImageObject","inLanguage":"es","@id":"https:\/\/volcanes.net\/#\/schema\/person\/image\/","url":"https:\/\/secure.gravatar.com\/avatar\/ca004e6cba8462b8cb7abc86e382930c?s=96&d=mm&r=g","contentUrl":"https:\/\/secure.gravatar.com\/avatar\/ca004e6cba8462b8cb7abc86e382930c?s=96&d=mm&r=g","caption":"admin"}}]}},"_links":{"self":[{"href":"https:\/\/volcanes.net\/index.php?rest_route=\/wp\/v2\/posts\/6981"}],"collection":[{"href":"https:\/\/volcanes.net\/index.php?rest_route=\/wp\/v2\/posts"}],"about":[{"href":"https:\/\/volcanes.net\/index.php?rest_route=\/wp\/v2\/types\/post"}],"author":[{"embeddable":true,"href":"https:\/\/volcanes.net\/index.php?rest_route=\/wp\/v2\/users\/1"}],"replies":[{"embeddable":true,"href":"https:\/\/volcanes.net\/index.php?rest_route=%2Fwp%2Fv2%2Fcomments&post=6981"}],"version-history":[{"count":1,"href":"https:\/\/volcanes.net\/index.php?rest_route=\/wp\/v2\/posts\/6981\/revisions"}],"predecessor-version":[{"id":6983,"href":"https:\/\/volcanes.net\/index.php?rest_route=\/wp\/v2\/posts\/6981\/revisions\/6983"}],"wp:featuredmedia":[{"embeddable":true,"href":"https:\/\/volcanes.net\/index.php?rest_route=\/wp\/v2\/media\/6982"}],"wp:attachment":[{"href":"https:\/\/volcanes.net\/index.php?rest_route=%2Fwp%2Fv2%2Fmedia&parent=6981"}],"wp:term":[{"taxonomy":"category","embeddable":true,"href":"https:\/\/volcanes.net\/index.php?rest_route=%2Fwp%2Fv2%2Fcategories&post=6981"},{"taxonomy":"post_tag","embeddable":true,"href":"https:\/\/volcanes.net\/index.php?rest_route=%2Fwp%2Fv2%2Ftags&post=6981"}],"curies":[{"name":"wp","href":"https:\/\/api.w.org\/{rel}","templated":true}]}}