{"id":7008,"date":"2020-05-16T20:24:32","date_gmt":"2020-05-17T02:24:32","guid":{"rendered":"http:\/\/volcanes.net\/?p=7008"},"modified":"2020-05-16T20:24:32","modified_gmt":"2020-05-17T02:24:32","slug":"en-tlalmanalco-continuan-fortaleciendo-las-medidas-preventivas-ante-covid-19","status":"publish","type":"post","link":"https:\/\/volcanes.net\/?p=7008","title":{"rendered":"En #Tlalmanalco contin\u00faan fortaleciendo las medidas preventivas ante covid-19"},"content":{"rendered":"<div style=\"margin-top: 0px; margin-bottom: 0px;\" class=\"sharethis-inline-share-buttons\" ><\/div><p>eel Gobiernode Tlalmanalco a trav\u00e9s de la 5ta. Regiduria en Salud y la coordinaci\u00f3n de Movilidad, contin\u00faan fortaleciendo las medidas preventivas ante la pandemia por COVID_19, es por eso que visitaron las distintas bases de transporte p\u00fablico con la finalidad de llevar a cabo las medidas de prevenci\u00f3n, en donde se les exhorto a choferes y dirigentes el uso del cubrebocas, la aplicaci\u00f3n de gel antibacterial, la desinfecci\u00f3n de sus unidades en cada viaje y sobre todo, a colaborar con la ciudadania invit\u00e1ndolos a hacer uso del cubrebocas.<\/p>\n<p>Adem\u00e1s de que se estar\u00e1n realizando diferentes filtros de seguridad en distintos puntos de la demarcaci\u00f3n para verificar que se est\u00e9n cumpliendo las medidas preventivas, en caso contrario, a las unidades que no cumplan con la ejecuci\u00f3n de las medidas preventivas, ser\u00e1n sancionados con multas que van desde 10 UMAS a 50 UMAS como m\u00e1ximo.<\/p>\n","protected":false},"excerpt":{"rendered":"<p>eel Gobiernode Tlalmanalco a trav\u00e9s de la 5ta. Regiduria en Salud y la coordinaci\u00f3n de<\/p>\n","protected":false},"author":1,"featured_media":7009,"comment_status":"open","ping_status":"open","sticky":false,"template":"","format":"standard","meta":{"footnotes":""},"categories":[1],"tags":[265,81],"class_list":["post-7008","post","type-post","status-publish","format-standard","has-post-thumbnail","hentry","category-municipales","tag-grupovolcanes","tag-tlalmanalco"],"yoast_head":"<!-- This site is optimized with the Yoast SEO plugin v25.3 - https:\/\/yoast.com\/wordpress\/plugins\/seo\/ -->\n<title>En #Tlalmanalco contin\u00faan fortaleciendo las medidas preventivas ante covid-19 - Volcanes<\/title>\n<meta name=\"robots\" content=\"index, follow, max-snippet:-1, max-image-preview:large, max-video-preview:-1\" \/>\n<link rel=\"canonical\" href=\"https:\/\/volcanes.net\/?p=7008\" \/>\n<meta property=\"og:locale\" content=\"es_MX\" \/>\n<meta property=\"og:type\" content=\"article\" \/>\n<meta property=\"og:title\" content=\"En #Tlalmanalco contin\u00faan fortaleciendo las medidas preventivas ante covid-19 - Volcanes\" \/>\n<meta property=\"og:description\" content=\"eel Gobiernode Tlalmanalco a trav\u00e9s de la 5ta. Regiduria en Salud y la coordinaci\u00f3n de\" \/>\n<meta property=\"og:url\" content=\"https:\/\/volcanes.net\/?p=7008\" \/>\n<meta property=\"og:site_name\" content=\"Volcanes\" \/>\n<meta property=\"article:publisher\" content=\"https:\/\/www.facebook.com\/volcanes.net\/\" \/>\n<meta property=\"article:published_time\" content=\"2020-05-17T02:24:32+00:00\" \/>\n<meta property=\"og:image\" content=\"https:\/\/volcanes.net\/wp-content\/uploads\/2020\/05\/6667a7ee-b553-4bc4-ac26-939d5ee30622_opt.jpg\" \/>\n\t<meta property=\"og:image:width\" content=\"400\" \/>\n\t<meta property=\"og:image:height\" content=\"267\" \/>\n\t<meta property=\"og:image:type\" content=\"image\/jpeg\" \/>\n<meta name=\"author\" content=\"admin\" \/>\n<meta name=\"twitter:card\" content=\"summary_large_image\" \/>\n<meta name=\"twitter:label1\" content=\"Escrito por\" \/>\n\t<meta name=\"twitter:data1\" content=\"admin\" \/>\n\t<meta name=\"twitter:label2\" content=\"Tiempo de lectura\" \/>\n\t<meta name=\"twitter:data2\" content=\"1 minuto\" \/>\n<script type=\"application\/ld+json\" class=\"yoast-schema-graph\">{\"@context\":\"https:\/\/schema.org\",\"@graph\":[{\"@type\":\"Article\",\"@id\":\"https:\/\/volcanes.net\/?p=7008#article\",\"isPartOf\":{\"@id\":\"https:\/\/volcanes.net\/?p=7008\"},\"author\":{\"name\":\"admin\",\"@id\":\"https:\/\/volcanes.net\/#\/schema\/person\/4bf0f383940966a4abd53f5048c0e6b9\"},\"headline\":\"En #Tlalmanalco contin\u00faan fortaleciendo las medidas preventivas ante covid-19\",\"datePublished\":\"2020-05-17T02:24:32+00:00\",\"mainEntityOfPage\":{\"@id\":\"https:\/\/volcanes.net\/?p=7008\"},\"wordCount\":166,\"commentCount\":0,\"publisher\":{\"@id\":\"https:\/\/volcanes.net\/#organization\"},\"image\":{\"@id\":\"https:\/\/volcanes.net\/?p=7008#primaryimage\"},\"thumbnailUrl\":\"https:\/\/volcanes.net\/wp-content\/uploads\/2020\/05\/6667a7ee-b553-4bc4-ac26-939d5ee30622_opt.jpg\",\"keywords\":[\"GrupoVolcanes\",\"Tlalmanalco\"],\"articleSection\":[\"Municipales\"],\"inLanguage\":\"es\",\"potentialAction\":[{\"@type\":\"CommentAction\",\"name\":\"Comment\",\"target\":[\"https:\/\/volcanes.net\/?p=7008#respond\"]}]},{\"@type\":\"WebPage\",\"@id\":\"https:\/\/volcanes.net\/?p=7008\",\"url\":\"https:\/\/volcanes.net\/?p=7008\",\"name\":\"En #Tlalmanalco contin\u00faan fortaleciendo las medidas preventivas ante covid-19 - Volcanes\",\"isPartOf\":{\"@id\":\"https:\/\/volcanes.net\/#website\"},\"primaryImageOfPage\":{\"@id\":\"https:\/\/volcanes.net\/?p=7008#primaryimage\"},\"image\":{\"@id\":\"https:\/\/volcanes.net\/?p=7008#primaryimage\"},\"thumbnailUrl\":\"https:\/\/volcanes.net\/wp-content\/uploads\/2020\/05\/6667a7ee-b553-4bc4-ac26-939d5ee30622_opt.jpg\",\"datePublished\":\"2020-05-17T02:24:32+00:00\",\"breadcrumb\":{\"@id\":\"https:\/\/volcanes.net\/?p=7008#breadcrumb\"},\"inLanguage\":\"es\",\"potentialAction\":[{\"@type\":\"ReadAction\",\"target\":[\"https:\/\/volcanes.net\/?p=7008\"]}]},{\"@type\":\"ImageObject\",\"inLanguage\":\"es\",\"@id\":\"https:\/\/volcanes.net\/?p=7008#primaryimage\",\"url\":\"https:\/\/volcanes.net\/wp-content\/uploads\/2020\/05\/6667a7ee-b553-4bc4-ac26-939d5ee30622_opt.jpg\",\"contentUrl\":\"https:\/\/volcanes.net\/wp-content\/uploads\/2020\/05\/6667a7ee-b553-4bc4-ac26-939d5ee30622_opt.jpg\",\"width\":400,\"height\":267},{\"@type\":\"BreadcrumbList\",\"@id\":\"https:\/\/volcanes.net\/?p=7008#breadcrumb\",\"itemListElement\":[{\"@type\":\"ListItem\",\"position\":1,\"name\":\"Portada\",\"item\":\"https:\/\/volcanes.net\/\"},{\"@type\":\"ListItem\",\"position\":2,\"name\":\"En #Tlalmanalco contin\u00faan fortaleciendo las medidas preventivas ante covid-19\"}]},{\"@type\":\"WebSite\",\"@id\":\"https:\/\/volcanes.net\/#website\",\"url\":\"https:\/\/volcanes.net\/\",\"name\":\"Volcanes.Net\",\"description\":\"Periodismo Profesional\",\"publisher\":{\"@id\":\"https:\/\/volcanes.net\/#organization\"},\"potentialAction\":[{\"@type\":\"SearchAction\",\"target\":{\"@type\":\"EntryPoint\",\"urlTemplate\":\"https:\/\/volcanes.net\/?s={search_term_string}\"},\"query-input\":{\"@type\":\"PropertyValueSpecification\",\"valueRequired\":true,\"valueName\":\"search_term_string\"}}],\"inLanguage\":\"es\"},{\"@type\":\"Organization\",\"@id\":\"https:\/\/volcanes.net\/#organization\",\"name\":\"Grupo Volcanes\",\"url\":\"https:\/\/volcanes.net\/\",\"logo\":{\"@type\":\"ImageObject\",\"inLanguage\":\"es\",\"@id\":\"https:\/\/volcanes.net\/#\/schema\/logo\/image\/\",\"url\":\"http:\/\/volcanes.net\/wp-content\/uploads\/2017\/12\/Avatar2.jpg\",\"contentUrl\":\"http:\/\/volcanes.net\/wp-content\/uploads\/2017\/12\/Avatar2.jpg\",\"width\":378,\"height\":378,\"caption\":\"Grupo Volcanes\"},\"image\":{\"@id\":\"https:\/\/volcanes.net\/#\/schema\/logo\/image\/\"},\"sameAs\":[\"https:\/\/www.facebook.com\/volcanes.net\/\"]},{\"@type\":\"Person\",\"@id\":\"https:\/\/volcanes.net\/#\/schema\/person\/4bf0f383940966a4abd53f5048c0e6b9\",\"name\":\"admin\",\"image\":{\"@type\":\"ImageObject\",\"inLanguage\":\"es\",\"@id\":\"https:\/\/volcanes.net\/#\/schema\/person\/image\/\",\"url\":\"https:\/\/secure.gravatar.com\/avatar\/ca004e6cba8462b8cb7abc86e382930c?s=96&d=mm&r=g\",\"contentUrl\":\"https:\/\/secure.gravatar.com\/avatar\/ca004e6cba8462b8cb7abc86e382930c?s=96&d=mm&r=g\",\"caption\":\"admin\"}}]}<\/script>\n<!-- \/ Yoast SEO plugin. -->","yoast_head_json":{"title":"En #Tlalmanalco contin\u00faan fortaleciendo las medidas preventivas ante covid-19 - Volcanes","robots":{"index":"index","follow":"follow","max-snippet":"max-snippet:-1","max-image-preview":"max-image-preview:large","max-video-preview":"max-video-preview:-1"},"canonical":"https:\/\/volcanes.net\/?p=7008","og_locale":"es_MX","og_type":"article","og_title":"En #Tlalmanalco contin\u00faan fortaleciendo las medidas preventivas ante covid-19 - Volcanes","og_description":"eel Gobiernode Tlalmanalco a trav\u00e9s de la 5ta. Regiduria en Salud y la coordinaci\u00f3n de","og_url":"https:\/\/volcanes.net\/?p=7008","og_site_name":"Volcanes","article_publisher":"https:\/\/www.facebook.com\/volcanes.net\/","article_published_time":"2020-05-17T02:24:32+00:00","og_image":[{"width":400,"height":267,"url":"https:\/\/volcanes.net\/wp-content\/uploads\/2020\/05\/6667a7ee-b553-4bc4-ac26-939d5ee30622_opt.jpg","type":"image\/jpeg"}],"author":"admin","twitter_card":"summary_large_image","twitter_misc":{"Escrito por":"admin","Tiempo de lectura":"1 minuto"},"schema":{"@context":"https:\/\/schema.org","@graph":[{"@type":"Article","@id":"https:\/\/volcanes.net\/?p=7008#article","isPartOf":{"@id":"https:\/\/volcanes.net\/?p=7008"},"author":{"name":"admin","@id":"https:\/\/volcanes.net\/#\/schema\/person\/4bf0f383940966a4abd53f5048c0e6b9"},"headline":"En #Tlalmanalco contin\u00faan fortaleciendo las medidas preventivas ante covid-19","datePublished":"2020-05-17T02:24:32+00:00","mainEntityOfPage":{"@id":"https:\/\/volcanes.net\/?p=7008"},"wordCount":166,"commentCount":0,"publisher":{"@id":"https:\/\/volcanes.net\/#organization"},"image":{"@id":"https:\/\/volcanes.net\/?p=7008#primaryimage"},"thumbnailUrl":"https:\/\/volcanes.net\/wp-content\/uploads\/2020\/05\/6667a7ee-b553-4bc4-ac26-939d5ee30622_opt.jpg","keywords":["GrupoVolcanes","Tlalmanalco"],"articleSection":["Municipales"],"inLanguage":"es","potentialAction":[{"@type":"CommentAction","name":"Comment","target":["https:\/\/volcanes.net\/?p=7008#respond"]}]},{"@type":"WebPage","@id":"https:\/\/volcanes.net\/?p=7008","url":"https:\/\/volcanes.net\/?p=7008","name":"En #Tlalmanalco contin\u00faan fortaleciendo las medidas preventivas ante covid-19 - Volcanes","isPartOf":{"@id":"https:\/\/volcanes.net\/#website"},"primaryImageOfPage":{"@id":"https:\/\/volcanes.net\/?p=7008#primaryimage"},"image":{"@id":"https:\/\/volcanes.net\/?p=7008#primaryimage"},"thumbnailUrl":"https:\/\/volcanes.net\/wp-content\/uploads\/2020\/05\/6667a7ee-b553-4bc4-ac26-939d5ee30622_opt.jpg","datePublished":"2020-05-17T02:24:32+00:00","breadcrumb":{"@id":"https:\/\/volcanes.net\/?p=7008#breadcrumb"},"inLanguage":"es","potentialAction":[{"@type":"ReadAction","target":["https:\/\/volcanes.net\/?p=7008"]}]},{"@type":"ImageObject","inLanguage":"es","@id":"https:\/\/volcanes.net\/?p=7008#primaryimage","url":"https:\/\/volcanes.net\/wp-content\/uploads\/2020\/05\/6667a7ee-b553-4bc4-ac26-939d5ee30622_opt.jpg","contentUrl":"https:\/\/volcanes.net\/wp-content\/uploads\/2020\/05\/6667a7ee-b553-4bc4-ac26-939d5ee30622_opt.jpg","width":400,"height":267},{"@type":"BreadcrumbList","@id":"https:\/\/volcanes.net\/?p=7008#breadcrumb","itemListElement":[{"@type":"ListItem","position":1,"name":"Portada","item":"https:\/\/volcanes.net\/"},{"@type":"ListItem","position":2,"name":"En #Tlalmanalco contin\u00faan fortaleciendo las medidas preventivas ante covid-19"}]},{"@type":"WebSite","@id":"https:\/\/volcanes.net\/#website","url":"https:\/\/volcanes.net\/","name":"Volcanes.Net","description":"Periodismo Profesional","publisher":{"@id":"https:\/\/volcanes.net\/#organization"},"potentialAction":[{"@type":"SearchAction","target":{"@type":"EntryPoint","urlTemplate":"https:\/\/volcanes.net\/?s={search_term_string}"},"query-input":{"@type":"PropertyValueSpecification","valueRequired":true,"valueName":"search_term_string"}}],"inLanguage":"es"},{"@type":"Organization","@id":"https:\/\/volcanes.net\/#organization","name":"Grupo Volcanes","url":"https:\/\/volcanes.net\/","logo":{"@type":"ImageObject","inLanguage":"es","@id":"https:\/\/volcanes.net\/#\/schema\/logo\/image\/","url":"http:\/\/volcanes.net\/wp-content\/uploads\/2017\/12\/Avatar2.jpg","contentUrl":"http:\/\/volcanes.net\/wp-content\/uploads\/2017\/12\/Avatar2.jpg","width":378,"height":378,"caption":"Grupo Volcanes"},"image":{"@id":"https:\/\/volcanes.net\/#\/schema\/logo\/image\/"},"sameAs":["https:\/\/www.facebook.com\/volcanes.net\/"]},{"@type":"Person","@id":"https:\/\/volcanes.net\/#\/schema\/person\/4bf0f383940966a4abd53f5048c0e6b9","name":"admin","image":{"@type":"ImageObject","inLanguage":"es","@id":"https:\/\/volcanes.net\/#\/schema\/person\/image\/","url":"https:\/\/secure.gravatar.com\/avatar\/ca004e6cba8462b8cb7abc86e382930c?s=96&d=mm&r=g","contentUrl":"https:\/\/secure.gravatar.com\/avatar\/ca004e6cba8462b8cb7abc86e382930c?s=96&d=mm&r=g","caption":"admin"}}]}},"_links":{"self":[{"href":"https:\/\/volcanes.net\/index.php?rest_route=\/wp\/v2\/posts\/7008"}],"collection":[{"href":"https:\/\/volcanes.net\/index.php?rest_route=\/wp\/v2\/posts"}],"about":[{"href":"https:\/\/volcanes.net\/index.php?rest_route=\/wp\/v2\/types\/post"}],"author":[{"embeddable":true,"href":"https:\/\/volcanes.net\/index.php?rest_route=\/wp\/v2\/users\/1"}],"replies":[{"embeddable":true,"href":"https:\/\/volcanes.net\/index.php?rest_route=%2Fwp%2Fv2%2Fcomments&post=7008"}],"version-history":[{"count":1,"href":"https:\/\/volcanes.net\/index.php?rest_route=\/wp\/v2\/posts\/7008\/revisions"}],"predecessor-version":[{"id":7010,"href":"https:\/\/volcanes.net\/index.php?rest_route=\/wp\/v2\/posts\/7008\/revisions\/7010"}],"wp:featuredmedia":[{"embeddable":true,"href":"https:\/\/volcanes.net\/index.php?rest_route=\/wp\/v2\/media\/7009"}],"wp:attachment":[{"href":"https:\/\/volcanes.net\/index.php?rest_route=%2Fwp%2Fv2%2Fmedia&parent=7008"}],"wp:term":[{"taxonomy":"category","embeddable":true,"href":"https:\/\/volcanes.net\/index.php?rest_route=%2Fwp%2Fv2%2Fcategories&post=7008"},{"taxonomy":"post_tag","embeddable":true,"href":"https:\/\/volcanes.net\/index.php?rest_route=%2Fwp%2Fv2%2Ftags&post=7008"}],"curies":[{"name":"wp","href":"https:\/\/api.w.org\/{rel}","templated":true}]}}