{"id":7011,"date":"2020-05-16T20:31:15","date_gmt":"2020-05-17T02:31:15","guid":{"rendered":"http:\/\/volcanes.net\/?p=7011"},"modified":"2020-05-16T20:31:15","modified_gmt":"2020-05-17T02:31:15","slug":"continua-la-sanitizacion-de-calles-y-avenidas-de-amecameca","status":"publish","type":"post","link":"https:\/\/volcanes.net\/?p=7011","title":{"rendered":"Contin\u00faa la sanitizaci\u00f3n de calles y avenidas de #Amecameca"},"content":{"rendered":"<div style=\"margin-top: 0px; margin-bottom: 0px;\" class=\"sharethis-inline-share-buttons\" ><\/div><p>Amecameca de Ju\u00e1rez, Estado de M\u00e9xico a 16 de mayo de 2020.-\u00a0 Con la sanitizaci\u00f3n de las vialidades de San Francisco, Nuevo M\u00e9xico, Adolfo L\u00f3pez Mateos, Javier Mina, Guadalupe Victoria, \u00a0Caracol, La Rosa, El Castillo y la Unidad Habitacional \u201cSor Juana In\u00e9s de la Cruz\u201d, el Gobierno Municipal contin\u00faa con la estrategia para evitar que en esta fase de la emergencia sanitaria haya contagios por COVID-19.<\/p>\n<p>En su oportunidad el Presidente Municipal solicit\u00f3 a todos los vecinos seguir las recomendaciones de las autoridades sanitarias, pero sobre todo, los exhort\u00f3, a quedarse en casa. \u201cTodos los niveles de gobierno realizamos las acciones que m\u00e1s protegen a los ciudadanos, pero tambi\u00e9n es necesaria la responsabilidad ciudadana para evitar contagios,\u00a0 requerimos que se cuiden y cuiden a sus familias\u201d, concluy\u00f3.<\/p>\n<p>Es importante se\u00f1alar que los trabajos fueron encabezados por el Presidente Municipal Miguel \u00c1ngel Salom\u00f3n Cort\u00e9s quien personalmente dirigi\u00f3 a los trabajadores que aplicaron el l\u00edquido sanitizador en las calles referidas, en donde decenas de vecinos, por separado, salieron para intercambiar puntos de vista con el Alcalde sobre todo en relaci\u00f3n a la sanitizaci\u00f3n, suspensi\u00f3n del tianguis y el regreso a las actividades cotidianas.<\/p>\n<p>&nbsp;<\/p>\n","protected":false},"excerpt":{"rendered":"<p>Amecameca de Ju\u00e1rez, Estado de M\u00e9xico a 16 de mayo de 2020.-\u00a0 Con la sanitizaci\u00f3n<\/p>\n","protected":false},"author":1,"featured_media":7012,"comment_status":"open","ping_status":"open","sticky":false,"template":"","format":"standard","meta":{"footnotes":""},"categories":[1],"tags":[7,265],"class_list":["post-7011","post","type-post","status-publish","format-standard","has-post-thumbnail","hentry","category-municipales","tag-amecameca","tag-grupovolcanes"],"yoast_head":"<!-- This site is optimized with the Yoast SEO plugin v25.3 - https:\/\/yoast.com\/wordpress\/plugins\/seo\/ -->\n<title>Contin\u00faa la sanitizaci\u00f3n de calles y avenidas de #Amecameca - Volcanes<\/title>\n<meta name=\"robots\" content=\"index, follow, max-snippet:-1, max-image-preview:large, max-video-preview:-1\" \/>\n<link rel=\"canonical\" href=\"https:\/\/volcanes.net\/?p=7011\" \/>\n<meta property=\"og:locale\" content=\"es_MX\" \/>\n<meta property=\"og:type\" content=\"article\" \/>\n<meta property=\"og:title\" content=\"Contin\u00faa la sanitizaci\u00f3n de calles y avenidas de #Amecameca - Volcanes\" \/>\n<meta property=\"og:description\" content=\"Amecameca de Ju\u00e1rez, Estado de M\u00e9xico a 16 de mayo de 2020.-\u00a0 Con la sanitizaci\u00f3n\" \/>\n<meta property=\"og:url\" content=\"https:\/\/volcanes.net\/?p=7011\" \/>\n<meta property=\"og:site_name\" content=\"Volcanes\" \/>\n<meta property=\"article:publisher\" content=\"https:\/\/www.facebook.com\/volcanes.net\/\" \/>\n<meta property=\"article:published_time\" content=\"2020-05-17T02:31:15+00:00\" \/>\n<meta property=\"og:image\" content=\"https:\/\/volcanes.net\/wp-content\/uploads\/2020\/05\/WhatsApp-Image-2020-05-16-at-6.10.05-PM.jpeg\" \/>\n\t<meta property=\"og:image:width\" content=\"1280\" \/>\n\t<meta property=\"og:image:height\" content=\"801\" \/>\n\t<meta property=\"og:image:type\" content=\"image\/jpeg\" \/>\n<meta name=\"author\" content=\"admin\" \/>\n<meta name=\"twitter:card\" content=\"summary_large_image\" \/>\n<meta name=\"twitter:label1\" content=\"Escrito por\" \/>\n\t<meta name=\"twitter:data1\" content=\"admin\" \/>\n\t<meta name=\"twitter:label2\" content=\"Tiempo de lectura\" \/>\n\t<meta name=\"twitter:data2\" content=\"1 minuto\" \/>\n<script type=\"application\/ld+json\" class=\"yoast-schema-graph\">{\"@context\":\"https:\/\/schema.org\",\"@graph\":[{\"@type\":\"Article\",\"@id\":\"https:\/\/volcanes.net\/?p=7011#article\",\"isPartOf\":{\"@id\":\"https:\/\/volcanes.net\/?p=7011\"},\"author\":{\"name\":\"admin\",\"@id\":\"https:\/\/volcanes.net\/#\/schema\/person\/4bf0f383940966a4abd53f5048c0e6b9\"},\"headline\":\"Contin\u00faa la sanitizaci\u00f3n de calles y avenidas de #Amecameca\",\"datePublished\":\"2020-05-17T02:31:15+00:00\",\"mainEntityOfPage\":{\"@id\":\"https:\/\/volcanes.net\/?p=7011\"},\"wordCount\":218,\"commentCount\":0,\"publisher\":{\"@id\":\"https:\/\/volcanes.net\/#organization\"},\"image\":{\"@id\":\"https:\/\/volcanes.net\/?p=7011#primaryimage\"},\"thumbnailUrl\":\"https:\/\/volcanes.net\/wp-content\/uploads\/2020\/05\/WhatsApp-Image-2020-05-16-at-6.10.05-PM.jpeg\",\"keywords\":[\"Amecameca\",\"GrupoVolcanes\"],\"articleSection\":[\"Municipales\"],\"inLanguage\":\"es\",\"potentialAction\":[{\"@type\":\"CommentAction\",\"name\":\"Comment\",\"target\":[\"https:\/\/volcanes.net\/?p=7011#respond\"]}]},{\"@type\":\"WebPage\",\"@id\":\"https:\/\/volcanes.net\/?p=7011\",\"url\":\"https:\/\/volcanes.net\/?p=7011\",\"name\":\"Contin\u00faa la sanitizaci\u00f3n de calles y avenidas de #Amecameca - Volcanes\",\"isPartOf\":{\"@id\":\"https:\/\/volcanes.net\/#website\"},\"primaryImageOfPage\":{\"@id\":\"https:\/\/volcanes.net\/?p=7011#primaryimage\"},\"image\":{\"@id\":\"https:\/\/volcanes.net\/?p=7011#primaryimage\"},\"thumbnailUrl\":\"https:\/\/volcanes.net\/wp-content\/uploads\/2020\/05\/WhatsApp-Image-2020-05-16-at-6.10.05-PM.jpeg\",\"datePublished\":\"2020-05-17T02:31:15+00:00\",\"breadcrumb\":{\"@id\":\"https:\/\/volcanes.net\/?p=7011#breadcrumb\"},\"inLanguage\":\"es\",\"potentialAction\":[{\"@type\":\"ReadAction\",\"target\":[\"https:\/\/volcanes.net\/?p=7011\"]}]},{\"@type\":\"ImageObject\",\"inLanguage\":\"es\",\"@id\":\"https:\/\/volcanes.net\/?p=7011#primaryimage\",\"url\":\"https:\/\/volcanes.net\/wp-content\/uploads\/2020\/05\/WhatsApp-Image-2020-05-16-at-6.10.05-PM.jpeg\",\"contentUrl\":\"https:\/\/volcanes.net\/wp-content\/uploads\/2020\/05\/WhatsApp-Image-2020-05-16-at-6.10.05-PM.jpeg\",\"width\":1280,\"height\":801},{\"@type\":\"BreadcrumbList\",\"@id\":\"https:\/\/volcanes.net\/?p=7011#breadcrumb\",\"itemListElement\":[{\"@type\":\"ListItem\",\"position\":1,\"name\":\"Portada\",\"item\":\"https:\/\/volcanes.net\/\"},{\"@type\":\"ListItem\",\"position\":2,\"name\":\"Contin\u00faa la sanitizaci\u00f3n de calles y avenidas de #Amecameca\"}]},{\"@type\":\"WebSite\",\"@id\":\"https:\/\/volcanes.net\/#website\",\"url\":\"https:\/\/volcanes.net\/\",\"name\":\"Volcanes.Net\",\"description\":\"Periodismo Profesional\",\"publisher\":{\"@id\":\"https:\/\/volcanes.net\/#organization\"},\"potentialAction\":[{\"@type\":\"SearchAction\",\"target\":{\"@type\":\"EntryPoint\",\"urlTemplate\":\"https:\/\/volcanes.net\/?s={search_term_string}\"},\"query-input\":{\"@type\":\"PropertyValueSpecification\",\"valueRequired\":true,\"valueName\":\"search_term_string\"}}],\"inLanguage\":\"es\"},{\"@type\":\"Organization\",\"@id\":\"https:\/\/volcanes.net\/#organization\",\"name\":\"Grupo Volcanes\",\"url\":\"https:\/\/volcanes.net\/\",\"logo\":{\"@type\":\"ImageObject\",\"inLanguage\":\"es\",\"@id\":\"https:\/\/volcanes.net\/#\/schema\/logo\/image\/\",\"url\":\"http:\/\/volcanes.net\/wp-content\/uploads\/2017\/12\/Avatar2.jpg\",\"contentUrl\":\"http:\/\/volcanes.net\/wp-content\/uploads\/2017\/12\/Avatar2.jpg\",\"width\":378,\"height\":378,\"caption\":\"Grupo Volcanes\"},\"image\":{\"@id\":\"https:\/\/volcanes.net\/#\/schema\/logo\/image\/\"},\"sameAs\":[\"https:\/\/www.facebook.com\/volcanes.net\/\"]},{\"@type\":\"Person\",\"@id\":\"https:\/\/volcanes.net\/#\/schema\/person\/4bf0f383940966a4abd53f5048c0e6b9\",\"name\":\"admin\",\"image\":{\"@type\":\"ImageObject\",\"inLanguage\":\"es\",\"@id\":\"https:\/\/volcanes.net\/#\/schema\/person\/image\/\",\"url\":\"https:\/\/secure.gravatar.com\/avatar\/ca004e6cba8462b8cb7abc86e382930c?s=96&d=mm&r=g\",\"contentUrl\":\"https:\/\/secure.gravatar.com\/avatar\/ca004e6cba8462b8cb7abc86e382930c?s=96&d=mm&r=g\",\"caption\":\"admin\"}}]}<\/script>\n<!-- \/ Yoast SEO plugin. -->","yoast_head_json":{"title":"Contin\u00faa la sanitizaci\u00f3n de calles y avenidas de #Amecameca - Volcanes","robots":{"index":"index","follow":"follow","max-snippet":"max-snippet:-1","max-image-preview":"max-image-preview:large","max-video-preview":"max-video-preview:-1"},"canonical":"https:\/\/volcanes.net\/?p=7011","og_locale":"es_MX","og_type":"article","og_title":"Contin\u00faa la sanitizaci\u00f3n de calles y avenidas de #Amecameca - Volcanes","og_description":"Amecameca de Ju\u00e1rez, Estado de M\u00e9xico a 16 de mayo de 2020.-\u00a0 Con la sanitizaci\u00f3n","og_url":"https:\/\/volcanes.net\/?p=7011","og_site_name":"Volcanes","article_publisher":"https:\/\/www.facebook.com\/volcanes.net\/","article_published_time":"2020-05-17T02:31:15+00:00","og_image":[{"width":1280,"height":801,"url":"https:\/\/volcanes.net\/wp-content\/uploads\/2020\/05\/WhatsApp-Image-2020-05-16-at-6.10.05-PM.jpeg","type":"image\/jpeg"}],"author":"admin","twitter_card":"summary_large_image","twitter_misc":{"Escrito por":"admin","Tiempo de lectura":"1 minuto"},"schema":{"@context":"https:\/\/schema.org","@graph":[{"@type":"Article","@id":"https:\/\/volcanes.net\/?p=7011#article","isPartOf":{"@id":"https:\/\/volcanes.net\/?p=7011"},"author":{"name":"admin","@id":"https:\/\/volcanes.net\/#\/schema\/person\/4bf0f383940966a4abd53f5048c0e6b9"},"headline":"Contin\u00faa la sanitizaci\u00f3n de calles y avenidas de #Amecameca","datePublished":"2020-05-17T02:31:15+00:00","mainEntityOfPage":{"@id":"https:\/\/volcanes.net\/?p=7011"},"wordCount":218,"commentCount":0,"publisher":{"@id":"https:\/\/volcanes.net\/#organization"},"image":{"@id":"https:\/\/volcanes.net\/?p=7011#primaryimage"},"thumbnailUrl":"https:\/\/volcanes.net\/wp-content\/uploads\/2020\/05\/WhatsApp-Image-2020-05-16-at-6.10.05-PM.jpeg","keywords":["Amecameca","GrupoVolcanes"],"articleSection":["Municipales"],"inLanguage":"es","potentialAction":[{"@type":"CommentAction","name":"Comment","target":["https:\/\/volcanes.net\/?p=7011#respond"]}]},{"@type":"WebPage","@id":"https:\/\/volcanes.net\/?p=7011","url":"https:\/\/volcanes.net\/?p=7011","name":"Contin\u00faa la sanitizaci\u00f3n de calles y avenidas de #Amecameca - Volcanes","isPartOf":{"@id":"https:\/\/volcanes.net\/#website"},"primaryImageOfPage":{"@id":"https:\/\/volcanes.net\/?p=7011#primaryimage"},"image":{"@id":"https:\/\/volcanes.net\/?p=7011#primaryimage"},"thumbnailUrl":"https:\/\/volcanes.net\/wp-content\/uploads\/2020\/05\/WhatsApp-Image-2020-05-16-at-6.10.05-PM.jpeg","datePublished":"2020-05-17T02:31:15+00:00","breadcrumb":{"@id":"https:\/\/volcanes.net\/?p=7011#breadcrumb"},"inLanguage":"es","potentialAction":[{"@type":"ReadAction","target":["https:\/\/volcanes.net\/?p=7011"]}]},{"@type":"ImageObject","inLanguage":"es","@id":"https:\/\/volcanes.net\/?p=7011#primaryimage","url":"https:\/\/volcanes.net\/wp-content\/uploads\/2020\/05\/WhatsApp-Image-2020-05-16-at-6.10.05-PM.jpeg","contentUrl":"https:\/\/volcanes.net\/wp-content\/uploads\/2020\/05\/WhatsApp-Image-2020-05-16-at-6.10.05-PM.jpeg","width":1280,"height":801},{"@type":"BreadcrumbList","@id":"https:\/\/volcanes.net\/?p=7011#breadcrumb","itemListElement":[{"@type":"ListItem","position":1,"name":"Portada","item":"https:\/\/volcanes.net\/"},{"@type":"ListItem","position":2,"name":"Contin\u00faa la sanitizaci\u00f3n de calles y avenidas de #Amecameca"}]},{"@type":"WebSite","@id":"https:\/\/volcanes.net\/#website","url":"https:\/\/volcanes.net\/","name":"Volcanes.Net","description":"Periodismo Profesional","publisher":{"@id":"https:\/\/volcanes.net\/#organization"},"potentialAction":[{"@type":"SearchAction","target":{"@type":"EntryPoint","urlTemplate":"https:\/\/volcanes.net\/?s={search_term_string}"},"query-input":{"@type":"PropertyValueSpecification","valueRequired":true,"valueName":"search_term_string"}}],"inLanguage":"es"},{"@type":"Organization","@id":"https:\/\/volcanes.net\/#organization","name":"Grupo Volcanes","url":"https:\/\/volcanes.net\/","logo":{"@type":"ImageObject","inLanguage":"es","@id":"https:\/\/volcanes.net\/#\/schema\/logo\/image\/","url":"http:\/\/volcanes.net\/wp-content\/uploads\/2017\/12\/Avatar2.jpg","contentUrl":"http:\/\/volcanes.net\/wp-content\/uploads\/2017\/12\/Avatar2.jpg","width":378,"height":378,"caption":"Grupo Volcanes"},"image":{"@id":"https:\/\/volcanes.net\/#\/schema\/logo\/image\/"},"sameAs":["https:\/\/www.facebook.com\/volcanes.net\/"]},{"@type":"Person","@id":"https:\/\/volcanes.net\/#\/schema\/person\/4bf0f383940966a4abd53f5048c0e6b9","name":"admin","image":{"@type":"ImageObject","inLanguage":"es","@id":"https:\/\/volcanes.net\/#\/schema\/person\/image\/","url":"https:\/\/secure.gravatar.com\/avatar\/ca004e6cba8462b8cb7abc86e382930c?s=96&d=mm&r=g","contentUrl":"https:\/\/secure.gravatar.com\/avatar\/ca004e6cba8462b8cb7abc86e382930c?s=96&d=mm&r=g","caption":"admin"}}]}},"_links":{"self":[{"href":"https:\/\/volcanes.net\/index.php?rest_route=\/wp\/v2\/posts\/7011"}],"collection":[{"href":"https:\/\/volcanes.net\/index.php?rest_route=\/wp\/v2\/posts"}],"about":[{"href":"https:\/\/volcanes.net\/index.php?rest_route=\/wp\/v2\/types\/post"}],"author":[{"embeddable":true,"href":"https:\/\/volcanes.net\/index.php?rest_route=\/wp\/v2\/users\/1"}],"replies":[{"embeddable":true,"href":"https:\/\/volcanes.net\/index.php?rest_route=%2Fwp%2Fv2%2Fcomments&post=7011"}],"version-history":[{"count":1,"href":"https:\/\/volcanes.net\/index.php?rest_route=\/wp\/v2\/posts\/7011\/revisions"}],"predecessor-version":[{"id":7013,"href":"https:\/\/volcanes.net\/index.php?rest_route=\/wp\/v2\/posts\/7011\/revisions\/7013"}],"wp:featuredmedia":[{"embeddable":true,"href":"https:\/\/volcanes.net\/index.php?rest_route=\/wp\/v2\/media\/7012"}],"wp:attachment":[{"href":"https:\/\/volcanes.net\/index.php?rest_route=%2Fwp%2Fv2%2Fmedia&parent=7011"}],"wp:term":[{"taxonomy":"category","embeddable":true,"href":"https:\/\/volcanes.net\/index.php?rest_route=%2Fwp%2Fv2%2Fcategories&post=7011"},{"taxonomy":"post_tag","embeddable":true,"href":"https:\/\/volcanes.net\/index.php?rest_route=%2Fwp%2Fv2%2Ftags&post=7011"}],"curies":[{"name":"wp","href":"https:\/\/api.w.org\/{rel}","templated":true}]}}