{"id":7014,"date":"2020-05-18T09:04:56","date_gmt":"2020-05-18T15:04:56","guid":{"rendered":"http:\/\/volcanes.net\/?p=7014"},"modified":"2020-05-18T09:04:56","modified_gmt":"2020-05-18T15:04:56","slug":"reconoce-cabildo-labor-del-personal-operativo-en-ixtapaluca","status":"publish","type":"post","link":"https:\/\/volcanes.net\/?p=7014","title":{"rendered":"Reconoce Cabildo labor del personal operativo en #Ixtapaluca"},"content":{"rendered":"<div style=\"margin-top: 0px; margin-bottom: 0px;\" class=\"sharethis-inline-share-buttons\" ><\/div><p>Sin distinci\u00f3n de partido pol\u00edtico, las y los regidores del Ayuntamiento coincidieron en reconocer y agradecer al personal operativo que sigue laborando para garantizar a la poblaci\u00f3n las mejores condiciones durante esta pandemia, haciendo a su vez un llamado a cerrar filas por el bienestar de las y los ixtapaluquenses.<\/p>\n<p>Cabe recordar que el personal que sigue trabajando en campo durante la contingencia pertenece a las \u00e1reas de Servicios P\u00fablicos, Protecci\u00f3n Civil y Bomberos, Seguridad Ciudadana, Salud, del Organismo P\u00fablico Descentralizado de Agua Potable, Alcantarillado y Saneamiento (OPDAPAS), as\u00ed como del sistema municipal DIF.<\/p>\n<p>Por eso, durante la sexag\u00e9sima segunda sesi\u00f3n de Cabildo que se llev\u00f3 a cabo v\u00eda remota, se hizo un reconocimiento a su labor, porque a pesar de la contingencia por COVID-19, ellos y ellas siguen trabajando todos los d\u00edas, brindando un servicio a la ciudadan\u00eda.<\/p>\n<p>Cabe destacar que desde el inicio de la contingencia, el Ayuntamiento dot\u00f3 a Protecci\u00f3n Civil y Bomberos de trajes type, cubre bocas con filtro, googles, barreras faciales, guantes de nitrilo, y batas quir\u00fargicas para el aislamiento corporal. Adem\u00e1s de promover la capacitaci\u00f3n permanente sobre temas relacionados con el coronavirus.<\/p>\n<p>Recientemente al personal de servicios p\u00fablicos se le entreg\u00f3 nuevos uniformes\u00a0personalizados, botas, guantes y herramientas de trabajo, incluido el personal no asalariado. A todas las \u00e1reas se les ha dotado de gel antibacterial y guantes que ayuden a prevenir contagios.<\/p>\n<p>En la sesi\u00f3n virtual, en la que estuvo presente la alcaldesa Maricela Serrano, el s\u00edndico municipal, Enrique Granados y el secretario del Ayuntamiento, Armando Ram\u00edrez, la alcaldesa destac\u00f3 el que las y los integrantes del Cabildo se sumaran a esta muestra de agradecimiento, porque dijo \u201cellos y ellas son quienes est\u00e1n atendiendo a la ciudadan\u00eda.\u201d<\/p>\n<p>El llamado a la poblaci\u00f3n es para que la poblaci\u00f3n ixtapaluquense contribuya en el esfuerzo del personal de todas las \u00e1reas y se acaten las medidas de prevenci\u00f3n para reducir contagios ya que si todos y todas actuamos de manera responsable podremos hacer frente a esta pandemia.<\/p>\n<p>La sesi\u00f3n virtual se llev\u00f3 a cabo v\u00eda remota apeg\u00e1ndose a las adiciones a la Ley Org\u00e1nica Municipal del Estado de M\u00e9xico para poder sesionar a distancia, en caso de emergencia nacional o estatal de car\u00e1cter sanitaria y protecci\u00f3n civil, por el tiempo que dure \u00e9sta y mediante el uso de las tecnolog\u00edas de la informaci\u00f3n y comunicaci\u00f3n.<\/p>\n<p>&nbsp;<\/p>\n","protected":false},"excerpt":{"rendered":"<p>Sin distinci\u00f3n de partido pol\u00edtico, las y los regidores del Ayuntamiento coincidieron en reconocer y<\/p>\n","protected":false},"author":1,"featured_media":7015,"comment_status":"open","ping_status":"open","sticky":false,"template":"","format":"standard","meta":{"footnotes":""},"categories":[1],"tags":[265,6],"class_list":["post-7014","post","type-post","status-publish","format-standard","has-post-thumbnail","hentry","category-municipales","tag-grupovolcanes","tag-ixtapaluca"],"yoast_head":"<!-- This site is optimized with the Yoast SEO plugin v25.3 - https:\/\/yoast.com\/wordpress\/plugins\/seo\/ -->\n<title>Reconoce Cabildo labor del personal operativo en #Ixtapaluca - Volcanes<\/title>\n<meta name=\"robots\" content=\"index, follow, max-snippet:-1, max-image-preview:large, max-video-preview:-1\" \/>\n<link rel=\"canonical\" href=\"https:\/\/volcanes.net\/?p=7014\" \/>\n<meta property=\"og:locale\" content=\"es_MX\" \/>\n<meta property=\"og:type\" content=\"article\" \/>\n<meta property=\"og:title\" content=\"Reconoce Cabildo labor del personal operativo en #Ixtapaluca - Volcanes\" \/>\n<meta property=\"og:description\" content=\"Sin distinci\u00f3n de partido pol\u00edtico, las y los regidores del Ayuntamiento coincidieron en reconocer y\" \/>\n<meta property=\"og:url\" content=\"https:\/\/volcanes.net\/?p=7014\" \/>\n<meta property=\"og:site_name\" content=\"Volcanes\" \/>\n<meta property=\"article:publisher\" content=\"https:\/\/www.facebook.com\/volcanes.net\/\" \/>\n<meta property=\"article:published_time\" content=\"2020-05-18T15:04:56+00:00\" \/>\n<meta property=\"og:image\" content=\"https:\/\/volcanes.net\/wp-content\/uploads\/2020\/05\/RECONOCIMIENTO-A-LABOR-DE-\u00c1REAS-10.jpeg\" \/>\n\t<meta property=\"og:image:width\" content=\"1280\" \/>\n\t<meta property=\"og:image:height\" content=\"960\" \/>\n\t<meta property=\"og:image:type\" content=\"image\/jpeg\" \/>\n<meta name=\"author\" content=\"admin\" \/>\n<meta name=\"twitter:card\" content=\"summary_large_image\" \/>\n<meta name=\"twitter:label1\" content=\"Escrito por\" \/>\n\t<meta name=\"twitter:data1\" content=\"admin\" \/>\n\t<meta name=\"twitter:label2\" content=\"Tiempo de lectura\" \/>\n\t<meta name=\"twitter:data2\" content=\"2 minutos\" \/>\n<script type=\"application\/ld+json\" class=\"yoast-schema-graph\">{\"@context\":\"https:\/\/schema.org\",\"@graph\":[{\"@type\":\"Article\",\"@id\":\"https:\/\/volcanes.net\/?p=7014#article\",\"isPartOf\":{\"@id\":\"https:\/\/volcanes.net\/?p=7014\"},\"author\":{\"name\":\"admin\",\"@id\":\"https:\/\/volcanes.net\/#\/schema\/person\/4bf0f383940966a4abd53f5048c0e6b9\"},\"headline\":\"Reconoce Cabildo labor del personal operativo en #Ixtapaluca\",\"datePublished\":\"2020-05-18T15:04:56+00:00\",\"mainEntityOfPage\":{\"@id\":\"https:\/\/volcanes.net\/?p=7014\"},\"wordCount\":432,\"commentCount\":0,\"publisher\":{\"@id\":\"https:\/\/volcanes.net\/#organization\"},\"image\":{\"@id\":\"https:\/\/volcanes.net\/?p=7014#primaryimage\"},\"thumbnailUrl\":\"https:\/\/volcanes.net\/wp-content\/uploads\/2020\/05\/RECONOCIMIENTO-A-LABOR-DE-\u00c1REAS-10.jpeg\",\"keywords\":[\"GrupoVolcanes\",\"Ixtapaluca\"],\"articleSection\":[\"Municipales\"],\"inLanguage\":\"es\",\"potentialAction\":[{\"@type\":\"CommentAction\",\"name\":\"Comment\",\"target\":[\"https:\/\/volcanes.net\/?p=7014#respond\"]}]},{\"@type\":\"WebPage\",\"@id\":\"https:\/\/volcanes.net\/?p=7014\",\"url\":\"https:\/\/volcanes.net\/?p=7014\",\"name\":\"Reconoce Cabildo labor del personal operativo en #Ixtapaluca - Volcanes\",\"isPartOf\":{\"@id\":\"https:\/\/volcanes.net\/#website\"},\"primaryImageOfPage\":{\"@id\":\"https:\/\/volcanes.net\/?p=7014#primaryimage\"},\"image\":{\"@id\":\"https:\/\/volcanes.net\/?p=7014#primaryimage\"},\"thumbnailUrl\":\"https:\/\/volcanes.net\/wp-content\/uploads\/2020\/05\/RECONOCIMIENTO-A-LABOR-DE-\u00c1REAS-10.jpeg\",\"datePublished\":\"2020-05-18T15:04:56+00:00\",\"breadcrumb\":{\"@id\":\"https:\/\/volcanes.net\/?p=7014#breadcrumb\"},\"inLanguage\":\"es\",\"potentialAction\":[{\"@type\":\"ReadAction\",\"target\":[\"https:\/\/volcanes.net\/?p=7014\"]}]},{\"@type\":\"ImageObject\",\"inLanguage\":\"es\",\"@id\":\"https:\/\/volcanes.net\/?p=7014#primaryimage\",\"url\":\"https:\/\/volcanes.net\/wp-content\/uploads\/2020\/05\/RECONOCIMIENTO-A-LABOR-DE-\u00c1REAS-10.jpeg\",\"contentUrl\":\"https:\/\/volcanes.net\/wp-content\/uploads\/2020\/05\/RECONOCIMIENTO-A-LABOR-DE-\u00c1REAS-10.jpeg\",\"width\":1280,\"height\":960},{\"@type\":\"BreadcrumbList\",\"@id\":\"https:\/\/volcanes.net\/?p=7014#breadcrumb\",\"itemListElement\":[{\"@type\":\"ListItem\",\"position\":1,\"name\":\"Portada\",\"item\":\"https:\/\/volcanes.net\/\"},{\"@type\":\"ListItem\",\"position\":2,\"name\":\"Reconoce Cabildo labor del personal operativo en #Ixtapaluca\"}]},{\"@type\":\"WebSite\",\"@id\":\"https:\/\/volcanes.net\/#website\",\"url\":\"https:\/\/volcanes.net\/\",\"name\":\"Volcanes.Net\",\"description\":\"Periodismo Profesional\",\"publisher\":{\"@id\":\"https:\/\/volcanes.net\/#organization\"},\"potentialAction\":[{\"@type\":\"SearchAction\",\"target\":{\"@type\":\"EntryPoint\",\"urlTemplate\":\"https:\/\/volcanes.net\/?s={search_term_string}\"},\"query-input\":{\"@type\":\"PropertyValueSpecification\",\"valueRequired\":true,\"valueName\":\"search_term_string\"}}],\"inLanguage\":\"es\"},{\"@type\":\"Organization\",\"@id\":\"https:\/\/volcanes.net\/#organization\",\"name\":\"Grupo Volcanes\",\"url\":\"https:\/\/volcanes.net\/\",\"logo\":{\"@type\":\"ImageObject\",\"inLanguage\":\"es\",\"@id\":\"https:\/\/volcanes.net\/#\/schema\/logo\/image\/\",\"url\":\"http:\/\/volcanes.net\/wp-content\/uploads\/2017\/12\/Avatar2.jpg\",\"contentUrl\":\"http:\/\/volcanes.net\/wp-content\/uploads\/2017\/12\/Avatar2.jpg\",\"width\":378,\"height\":378,\"caption\":\"Grupo Volcanes\"},\"image\":{\"@id\":\"https:\/\/volcanes.net\/#\/schema\/logo\/image\/\"},\"sameAs\":[\"https:\/\/www.facebook.com\/volcanes.net\/\"]},{\"@type\":\"Person\",\"@id\":\"https:\/\/volcanes.net\/#\/schema\/person\/4bf0f383940966a4abd53f5048c0e6b9\",\"name\":\"admin\",\"image\":{\"@type\":\"ImageObject\",\"inLanguage\":\"es\",\"@id\":\"https:\/\/volcanes.net\/#\/schema\/person\/image\/\",\"url\":\"https:\/\/secure.gravatar.com\/avatar\/ca004e6cba8462b8cb7abc86e382930c?s=96&d=mm&r=g\",\"contentUrl\":\"https:\/\/secure.gravatar.com\/avatar\/ca004e6cba8462b8cb7abc86e382930c?s=96&d=mm&r=g\",\"caption\":\"admin\"}}]}<\/script>\n<!-- \/ Yoast SEO plugin. -->","yoast_head_json":{"title":"Reconoce Cabildo labor del personal operativo en #Ixtapaluca - Volcanes","robots":{"index":"index","follow":"follow","max-snippet":"max-snippet:-1","max-image-preview":"max-image-preview:large","max-video-preview":"max-video-preview:-1"},"canonical":"https:\/\/volcanes.net\/?p=7014","og_locale":"es_MX","og_type":"article","og_title":"Reconoce Cabildo labor del personal operativo en #Ixtapaluca - Volcanes","og_description":"Sin distinci\u00f3n de partido pol\u00edtico, las y los regidores del Ayuntamiento coincidieron en reconocer y","og_url":"https:\/\/volcanes.net\/?p=7014","og_site_name":"Volcanes","article_publisher":"https:\/\/www.facebook.com\/volcanes.net\/","article_published_time":"2020-05-18T15:04:56+00:00","og_image":[{"width":1280,"height":960,"url":"https:\/\/volcanes.net\/wp-content\/uploads\/2020\/05\/RECONOCIMIENTO-A-LABOR-DE-\u00c1REAS-10.jpeg","type":"image\/jpeg"}],"author":"admin","twitter_card":"summary_large_image","twitter_misc":{"Escrito por":"admin","Tiempo de lectura":"2 minutos"},"schema":{"@context":"https:\/\/schema.org","@graph":[{"@type":"Article","@id":"https:\/\/volcanes.net\/?p=7014#article","isPartOf":{"@id":"https:\/\/volcanes.net\/?p=7014"},"author":{"name":"admin","@id":"https:\/\/volcanes.net\/#\/schema\/person\/4bf0f383940966a4abd53f5048c0e6b9"},"headline":"Reconoce Cabildo labor del personal operativo en #Ixtapaluca","datePublished":"2020-05-18T15:04:56+00:00","mainEntityOfPage":{"@id":"https:\/\/volcanes.net\/?p=7014"},"wordCount":432,"commentCount":0,"publisher":{"@id":"https:\/\/volcanes.net\/#organization"},"image":{"@id":"https:\/\/volcanes.net\/?p=7014#primaryimage"},"thumbnailUrl":"https:\/\/volcanes.net\/wp-content\/uploads\/2020\/05\/RECONOCIMIENTO-A-LABOR-DE-\u00c1REAS-10.jpeg","keywords":["GrupoVolcanes","Ixtapaluca"],"articleSection":["Municipales"],"inLanguage":"es","potentialAction":[{"@type":"CommentAction","name":"Comment","target":["https:\/\/volcanes.net\/?p=7014#respond"]}]},{"@type":"WebPage","@id":"https:\/\/volcanes.net\/?p=7014","url":"https:\/\/volcanes.net\/?p=7014","name":"Reconoce Cabildo labor del personal operativo en #Ixtapaluca - Volcanes","isPartOf":{"@id":"https:\/\/volcanes.net\/#website"},"primaryImageOfPage":{"@id":"https:\/\/volcanes.net\/?p=7014#primaryimage"},"image":{"@id":"https:\/\/volcanes.net\/?p=7014#primaryimage"},"thumbnailUrl":"https:\/\/volcanes.net\/wp-content\/uploads\/2020\/05\/RECONOCIMIENTO-A-LABOR-DE-\u00c1REAS-10.jpeg","datePublished":"2020-05-18T15:04:56+00:00","breadcrumb":{"@id":"https:\/\/volcanes.net\/?p=7014#breadcrumb"},"inLanguage":"es","potentialAction":[{"@type":"ReadAction","target":["https:\/\/volcanes.net\/?p=7014"]}]},{"@type":"ImageObject","inLanguage":"es","@id":"https:\/\/volcanes.net\/?p=7014#primaryimage","url":"https:\/\/volcanes.net\/wp-content\/uploads\/2020\/05\/RECONOCIMIENTO-A-LABOR-DE-\u00c1REAS-10.jpeg","contentUrl":"https:\/\/volcanes.net\/wp-content\/uploads\/2020\/05\/RECONOCIMIENTO-A-LABOR-DE-\u00c1REAS-10.jpeg","width":1280,"height":960},{"@type":"BreadcrumbList","@id":"https:\/\/volcanes.net\/?p=7014#breadcrumb","itemListElement":[{"@type":"ListItem","position":1,"name":"Portada","item":"https:\/\/volcanes.net\/"},{"@type":"ListItem","position":2,"name":"Reconoce Cabildo labor del personal operativo en #Ixtapaluca"}]},{"@type":"WebSite","@id":"https:\/\/volcanes.net\/#website","url":"https:\/\/volcanes.net\/","name":"Volcanes.Net","description":"Periodismo Profesional","publisher":{"@id":"https:\/\/volcanes.net\/#organization"},"potentialAction":[{"@type":"SearchAction","target":{"@type":"EntryPoint","urlTemplate":"https:\/\/volcanes.net\/?s={search_term_string}"},"query-input":{"@type":"PropertyValueSpecification","valueRequired":true,"valueName":"search_term_string"}}],"inLanguage":"es"},{"@type":"Organization","@id":"https:\/\/volcanes.net\/#organization","name":"Grupo Volcanes","url":"https:\/\/volcanes.net\/","logo":{"@type":"ImageObject","inLanguage":"es","@id":"https:\/\/volcanes.net\/#\/schema\/logo\/image\/","url":"http:\/\/volcanes.net\/wp-content\/uploads\/2017\/12\/Avatar2.jpg","contentUrl":"http:\/\/volcanes.net\/wp-content\/uploads\/2017\/12\/Avatar2.jpg","width":378,"height":378,"caption":"Grupo Volcanes"},"image":{"@id":"https:\/\/volcanes.net\/#\/schema\/logo\/image\/"},"sameAs":["https:\/\/www.facebook.com\/volcanes.net\/"]},{"@type":"Person","@id":"https:\/\/volcanes.net\/#\/schema\/person\/4bf0f383940966a4abd53f5048c0e6b9","name":"admin","image":{"@type":"ImageObject","inLanguage":"es","@id":"https:\/\/volcanes.net\/#\/schema\/person\/image\/","url":"https:\/\/secure.gravatar.com\/avatar\/ca004e6cba8462b8cb7abc86e382930c?s=96&d=mm&r=g","contentUrl":"https:\/\/secure.gravatar.com\/avatar\/ca004e6cba8462b8cb7abc86e382930c?s=96&d=mm&r=g","caption":"admin"}}]}},"_links":{"self":[{"href":"https:\/\/volcanes.net\/index.php?rest_route=\/wp\/v2\/posts\/7014"}],"collection":[{"href":"https:\/\/volcanes.net\/index.php?rest_route=\/wp\/v2\/posts"}],"about":[{"href":"https:\/\/volcanes.net\/index.php?rest_route=\/wp\/v2\/types\/post"}],"author":[{"embeddable":true,"href":"https:\/\/volcanes.net\/index.php?rest_route=\/wp\/v2\/users\/1"}],"replies":[{"embeddable":true,"href":"https:\/\/volcanes.net\/index.php?rest_route=%2Fwp%2Fv2%2Fcomments&post=7014"}],"version-history":[{"count":1,"href":"https:\/\/volcanes.net\/index.php?rest_route=\/wp\/v2\/posts\/7014\/revisions"}],"predecessor-version":[{"id":7016,"href":"https:\/\/volcanes.net\/index.php?rest_route=\/wp\/v2\/posts\/7014\/revisions\/7016"}],"wp:featuredmedia":[{"embeddable":true,"href":"https:\/\/volcanes.net\/index.php?rest_route=\/wp\/v2\/media\/7015"}],"wp:attachment":[{"href":"https:\/\/volcanes.net\/index.php?rest_route=%2Fwp%2Fv2%2Fmedia&parent=7014"}],"wp:term":[{"taxonomy":"category","embeddable":true,"href":"https:\/\/volcanes.net\/index.php?rest_route=%2Fwp%2Fv2%2Fcategories&post=7014"},{"taxonomy":"post_tag","embeddable":true,"href":"https:\/\/volcanes.net\/index.php?rest_route=%2Fwp%2Fv2%2Ftags&post=7014"}],"curies":[{"name":"wp","href":"https:\/\/api.w.org\/{rel}","templated":true}]}}