{"id":7027,"date":"2020-05-20T10:06:50","date_gmt":"2020-05-20T16:06:50","guid":{"rendered":"http:\/\/volcanes.net\/?p=7027"},"modified":"2020-05-20T10:06:50","modified_gmt":"2020-05-20T16:06:50","slug":"en-valledechalco-instalan-filtros-sanitarios","status":"publish","type":"post","link":"https:\/\/volcanes.net\/?p=7027","title":{"rendered":"En\u00a0#ValleDeChalco instalan filtros sanitarios"},"content":{"rendered":"<div style=\"margin-top: 0px; margin-bottom: 0px;\" class=\"sharethis-inline-share-buttons\" ><\/div><p>.- Llaman a la poblaci\u00f3n a &#8220;no bajar la guardia&#8221; y respetar las medidas implementadas por autoridades de salud contra el COVID-19<\/p>\n<p>.- Operar\u00e1n hasta el 22 de mayo, en diferentes puntos de la demarcaci\u00f3n<\/p>\n<p>VALLE DE CHALCO, M\u00e9x.- Un total de siete \u201cFiltros Sanitarios\u201d fueron instalados y operar\u00e1n hasta el 22 de mayo en el municipio de Valle de Chalco Solidaridad para exhortar a la poblaci\u00f3n a que \u201cno bajen la guardia\u201d y sigan con las medidas sanitarias recomendadas por las autoridades de salud para prevenir contagiarse por COVID-19 y para realizar toma de temperatura y oxigenaci\u00f3n, inform\u00f3 el presidente municipal Armando Garc\u00eda M\u00e9ndez.<\/p>\n<p>EL edil vallechalquense reconoci\u00f3 que hasta el d\u00eda el lunes 18 de mayo, 203 personas hab\u00edan dado positivo por coronavirus en el municipio y desafortunadamente se hab\u00edan registrado 38 defunciones por este mal.<\/p>\n<p>Garc\u00eda M\u00e9ndez destac\u00f3 que porque nos encontramos en la fase cr\u00edtica de la pandemia, el gobierno municipal en coordinaci\u00f3n con autoridades estatales determinaron colocar \u201cFiltros Sanitarios\u201d, en los cruceros de las avenidas: Alfredo Del Mazo y Tezozomoc, Cuauht\u00e9moc y Boulevard Juan Pablo II (Plaza Patio), L\u00f3pez Mateos y Divisi\u00f3n del Norte y Cuauht\u00e9moc y Soto y Gama. Mientras que hoy 20 de mayo se instalaran en las avenidas Cuauht\u00e9moc y Axayacatl, Cuauht\u00e9moc y Moctezuma y Flores Mag\u00f3n y Alfredo Del Mazo.<\/p>\n<p>Para ma\u00f1ana 21 en los primeros cuatro puntos y el d\u00eda 22 en los \u00faltimos tres puntos, dijo.<\/p>\n<p>Manifest\u00f3 que participan en la instalaci\u00f3n de los \u201cFiltros Sanitarios\u201d alrededor de 100 personas pertenecientes al Instituto de Salud del Estado de M\u00e9xico, a trav\u00e9s de la Jurisdicci\u00f3n Sanitaria de Amecameca, la Direcci\u00f3n General de Gobierno Regi\u00f3n Chalco y del Ayuntamiento de Valle de Chalco servidores p\u00fablicos de la Direcci\u00f3n de Salud, la Direcci\u00f3n de Seguridad P\u00fablica, Protecci\u00f3n Civil, la Direcci\u00f3n de Movilidad, la Direcci\u00f3n de Desarrollo Social, la Direcci\u00f3n de Ecolog\u00eda y la Presidencia Municipal.<\/p>\n<p>Subray\u00f3 que en los \u201cFiltros Sanitarios\u201d se invitara a los vallechalquenses a que contin\u00faen portando el cubrebocas, laven constantemente sus manos con agua y jab\u00f3n, hagan uso del gel antibacterial para desinfectarse las manos y sigan aplicando la sana distancia. Adem\u00e1s de evitar saludar de mano, besos y abrazos. Y de ser posible quedarse en casa.<\/p>\n<p>A la vez que se les tomar\u00e1 la temperatura corporal y la oxigenaci\u00f3n y en caso de que no sea la adecuada se les invitara a ir al Hospital Fernando Quiroz o a que permanezcan en su domicilio aislados, bajo supervisi\u00f3n m\u00e9dica.<\/p>\n<p>El mun\u00edcipe destac\u00f3 que los \u201cFiltros Sanitarios\u201d no tienen nada que ver con revisi\u00f3n automovil\u00edstica ni de documentos, ya que es exclusivamente para ver el tema de salud.<\/p>\n<p>Y para finalizar invit\u00f3 \u201cOjala que la ciudadan\u00eda entienda que es un filtro\u2026 un cintur\u00f3n que se pone \u2026si causa molestias que nos disculpen pero realmente estamos preocupados por su salud\u2026Ojala as\u00ed lo entienden colaboren y se dejen checar para que sepan exactamente en qu\u00e9 estado de salud se encuentran\u2026que lo aprovechen\u201d.<\/p>\n<p>&nbsp;<\/p>\n","protected":false},"excerpt":{"rendered":"<p>.- Llaman a la poblaci\u00f3n a &#8220;no bajar la guardia&#8221; y respetar las medidas implementadas<\/p>\n","protected":false},"author":1,"featured_media":7028,"comment_status":"open","ping_status":"open","sticky":false,"template":"","format":"standard","meta":{"footnotes":""},"categories":[1],"tags":[265,5],"class_list":["post-7027","post","type-post","status-publish","format-standard","has-post-thumbnail","hentry","category-municipales","tag-grupovolcanes","tag-valle-de-chalco"],"yoast_head":"<!-- This site is optimized with the Yoast SEO plugin v25.3 - https:\/\/yoast.com\/wordpress\/plugins\/seo\/ -->\n<title>En\u00a0#ValleDeChalco instalan filtros sanitarios - Volcanes<\/title>\n<meta name=\"robots\" content=\"index, follow, max-snippet:-1, max-image-preview:large, max-video-preview:-1\" \/>\n<link rel=\"canonical\" href=\"https:\/\/volcanes.net\/?p=7027\" \/>\n<meta property=\"og:locale\" content=\"es_MX\" \/>\n<meta property=\"og:type\" content=\"article\" \/>\n<meta property=\"og:title\" content=\"En\u00a0#ValleDeChalco instalan filtros sanitarios - Volcanes\" \/>\n<meta property=\"og:description\" content=\".- Llaman a la poblaci\u00f3n a &#8220;no bajar la guardia&#8221; y respetar las medidas implementadas\" \/>\n<meta property=\"og:url\" content=\"https:\/\/volcanes.net\/?p=7027\" \/>\n<meta property=\"og:site_name\" content=\"Volcanes\" \/>\n<meta property=\"article:publisher\" content=\"https:\/\/www.facebook.com\/volcanes.net\/\" \/>\n<meta property=\"article:published_time\" content=\"2020-05-20T16:06:50+00:00\" \/>\n<meta property=\"og:image\" content=\"https:\/\/volcanes.net\/wp-content\/uploads\/2020\/05\/3ec576_98920d372ac94bc9aa2b32a504060736_mv2.jpg\" \/>\n\t<meta property=\"og:image:width\" content=\"552\" \/>\n\t<meta property=\"og:image:height\" content=\"254\" \/>\n\t<meta property=\"og:image:type\" content=\"image\/jpeg\" \/>\n<meta name=\"author\" content=\"admin\" \/>\n<meta name=\"twitter:card\" content=\"summary_large_image\" \/>\n<meta name=\"twitter:label1\" content=\"Escrito por\" \/>\n\t<meta name=\"twitter:data1\" content=\"admin\" \/>\n\t<meta name=\"twitter:label2\" content=\"Tiempo de lectura\" \/>\n\t<meta name=\"twitter:data2\" content=\"3 minutos\" \/>\n<script type=\"application\/ld+json\" class=\"yoast-schema-graph\">{\"@context\":\"https:\/\/schema.org\",\"@graph\":[{\"@type\":\"Article\",\"@id\":\"https:\/\/volcanes.net\/?p=7027#article\",\"isPartOf\":{\"@id\":\"https:\/\/volcanes.net\/?p=7027\"},\"author\":{\"name\":\"admin\",\"@id\":\"https:\/\/volcanes.net\/#\/schema\/person\/4bf0f383940966a4abd53f5048c0e6b9\"},\"headline\":\"En\u00a0#ValleDeChalco instalan filtros sanitarios\",\"datePublished\":\"2020-05-20T16:06:50+00:00\",\"mainEntityOfPage\":{\"@id\":\"https:\/\/volcanes.net\/?p=7027\"},\"wordCount\":542,\"commentCount\":0,\"publisher\":{\"@id\":\"https:\/\/volcanes.net\/#organization\"},\"image\":{\"@id\":\"https:\/\/volcanes.net\/?p=7027#primaryimage\"},\"thumbnailUrl\":\"https:\/\/volcanes.net\/wp-content\/uploads\/2020\/05\/3ec576_98920d372ac94bc9aa2b32a504060736_mv2.jpg\",\"keywords\":[\"GrupoVolcanes\",\"Valle de Chalco\"],\"articleSection\":[\"Municipales\"],\"inLanguage\":\"es\",\"potentialAction\":[{\"@type\":\"CommentAction\",\"name\":\"Comment\",\"target\":[\"https:\/\/volcanes.net\/?p=7027#respond\"]}]},{\"@type\":\"WebPage\",\"@id\":\"https:\/\/volcanes.net\/?p=7027\",\"url\":\"https:\/\/volcanes.net\/?p=7027\",\"name\":\"En\u00a0#ValleDeChalco instalan filtros sanitarios - Volcanes\",\"isPartOf\":{\"@id\":\"https:\/\/volcanes.net\/#website\"},\"primaryImageOfPage\":{\"@id\":\"https:\/\/volcanes.net\/?p=7027#primaryimage\"},\"image\":{\"@id\":\"https:\/\/volcanes.net\/?p=7027#primaryimage\"},\"thumbnailUrl\":\"https:\/\/volcanes.net\/wp-content\/uploads\/2020\/05\/3ec576_98920d372ac94bc9aa2b32a504060736_mv2.jpg\",\"datePublished\":\"2020-05-20T16:06:50+00:00\",\"breadcrumb\":{\"@id\":\"https:\/\/volcanes.net\/?p=7027#breadcrumb\"},\"inLanguage\":\"es\",\"potentialAction\":[{\"@type\":\"ReadAction\",\"target\":[\"https:\/\/volcanes.net\/?p=7027\"]}]},{\"@type\":\"ImageObject\",\"inLanguage\":\"es\",\"@id\":\"https:\/\/volcanes.net\/?p=7027#primaryimage\",\"url\":\"https:\/\/volcanes.net\/wp-content\/uploads\/2020\/05\/3ec576_98920d372ac94bc9aa2b32a504060736_mv2.jpg\",\"contentUrl\":\"https:\/\/volcanes.net\/wp-content\/uploads\/2020\/05\/3ec576_98920d372ac94bc9aa2b32a504060736_mv2.jpg\",\"width\":552,\"height\":254},{\"@type\":\"BreadcrumbList\",\"@id\":\"https:\/\/volcanes.net\/?p=7027#breadcrumb\",\"itemListElement\":[{\"@type\":\"ListItem\",\"position\":1,\"name\":\"Portada\",\"item\":\"https:\/\/volcanes.net\/\"},{\"@type\":\"ListItem\",\"position\":2,\"name\":\"En\u00a0#ValleDeChalco instalan filtros sanitarios\"}]},{\"@type\":\"WebSite\",\"@id\":\"https:\/\/volcanes.net\/#website\",\"url\":\"https:\/\/volcanes.net\/\",\"name\":\"Volcanes.Net\",\"description\":\"Periodismo Profesional\",\"publisher\":{\"@id\":\"https:\/\/volcanes.net\/#organization\"},\"potentialAction\":[{\"@type\":\"SearchAction\",\"target\":{\"@type\":\"EntryPoint\",\"urlTemplate\":\"https:\/\/volcanes.net\/?s={search_term_string}\"},\"query-input\":{\"@type\":\"PropertyValueSpecification\",\"valueRequired\":true,\"valueName\":\"search_term_string\"}}],\"inLanguage\":\"es\"},{\"@type\":\"Organization\",\"@id\":\"https:\/\/volcanes.net\/#organization\",\"name\":\"Grupo Volcanes\",\"url\":\"https:\/\/volcanes.net\/\",\"logo\":{\"@type\":\"ImageObject\",\"inLanguage\":\"es\",\"@id\":\"https:\/\/volcanes.net\/#\/schema\/logo\/image\/\",\"url\":\"http:\/\/volcanes.net\/wp-content\/uploads\/2017\/12\/Avatar2.jpg\",\"contentUrl\":\"http:\/\/volcanes.net\/wp-content\/uploads\/2017\/12\/Avatar2.jpg\",\"width\":378,\"height\":378,\"caption\":\"Grupo Volcanes\"},\"image\":{\"@id\":\"https:\/\/volcanes.net\/#\/schema\/logo\/image\/\"},\"sameAs\":[\"https:\/\/www.facebook.com\/volcanes.net\/\"]},{\"@type\":\"Person\",\"@id\":\"https:\/\/volcanes.net\/#\/schema\/person\/4bf0f383940966a4abd53f5048c0e6b9\",\"name\":\"admin\",\"image\":{\"@type\":\"ImageObject\",\"inLanguage\":\"es\",\"@id\":\"https:\/\/volcanes.net\/#\/schema\/person\/image\/\",\"url\":\"https:\/\/secure.gravatar.com\/avatar\/ca004e6cba8462b8cb7abc86e382930c?s=96&d=mm&r=g\",\"contentUrl\":\"https:\/\/secure.gravatar.com\/avatar\/ca004e6cba8462b8cb7abc86e382930c?s=96&d=mm&r=g\",\"caption\":\"admin\"}}]}<\/script>\n<!-- \/ Yoast SEO plugin. -->","yoast_head_json":{"title":"En\u00a0#ValleDeChalco instalan filtros sanitarios - Volcanes","robots":{"index":"index","follow":"follow","max-snippet":"max-snippet:-1","max-image-preview":"max-image-preview:large","max-video-preview":"max-video-preview:-1"},"canonical":"https:\/\/volcanes.net\/?p=7027","og_locale":"es_MX","og_type":"article","og_title":"En\u00a0#ValleDeChalco instalan filtros sanitarios - Volcanes","og_description":".- Llaman a la poblaci\u00f3n a &#8220;no bajar la guardia&#8221; y respetar las medidas implementadas","og_url":"https:\/\/volcanes.net\/?p=7027","og_site_name":"Volcanes","article_publisher":"https:\/\/www.facebook.com\/volcanes.net\/","article_published_time":"2020-05-20T16:06:50+00:00","og_image":[{"width":552,"height":254,"url":"https:\/\/volcanes.net\/wp-content\/uploads\/2020\/05\/3ec576_98920d372ac94bc9aa2b32a504060736_mv2.jpg","type":"image\/jpeg"}],"author":"admin","twitter_card":"summary_large_image","twitter_misc":{"Escrito por":"admin","Tiempo de lectura":"3 minutos"},"schema":{"@context":"https:\/\/schema.org","@graph":[{"@type":"Article","@id":"https:\/\/volcanes.net\/?p=7027#article","isPartOf":{"@id":"https:\/\/volcanes.net\/?p=7027"},"author":{"name":"admin","@id":"https:\/\/volcanes.net\/#\/schema\/person\/4bf0f383940966a4abd53f5048c0e6b9"},"headline":"En\u00a0#ValleDeChalco instalan filtros sanitarios","datePublished":"2020-05-20T16:06:50+00:00","mainEntityOfPage":{"@id":"https:\/\/volcanes.net\/?p=7027"},"wordCount":542,"commentCount":0,"publisher":{"@id":"https:\/\/volcanes.net\/#organization"},"image":{"@id":"https:\/\/volcanes.net\/?p=7027#primaryimage"},"thumbnailUrl":"https:\/\/volcanes.net\/wp-content\/uploads\/2020\/05\/3ec576_98920d372ac94bc9aa2b32a504060736_mv2.jpg","keywords":["GrupoVolcanes","Valle de Chalco"],"articleSection":["Municipales"],"inLanguage":"es","potentialAction":[{"@type":"CommentAction","name":"Comment","target":["https:\/\/volcanes.net\/?p=7027#respond"]}]},{"@type":"WebPage","@id":"https:\/\/volcanes.net\/?p=7027","url":"https:\/\/volcanes.net\/?p=7027","name":"En\u00a0#ValleDeChalco instalan filtros sanitarios - Volcanes","isPartOf":{"@id":"https:\/\/volcanes.net\/#website"},"primaryImageOfPage":{"@id":"https:\/\/volcanes.net\/?p=7027#primaryimage"},"image":{"@id":"https:\/\/volcanes.net\/?p=7027#primaryimage"},"thumbnailUrl":"https:\/\/volcanes.net\/wp-content\/uploads\/2020\/05\/3ec576_98920d372ac94bc9aa2b32a504060736_mv2.jpg","datePublished":"2020-05-20T16:06:50+00:00","breadcrumb":{"@id":"https:\/\/volcanes.net\/?p=7027#breadcrumb"},"inLanguage":"es","potentialAction":[{"@type":"ReadAction","target":["https:\/\/volcanes.net\/?p=7027"]}]},{"@type":"ImageObject","inLanguage":"es","@id":"https:\/\/volcanes.net\/?p=7027#primaryimage","url":"https:\/\/volcanes.net\/wp-content\/uploads\/2020\/05\/3ec576_98920d372ac94bc9aa2b32a504060736_mv2.jpg","contentUrl":"https:\/\/volcanes.net\/wp-content\/uploads\/2020\/05\/3ec576_98920d372ac94bc9aa2b32a504060736_mv2.jpg","width":552,"height":254},{"@type":"BreadcrumbList","@id":"https:\/\/volcanes.net\/?p=7027#breadcrumb","itemListElement":[{"@type":"ListItem","position":1,"name":"Portada","item":"https:\/\/volcanes.net\/"},{"@type":"ListItem","position":2,"name":"En\u00a0#ValleDeChalco instalan filtros sanitarios"}]},{"@type":"WebSite","@id":"https:\/\/volcanes.net\/#website","url":"https:\/\/volcanes.net\/","name":"Volcanes.Net","description":"Periodismo Profesional","publisher":{"@id":"https:\/\/volcanes.net\/#organization"},"potentialAction":[{"@type":"SearchAction","target":{"@type":"EntryPoint","urlTemplate":"https:\/\/volcanes.net\/?s={search_term_string}"},"query-input":{"@type":"PropertyValueSpecification","valueRequired":true,"valueName":"search_term_string"}}],"inLanguage":"es"},{"@type":"Organization","@id":"https:\/\/volcanes.net\/#organization","name":"Grupo Volcanes","url":"https:\/\/volcanes.net\/","logo":{"@type":"ImageObject","inLanguage":"es","@id":"https:\/\/volcanes.net\/#\/schema\/logo\/image\/","url":"http:\/\/volcanes.net\/wp-content\/uploads\/2017\/12\/Avatar2.jpg","contentUrl":"http:\/\/volcanes.net\/wp-content\/uploads\/2017\/12\/Avatar2.jpg","width":378,"height":378,"caption":"Grupo Volcanes"},"image":{"@id":"https:\/\/volcanes.net\/#\/schema\/logo\/image\/"},"sameAs":["https:\/\/www.facebook.com\/volcanes.net\/"]},{"@type":"Person","@id":"https:\/\/volcanes.net\/#\/schema\/person\/4bf0f383940966a4abd53f5048c0e6b9","name":"admin","image":{"@type":"ImageObject","inLanguage":"es","@id":"https:\/\/volcanes.net\/#\/schema\/person\/image\/","url":"https:\/\/secure.gravatar.com\/avatar\/ca004e6cba8462b8cb7abc86e382930c?s=96&d=mm&r=g","contentUrl":"https:\/\/secure.gravatar.com\/avatar\/ca004e6cba8462b8cb7abc86e382930c?s=96&d=mm&r=g","caption":"admin"}}]}},"_links":{"self":[{"href":"https:\/\/volcanes.net\/index.php?rest_route=\/wp\/v2\/posts\/7027"}],"collection":[{"href":"https:\/\/volcanes.net\/index.php?rest_route=\/wp\/v2\/posts"}],"about":[{"href":"https:\/\/volcanes.net\/index.php?rest_route=\/wp\/v2\/types\/post"}],"author":[{"embeddable":true,"href":"https:\/\/volcanes.net\/index.php?rest_route=\/wp\/v2\/users\/1"}],"replies":[{"embeddable":true,"href":"https:\/\/volcanes.net\/index.php?rest_route=%2Fwp%2Fv2%2Fcomments&post=7027"}],"version-history":[{"count":1,"href":"https:\/\/volcanes.net\/index.php?rest_route=\/wp\/v2\/posts\/7027\/revisions"}],"predecessor-version":[{"id":7029,"href":"https:\/\/volcanes.net\/index.php?rest_route=\/wp\/v2\/posts\/7027\/revisions\/7029"}],"wp:featuredmedia":[{"embeddable":true,"href":"https:\/\/volcanes.net\/index.php?rest_route=\/wp\/v2\/media\/7028"}],"wp:attachment":[{"href":"https:\/\/volcanes.net\/index.php?rest_route=%2Fwp%2Fv2%2Fmedia&parent=7027"}],"wp:term":[{"taxonomy":"category","embeddable":true,"href":"https:\/\/volcanes.net\/index.php?rest_route=%2Fwp%2Fv2%2Fcategories&post=7027"},{"taxonomy":"post_tag","embeddable":true,"href":"https:\/\/volcanes.net\/index.php?rest_route=%2Fwp%2Fv2%2Ftags&post=7027"}],"curies":[{"name":"wp","href":"https:\/\/api.w.org\/{rel}","templated":true}]}}