{"id":7040,"date":"2020-05-22T13:35:43","date_gmt":"2020-05-22T19:35:43","guid":{"rendered":"http:\/\/volcanes.net\/?p=7040"},"modified":"2020-05-22T13:35:43","modified_gmt":"2020-05-22T19:35:43","slug":"en-atlautla-realizan-sanitizacion-de-espacios-publicos-y-algunas-escuelas","status":"publish","type":"post","link":"https:\/\/volcanes.net\/?p=7040","title":{"rendered":"En Atlautla realizan sanitizaci\u00f3n de espacios p\u00fablicos y algunas escuelas"},"content":{"rendered":"<div style=\"margin-top: 0px; margin-bottom: 0px;\" class=\"sharethis-inline-share-buttons\" ><\/div><p>En el municipio de Atlautla bajo la coordinaci\u00f3n de Protecci\u00f3n Civil realiz\u00f3 la sanitizaci\u00f3n de espacios p\u00fablicos y algunas escuelas en las delegaciones Tepecoculco, y Popopark, como medida preventiva para el posterior regreso a clases.<\/p>\n<p><img loading=\"lazy\" decoding=\"async\" class=\"alignnone size-medium wp-image-15815\" src=\"http:\/\/mexiquenses.com\/wp-content\/uploads\/2020\/05\/IMG-20200522-WA0014-225x300.jpg\" sizes=\"(max-width: 225px) 100vw, 225px\" srcset=\"http:\/\/mexiquenses.com\/wp-content\/uploads\/2020\/05\/IMG-20200522-WA0014-225x300.jpg 225w, http:\/\/mexiquenses.com\/wp-content\/uploads\/2020\/05\/IMG-20200522-WA0014-263x350.jpg 263w, http:\/\/mexiquenses.com\/wp-content\/uploads\/2020\/05\/IMG-20200522-WA0014-309x412.jpg 309w, http:\/\/mexiquenses.com\/wp-content\/uploads\/2020\/05\/IMG-20200522-WA0014.jpg 720w\" alt=\"\" width=\"225\" height=\"300\" \/><\/p>\n<p>Cabe mencionar que a\u00fan no hay una fecha definitiva para el regreso a las aulas, estas acciones se estar\u00e1n llevando acabo de forma permanente, hasta el regreso a la normalidad en los inmuebles educativos.<\/p>\n<p><img loading=\"lazy\" decoding=\"async\" class=\"alignnone size-medium wp-image-15816\" src=\"http:\/\/mexiquenses.com\/wp-content\/uploads\/2020\/05\/IMG-20200522-WA0010-225x300.jpg\" sizes=\"(max-width: 225px) 100vw, 225px\" srcset=\"http:\/\/mexiquenses.com\/wp-content\/uploads\/2020\/05\/IMG-20200522-WA0010-225x300.jpg 225w, http:\/\/mexiquenses.com\/wp-content\/uploads\/2020\/05\/IMG-20200522-WA0010-263x350.jpg 263w, http:\/\/mexiquenses.com\/wp-content\/uploads\/2020\/05\/IMG-20200522-WA0010-309x412.jpg 309w, http:\/\/mexiquenses.com\/wp-content\/uploads\/2020\/05\/IMG-20200522-WA0010.jpg 720w\" alt=\"\" width=\"225\" height=\"300\" \/><\/p>\n<p>A pesar de las recomendaciones que la OMS se\u00f1ala sobre la sanitizaci\u00f3n, cabe mencionar que esto llega a perjudicar la salud de los que se encargan de sanitizar, cuando no se cuente con equipo de seguridad, ya que hay ciertas sustancias que debilitan al sistema inmunol\u00f3gico, por ello el gobinero municipal ha entregado equipo a protecci\u00f3n civil para garantizar la salud de todos ellos.<\/p>\n<p><img loading=\"lazy\" decoding=\"async\" class=\"alignnone size-medium wp-image-15817\" src=\"http:\/\/mexiquenses.com\/wp-content\/uploads\/2020\/05\/IMG-20200522-WA0009-300x204.jpg\" sizes=\"(max-width: 300px) 100vw, 300px\" srcset=\"http:\/\/mexiquenses.com\/wp-content\/uploads\/2020\/05\/IMG-20200522-WA0009-300x204.jpg 300w, http:\/\/mexiquenses.com\/wp-content\/uploads\/2020\/05\/IMG-20200522-WA0009-500x341.jpg 500w, http:\/\/mexiquenses.com\/wp-content\/uploads\/2020\/05\/IMG-20200522-WA0009-550x375.jpg 550w, http:\/\/mexiquenses.com\/wp-content\/uploads\/2020\/05\/IMG-20200522-WA0009.jpg 640w\" alt=\"\" width=\"300\" height=\"204\" \/><\/p>\n<p>Sin embargo la sanitizaci{on que se realiza por parte de la coordinaci\u00f3n Municipal de Protecci\u00f3n Civil, se llevan acabo sin la presencia de personas, y se les pide no entrar por un tiempo de 15 minutos que es el tiempo que tarda en secar la mezcla de Hipoclorito concentrado a 1500 ppm(part\u00edculas por mill\u00f3n) por cada litro de agua, siendo una sustancia que una vez seca, no afecta la salud.<\/p>\n","protected":false},"excerpt":{"rendered":"<p>En el municipio de Atlautla bajo la coordinaci\u00f3n de Protecci\u00f3n Civil realiz\u00f3 la sanitizaci\u00f3n de<\/p>\n","protected":false},"author":1,"featured_media":7041,"comment_status":"open","ping_status":"open","sticky":false,"template":"","format":"standard","meta":{"footnotes":""},"categories":[1],"tags":[80],"class_list":["post-7040","post","type-post","status-publish","format-standard","has-post-thumbnail","hentry","category-municipales","tag-atlautla"],"yoast_head":"<!-- This site is optimized with the Yoast SEO plugin v25.3 - https:\/\/yoast.com\/wordpress\/plugins\/seo\/ -->\n<title>En Atlautla realizan sanitizaci\u00f3n de espacios p\u00fablicos y algunas escuelas - Volcanes<\/title>\n<meta name=\"robots\" content=\"index, follow, max-snippet:-1, max-image-preview:large, max-video-preview:-1\" \/>\n<link rel=\"canonical\" href=\"https:\/\/volcanes.net\/?p=7040\" \/>\n<meta property=\"og:locale\" content=\"es_MX\" \/>\n<meta property=\"og:type\" content=\"article\" \/>\n<meta property=\"og:title\" content=\"En Atlautla realizan sanitizaci\u00f3n de espacios p\u00fablicos y algunas escuelas - Volcanes\" \/>\n<meta property=\"og:description\" content=\"En el municipio de Atlautla bajo la coordinaci\u00f3n de Protecci\u00f3n Civil realiz\u00f3 la sanitizaci\u00f3n de\" \/>\n<meta property=\"og:url\" content=\"https:\/\/volcanes.net\/?p=7040\" \/>\n<meta property=\"og:site_name\" content=\"Volcanes\" \/>\n<meta property=\"article:publisher\" content=\"https:\/\/www.facebook.com\/volcanes.net\/\" \/>\n<meta property=\"article:published_time\" content=\"2020-05-22T19:35:43+00:00\" \/>\n<meta property=\"og:image\" content=\"https:\/\/volcanes.net\/wp-content\/uploads\/2020\/05\/IMG-20200522-WA0017.jpg\" \/>\n\t<meta property=\"og:image:width\" content=\"720\" \/>\n\t<meta property=\"og:image:height\" content=\"540\" \/>\n\t<meta property=\"og:image:type\" content=\"image\/jpeg\" \/>\n<meta name=\"author\" content=\"admin\" \/>\n<meta name=\"twitter:card\" content=\"summary_large_image\" \/>\n<meta name=\"twitter:label1\" content=\"Escrito por\" \/>\n\t<meta name=\"twitter:data1\" content=\"admin\" \/>\n\t<meta name=\"twitter:label2\" content=\"Tiempo de lectura\" \/>\n\t<meta name=\"twitter:data2\" content=\"1 minuto\" \/>\n<script type=\"application\/ld+json\" class=\"yoast-schema-graph\">{\"@context\":\"https:\/\/schema.org\",\"@graph\":[{\"@type\":\"Article\",\"@id\":\"https:\/\/volcanes.net\/?p=7040#article\",\"isPartOf\":{\"@id\":\"https:\/\/volcanes.net\/?p=7040\"},\"author\":{\"name\":\"admin\",\"@id\":\"https:\/\/volcanes.net\/#\/schema\/person\/4bf0f383940966a4abd53f5048c0e6b9\"},\"headline\":\"En Atlautla realizan sanitizaci\u00f3n de espacios p\u00fablicos y algunas escuelas\",\"datePublished\":\"2020-05-22T19:35:43+00:00\",\"mainEntityOfPage\":{\"@id\":\"https:\/\/volcanes.net\/?p=7040\"},\"wordCount\":229,\"commentCount\":0,\"publisher\":{\"@id\":\"https:\/\/volcanes.net\/#organization\"},\"image\":{\"@id\":\"https:\/\/volcanes.net\/?p=7040#primaryimage\"},\"thumbnailUrl\":\"https:\/\/volcanes.net\/wp-content\/uploads\/2020\/05\/IMG-20200522-WA0017.jpg\",\"keywords\":[\"Atlautla\"],\"articleSection\":[\"Municipales\"],\"inLanguage\":\"es\",\"potentialAction\":[{\"@type\":\"CommentAction\",\"name\":\"Comment\",\"target\":[\"https:\/\/volcanes.net\/?p=7040#respond\"]}]},{\"@type\":\"WebPage\",\"@id\":\"https:\/\/volcanes.net\/?p=7040\",\"url\":\"https:\/\/volcanes.net\/?p=7040\",\"name\":\"En Atlautla realizan sanitizaci\u00f3n de espacios p\u00fablicos y algunas escuelas - Volcanes\",\"isPartOf\":{\"@id\":\"https:\/\/volcanes.net\/#website\"},\"primaryImageOfPage\":{\"@id\":\"https:\/\/volcanes.net\/?p=7040#primaryimage\"},\"image\":{\"@id\":\"https:\/\/volcanes.net\/?p=7040#primaryimage\"},\"thumbnailUrl\":\"https:\/\/volcanes.net\/wp-content\/uploads\/2020\/05\/IMG-20200522-WA0017.jpg\",\"datePublished\":\"2020-05-22T19:35:43+00:00\",\"breadcrumb\":{\"@id\":\"https:\/\/volcanes.net\/?p=7040#breadcrumb\"},\"inLanguage\":\"es\",\"potentialAction\":[{\"@type\":\"ReadAction\",\"target\":[\"https:\/\/volcanes.net\/?p=7040\"]}]},{\"@type\":\"ImageObject\",\"inLanguage\":\"es\",\"@id\":\"https:\/\/volcanes.net\/?p=7040#primaryimage\",\"url\":\"https:\/\/volcanes.net\/wp-content\/uploads\/2020\/05\/IMG-20200522-WA0017.jpg\",\"contentUrl\":\"https:\/\/volcanes.net\/wp-content\/uploads\/2020\/05\/IMG-20200522-WA0017.jpg\",\"width\":720,\"height\":540},{\"@type\":\"BreadcrumbList\",\"@id\":\"https:\/\/volcanes.net\/?p=7040#breadcrumb\",\"itemListElement\":[{\"@type\":\"ListItem\",\"position\":1,\"name\":\"Portada\",\"item\":\"https:\/\/volcanes.net\/\"},{\"@type\":\"ListItem\",\"position\":2,\"name\":\"En Atlautla realizan sanitizaci\u00f3n de espacios p\u00fablicos y algunas escuelas\"}]},{\"@type\":\"WebSite\",\"@id\":\"https:\/\/volcanes.net\/#website\",\"url\":\"https:\/\/volcanes.net\/\",\"name\":\"Volcanes.Net\",\"description\":\"Periodismo Profesional\",\"publisher\":{\"@id\":\"https:\/\/volcanes.net\/#organization\"},\"potentialAction\":[{\"@type\":\"SearchAction\",\"target\":{\"@type\":\"EntryPoint\",\"urlTemplate\":\"https:\/\/volcanes.net\/?s={search_term_string}\"},\"query-input\":{\"@type\":\"PropertyValueSpecification\",\"valueRequired\":true,\"valueName\":\"search_term_string\"}}],\"inLanguage\":\"es\"},{\"@type\":\"Organization\",\"@id\":\"https:\/\/volcanes.net\/#organization\",\"name\":\"Grupo Volcanes\",\"url\":\"https:\/\/volcanes.net\/\",\"logo\":{\"@type\":\"ImageObject\",\"inLanguage\":\"es\",\"@id\":\"https:\/\/volcanes.net\/#\/schema\/logo\/image\/\",\"url\":\"http:\/\/volcanes.net\/wp-content\/uploads\/2017\/12\/Avatar2.jpg\",\"contentUrl\":\"http:\/\/volcanes.net\/wp-content\/uploads\/2017\/12\/Avatar2.jpg\",\"width\":378,\"height\":378,\"caption\":\"Grupo Volcanes\"},\"image\":{\"@id\":\"https:\/\/volcanes.net\/#\/schema\/logo\/image\/\"},\"sameAs\":[\"https:\/\/www.facebook.com\/volcanes.net\/\"]},{\"@type\":\"Person\",\"@id\":\"https:\/\/volcanes.net\/#\/schema\/person\/4bf0f383940966a4abd53f5048c0e6b9\",\"name\":\"admin\",\"image\":{\"@type\":\"ImageObject\",\"inLanguage\":\"es\",\"@id\":\"https:\/\/volcanes.net\/#\/schema\/person\/image\/\",\"url\":\"https:\/\/secure.gravatar.com\/avatar\/ca004e6cba8462b8cb7abc86e382930c?s=96&d=mm&r=g\",\"contentUrl\":\"https:\/\/secure.gravatar.com\/avatar\/ca004e6cba8462b8cb7abc86e382930c?s=96&d=mm&r=g\",\"caption\":\"admin\"}}]}<\/script>\n<!-- \/ Yoast SEO plugin. -->","yoast_head_json":{"title":"En Atlautla realizan sanitizaci\u00f3n de espacios p\u00fablicos y algunas escuelas - Volcanes","robots":{"index":"index","follow":"follow","max-snippet":"max-snippet:-1","max-image-preview":"max-image-preview:large","max-video-preview":"max-video-preview:-1"},"canonical":"https:\/\/volcanes.net\/?p=7040","og_locale":"es_MX","og_type":"article","og_title":"En Atlautla realizan sanitizaci\u00f3n de espacios p\u00fablicos y algunas escuelas - Volcanes","og_description":"En el municipio de Atlautla bajo la coordinaci\u00f3n de Protecci\u00f3n Civil realiz\u00f3 la sanitizaci\u00f3n de","og_url":"https:\/\/volcanes.net\/?p=7040","og_site_name":"Volcanes","article_publisher":"https:\/\/www.facebook.com\/volcanes.net\/","article_published_time":"2020-05-22T19:35:43+00:00","og_image":[{"width":720,"height":540,"url":"https:\/\/volcanes.net\/wp-content\/uploads\/2020\/05\/IMG-20200522-WA0017.jpg","type":"image\/jpeg"}],"author":"admin","twitter_card":"summary_large_image","twitter_misc":{"Escrito por":"admin","Tiempo de lectura":"1 minuto"},"schema":{"@context":"https:\/\/schema.org","@graph":[{"@type":"Article","@id":"https:\/\/volcanes.net\/?p=7040#article","isPartOf":{"@id":"https:\/\/volcanes.net\/?p=7040"},"author":{"name":"admin","@id":"https:\/\/volcanes.net\/#\/schema\/person\/4bf0f383940966a4abd53f5048c0e6b9"},"headline":"En Atlautla realizan sanitizaci\u00f3n de espacios p\u00fablicos y algunas escuelas","datePublished":"2020-05-22T19:35:43+00:00","mainEntityOfPage":{"@id":"https:\/\/volcanes.net\/?p=7040"},"wordCount":229,"commentCount":0,"publisher":{"@id":"https:\/\/volcanes.net\/#organization"},"image":{"@id":"https:\/\/volcanes.net\/?p=7040#primaryimage"},"thumbnailUrl":"https:\/\/volcanes.net\/wp-content\/uploads\/2020\/05\/IMG-20200522-WA0017.jpg","keywords":["Atlautla"],"articleSection":["Municipales"],"inLanguage":"es","potentialAction":[{"@type":"CommentAction","name":"Comment","target":["https:\/\/volcanes.net\/?p=7040#respond"]}]},{"@type":"WebPage","@id":"https:\/\/volcanes.net\/?p=7040","url":"https:\/\/volcanes.net\/?p=7040","name":"En Atlautla realizan sanitizaci\u00f3n de espacios p\u00fablicos y algunas escuelas - Volcanes","isPartOf":{"@id":"https:\/\/volcanes.net\/#website"},"primaryImageOfPage":{"@id":"https:\/\/volcanes.net\/?p=7040#primaryimage"},"image":{"@id":"https:\/\/volcanes.net\/?p=7040#primaryimage"},"thumbnailUrl":"https:\/\/volcanes.net\/wp-content\/uploads\/2020\/05\/IMG-20200522-WA0017.jpg","datePublished":"2020-05-22T19:35:43+00:00","breadcrumb":{"@id":"https:\/\/volcanes.net\/?p=7040#breadcrumb"},"inLanguage":"es","potentialAction":[{"@type":"ReadAction","target":["https:\/\/volcanes.net\/?p=7040"]}]},{"@type":"ImageObject","inLanguage":"es","@id":"https:\/\/volcanes.net\/?p=7040#primaryimage","url":"https:\/\/volcanes.net\/wp-content\/uploads\/2020\/05\/IMG-20200522-WA0017.jpg","contentUrl":"https:\/\/volcanes.net\/wp-content\/uploads\/2020\/05\/IMG-20200522-WA0017.jpg","width":720,"height":540},{"@type":"BreadcrumbList","@id":"https:\/\/volcanes.net\/?p=7040#breadcrumb","itemListElement":[{"@type":"ListItem","position":1,"name":"Portada","item":"https:\/\/volcanes.net\/"},{"@type":"ListItem","position":2,"name":"En Atlautla realizan sanitizaci\u00f3n de espacios p\u00fablicos y algunas escuelas"}]},{"@type":"WebSite","@id":"https:\/\/volcanes.net\/#website","url":"https:\/\/volcanes.net\/","name":"Volcanes.Net","description":"Periodismo Profesional","publisher":{"@id":"https:\/\/volcanes.net\/#organization"},"potentialAction":[{"@type":"SearchAction","target":{"@type":"EntryPoint","urlTemplate":"https:\/\/volcanes.net\/?s={search_term_string}"},"query-input":{"@type":"PropertyValueSpecification","valueRequired":true,"valueName":"search_term_string"}}],"inLanguage":"es"},{"@type":"Organization","@id":"https:\/\/volcanes.net\/#organization","name":"Grupo Volcanes","url":"https:\/\/volcanes.net\/","logo":{"@type":"ImageObject","inLanguage":"es","@id":"https:\/\/volcanes.net\/#\/schema\/logo\/image\/","url":"http:\/\/volcanes.net\/wp-content\/uploads\/2017\/12\/Avatar2.jpg","contentUrl":"http:\/\/volcanes.net\/wp-content\/uploads\/2017\/12\/Avatar2.jpg","width":378,"height":378,"caption":"Grupo Volcanes"},"image":{"@id":"https:\/\/volcanes.net\/#\/schema\/logo\/image\/"},"sameAs":["https:\/\/www.facebook.com\/volcanes.net\/"]},{"@type":"Person","@id":"https:\/\/volcanes.net\/#\/schema\/person\/4bf0f383940966a4abd53f5048c0e6b9","name":"admin","image":{"@type":"ImageObject","inLanguage":"es","@id":"https:\/\/volcanes.net\/#\/schema\/person\/image\/","url":"https:\/\/secure.gravatar.com\/avatar\/ca004e6cba8462b8cb7abc86e382930c?s=96&d=mm&r=g","contentUrl":"https:\/\/secure.gravatar.com\/avatar\/ca004e6cba8462b8cb7abc86e382930c?s=96&d=mm&r=g","caption":"admin"}}]}},"_links":{"self":[{"href":"https:\/\/volcanes.net\/index.php?rest_route=\/wp\/v2\/posts\/7040"}],"collection":[{"href":"https:\/\/volcanes.net\/index.php?rest_route=\/wp\/v2\/posts"}],"about":[{"href":"https:\/\/volcanes.net\/index.php?rest_route=\/wp\/v2\/types\/post"}],"author":[{"embeddable":true,"href":"https:\/\/volcanes.net\/index.php?rest_route=\/wp\/v2\/users\/1"}],"replies":[{"embeddable":true,"href":"https:\/\/volcanes.net\/index.php?rest_route=%2Fwp%2Fv2%2Fcomments&post=7040"}],"version-history":[{"count":1,"href":"https:\/\/volcanes.net\/index.php?rest_route=\/wp\/v2\/posts\/7040\/revisions"}],"predecessor-version":[{"id":7042,"href":"https:\/\/volcanes.net\/index.php?rest_route=\/wp\/v2\/posts\/7040\/revisions\/7042"}],"wp:featuredmedia":[{"embeddable":true,"href":"https:\/\/volcanes.net\/index.php?rest_route=\/wp\/v2\/media\/7041"}],"wp:attachment":[{"href":"https:\/\/volcanes.net\/index.php?rest_route=%2Fwp%2Fv2%2Fmedia&parent=7040"}],"wp:term":[{"taxonomy":"category","embeddable":true,"href":"https:\/\/volcanes.net\/index.php?rest_route=%2Fwp%2Fv2%2Fcategories&post=7040"},{"taxonomy":"post_tag","embeddable":true,"href":"https:\/\/volcanes.net\/index.php?rest_route=%2Fwp%2Fv2%2Ftags&post=7040"}],"curies":[{"name":"wp","href":"https:\/\/api.w.org\/{rel}","templated":true}]}}