{"id":7082,"date":"2020-05-26T14:18:08","date_gmt":"2020-05-26T20:18:08","guid":{"rendered":"http:\/\/volcanes.net\/?p=7082"},"modified":"2020-05-26T14:18:08","modified_gmt":"2020-05-26T20:18:08","slug":"gobierno-de-temamatla-hace-entrega-de-la-rehabilitacion-del-edificio-delegacional-los-reyes-acatlixhuayan","status":"publish","type":"post","link":"https:\/\/volcanes.net\/?p=7082","title":{"rendered":"Gobierno de #Temamatla hace entrega de la rehabilitaci\u00f3n del edificio delegacional Los Reyes Acatlixhuay\u00e1n"},"content":{"rendered":"<div style=\"margin-top: 0px; margin-bottom: 0px;\" class=\"sharethis-inline-share-buttons\" ><\/div><p>El pasado s\u00e1bado 23 de mayo\u00a0 el gobierno municipal de Temamatla, que preside Juan Martin Orozpe P\u00e9rez\u00a0 hizo entrega de los trabajos de rehabilitaci\u00f3n en el edificio delegacional de Los Reyes Acatlixhuay\u00e1n.<\/p>\n<p>Cabe mencionar que esto se pudo llevar acabo tras una gesti\u00f3n\u00a0 debido que desde el inicio de esta nueva administraci\u00f3n no contaba con un espacio para atender el trabajos\u00a0 de la delegaci\u00f3n, por lo que este nuevo espacio est\u00e1 destinado para la casa de d\u00eda del adulto mayor, adem\u00e1s de que cuenta con un sal\u00f3n de usos m\u00faltiples.<\/p>\n<p>Ante ello el edil coment\u00f3 que se ofrecer\u00e1n\u00a0 servicios en beneficio de la ciudadana, no obstante, se espera que en d\u00edas posteriores se haga entrega de las dem\u00e1s obras las cuales est\u00e1n planteadas del ejercicio 2019.<\/p>\n<p>La regidora de Temamatla Adriana Alc\u00e1ntara recalc\u00f3 el esfuerzo que ha hecho el presidente municipal as\u00ed como el cabildo ante las peticiones que han realizado la ciudadan\u00eda ya que esta obra beneficiar\u00e1 a muchos pobladores<\/p>\n<p>&nbsp;<\/p>\n","protected":false},"excerpt":{"rendered":"<p>El pasado s\u00e1bado 23 de mayo\u00a0 el gobierno municipal de Temamatla, que preside Juan Martin<\/p>\n","protected":false},"author":1,"featured_media":7083,"comment_status":"open","ping_status":"open","sticky":false,"template":"","format":"standard","meta":{"footnotes":""},"categories":[1],"tags":[236],"class_list":["post-7082","post","type-post","status-publish","format-standard","has-post-thumbnail","hentry","category-municipales","tag-temamatla"],"yoast_head":"<!-- This site is optimized with the Yoast SEO plugin v25.3 - https:\/\/yoast.com\/wordpress\/plugins\/seo\/ -->\n<title>Gobierno de #Temamatla hace entrega de la rehabilitaci\u00f3n del edificio delegacional Los Reyes Acatlixhuay\u00e1n - Volcanes<\/title>\n<meta name=\"robots\" content=\"index, follow, max-snippet:-1, max-image-preview:large, max-video-preview:-1\" \/>\n<link rel=\"canonical\" href=\"https:\/\/volcanes.net\/?p=7082\" \/>\n<meta property=\"og:locale\" content=\"es_MX\" \/>\n<meta property=\"og:type\" content=\"article\" \/>\n<meta property=\"og:title\" content=\"Gobierno de #Temamatla hace entrega de la rehabilitaci\u00f3n del edificio delegacional Los Reyes Acatlixhuay\u00e1n - Volcanes\" \/>\n<meta property=\"og:description\" content=\"El pasado s\u00e1bado 23 de mayo\u00a0 el gobierno municipal de Temamatla, que preside Juan Martin\" \/>\n<meta property=\"og:url\" content=\"https:\/\/volcanes.net\/?p=7082\" \/>\n<meta property=\"og:site_name\" content=\"Volcanes\" \/>\n<meta property=\"article:publisher\" content=\"https:\/\/www.facebook.com\/volcanes.net\/\" \/>\n<meta property=\"article:published_time\" content=\"2020-05-26T20:18:08+00:00\" \/>\n<meta property=\"og:image\" content=\"https:\/\/volcanes.net\/wp-content\/uploads\/2020\/05\/61e86822-3458-456a-a9d9-e6429777e812.jpg\" \/>\n\t<meta property=\"og:image:width\" content=\"720\" \/>\n\t<meta property=\"og:image:height\" content=\"408\" \/>\n\t<meta property=\"og:image:type\" content=\"image\/jpeg\" \/>\n<meta name=\"author\" content=\"admin\" \/>\n<meta name=\"twitter:card\" content=\"summary_large_image\" \/>\n<meta name=\"twitter:label1\" content=\"Escrito por\" \/>\n\t<meta name=\"twitter:data1\" content=\"admin\" \/>\n\t<meta name=\"twitter:label2\" content=\"Tiempo de lectura\" \/>\n\t<meta name=\"twitter:data2\" content=\"1 minuto\" \/>\n<script type=\"application\/ld+json\" class=\"yoast-schema-graph\">{\"@context\":\"https:\/\/schema.org\",\"@graph\":[{\"@type\":\"Article\",\"@id\":\"https:\/\/volcanes.net\/?p=7082#article\",\"isPartOf\":{\"@id\":\"https:\/\/volcanes.net\/?p=7082\"},\"author\":{\"name\":\"admin\",\"@id\":\"https:\/\/volcanes.net\/#\/schema\/person\/4bf0f383940966a4abd53f5048c0e6b9\"},\"headline\":\"Gobierno de #Temamatla hace entrega de la rehabilitaci\u00f3n del edificio delegacional Los Reyes Acatlixhuay\u00e1n\",\"datePublished\":\"2020-05-26T20:18:08+00:00\",\"mainEntityOfPage\":{\"@id\":\"https:\/\/volcanes.net\/?p=7082\"},\"wordCount\":193,\"commentCount\":0,\"publisher\":{\"@id\":\"https:\/\/volcanes.net\/#organization\"},\"image\":{\"@id\":\"https:\/\/volcanes.net\/?p=7082#primaryimage\"},\"thumbnailUrl\":\"https:\/\/volcanes.net\/wp-content\/uploads\/2020\/05\/61e86822-3458-456a-a9d9-e6429777e812.jpg\",\"keywords\":[\"Temamatla\"],\"articleSection\":[\"Municipales\"],\"inLanguage\":\"es\",\"potentialAction\":[{\"@type\":\"CommentAction\",\"name\":\"Comment\",\"target\":[\"https:\/\/volcanes.net\/?p=7082#respond\"]}]},{\"@type\":\"WebPage\",\"@id\":\"https:\/\/volcanes.net\/?p=7082\",\"url\":\"https:\/\/volcanes.net\/?p=7082\",\"name\":\"Gobierno de #Temamatla hace entrega de la rehabilitaci\u00f3n del edificio delegacional Los Reyes Acatlixhuay\u00e1n - Volcanes\",\"isPartOf\":{\"@id\":\"https:\/\/volcanes.net\/#website\"},\"primaryImageOfPage\":{\"@id\":\"https:\/\/volcanes.net\/?p=7082#primaryimage\"},\"image\":{\"@id\":\"https:\/\/volcanes.net\/?p=7082#primaryimage\"},\"thumbnailUrl\":\"https:\/\/volcanes.net\/wp-content\/uploads\/2020\/05\/61e86822-3458-456a-a9d9-e6429777e812.jpg\",\"datePublished\":\"2020-05-26T20:18:08+00:00\",\"breadcrumb\":{\"@id\":\"https:\/\/volcanes.net\/?p=7082#breadcrumb\"},\"inLanguage\":\"es\",\"potentialAction\":[{\"@type\":\"ReadAction\",\"target\":[\"https:\/\/volcanes.net\/?p=7082\"]}]},{\"@type\":\"ImageObject\",\"inLanguage\":\"es\",\"@id\":\"https:\/\/volcanes.net\/?p=7082#primaryimage\",\"url\":\"https:\/\/volcanes.net\/wp-content\/uploads\/2020\/05\/61e86822-3458-456a-a9d9-e6429777e812.jpg\",\"contentUrl\":\"https:\/\/volcanes.net\/wp-content\/uploads\/2020\/05\/61e86822-3458-456a-a9d9-e6429777e812.jpg\",\"width\":720,\"height\":408},{\"@type\":\"BreadcrumbList\",\"@id\":\"https:\/\/volcanes.net\/?p=7082#breadcrumb\",\"itemListElement\":[{\"@type\":\"ListItem\",\"position\":1,\"name\":\"Portada\",\"item\":\"https:\/\/volcanes.net\/\"},{\"@type\":\"ListItem\",\"position\":2,\"name\":\"Gobierno de #Temamatla hace entrega de la rehabilitaci\u00f3n del edificio delegacional Los Reyes Acatlixhuay\u00e1n\"}]},{\"@type\":\"WebSite\",\"@id\":\"https:\/\/volcanes.net\/#website\",\"url\":\"https:\/\/volcanes.net\/\",\"name\":\"Volcanes.Net\",\"description\":\"Periodismo Profesional\",\"publisher\":{\"@id\":\"https:\/\/volcanes.net\/#organization\"},\"potentialAction\":[{\"@type\":\"SearchAction\",\"target\":{\"@type\":\"EntryPoint\",\"urlTemplate\":\"https:\/\/volcanes.net\/?s={search_term_string}\"},\"query-input\":{\"@type\":\"PropertyValueSpecification\",\"valueRequired\":true,\"valueName\":\"search_term_string\"}}],\"inLanguage\":\"es\"},{\"@type\":\"Organization\",\"@id\":\"https:\/\/volcanes.net\/#organization\",\"name\":\"Grupo Volcanes\",\"url\":\"https:\/\/volcanes.net\/\",\"logo\":{\"@type\":\"ImageObject\",\"inLanguage\":\"es\",\"@id\":\"https:\/\/volcanes.net\/#\/schema\/logo\/image\/\",\"url\":\"http:\/\/volcanes.net\/wp-content\/uploads\/2017\/12\/Avatar2.jpg\",\"contentUrl\":\"http:\/\/volcanes.net\/wp-content\/uploads\/2017\/12\/Avatar2.jpg\",\"width\":378,\"height\":378,\"caption\":\"Grupo Volcanes\"},\"image\":{\"@id\":\"https:\/\/volcanes.net\/#\/schema\/logo\/image\/\"},\"sameAs\":[\"https:\/\/www.facebook.com\/volcanes.net\/\"]},{\"@type\":\"Person\",\"@id\":\"https:\/\/volcanes.net\/#\/schema\/person\/4bf0f383940966a4abd53f5048c0e6b9\",\"name\":\"admin\",\"image\":{\"@type\":\"ImageObject\",\"inLanguage\":\"es\",\"@id\":\"https:\/\/volcanes.net\/#\/schema\/person\/image\/\",\"url\":\"https:\/\/secure.gravatar.com\/avatar\/ca004e6cba8462b8cb7abc86e382930c?s=96&d=mm&r=g\",\"contentUrl\":\"https:\/\/secure.gravatar.com\/avatar\/ca004e6cba8462b8cb7abc86e382930c?s=96&d=mm&r=g\",\"caption\":\"admin\"}}]}<\/script>\n<!-- \/ Yoast SEO plugin. -->","yoast_head_json":{"title":"Gobierno de #Temamatla hace entrega de la rehabilitaci\u00f3n del edificio delegacional Los Reyes Acatlixhuay\u00e1n - Volcanes","robots":{"index":"index","follow":"follow","max-snippet":"max-snippet:-1","max-image-preview":"max-image-preview:large","max-video-preview":"max-video-preview:-1"},"canonical":"https:\/\/volcanes.net\/?p=7082","og_locale":"es_MX","og_type":"article","og_title":"Gobierno de #Temamatla hace entrega de la rehabilitaci\u00f3n del edificio delegacional Los Reyes Acatlixhuay\u00e1n - Volcanes","og_description":"El pasado s\u00e1bado 23 de mayo\u00a0 el gobierno municipal de Temamatla, que preside Juan Martin","og_url":"https:\/\/volcanes.net\/?p=7082","og_site_name":"Volcanes","article_publisher":"https:\/\/www.facebook.com\/volcanes.net\/","article_published_time":"2020-05-26T20:18:08+00:00","og_image":[{"width":720,"height":408,"url":"https:\/\/volcanes.net\/wp-content\/uploads\/2020\/05\/61e86822-3458-456a-a9d9-e6429777e812.jpg","type":"image\/jpeg"}],"author":"admin","twitter_card":"summary_large_image","twitter_misc":{"Escrito por":"admin","Tiempo de lectura":"1 minuto"},"schema":{"@context":"https:\/\/schema.org","@graph":[{"@type":"Article","@id":"https:\/\/volcanes.net\/?p=7082#article","isPartOf":{"@id":"https:\/\/volcanes.net\/?p=7082"},"author":{"name":"admin","@id":"https:\/\/volcanes.net\/#\/schema\/person\/4bf0f383940966a4abd53f5048c0e6b9"},"headline":"Gobierno de #Temamatla hace entrega de la rehabilitaci\u00f3n del edificio delegacional Los Reyes Acatlixhuay\u00e1n","datePublished":"2020-05-26T20:18:08+00:00","mainEntityOfPage":{"@id":"https:\/\/volcanes.net\/?p=7082"},"wordCount":193,"commentCount":0,"publisher":{"@id":"https:\/\/volcanes.net\/#organization"},"image":{"@id":"https:\/\/volcanes.net\/?p=7082#primaryimage"},"thumbnailUrl":"https:\/\/volcanes.net\/wp-content\/uploads\/2020\/05\/61e86822-3458-456a-a9d9-e6429777e812.jpg","keywords":["Temamatla"],"articleSection":["Municipales"],"inLanguage":"es","potentialAction":[{"@type":"CommentAction","name":"Comment","target":["https:\/\/volcanes.net\/?p=7082#respond"]}]},{"@type":"WebPage","@id":"https:\/\/volcanes.net\/?p=7082","url":"https:\/\/volcanes.net\/?p=7082","name":"Gobierno de #Temamatla hace entrega de la rehabilitaci\u00f3n del edificio delegacional Los Reyes Acatlixhuay\u00e1n - Volcanes","isPartOf":{"@id":"https:\/\/volcanes.net\/#website"},"primaryImageOfPage":{"@id":"https:\/\/volcanes.net\/?p=7082#primaryimage"},"image":{"@id":"https:\/\/volcanes.net\/?p=7082#primaryimage"},"thumbnailUrl":"https:\/\/volcanes.net\/wp-content\/uploads\/2020\/05\/61e86822-3458-456a-a9d9-e6429777e812.jpg","datePublished":"2020-05-26T20:18:08+00:00","breadcrumb":{"@id":"https:\/\/volcanes.net\/?p=7082#breadcrumb"},"inLanguage":"es","potentialAction":[{"@type":"ReadAction","target":["https:\/\/volcanes.net\/?p=7082"]}]},{"@type":"ImageObject","inLanguage":"es","@id":"https:\/\/volcanes.net\/?p=7082#primaryimage","url":"https:\/\/volcanes.net\/wp-content\/uploads\/2020\/05\/61e86822-3458-456a-a9d9-e6429777e812.jpg","contentUrl":"https:\/\/volcanes.net\/wp-content\/uploads\/2020\/05\/61e86822-3458-456a-a9d9-e6429777e812.jpg","width":720,"height":408},{"@type":"BreadcrumbList","@id":"https:\/\/volcanes.net\/?p=7082#breadcrumb","itemListElement":[{"@type":"ListItem","position":1,"name":"Portada","item":"https:\/\/volcanes.net\/"},{"@type":"ListItem","position":2,"name":"Gobierno de #Temamatla hace entrega de la rehabilitaci\u00f3n del edificio delegacional Los Reyes Acatlixhuay\u00e1n"}]},{"@type":"WebSite","@id":"https:\/\/volcanes.net\/#website","url":"https:\/\/volcanes.net\/","name":"Volcanes.Net","description":"Periodismo Profesional","publisher":{"@id":"https:\/\/volcanes.net\/#organization"},"potentialAction":[{"@type":"SearchAction","target":{"@type":"EntryPoint","urlTemplate":"https:\/\/volcanes.net\/?s={search_term_string}"},"query-input":{"@type":"PropertyValueSpecification","valueRequired":true,"valueName":"search_term_string"}}],"inLanguage":"es"},{"@type":"Organization","@id":"https:\/\/volcanes.net\/#organization","name":"Grupo Volcanes","url":"https:\/\/volcanes.net\/","logo":{"@type":"ImageObject","inLanguage":"es","@id":"https:\/\/volcanes.net\/#\/schema\/logo\/image\/","url":"http:\/\/volcanes.net\/wp-content\/uploads\/2017\/12\/Avatar2.jpg","contentUrl":"http:\/\/volcanes.net\/wp-content\/uploads\/2017\/12\/Avatar2.jpg","width":378,"height":378,"caption":"Grupo Volcanes"},"image":{"@id":"https:\/\/volcanes.net\/#\/schema\/logo\/image\/"},"sameAs":["https:\/\/www.facebook.com\/volcanes.net\/"]},{"@type":"Person","@id":"https:\/\/volcanes.net\/#\/schema\/person\/4bf0f383940966a4abd53f5048c0e6b9","name":"admin","image":{"@type":"ImageObject","inLanguage":"es","@id":"https:\/\/volcanes.net\/#\/schema\/person\/image\/","url":"https:\/\/secure.gravatar.com\/avatar\/ca004e6cba8462b8cb7abc86e382930c?s=96&d=mm&r=g","contentUrl":"https:\/\/secure.gravatar.com\/avatar\/ca004e6cba8462b8cb7abc86e382930c?s=96&d=mm&r=g","caption":"admin"}}]}},"_links":{"self":[{"href":"https:\/\/volcanes.net\/index.php?rest_route=\/wp\/v2\/posts\/7082"}],"collection":[{"href":"https:\/\/volcanes.net\/index.php?rest_route=\/wp\/v2\/posts"}],"about":[{"href":"https:\/\/volcanes.net\/index.php?rest_route=\/wp\/v2\/types\/post"}],"author":[{"embeddable":true,"href":"https:\/\/volcanes.net\/index.php?rest_route=\/wp\/v2\/users\/1"}],"replies":[{"embeddable":true,"href":"https:\/\/volcanes.net\/index.php?rest_route=%2Fwp%2Fv2%2Fcomments&post=7082"}],"version-history":[{"count":1,"href":"https:\/\/volcanes.net\/index.php?rest_route=\/wp\/v2\/posts\/7082\/revisions"}],"predecessor-version":[{"id":7084,"href":"https:\/\/volcanes.net\/index.php?rest_route=\/wp\/v2\/posts\/7082\/revisions\/7084"}],"wp:featuredmedia":[{"embeddable":true,"href":"https:\/\/volcanes.net\/index.php?rest_route=\/wp\/v2\/media\/7083"}],"wp:attachment":[{"href":"https:\/\/volcanes.net\/index.php?rest_route=%2Fwp%2Fv2%2Fmedia&parent=7082"}],"wp:term":[{"taxonomy":"category","embeddable":true,"href":"https:\/\/volcanes.net\/index.php?rest_route=%2Fwp%2Fv2%2Fcategories&post=7082"},{"taxonomy":"post_tag","embeddable":true,"href":"https:\/\/volcanes.net\/index.php?rest_route=%2Fwp%2Fv2%2Ftags&post=7082"}],"curies":[{"name":"wp","href":"https:\/\/api.w.org\/{rel}","templated":true}]}}