{"id":7137,"date":"2020-05-29T12:32:46","date_gmt":"2020-05-29T18:32:46","guid":{"rendered":"http:\/\/volcanes.net\/?p=7137"},"modified":"2020-05-29T12:32:46","modified_gmt":"2020-05-29T18:32:46","slug":"concluye-entrega-de-dotaciones-de-desayunos-frios-en-temamatla","status":"publish","type":"post","link":"https:\/\/volcanes.net\/?p=7137","title":{"rendered":"Concluye entrega  de dotaciones de desayunos fr\u00edos en Temamatla"},"content":{"rendered":"<div style=\"margin-top: 0px; margin-bottom: 0px;\" class=\"sharethis-inline-share-buttons\" ><\/div><p>Temamatla, Estado de M\u00e9xico.- La ma\u00f1ana de este viernes 29 de mayo en el municipio de Temamatla, Estado de M\u00e9xico, concluy\u00f3 la entrega de dotaciones de desayunos fr\u00edos de la Escuela Confederaci\u00f3n Nacional Campesina (CNC) correspondiente al turno vespertino; en el evento se encontraba el presidente municipal Juan Mart\u00edn Orozpe P\u00e9rez, la presidenta del DMDIF Rosa Isela D\u00edaz L\u00f3pez as\u00ed como el comit\u00e9 de desayunos y COCICOVI, quienes apoyaron en la entrega.<\/p>\n<p>Cabe mencionar que a lo largo de toda esta semana se hizo la entrega de dotaciones de desayunos fr\u00edos, el cual es un programa que se realiza de manera mensual, donde cerca de 984 alumnos fueron los beneficiados con la entrega de leche, barras de cereal y porciones de fruta seca, las cuales variaron a lo largo de la entrega.<\/p>\n<p>La entrega de la dotaci\u00f3n de desayunos fr\u00edos se realiz\u00f3 en el Auditorio DIF de 8:30 a 10:30 am, y ante la situaci\u00f3n por COVID-19 se solicit\u00f3 solo la presencia de un padre por alumno beneficiado, tomando en cuenta las recomendaciones de la sana distancia.<\/p>\n","protected":false},"excerpt":{"rendered":"<p>Temamatla, Estado de M\u00e9xico.- La ma\u00f1ana de este viernes 29 de mayo en el municipio<\/p>\n","protected":false},"author":1,"featured_media":7138,"comment_status":"open","ping_status":"open","sticky":false,"template":"","format":"standard","meta":{"footnotes":""},"categories":[1],"tags":[236],"class_list":["post-7137","post","type-post","status-publish","format-standard","has-post-thumbnail","hentry","category-municipales","tag-temamatla"],"yoast_head":"<!-- This site is optimized with the Yoast SEO plugin v25.3 - https:\/\/yoast.com\/wordpress\/plugins\/seo\/ -->\n<title>Concluye entrega de dotaciones de desayunos fr\u00edos en Temamatla - Volcanes<\/title>\n<meta name=\"robots\" content=\"index, follow, max-snippet:-1, max-image-preview:large, max-video-preview:-1\" \/>\n<link rel=\"canonical\" href=\"https:\/\/volcanes.net\/?p=7137\" \/>\n<meta property=\"og:locale\" content=\"es_MX\" \/>\n<meta property=\"og:type\" content=\"article\" \/>\n<meta property=\"og:title\" content=\"Concluye entrega de dotaciones de desayunos fr\u00edos en Temamatla - Volcanes\" \/>\n<meta property=\"og:description\" content=\"Temamatla, Estado de M\u00e9xico.- La ma\u00f1ana de este viernes 29 de mayo en el municipio\" \/>\n<meta property=\"og:url\" content=\"https:\/\/volcanes.net\/?p=7137\" \/>\n<meta property=\"og:site_name\" content=\"Volcanes\" \/>\n<meta property=\"article:publisher\" content=\"https:\/\/www.facebook.com\/volcanes.net\/\" \/>\n<meta property=\"article:published_time\" content=\"2020-05-29T18:32:46+00:00\" \/>\n<meta property=\"og:image\" content=\"https:\/\/volcanes.net\/wp-content\/uploads\/2020\/05\/3c51aa32-0c0b-447d-baef-ffac71b5390a.jpg\" \/>\n\t<meta property=\"og:image:width\" content=\"1280\" \/>\n\t<meta property=\"og:image:height\" content=\"960\" \/>\n\t<meta property=\"og:image:type\" content=\"image\/jpeg\" \/>\n<meta name=\"author\" content=\"admin\" \/>\n<meta name=\"twitter:card\" content=\"summary_large_image\" \/>\n<meta name=\"twitter:label1\" content=\"Escrito por\" \/>\n\t<meta name=\"twitter:data1\" content=\"admin\" \/>\n\t<meta name=\"twitter:label2\" content=\"Tiempo de lectura\" \/>\n\t<meta name=\"twitter:data2\" content=\"1 minuto\" \/>\n<script type=\"application\/ld+json\" class=\"yoast-schema-graph\">{\"@context\":\"https:\/\/schema.org\",\"@graph\":[{\"@type\":\"Article\",\"@id\":\"https:\/\/volcanes.net\/?p=7137#article\",\"isPartOf\":{\"@id\":\"https:\/\/volcanes.net\/?p=7137\"},\"author\":{\"name\":\"admin\",\"@id\":\"https:\/\/volcanes.net\/#\/schema\/person\/4bf0f383940966a4abd53f5048c0e6b9\"},\"headline\":\"Concluye entrega de dotaciones de desayunos fr\u00edos en Temamatla\",\"datePublished\":\"2020-05-29T18:32:46+00:00\",\"mainEntityOfPage\":{\"@id\":\"https:\/\/volcanes.net\/?p=7137\"},\"wordCount\":197,\"commentCount\":0,\"publisher\":{\"@id\":\"https:\/\/volcanes.net\/#organization\"},\"image\":{\"@id\":\"https:\/\/volcanes.net\/?p=7137#primaryimage\"},\"thumbnailUrl\":\"https:\/\/volcanes.net\/wp-content\/uploads\/2020\/05\/3c51aa32-0c0b-447d-baef-ffac71b5390a.jpg\",\"keywords\":[\"Temamatla\"],\"articleSection\":[\"Municipales\"],\"inLanguage\":\"es\",\"potentialAction\":[{\"@type\":\"CommentAction\",\"name\":\"Comment\",\"target\":[\"https:\/\/volcanes.net\/?p=7137#respond\"]}]},{\"@type\":\"WebPage\",\"@id\":\"https:\/\/volcanes.net\/?p=7137\",\"url\":\"https:\/\/volcanes.net\/?p=7137\",\"name\":\"Concluye entrega de dotaciones de desayunos fr\u00edos en Temamatla - Volcanes\",\"isPartOf\":{\"@id\":\"https:\/\/volcanes.net\/#website\"},\"primaryImageOfPage\":{\"@id\":\"https:\/\/volcanes.net\/?p=7137#primaryimage\"},\"image\":{\"@id\":\"https:\/\/volcanes.net\/?p=7137#primaryimage\"},\"thumbnailUrl\":\"https:\/\/volcanes.net\/wp-content\/uploads\/2020\/05\/3c51aa32-0c0b-447d-baef-ffac71b5390a.jpg\",\"datePublished\":\"2020-05-29T18:32:46+00:00\",\"breadcrumb\":{\"@id\":\"https:\/\/volcanes.net\/?p=7137#breadcrumb\"},\"inLanguage\":\"es\",\"potentialAction\":[{\"@type\":\"ReadAction\",\"target\":[\"https:\/\/volcanes.net\/?p=7137\"]}]},{\"@type\":\"ImageObject\",\"inLanguage\":\"es\",\"@id\":\"https:\/\/volcanes.net\/?p=7137#primaryimage\",\"url\":\"https:\/\/volcanes.net\/wp-content\/uploads\/2020\/05\/3c51aa32-0c0b-447d-baef-ffac71b5390a.jpg\",\"contentUrl\":\"https:\/\/volcanes.net\/wp-content\/uploads\/2020\/05\/3c51aa32-0c0b-447d-baef-ffac71b5390a.jpg\",\"width\":1280,\"height\":960},{\"@type\":\"BreadcrumbList\",\"@id\":\"https:\/\/volcanes.net\/?p=7137#breadcrumb\",\"itemListElement\":[{\"@type\":\"ListItem\",\"position\":1,\"name\":\"Portada\",\"item\":\"https:\/\/volcanes.net\/\"},{\"@type\":\"ListItem\",\"position\":2,\"name\":\"Concluye entrega de dotaciones de desayunos fr\u00edos en Temamatla\"}]},{\"@type\":\"WebSite\",\"@id\":\"https:\/\/volcanes.net\/#website\",\"url\":\"https:\/\/volcanes.net\/\",\"name\":\"Volcanes.Net\",\"description\":\"Periodismo Profesional\",\"publisher\":{\"@id\":\"https:\/\/volcanes.net\/#organization\"},\"potentialAction\":[{\"@type\":\"SearchAction\",\"target\":{\"@type\":\"EntryPoint\",\"urlTemplate\":\"https:\/\/volcanes.net\/?s={search_term_string}\"},\"query-input\":{\"@type\":\"PropertyValueSpecification\",\"valueRequired\":true,\"valueName\":\"search_term_string\"}}],\"inLanguage\":\"es\"},{\"@type\":\"Organization\",\"@id\":\"https:\/\/volcanes.net\/#organization\",\"name\":\"Grupo Volcanes\",\"url\":\"https:\/\/volcanes.net\/\",\"logo\":{\"@type\":\"ImageObject\",\"inLanguage\":\"es\",\"@id\":\"https:\/\/volcanes.net\/#\/schema\/logo\/image\/\",\"url\":\"http:\/\/volcanes.net\/wp-content\/uploads\/2017\/12\/Avatar2.jpg\",\"contentUrl\":\"http:\/\/volcanes.net\/wp-content\/uploads\/2017\/12\/Avatar2.jpg\",\"width\":378,\"height\":378,\"caption\":\"Grupo Volcanes\"},\"image\":{\"@id\":\"https:\/\/volcanes.net\/#\/schema\/logo\/image\/\"},\"sameAs\":[\"https:\/\/www.facebook.com\/volcanes.net\/\"]},{\"@type\":\"Person\",\"@id\":\"https:\/\/volcanes.net\/#\/schema\/person\/4bf0f383940966a4abd53f5048c0e6b9\",\"name\":\"admin\",\"image\":{\"@type\":\"ImageObject\",\"inLanguage\":\"es\",\"@id\":\"https:\/\/volcanes.net\/#\/schema\/person\/image\/\",\"url\":\"https:\/\/secure.gravatar.com\/avatar\/ca004e6cba8462b8cb7abc86e382930c?s=96&d=mm&r=g\",\"contentUrl\":\"https:\/\/secure.gravatar.com\/avatar\/ca004e6cba8462b8cb7abc86e382930c?s=96&d=mm&r=g\",\"caption\":\"admin\"}}]}<\/script>\n<!-- \/ Yoast SEO plugin. -->","yoast_head_json":{"title":"Concluye entrega de dotaciones de desayunos fr\u00edos en Temamatla - Volcanes","robots":{"index":"index","follow":"follow","max-snippet":"max-snippet:-1","max-image-preview":"max-image-preview:large","max-video-preview":"max-video-preview:-1"},"canonical":"https:\/\/volcanes.net\/?p=7137","og_locale":"es_MX","og_type":"article","og_title":"Concluye entrega de dotaciones de desayunos fr\u00edos en Temamatla - Volcanes","og_description":"Temamatla, Estado de M\u00e9xico.- La ma\u00f1ana de este viernes 29 de mayo en el municipio","og_url":"https:\/\/volcanes.net\/?p=7137","og_site_name":"Volcanes","article_publisher":"https:\/\/www.facebook.com\/volcanes.net\/","article_published_time":"2020-05-29T18:32:46+00:00","og_image":[{"width":1280,"height":960,"url":"https:\/\/volcanes.net\/wp-content\/uploads\/2020\/05\/3c51aa32-0c0b-447d-baef-ffac71b5390a.jpg","type":"image\/jpeg"}],"author":"admin","twitter_card":"summary_large_image","twitter_misc":{"Escrito por":"admin","Tiempo de lectura":"1 minuto"},"schema":{"@context":"https:\/\/schema.org","@graph":[{"@type":"Article","@id":"https:\/\/volcanes.net\/?p=7137#article","isPartOf":{"@id":"https:\/\/volcanes.net\/?p=7137"},"author":{"name":"admin","@id":"https:\/\/volcanes.net\/#\/schema\/person\/4bf0f383940966a4abd53f5048c0e6b9"},"headline":"Concluye entrega de dotaciones de desayunos fr\u00edos en Temamatla","datePublished":"2020-05-29T18:32:46+00:00","mainEntityOfPage":{"@id":"https:\/\/volcanes.net\/?p=7137"},"wordCount":197,"commentCount":0,"publisher":{"@id":"https:\/\/volcanes.net\/#organization"},"image":{"@id":"https:\/\/volcanes.net\/?p=7137#primaryimage"},"thumbnailUrl":"https:\/\/volcanes.net\/wp-content\/uploads\/2020\/05\/3c51aa32-0c0b-447d-baef-ffac71b5390a.jpg","keywords":["Temamatla"],"articleSection":["Municipales"],"inLanguage":"es","potentialAction":[{"@type":"CommentAction","name":"Comment","target":["https:\/\/volcanes.net\/?p=7137#respond"]}]},{"@type":"WebPage","@id":"https:\/\/volcanes.net\/?p=7137","url":"https:\/\/volcanes.net\/?p=7137","name":"Concluye entrega de dotaciones de desayunos fr\u00edos en Temamatla - Volcanes","isPartOf":{"@id":"https:\/\/volcanes.net\/#website"},"primaryImageOfPage":{"@id":"https:\/\/volcanes.net\/?p=7137#primaryimage"},"image":{"@id":"https:\/\/volcanes.net\/?p=7137#primaryimage"},"thumbnailUrl":"https:\/\/volcanes.net\/wp-content\/uploads\/2020\/05\/3c51aa32-0c0b-447d-baef-ffac71b5390a.jpg","datePublished":"2020-05-29T18:32:46+00:00","breadcrumb":{"@id":"https:\/\/volcanes.net\/?p=7137#breadcrumb"},"inLanguage":"es","potentialAction":[{"@type":"ReadAction","target":["https:\/\/volcanes.net\/?p=7137"]}]},{"@type":"ImageObject","inLanguage":"es","@id":"https:\/\/volcanes.net\/?p=7137#primaryimage","url":"https:\/\/volcanes.net\/wp-content\/uploads\/2020\/05\/3c51aa32-0c0b-447d-baef-ffac71b5390a.jpg","contentUrl":"https:\/\/volcanes.net\/wp-content\/uploads\/2020\/05\/3c51aa32-0c0b-447d-baef-ffac71b5390a.jpg","width":1280,"height":960},{"@type":"BreadcrumbList","@id":"https:\/\/volcanes.net\/?p=7137#breadcrumb","itemListElement":[{"@type":"ListItem","position":1,"name":"Portada","item":"https:\/\/volcanes.net\/"},{"@type":"ListItem","position":2,"name":"Concluye entrega de dotaciones de desayunos fr\u00edos en Temamatla"}]},{"@type":"WebSite","@id":"https:\/\/volcanes.net\/#website","url":"https:\/\/volcanes.net\/","name":"Volcanes.Net","description":"Periodismo Profesional","publisher":{"@id":"https:\/\/volcanes.net\/#organization"},"potentialAction":[{"@type":"SearchAction","target":{"@type":"EntryPoint","urlTemplate":"https:\/\/volcanes.net\/?s={search_term_string}"},"query-input":{"@type":"PropertyValueSpecification","valueRequired":true,"valueName":"search_term_string"}}],"inLanguage":"es"},{"@type":"Organization","@id":"https:\/\/volcanes.net\/#organization","name":"Grupo Volcanes","url":"https:\/\/volcanes.net\/","logo":{"@type":"ImageObject","inLanguage":"es","@id":"https:\/\/volcanes.net\/#\/schema\/logo\/image\/","url":"http:\/\/volcanes.net\/wp-content\/uploads\/2017\/12\/Avatar2.jpg","contentUrl":"http:\/\/volcanes.net\/wp-content\/uploads\/2017\/12\/Avatar2.jpg","width":378,"height":378,"caption":"Grupo Volcanes"},"image":{"@id":"https:\/\/volcanes.net\/#\/schema\/logo\/image\/"},"sameAs":["https:\/\/www.facebook.com\/volcanes.net\/"]},{"@type":"Person","@id":"https:\/\/volcanes.net\/#\/schema\/person\/4bf0f383940966a4abd53f5048c0e6b9","name":"admin","image":{"@type":"ImageObject","inLanguage":"es","@id":"https:\/\/volcanes.net\/#\/schema\/person\/image\/","url":"https:\/\/secure.gravatar.com\/avatar\/ca004e6cba8462b8cb7abc86e382930c?s=96&d=mm&r=g","contentUrl":"https:\/\/secure.gravatar.com\/avatar\/ca004e6cba8462b8cb7abc86e382930c?s=96&d=mm&r=g","caption":"admin"}}]}},"_links":{"self":[{"href":"https:\/\/volcanes.net\/index.php?rest_route=\/wp\/v2\/posts\/7137"}],"collection":[{"href":"https:\/\/volcanes.net\/index.php?rest_route=\/wp\/v2\/posts"}],"about":[{"href":"https:\/\/volcanes.net\/index.php?rest_route=\/wp\/v2\/types\/post"}],"author":[{"embeddable":true,"href":"https:\/\/volcanes.net\/index.php?rest_route=\/wp\/v2\/users\/1"}],"replies":[{"embeddable":true,"href":"https:\/\/volcanes.net\/index.php?rest_route=%2Fwp%2Fv2%2Fcomments&post=7137"}],"version-history":[{"count":1,"href":"https:\/\/volcanes.net\/index.php?rest_route=\/wp\/v2\/posts\/7137\/revisions"}],"predecessor-version":[{"id":7139,"href":"https:\/\/volcanes.net\/index.php?rest_route=\/wp\/v2\/posts\/7137\/revisions\/7139"}],"wp:featuredmedia":[{"embeddable":true,"href":"https:\/\/volcanes.net\/index.php?rest_route=\/wp\/v2\/media\/7138"}],"wp:attachment":[{"href":"https:\/\/volcanes.net\/index.php?rest_route=%2Fwp%2Fv2%2Fmedia&parent=7137"}],"wp:term":[{"taxonomy":"category","embeddable":true,"href":"https:\/\/volcanes.net\/index.php?rest_route=%2Fwp%2Fv2%2Fcategories&post=7137"},{"taxonomy":"post_tag","embeddable":true,"href":"https:\/\/volcanes.net\/index.php?rest_route=%2Fwp%2Fv2%2Ftags&post=7137"}],"curies":[{"name":"wp","href":"https:\/\/api.w.org\/{rel}","templated":true}]}}