{"id":7140,"date":"2020-05-29T23:15:22","date_gmt":"2020-05-30T05:15:22","guid":{"rendered":"http:\/\/volcanes.net\/?p=7140"},"modified":"2020-05-29T23:15:22","modified_gmt":"2020-05-30T05:15:22","slug":"en-valle-de-chalco-inicia-programa-de-apoyo-alimentario-a-personas-vulnerables","status":"publish","type":"post","link":"https:\/\/volcanes.net\/?p=7140","title":{"rendered":"En Valle De Chalco inicia programa de apoyo alimentario a personas vulnerables"},"content":{"rendered":"<div style=\"margin-top: 0px; margin-bottom: 0px;\" class=\"sharethis-inline-share-buttons\" ><\/div><p>Esta ma\u00f1ana el Presidente Municipal de Valle de Chalco Solidaridad, Armando Garc\u00eda M\u00e9ndez, encabez\u00f3 la presentaci\u00f3n del Programa Emergente de Apoyo Alimentario a personas vulnerables. La medida beneficia a adultos mayores, madres solteras, personas con discapacidad, y personas que por la contingencia sanitaria han perdido su empleo.<\/p>\n<p>Cabe mencionar que la presentaci\u00f3n del programa se realiz\u00f3 en la explanada municipal, y para acceder a los apoyos, se puso a disposici\u00f3n de la ciudadan\u00eda los tel\u00e9fonos 55 27 32 28 41 y 55 59 02 34 01, y tambi\u00e9n se habilit\u00f3 una l\u00ednea de chat a trav\u00e9s de facebook: Honorable Ayuntamiento de Valle de Chalco 2019-2021 medios de comunicaci\u00f3n que ser\u00e1n atendidos de 09:00 a 15:00 hrs.<br \/>\nCon la implementaci\u00f3n de este programa, el Lic. Garc\u00eda M\u00e9ndez busca garantizar el derecho a la alimentaci\u00f3n de las personas en situaciones de vulnerabilidad, y declar\u00f3 que: \u201cbuscar soluciones que atiendan las necesidades b\u00e1sicas de la poblaci\u00f3n durante la cuarentena es un acto de solidaridad, pero sobre todo de respeto a los derechos humanos\u201d.<\/p>\n<p>En su mensaje, el alcalde tambi\u00e9n subray\u00f3 la importancia de que los programas sociales se enfoquen en buscar soluciones efectivas, y que en su dise\u00f1o se observe el respeto a los derechos humanos.<\/p>\n<p>Por \u00faltimo concluyo a no bajar la guardia ya que nos encontramos en sem\u00e1foro epidemiol\u00f3gico color rojo, exhortando a la ciudadan\u00eda a enfrentar en uni\u00f3n esta situaci\u00f3n, para as\u00ed juntos salir adelante.<\/p>\n<p>&nbsp;<\/p>\n","protected":false},"excerpt":{"rendered":"<p>Esta ma\u00f1ana el Presidente Municipal de Valle de Chalco Solidaridad, Armando Garc\u00eda M\u00e9ndez, encabez\u00f3 la<\/p>\n","protected":false},"author":1,"featured_media":7141,"comment_status":"open","ping_status":"open","sticky":false,"template":"","format":"standard","meta":{"footnotes":""},"categories":[1],"tags":[265,5],"class_list":["post-7140","post","type-post","status-publish","format-standard","has-post-thumbnail","hentry","category-municipales","tag-grupovolcanes","tag-valle-de-chalco"],"yoast_head":"<!-- This site is optimized with the Yoast SEO plugin v25.3 - https:\/\/yoast.com\/wordpress\/plugins\/seo\/ -->\n<title>En Valle De Chalco inicia programa de apoyo alimentario a personas vulnerables - Volcanes<\/title>\n<meta name=\"robots\" content=\"index, follow, max-snippet:-1, max-image-preview:large, max-video-preview:-1\" \/>\n<link rel=\"canonical\" href=\"https:\/\/volcanes.net\/?p=7140\" \/>\n<meta property=\"og:locale\" content=\"es_MX\" \/>\n<meta property=\"og:type\" content=\"article\" \/>\n<meta property=\"og:title\" content=\"En Valle De Chalco inicia programa de apoyo alimentario a personas vulnerables - Volcanes\" \/>\n<meta property=\"og:description\" content=\"Esta ma\u00f1ana el Presidente Municipal de Valle de Chalco Solidaridad, Armando Garc\u00eda M\u00e9ndez, encabez\u00f3 la\" \/>\n<meta property=\"og:url\" content=\"https:\/\/volcanes.net\/?p=7140\" \/>\n<meta property=\"og:site_name\" content=\"Volcanes\" \/>\n<meta property=\"article:publisher\" content=\"https:\/\/www.facebook.com\/volcanes.net\/\" \/>\n<meta property=\"article:published_time\" content=\"2020-05-30T05:15:22+00:00\" \/>\n<meta property=\"og:image\" content=\"https:\/\/volcanes.net\/wp-content\/uploads\/2020\/05\/IMG-20200529-WA0013.jpg\" \/>\n\t<meta property=\"og:image:width\" content=\"1024\" \/>\n\t<meta property=\"og:image:height\" content=\"701\" \/>\n\t<meta property=\"og:image:type\" content=\"image\/jpeg\" \/>\n<meta name=\"author\" content=\"admin\" \/>\n<meta name=\"twitter:card\" content=\"summary_large_image\" \/>\n<meta name=\"twitter:label1\" content=\"Escrito por\" \/>\n\t<meta name=\"twitter:data1\" content=\"admin\" \/>\n\t<meta name=\"twitter:label2\" content=\"Tiempo de lectura\" \/>\n\t<meta name=\"twitter:data2\" content=\"1 minuto\" \/>\n<script type=\"application\/ld+json\" class=\"yoast-schema-graph\">{\"@context\":\"https:\/\/schema.org\",\"@graph\":[{\"@type\":\"Article\",\"@id\":\"https:\/\/volcanes.net\/?p=7140#article\",\"isPartOf\":{\"@id\":\"https:\/\/volcanes.net\/?p=7140\"},\"author\":{\"name\":\"admin\",\"@id\":\"https:\/\/volcanes.net\/#\/schema\/person\/4bf0f383940966a4abd53f5048c0e6b9\"},\"headline\":\"En Valle De Chalco inicia programa de apoyo alimentario a personas vulnerables\",\"datePublished\":\"2020-05-30T05:15:22+00:00\",\"mainEntityOfPage\":{\"@id\":\"https:\/\/volcanes.net\/?p=7140\"},\"wordCount\":262,\"commentCount\":0,\"publisher\":{\"@id\":\"https:\/\/volcanes.net\/#organization\"},\"image\":{\"@id\":\"https:\/\/volcanes.net\/?p=7140#primaryimage\"},\"thumbnailUrl\":\"https:\/\/volcanes.net\/wp-content\/uploads\/2020\/05\/IMG-20200529-WA0013.jpg\",\"keywords\":[\"GrupoVolcanes\",\"Valle de Chalco\"],\"articleSection\":[\"Municipales\"],\"inLanguage\":\"es\",\"potentialAction\":[{\"@type\":\"CommentAction\",\"name\":\"Comment\",\"target\":[\"https:\/\/volcanes.net\/?p=7140#respond\"]}]},{\"@type\":\"WebPage\",\"@id\":\"https:\/\/volcanes.net\/?p=7140\",\"url\":\"https:\/\/volcanes.net\/?p=7140\",\"name\":\"En Valle De Chalco inicia programa de apoyo alimentario a personas vulnerables - Volcanes\",\"isPartOf\":{\"@id\":\"https:\/\/volcanes.net\/#website\"},\"primaryImageOfPage\":{\"@id\":\"https:\/\/volcanes.net\/?p=7140#primaryimage\"},\"image\":{\"@id\":\"https:\/\/volcanes.net\/?p=7140#primaryimage\"},\"thumbnailUrl\":\"https:\/\/volcanes.net\/wp-content\/uploads\/2020\/05\/IMG-20200529-WA0013.jpg\",\"datePublished\":\"2020-05-30T05:15:22+00:00\",\"breadcrumb\":{\"@id\":\"https:\/\/volcanes.net\/?p=7140#breadcrumb\"},\"inLanguage\":\"es\",\"potentialAction\":[{\"@type\":\"ReadAction\",\"target\":[\"https:\/\/volcanes.net\/?p=7140\"]}]},{\"@type\":\"ImageObject\",\"inLanguage\":\"es\",\"@id\":\"https:\/\/volcanes.net\/?p=7140#primaryimage\",\"url\":\"https:\/\/volcanes.net\/wp-content\/uploads\/2020\/05\/IMG-20200529-WA0013.jpg\",\"contentUrl\":\"https:\/\/volcanes.net\/wp-content\/uploads\/2020\/05\/IMG-20200529-WA0013.jpg\",\"width\":1024,\"height\":701},{\"@type\":\"BreadcrumbList\",\"@id\":\"https:\/\/volcanes.net\/?p=7140#breadcrumb\",\"itemListElement\":[{\"@type\":\"ListItem\",\"position\":1,\"name\":\"Portada\",\"item\":\"https:\/\/volcanes.net\/\"},{\"@type\":\"ListItem\",\"position\":2,\"name\":\"En Valle De Chalco inicia programa de apoyo alimentario a personas vulnerables\"}]},{\"@type\":\"WebSite\",\"@id\":\"https:\/\/volcanes.net\/#website\",\"url\":\"https:\/\/volcanes.net\/\",\"name\":\"Volcanes.Net\",\"description\":\"Periodismo Profesional\",\"publisher\":{\"@id\":\"https:\/\/volcanes.net\/#organization\"},\"potentialAction\":[{\"@type\":\"SearchAction\",\"target\":{\"@type\":\"EntryPoint\",\"urlTemplate\":\"https:\/\/volcanes.net\/?s={search_term_string}\"},\"query-input\":{\"@type\":\"PropertyValueSpecification\",\"valueRequired\":true,\"valueName\":\"search_term_string\"}}],\"inLanguage\":\"es\"},{\"@type\":\"Organization\",\"@id\":\"https:\/\/volcanes.net\/#organization\",\"name\":\"Grupo Volcanes\",\"url\":\"https:\/\/volcanes.net\/\",\"logo\":{\"@type\":\"ImageObject\",\"inLanguage\":\"es\",\"@id\":\"https:\/\/volcanes.net\/#\/schema\/logo\/image\/\",\"url\":\"http:\/\/volcanes.net\/wp-content\/uploads\/2017\/12\/Avatar2.jpg\",\"contentUrl\":\"http:\/\/volcanes.net\/wp-content\/uploads\/2017\/12\/Avatar2.jpg\",\"width\":378,\"height\":378,\"caption\":\"Grupo Volcanes\"},\"image\":{\"@id\":\"https:\/\/volcanes.net\/#\/schema\/logo\/image\/\"},\"sameAs\":[\"https:\/\/www.facebook.com\/volcanes.net\/\"]},{\"@type\":\"Person\",\"@id\":\"https:\/\/volcanes.net\/#\/schema\/person\/4bf0f383940966a4abd53f5048c0e6b9\",\"name\":\"admin\",\"image\":{\"@type\":\"ImageObject\",\"inLanguage\":\"es\",\"@id\":\"https:\/\/volcanes.net\/#\/schema\/person\/image\/\",\"url\":\"https:\/\/secure.gravatar.com\/avatar\/ca004e6cba8462b8cb7abc86e382930c?s=96&d=mm&r=g\",\"contentUrl\":\"https:\/\/secure.gravatar.com\/avatar\/ca004e6cba8462b8cb7abc86e382930c?s=96&d=mm&r=g\",\"caption\":\"admin\"}}]}<\/script>\n<!-- \/ Yoast SEO plugin. -->","yoast_head_json":{"title":"En Valle De Chalco inicia programa de apoyo alimentario a personas vulnerables - Volcanes","robots":{"index":"index","follow":"follow","max-snippet":"max-snippet:-1","max-image-preview":"max-image-preview:large","max-video-preview":"max-video-preview:-1"},"canonical":"https:\/\/volcanes.net\/?p=7140","og_locale":"es_MX","og_type":"article","og_title":"En Valle De Chalco inicia programa de apoyo alimentario a personas vulnerables - Volcanes","og_description":"Esta ma\u00f1ana el Presidente Municipal de Valle de Chalco Solidaridad, Armando Garc\u00eda M\u00e9ndez, encabez\u00f3 la","og_url":"https:\/\/volcanes.net\/?p=7140","og_site_name":"Volcanes","article_publisher":"https:\/\/www.facebook.com\/volcanes.net\/","article_published_time":"2020-05-30T05:15:22+00:00","og_image":[{"width":1024,"height":701,"url":"https:\/\/volcanes.net\/wp-content\/uploads\/2020\/05\/IMG-20200529-WA0013.jpg","type":"image\/jpeg"}],"author":"admin","twitter_card":"summary_large_image","twitter_misc":{"Escrito por":"admin","Tiempo de lectura":"1 minuto"},"schema":{"@context":"https:\/\/schema.org","@graph":[{"@type":"Article","@id":"https:\/\/volcanes.net\/?p=7140#article","isPartOf":{"@id":"https:\/\/volcanes.net\/?p=7140"},"author":{"name":"admin","@id":"https:\/\/volcanes.net\/#\/schema\/person\/4bf0f383940966a4abd53f5048c0e6b9"},"headline":"En Valle De Chalco inicia programa de apoyo alimentario a personas vulnerables","datePublished":"2020-05-30T05:15:22+00:00","mainEntityOfPage":{"@id":"https:\/\/volcanes.net\/?p=7140"},"wordCount":262,"commentCount":0,"publisher":{"@id":"https:\/\/volcanes.net\/#organization"},"image":{"@id":"https:\/\/volcanes.net\/?p=7140#primaryimage"},"thumbnailUrl":"https:\/\/volcanes.net\/wp-content\/uploads\/2020\/05\/IMG-20200529-WA0013.jpg","keywords":["GrupoVolcanes","Valle de Chalco"],"articleSection":["Municipales"],"inLanguage":"es","potentialAction":[{"@type":"CommentAction","name":"Comment","target":["https:\/\/volcanes.net\/?p=7140#respond"]}]},{"@type":"WebPage","@id":"https:\/\/volcanes.net\/?p=7140","url":"https:\/\/volcanes.net\/?p=7140","name":"En Valle De Chalco inicia programa de apoyo alimentario a personas vulnerables - Volcanes","isPartOf":{"@id":"https:\/\/volcanes.net\/#website"},"primaryImageOfPage":{"@id":"https:\/\/volcanes.net\/?p=7140#primaryimage"},"image":{"@id":"https:\/\/volcanes.net\/?p=7140#primaryimage"},"thumbnailUrl":"https:\/\/volcanes.net\/wp-content\/uploads\/2020\/05\/IMG-20200529-WA0013.jpg","datePublished":"2020-05-30T05:15:22+00:00","breadcrumb":{"@id":"https:\/\/volcanes.net\/?p=7140#breadcrumb"},"inLanguage":"es","potentialAction":[{"@type":"ReadAction","target":["https:\/\/volcanes.net\/?p=7140"]}]},{"@type":"ImageObject","inLanguage":"es","@id":"https:\/\/volcanes.net\/?p=7140#primaryimage","url":"https:\/\/volcanes.net\/wp-content\/uploads\/2020\/05\/IMG-20200529-WA0013.jpg","contentUrl":"https:\/\/volcanes.net\/wp-content\/uploads\/2020\/05\/IMG-20200529-WA0013.jpg","width":1024,"height":701},{"@type":"BreadcrumbList","@id":"https:\/\/volcanes.net\/?p=7140#breadcrumb","itemListElement":[{"@type":"ListItem","position":1,"name":"Portada","item":"https:\/\/volcanes.net\/"},{"@type":"ListItem","position":2,"name":"En Valle De Chalco inicia programa de apoyo alimentario a personas vulnerables"}]},{"@type":"WebSite","@id":"https:\/\/volcanes.net\/#website","url":"https:\/\/volcanes.net\/","name":"Volcanes.Net","description":"Periodismo Profesional","publisher":{"@id":"https:\/\/volcanes.net\/#organization"},"potentialAction":[{"@type":"SearchAction","target":{"@type":"EntryPoint","urlTemplate":"https:\/\/volcanes.net\/?s={search_term_string}"},"query-input":{"@type":"PropertyValueSpecification","valueRequired":true,"valueName":"search_term_string"}}],"inLanguage":"es"},{"@type":"Organization","@id":"https:\/\/volcanes.net\/#organization","name":"Grupo Volcanes","url":"https:\/\/volcanes.net\/","logo":{"@type":"ImageObject","inLanguage":"es","@id":"https:\/\/volcanes.net\/#\/schema\/logo\/image\/","url":"http:\/\/volcanes.net\/wp-content\/uploads\/2017\/12\/Avatar2.jpg","contentUrl":"http:\/\/volcanes.net\/wp-content\/uploads\/2017\/12\/Avatar2.jpg","width":378,"height":378,"caption":"Grupo Volcanes"},"image":{"@id":"https:\/\/volcanes.net\/#\/schema\/logo\/image\/"},"sameAs":["https:\/\/www.facebook.com\/volcanes.net\/"]},{"@type":"Person","@id":"https:\/\/volcanes.net\/#\/schema\/person\/4bf0f383940966a4abd53f5048c0e6b9","name":"admin","image":{"@type":"ImageObject","inLanguage":"es","@id":"https:\/\/volcanes.net\/#\/schema\/person\/image\/","url":"https:\/\/secure.gravatar.com\/avatar\/ca004e6cba8462b8cb7abc86e382930c?s=96&d=mm&r=g","contentUrl":"https:\/\/secure.gravatar.com\/avatar\/ca004e6cba8462b8cb7abc86e382930c?s=96&d=mm&r=g","caption":"admin"}}]}},"_links":{"self":[{"href":"https:\/\/volcanes.net\/index.php?rest_route=\/wp\/v2\/posts\/7140"}],"collection":[{"href":"https:\/\/volcanes.net\/index.php?rest_route=\/wp\/v2\/posts"}],"about":[{"href":"https:\/\/volcanes.net\/index.php?rest_route=\/wp\/v2\/types\/post"}],"author":[{"embeddable":true,"href":"https:\/\/volcanes.net\/index.php?rest_route=\/wp\/v2\/users\/1"}],"replies":[{"embeddable":true,"href":"https:\/\/volcanes.net\/index.php?rest_route=%2Fwp%2Fv2%2Fcomments&post=7140"}],"version-history":[{"count":1,"href":"https:\/\/volcanes.net\/index.php?rest_route=\/wp\/v2\/posts\/7140\/revisions"}],"predecessor-version":[{"id":7142,"href":"https:\/\/volcanes.net\/index.php?rest_route=\/wp\/v2\/posts\/7140\/revisions\/7142"}],"wp:featuredmedia":[{"embeddable":true,"href":"https:\/\/volcanes.net\/index.php?rest_route=\/wp\/v2\/media\/7141"}],"wp:attachment":[{"href":"https:\/\/volcanes.net\/index.php?rest_route=%2Fwp%2Fv2%2Fmedia&parent=7140"}],"wp:term":[{"taxonomy":"category","embeddable":true,"href":"https:\/\/volcanes.net\/index.php?rest_route=%2Fwp%2Fv2%2Fcategories&post=7140"},{"taxonomy":"post_tag","embeddable":true,"href":"https:\/\/volcanes.net\/index.php?rest_route=%2Fwp%2Fv2%2Ftags&post=7140"}],"curies":[{"name":"wp","href":"https:\/\/api.w.org\/{rel}","templated":true}]}}