{"id":7143,"date":"2020-05-29T23:50:47","date_gmt":"2020-05-30T05:50:47","guid":{"rendered":"http:\/\/volcanes.net\/?p=7143"},"modified":"2020-05-29T23:50:47","modified_gmt":"2020-05-30T05:50:47","slug":"aprehende-fgjem-a-sujeto-que-habria-lesionado-de-gravedad-a-una-menor-de-2-anos-de-edad-hija-de-su-actual-pareja-sentimental-en-valledechalco","status":"publish","type":"post","link":"https:\/\/volcanes.net\/?p=7143","title":{"rendered":"Aprehende FGJEM a sujeto que habr\u00eda lesionado de gravedad a una menor de 2 a\u00f1os de edad, hija de su actual pareja sentimental en #ValledeChalco"},"content":{"rendered":"<div style=\"margin-top: 0px; margin-bottom: 0px;\" class=\"sharethis-inline-share-buttons\" ><\/div><p>Habr\u00eda golpeado con un palo a la peque\u00f1a, caus\u00e1ndole fracturas en ambos brazos, adem\u00e1s le quem\u00f3 los parpados de los ojos.<\/p>\n<p>Esta Instituci\u00f3n investiga adem\u00e1s la probable participaci\u00f3n del detenido en un robo con violencia ocurrido en esta regi\u00f3n de la entidad.<\/p>\n<p>Valle de Chalco, Estado de M\u00e9xico, 29 de mayo de 2020.-\u00a0Agentes de la Polic\u00eda de Investigaci\u00f3n de la Fiscal\u00eda Regional de Amecameca de esta Fiscal\u00eda General de Justicia (FGJEM) cumplimentaron una orden de aprehensi\u00f3n en contra de Mauricio Antonio \u201cN\u201d, quien es investigado por el delito de lesiones agravadas en contra de una menor de 2 a\u00f1os y 10 meses de edad, hija de su actual pareja sentimental.<\/p>\n<p>Este sujeto habr\u00eda golpeado con un palo a la peque\u00f1a, caus\u00e1ndole fracturas en ambos brazos, adem\u00e1s le quem\u00f3 con rodajas de papas los parpados de los ojos.<\/p>\n<p>Esto ocurri\u00f3 el pasado 16 de mayo, en un inmueble de la colonia Independencia, en el municipio de Valle de Chalco, donde la menor se encontraba al cuidado de este sujeto, sin embargo, en un momento \u00e9ste la habr\u00eda atacado.<\/p>\n<p>Una vez que esta Instituci\u00f3n tuvo conocimiento de los hechos, fue iniciada una indagatoria por el delito de lesiones agravadas y fue solicitada a un Juez librar una orden de aprehensi\u00f3n en contra del probable part\u00edcipe.<\/p>\n<p>Cabe mencionar que las lesiones que presenta la menor fueron calificadas por el M\u00e9dico Legista de la FGJEM como de las que ponen en peligro la vida, dejan cicatriz en la cara y disminuci\u00f3n en los \u00f3rganos afectados.<\/p>\n<p>El detenido fue ingresado al Centro Penitenciario y de Reinserci\u00f3n Social de Chalco, donde la Autoridad Judicial habr\u00e1 de determinar su situaci\u00f3n legal, no obstante, se le debe considerar inocente hasta que sea dictada una sentencia condenatoria en su contra.<\/p>\n<p>Esta Instituci\u00f3n investiga adem\u00e1s la probable participaci\u00f3n del detenido en un robo con violencia ocurrido en esta regi\u00f3n de la entidad.<\/p>\n<p>La Fiscal\u00eda General de Justicia estatal hace un llamado a la ciudadan\u00eda para que en caso de que reconozca a este sujeto como probable part\u00edcipe de alg\u00fan otro il\u00edcito, sea denunciado a trav\u00e9s del correo electr\u00f3nico\u00a0<a href=\"mailto:cerotolerancia@edomex.gob.mx\">cerotolerancia@edomex.gob.mx<\/a>, al n\u00famero telef\u00f3nico 800 7028770, o bien, por medio de la aplicaci\u00f3n FGJEdomex, la cual est\u00e1 disponible de manera gratuita para todos los tel\u00e9fonos inteligentes de los sistemas iOS y Android.<\/p>\n<p>&nbsp;<\/p>\n","protected":false},"excerpt":{"rendered":"<p>Habr\u00eda golpeado con un palo a la peque\u00f1a, caus\u00e1ndole fracturas en ambos brazos, adem\u00e1s le<\/p>\n","protected":false},"author":1,"featured_media":7144,"comment_status":"open","ping_status":"open","sticky":false,"template":"","format":"standard","meta":{"footnotes":""},"categories":[1],"tags":[265,5],"class_list":["post-7143","post","type-post","status-publish","format-standard","has-post-thumbnail","hentry","category-municipales","tag-grupovolcanes","tag-valle-de-chalco"],"yoast_head":"<!-- This site is optimized with the Yoast SEO plugin v25.3 - https:\/\/yoast.com\/wordpress\/plugins\/seo\/ -->\n<title>Aprehende FGJEM a sujeto que habr\u00eda lesionado de gravedad a una menor de 2 a\u00f1os de edad, hija de su actual pareja sentimental en #ValledeChalco - Volcanes<\/title>\n<meta name=\"robots\" content=\"index, follow, max-snippet:-1, max-image-preview:large, max-video-preview:-1\" \/>\n<link rel=\"canonical\" href=\"https:\/\/volcanes.net\/?p=7143\" \/>\n<meta property=\"og:locale\" content=\"es_MX\" \/>\n<meta property=\"og:type\" content=\"article\" \/>\n<meta property=\"og:title\" content=\"Aprehende FGJEM a sujeto que habr\u00eda lesionado de gravedad a una menor de 2 a\u00f1os de edad, hija de su actual pareja sentimental en #ValledeChalco - Volcanes\" \/>\n<meta property=\"og:description\" content=\"Habr\u00eda golpeado con un palo a la peque\u00f1a, caus\u00e1ndole fracturas en ambos brazos, adem\u00e1s le\" \/>\n<meta property=\"og:url\" content=\"https:\/\/volcanes.net\/?p=7143\" \/>\n<meta property=\"og:site_name\" content=\"Volcanes\" \/>\n<meta property=\"article:publisher\" content=\"https:\/\/www.facebook.com\/volcanes.net\/\" \/>\n<meta property=\"article:published_time\" content=\"2020-05-30T05:50:47+00:00\" \/>\n<meta property=\"og:image\" content=\"https:\/\/volcanes.net\/wp-content\/uploads\/2020\/05\/FOTO-C666.jpg\" \/>\n\t<meta property=\"og:image:width\" content=\"500\" \/>\n\t<meta property=\"og:image:height\" content=\"685\" \/>\n\t<meta property=\"og:image:type\" content=\"image\/jpeg\" \/>\n<meta name=\"author\" content=\"admin\" \/>\n<meta name=\"twitter:card\" content=\"summary_large_image\" \/>\n<meta name=\"twitter:label1\" content=\"Escrito por\" \/>\n\t<meta name=\"twitter:data1\" content=\"admin\" \/>\n\t<meta name=\"twitter:label2\" content=\"Tiempo de lectura\" \/>\n\t<meta name=\"twitter:data2\" content=\"2 minutos\" \/>\n<script type=\"application\/ld+json\" class=\"yoast-schema-graph\">{\"@context\":\"https:\/\/schema.org\",\"@graph\":[{\"@type\":\"Article\",\"@id\":\"https:\/\/volcanes.net\/?p=7143#article\",\"isPartOf\":{\"@id\":\"https:\/\/volcanes.net\/?p=7143\"},\"author\":{\"name\":\"admin\",\"@id\":\"https:\/\/volcanes.net\/#\/schema\/person\/4bf0f383940966a4abd53f5048c0e6b9\"},\"headline\":\"Aprehende FGJEM a sujeto que habr\u00eda lesionado de gravedad a una menor de 2 a\u00f1os de edad, hija de su actual pareja sentimental en #ValledeChalco\",\"datePublished\":\"2020-05-30T05:50:47+00:00\",\"mainEntityOfPage\":{\"@id\":\"https:\/\/volcanes.net\/?p=7143\"},\"wordCount\":447,\"commentCount\":0,\"publisher\":{\"@id\":\"https:\/\/volcanes.net\/#organization\"},\"image\":{\"@id\":\"https:\/\/volcanes.net\/?p=7143#primaryimage\"},\"thumbnailUrl\":\"https:\/\/volcanes.net\/wp-content\/uploads\/2020\/05\/FOTO-C666.jpg\",\"keywords\":[\"GrupoVolcanes\",\"Valle de Chalco\"],\"articleSection\":[\"Municipales\"],\"inLanguage\":\"es\",\"potentialAction\":[{\"@type\":\"CommentAction\",\"name\":\"Comment\",\"target\":[\"https:\/\/volcanes.net\/?p=7143#respond\"]}]},{\"@type\":\"WebPage\",\"@id\":\"https:\/\/volcanes.net\/?p=7143\",\"url\":\"https:\/\/volcanes.net\/?p=7143\",\"name\":\"Aprehende FGJEM a sujeto que habr\u00eda lesionado de gravedad a una menor de 2 a\u00f1os de edad, hija de su actual pareja sentimental en #ValledeChalco - Volcanes\",\"isPartOf\":{\"@id\":\"https:\/\/volcanes.net\/#website\"},\"primaryImageOfPage\":{\"@id\":\"https:\/\/volcanes.net\/?p=7143#primaryimage\"},\"image\":{\"@id\":\"https:\/\/volcanes.net\/?p=7143#primaryimage\"},\"thumbnailUrl\":\"https:\/\/volcanes.net\/wp-content\/uploads\/2020\/05\/FOTO-C666.jpg\",\"datePublished\":\"2020-05-30T05:50:47+00:00\",\"breadcrumb\":{\"@id\":\"https:\/\/volcanes.net\/?p=7143#breadcrumb\"},\"inLanguage\":\"es\",\"potentialAction\":[{\"@type\":\"ReadAction\",\"target\":[\"https:\/\/volcanes.net\/?p=7143\"]}]},{\"@type\":\"ImageObject\",\"inLanguage\":\"es\",\"@id\":\"https:\/\/volcanes.net\/?p=7143#primaryimage\",\"url\":\"https:\/\/volcanes.net\/wp-content\/uploads\/2020\/05\/FOTO-C666.jpg\",\"contentUrl\":\"https:\/\/volcanes.net\/wp-content\/uploads\/2020\/05\/FOTO-C666.jpg\",\"width\":500,\"height\":685},{\"@type\":\"BreadcrumbList\",\"@id\":\"https:\/\/volcanes.net\/?p=7143#breadcrumb\",\"itemListElement\":[{\"@type\":\"ListItem\",\"position\":1,\"name\":\"Portada\",\"item\":\"https:\/\/volcanes.net\/\"},{\"@type\":\"ListItem\",\"position\":2,\"name\":\"Aprehende FGJEM a sujeto que habr\u00eda lesionado de gravedad a una menor de 2 a\u00f1os de edad, hija de su actual pareja sentimental en #ValledeChalco\"}]},{\"@type\":\"WebSite\",\"@id\":\"https:\/\/volcanes.net\/#website\",\"url\":\"https:\/\/volcanes.net\/\",\"name\":\"Volcanes.Net\",\"description\":\"Periodismo Profesional\",\"publisher\":{\"@id\":\"https:\/\/volcanes.net\/#organization\"},\"potentialAction\":[{\"@type\":\"SearchAction\",\"target\":{\"@type\":\"EntryPoint\",\"urlTemplate\":\"https:\/\/volcanes.net\/?s={search_term_string}\"},\"query-input\":{\"@type\":\"PropertyValueSpecification\",\"valueRequired\":true,\"valueName\":\"search_term_string\"}}],\"inLanguage\":\"es\"},{\"@type\":\"Organization\",\"@id\":\"https:\/\/volcanes.net\/#organization\",\"name\":\"Grupo Volcanes\",\"url\":\"https:\/\/volcanes.net\/\",\"logo\":{\"@type\":\"ImageObject\",\"inLanguage\":\"es\",\"@id\":\"https:\/\/volcanes.net\/#\/schema\/logo\/image\/\",\"url\":\"http:\/\/volcanes.net\/wp-content\/uploads\/2017\/12\/Avatar2.jpg\",\"contentUrl\":\"http:\/\/volcanes.net\/wp-content\/uploads\/2017\/12\/Avatar2.jpg\",\"width\":378,\"height\":378,\"caption\":\"Grupo Volcanes\"},\"image\":{\"@id\":\"https:\/\/volcanes.net\/#\/schema\/logo\/image\/\"},\"sameAs\":[\"https:\/\/www.facebook.com\/volcanes.net\/\"]},{\"@type\":\"Person\",\"@id\":\"https:\/\/volcanes.net\/#\/schema\/person\/4bf0f383940966a4abd53f5048c0e6b9\",\"name\":\"admin\",\"image\":{\"@type\":\"ImageObject\",\"inLanguage\":\"es\",\"@id\":\"https:\/\/volcanes.net\/#\/schema\/person\/image\/\",\"url\":\"https:\/\/secure.gravatar.com\/avatar\/ca004e6cba8462b8cb7abc86e382930c?s=96&d=mm&r=g\",\"contentUrl\":\"https:\/\/secure.gravatar.com\/avatar\/ca004e6cba8462b8cb7abc86e382930c?s=96&d=mm&r=g\",\"caption\":\"admin\"}}]}<\/script>\n<!-- \/ Yoast SEO plugin. -->","yoast_head_json":{"title":"Aprehende FGJEM a sujeto que habr\u00eda lesionado de gravedad a una menor de 2 a\u00f1os de edad, hija de su actual pareja sentimental en #ValledeChalco - Volcanes","robots":{"index":"index","follow":"follow","max-snippet":"max-snippet:-1","max-image-preview":"max-image-preview:large","max-video-preview":"max-video-preview:-1"},"canonical":"https:\/\/volcanes.net\/?p=7143","og_locale":"es_MX","og_type":"article","og_title":"Aprehende FGJEM a sujeto que habr\u00eda lesionado de gravedad a una menor de 2 a\u00f1os de edad, hija de su actual pareja sentimental en #ValledeChalco - Volcanes","og_description":"Habr\u00eda golpeado con un palo a la peque\u00f1a, caus\u00e1ndole fracturas en ambos brazos, adem\u00e1s le","og_url":"https:\/\/volcanes.net\/?p=7143","og_site_name":"Volcanes","article_publisher":"https:\/\/www.facebook.com\/volcanes.net\/","article_published_time":"2020-05-30T05:50:47+00:00","og_image":[{"width":500,"height":685,"url":"https:\/\/volcanes.net\/wp-content\/uploads\/2020\/05\/FOTO-C666.jpg","type":"image\/jpeg"}],"author":"admin","twitter_card":"summary_large_image","twitter_misc":{"Escrito por":"admin","Tiempo de lectura":"2 minutos"},"schema":{"@context":"https:\/\/schema.org","@graph":[{"@type":"Article","@id":"https:\/\/volcanes.net\/?p=7143#article","isPartOf":{"@id":"https:\/\/volcanes.net\/?p=7143"},"author":{"name":"admin","@id":"https:\/\/volcanes.net\/#\/schema\/person\/4bf0f383940966a4abd53f5048c0e6b9"},"headline":"Aprehende FGJEM a sujeto que habr\u00eda lesionado de gravedad a una menor de 2 a\u00f1os de edad, hija de su actual pareja sentimental en #ValledeChalco","datePublished":"2020-05-30T05:50:47+00:00","mainEntityOfPage":{"@id":"https:\/\/volcanes.net\/?p=7143"},"wordCount":447,"commentCount":0,"publisher":{"@id":"https:\/\/volcanes.net\/#organization"},"image":{"@id":"https:\/\/volcanes.net\/?p=7143#primaryimage"},"thumbnailUrl":"https:\/\/volcanes.net\/wp-content\/uploads\/2020\/05\/FOTO-C666.jpg","keywords":["GrupoVolcanes","Valle de Chalco"],"articleSection":["Municipales"],"inLanguage":"es","potentialAction":[{"@type":"CommentAction","name":"Comment","target":["https:\/\/volcanes.net\/?p=7143#respond"]}]},{"@type":"WebPage","@id":"https:\/\/volcanes.net\/?p=7143","url":"https:\/\/volcanes.net\/?p=7143","name":"Aprehende FGJEM a sujeto que habr\u00eda lesionado de gravedad a una menor de 2 a\u00f1os de edad, hija de su actual pareja sentimental en #ValledeChalco - Volcanes","isPartOf":{"@id":"https:\/\/volcanes.net\/#website"},"primaryImageOfPage":{"@id":"https:\/\/volcanes.net\/?p=7143#primaryimage"},"image":{"@id":"https:\/\/volcanes.net\/?p=7143#primaryimage"},"thumbnailUrl":"https:\/\/volcanes.net\/wp-content\/uploads\/2020\/05\/FOTO-C666.jpg","datePublished":"2020-05-30T05:50:47+00:00","breadcrumb":{"@id":"https:\/\/volcanes.net\/?p=7143#breadcrumb"},"inLanguage":"es","potentialAction":[{"@type":"ReadAction","target":["https:\/\/volcanes.net\/?p=7143"]}]},{"@type":"ImageObject","inLanguage":"es","@id":"https:\/\/volcanes.net\/?p=7143#primaryimage","url":"https:\/\/volcanes.net\/wp-content\/uploads\/2020\/05\/FOTO-C666.jpg","contentUrl":"https:\/\/volcanes.net\/wp-content\/uploads\/2020\/05\/FOTO-C666.jpg","width":500,"height":685},{"@type":"BreadcrumbList","@id":"https:\/\/volcanes.net\/?p=7143#breadcrumb","itemListElement":[{"@type":"ListItem","position":1,"name":"Portada","item":"https:\/\/volcanes.net\/"},{"@type":"ListItem","position":2,"name":"Aprehende FGJEM a sujeto que habr\u00eda lesionado de gravedad a una menor de 2 a\u00f1os de edad, hija de su actual pareja sentimental en #ValledeChalco"}]},{"@type":"WebSite","@id":"https:\/\/volcanes.net\/#website","url":"https:\/\/volcanes.net\/","name":"Volcanes.Net","description":"Periodismo Profesional","publisher":{"@id":"https:\/\/volcanes.net\/#organization"},"potentialAction":[{"@type":"SearchAction","target":{"@type":"EntryPoint","urlTemplate":"https:\/\/volcanes.net\/?s={search_term_string}"},"query-input":{"@type":"PropertyValueSpecification","valueRequired":true,"valueName":"search_term_string"}}],"inLanguage":"es"},{"@type":"Organization","@id":"https:\/\/volcanes.net\/#organization","name":"Grupo Volcanes","url":"https:\/\/volcanes.net\/","logo":{"@type":"ImageObject","inLanguage":"es","@id":"https:\/\/volcanes.net\/#\/schema\/logo\/image\/","url":"http:\/\/volcanes.net\/wp-content\/uploads\/2017\/12\/Avatar2.jpg","contentUrl":"http:\/\/volcanes.net\/wp-content\/uploads\/2017\/12\/Avatar2.jpg","width":378,"height":378,"caption":"Grupo Volcanes"},"image":{"@id":"https:\/\/volcanes.net\/#\/schema\/logo\/image\/"},"sameAs":["https:\/\/www.facebook.com\/volcanes.net\/"]},{"@type":"Person","@id":"https:\/\/volcanes.net\/#\/schema\/person\/4bf0f383940966a4abd53f5048c0e6b9","name":"admin","image":{"@type":"ImageObject","inLanguage":"es","@id":"https:\/\/volcanes.net\/#\/schema\/person\/image\/","url":"https:\/\/secure.gravatar.com\/avatar\/ca004e6cba8462b8cb7abc86e382930c?s=96&d=mm&r=g","contentUrl":"https:\/\/secure.gravatar.com\/avatar\/ca004e6cba8462b8cb7abc86e382930c?s=96&d=mm&r=g","caption":"admin"}}]}},"_links":{"self":[{"href":"https:\/\/volcanes.net\/index.php?rest_route=\/wp\/v2\/posts\/7143"}],"collection":[{"href":"https:\/\/volcanes.net\/index.php?rest_route=\/wp\/v2\/posts"}],"about":[{"href":"https:\/\/volcanes.net\/index.php?rest_route=\/wp\/v2\/types\/post"}],"author":[{"embeddable":true,"href":"https:\/\/volcanes.net\/index.php?rest_route=\/wp\/v2\/users\/1"}],"replies":[{"embeddable":true,"href":"https:\/\/volcanes.net\/index.php?rest_route=%2Fwp%2Fv2%2Fcomments&post=7143"}],"version-history":[{"count":1,"href":"https:\/\/volcanes.net\/index.php?rest_route=\/wp\/v2\/posts\/7143\/revisions"}],"predecessor-version":[{"id":7145,"href":"https:\/\/volcanes.net\/index.php?rest_route=\/wp\/v2\/posts\/7143\/revisions\/7145"}],"wp:featuredmedia":[{"embeddable":true,"href":"https:\/\/volcanes.net\/index.php?rest_route=\/wp\/v2\/media\/7144"}],"wp:attachment":[{"href":"https:\/\/volcanes.net\/index.php?rest_route=%2Fwp%2Fv2%2Fmedia&parent=7143"}],"wp:term":[{"taxonomy":"category","embeddable":true,"href":"https:\/\/volcanes.net\/index.php?rest_route=%2Fwp%2Fv2%2Fcategories&post=7143"},{"taxonomy":"post_tag","embeddable":true,"href":"https:\/\/volcanes.net\/index.php?rest_route=%2Fwp%2Fv2%2Ftags&post=7143"}],"curies":[{"name":"wp","href":"https:\/\/api.w.org\/{rel}","templated":true}]}}