{"id":7156,"date":"2020-06-02T16:39:34","date_gmt":"2020-06-02T22:39:34","guid":{"rendered":"http:\/\/volcanes.net\/?p=7156"},"modified":"2020-06-02T16:39:34","modified_gmt":"2020-06-02T22:39:34","slug":"la-ruta-de-las-luciernagas-de-amecameca-abriran-sus-puertas-este-2020-entre-el-6-y-el-15-de-junio","status":"publish","type":"post","link":"https:\/\/volcanes.net\/?p=7156","title":{"rendered":"La Ruta de las Luci\u00e9rnagas de Amecameca abrir\u00e1n sus puertas este 2020, entre el 6 y el 15 de junio."},"content":{"rendered":"<div style=\"margin-top: 0px; margin-bottom: 0px;\" class=\"sharethis-inline-share-buttons\" ><\/div><p>Amecameca, Estado de M\u00e9xico-. La Ruta de las Luci\u00e9rnagas de Amecameca, Estado de M\u00e9xico se re\u00fane por cuarto a\u00f1o consecutivo con la finalidad de dar a conocer sus distintos y muy eficaces, programas de conservaci\u00f3n, cuidado y reproducci\u00f3n de la Luci\u00e9rnaga Photinus Palaciosi. Los santuarios que la conforman son, de hecho, precursores en el turismo de naturaleza enfocados espec\u00edficamente en esta especie y abrir\u00e1n sus puertas este 2020, entre el 6 y el 15 de junio.<\/p>\n<p>Bosque Esmeralda, Rancho Del Valle y Ecotur\u00edstico Chalma siguen promoviendo el turismo responsable y el contacto con la naturaleza, aunque este a\u00f1o en especial, veremos muchos cambios en el formato y organizaci\u00f3n de sus recorridos para el avistamiento a casusa de la reciente pandemia COVID-19 y las medidas de sanidad que de \u00e9sta derivaron. Llevan semanas trabajando para que las familias de M\u00e9xico y el resto de los pa\u00edses que les visitan tengan garant\u00eda absoluta de una estancia segura y salubre.<\/p>\n<p>La pandemia COVID-19 no s\u00f3lo vino a reforzar y perfeccionar las buenas pr\u00e1cticas con las que ya se contaban, sino que, como muchas otras especies de fauna alrededor del mundo, las luci\u00e9rnagas no se hicieron esperar y llegaron con antelaci\u00f3n y una intensificaci\u00f3n muy notable en su poblaci\u00f3n, por ello Secretaria de Turismo del Estado de M\u00e9xico contin\u00faa impulsando este proyecto que ha colocado a los tres santuarios de Amecameca dentro de los de mayor renombre en todo el pa\u00eds.<\/p>\n<p>La conservaci\u00f3n de los bosques de pino y encino que hacen de\u00a0 la regi\u00f3n fr\u00eda y subh\u00fameda, un ecosistema perfecto para la reproducci\u00f3n del cole\u00f3ptero luminoso, ha sido la bandera de esta Ruta, ya que llevan m\u00e1s de 15 a\u00f1os en obras de reforestaci\u00f3n, mantenimiento, cercado, acomodo de material muerto, brechas contrafuego y por supuesto, el abandono y rechazo al c\u00famulo de productos qu\u00edmicos que pudiesen da\u00f1ar a las luci\u00e9rnagas.<\/p>\n<p><strong><em>Photinus palaciosi<\/em><\/strong>\u00a0es la luci\u00e9rnaga end\u00e9mica del eje Neovolc\u00e1nico transversal perteneciente a los bosques de Tlaxcala, Puebla y Estado de M\u00e9xico. Actualmente los tres sitios de avistamiento realizan actividades de investigaci\u00f3n, restauraci\u00f3n y educaci\u00f3n ambiental con el apoyo de la Divisi\u00f3n de Ciencias Forestales (DICIFO) de la Universidad Aut\u00f3noma Chapingo (UACh) y el Instituto de Ecolog\u00eda de la Universidad Aut\u00f3noma de M\u00e9xico (UNAM).<\/p>\n<p>Bosque Esmeralda cuenta con su registro como Unidad de Manejo Ambiental para la Conservaci\u00f3n de la Vida Silvestre (UMA) denominada\u00a0<strong><em>\u201cBosque de Hadas\u201d<\/em><\/strong>; hoy sigue siendo la \u00fanica de todo el pa\u00eds. En este sitio el turismo podr\u00e1 realizar caminatas guiadas por el santuario a trav\u00e9s de sus senderos en donde el espect\u00e1culo natural de las luci\u00e9rnagas simula caminar entre las estrellas. Al finalizar la danza de las luci\u00e9rnagas o cortejo de luz el turismo podr\u00e1 descansar en c\u00f3modas caba\u00f1as con capacidad para 30 hu\u00e9spedes por noche y al despertar disfrutar\u00e1 de una vista majestuosa al volc\u00e1n Iztacc\u00edhuatl que te invita a vivir una experiencia al natural.<\/p>\n<p>Rancho del Valle, por otro lado, cuenta con una tradici\u00f3n de m\u00e1s de 2 d\u00e9cadas en la producci\u00f3n de l\u00e1cteos. En el Restaurante Los Adobes los turistas podr\u00e1n disfrutar de la gastronom\u00eda regional acompa\u00f1ada de quesos de origen europeo, cajeta y huevo con est\u00e1ndares de producci\u00f3n no industrializados y naturales. Sus siete c\u00f3modas caba\u00f1as ecol\u00f3gicas y 2 habitaciones est\u00e1n hechas de paja, suman una capacidad de 60 hu\u00e9spedes por noche; son un espacio de descanso y una experiencia singular que se complementa con la vista a su santuario de luci\u00e9rnagas que tiene varios puntos de observaci\u00f3n en sus m\u00e1s de tres kil\u00f3metros de senderos que corren a trav\u00e9s de la plantaci\u00f3n de \u00e1rboles de navidad con la que cuentan. Su mirador hace que las luces del pueblo de Amecameca se fusionen con los destellos de luz de cada luci\u00e9rnaga.<\/p>\n<p>Ecotur\u00edstico Chalma es considerada desde el 2018, la primera \u00c1rea Destinada Voluntariamente a la Conservaci\u00f3n (ADVC) en el Estado de M\u00e9xico por parte de la Comisi\u00f3n Nacional de \u00c1reas Naturales Protegidas (CONNANP) en este lugar el turismo podr\u00e1 disfrutar de la cascada de Tetlalcolulco con una altura superior a los 80 m;\u00a0 justo a la mitad de dicho afluente se encuentra el centro prehisp\u00e1nico de iniciaci\u00f3n de curanderos, tiemperos y graniceros, el tercero en importancia de la regi\u00f3n de los volcanes; y su alrededor en \u00e9poca de lluvias miles de luci\u00e9rnagas destellan su luz por el bosque.<\/p>\n<p>La temporada del avistamiento de luci\u00e9rnagas, contempla para este 2020, \u00fanicamente los meses de junio, julio y agosto, teniendo como un horario establecido de ingreso a los santuarios de las 18:30 horas para iniciar los recorridos a las 20:15 horas en cualquiera de las tres reservas naturales que brindan el servicio. Es necesario precisar que las medidas de sanidad aplicables ser\u00e1n r\u00edgidas e inapelables; podr\u00e1n ser consultadas a trav\u00e9s de redes sociales y WhatsApp. Sabemos que ser\u00e1 una experiencia diferente en tiempos de pandemia COVID-19, sin embargo, estamos seguros que demostraremos muestra sensibilidad por el respeto de la naturaleza, acatando cada una de las disposiciones de salud para llevar a cabo los recorridos en nuestros santuarios.<\/p>\n","protected":false},"excerpt":{"rendered":"<p>Amecameca, Estado de M\u00e9xico-. La Ruta de las Luci\u00e9rnagas de Amecameca, Estado de M\u00e9xico se<\/p>\n","protected":false},"author":1,"featured_media":7157,"comment_status":"open","ping_status":"open","sticky":false,"template":"","format":"standard","meta":{"footnotes":""},"categories":[1],"tags":[7],"class_list":["post-7156","post","type-post","status-publish","format-standard","has-post-thumbnail","hentry","category-municipales","tag-amecameca"],"yoast_head":"<!-- This site is optimized with the Yoast SEO plugin v25.3 - https:\/\/yoast.com\/wordpress\/plugins\/seo\/ -->\n<title>La Ruta de las Luci\u00e9rnagas de Amecameca abrir\u00e1n sus puertas este 2020, entre el 6 y el 15 de junio. - Volcanes<\/title>\n<meta name=\"robots\" content=\"index, follow, max-snippet:-1, max-image-preview:large, max-video-preview:-1\" \/>\n<link rel=\"canonical\" href=\"https:\/\/volcanes.net\/?p=7156\" \/>\n<meta property=\"og:locale\" content=\"es_MX\" \/>\n<meta property=\"og:type\" content=\"article\" \/>\n<meta property=\"og:title\" content=\"La Ruta de las Luci\u00e9rnagas de Amecameca abrir\u00e1n sus puertas este 2020, entre el 6 y el 15 de junio. - Volcanes\" \/>\n<meta property=\"og:description\" content=\"Amecameca, Estado de M\u00e9xico-. La Ruta de las Luci\u00e9rnagas de Amecameca, Estado de M\u00e9xico se\" \/>\n<meta property=\"og:url\" content=\"https:\/\/volcanes.net\/?p=7156\" \/>\n<meta property=\"og:site_name\" content=\"Volcanes\" \/>\n<meta property=\"article:publisher\" content=\"https:\/\/www.facebook.com\/volcanes.net\/\" \/>\n<meta property=\"article:published_time\" content=\"2020-06-02T22:39:34+00:00\" \/>\n<meta property=\"og:image\" content=\"https:\/\/volcanes.net\/wp-content\/uploads\/2020\/06\/ef2c70e2-50e2-4464-8e42-fe681c7f3cbd_opt.jpg\" \/>\n\t<meta property=\"og:image:width\" content=\"400\" \/>\n\t<meta property=\"og:image:height\" content=\"266\" \/>\n\t<meta property=\"og:image:type\" content=\"image\/jpeg\" \/>\n<meta name=\"author\" content=\"admin\" \/>\n<meta name=\"twitter:card\" content=\"summary_large_image\" \/>\n<meta name=\"twitter:label1\" content=\"Escrito por\" \/>\n\t<meta name=\"twitter:data1\" content=\"admin\" \/>\n\t<meta name=\"twitter:label2\" content=\"Tiempo de lectura\" \/>\n\t<meta name=\"twitter:data2\" content=\"5 minutos\" \/>\n<script type=\"application\/ld+json\" class=\"yoast-schema-graph\">{\"@context\":\"https:\/\/schema.org\",\"@graph\":[{\"@type\":\"Article\",\"@id\":\"https:\/\/volcanes.net\/?p=7156#article\",\"isPartOf\":{\"@id\":\"https:\/\/volcanes.net\/?p=7156\"},\"author\":{\"name\":\"admin\",\"@id\":\"https:\/\/volcanes.net\/#\/schema\/person\/4bf0f383940966a4abd53f5048c0e6b9\"},\"headline\":\"La Ruta de las Luci\u00e9rnagas de Amecameca abrir\u00e1n sus puertas este 2020, entre el 6 y el 15 de junio.\",\"datePublished\":\"2020-06-02T22:39:34+00:00\",\"mainEntityOfPage\":{\"@id\":\"https:\/\/volcanes.net\/?p=7156\"},\"wordCount\":931,\"commentCount\":0,\"publisher\":{\"@id\":\"https:\/\/volcanes.net\/#organization\"},\"image\":{\"@id\":\"https:\/\/volcanes.net\/?p=7156#primaryimage\"},\"thumbnailUrl\":\"https:\/\/volcanes.net\/wp-content\/uploads\/2020\/06\/ef2c70e2-50e2-4464-8e42-fe681c7f3cbd_opt.jpg\",\"keywords\":[\"Amecameca\"],\"articleSection\":[\"Municipales\"],\"inLanguage\":\"es\",\"potentialAction\":[{\"@type\":\"CommentAction\",\"name\":\"Comment\",\"target\":[\"https:\/\/volcanes.net\/?p=7156#respond\"]}]},{\"@type\":\"WebPage\",\"@id\":\"https:\/\/volcanes.net\/?p=7156\",\"url\":\"https:\/\/volcanes.net\/?p=7156\",\"name\":\"La Ruta de las Luci\u00e9rnagas de Amecameca abrir\u00e1n sus puertas este 2020, entre el 6 y el 15 de junio. - Volcanes\",\"isPartOf\":{\"@id\":\"https:\/\/volcanes.net\/#website\"},\"primaryImageOfPage\":{\"@id\":\"https:\/\/volcanes.net\/?p=7156#primaryimage\"},\"image\":{\"@id\":\"https:\/\/volcanes.net\/?p=7156#primaryimage\"},\"thumbnailUrl\":\"https:\/\/volcanes.net\/wp-content\/uploads\/2020\/06\/ef2c70e2-50e2-4464-8e42-fe681c7f3cbd_opt.jpg\",\"datePublished\":\"2020-06-02T22:39:34+00:00\",\"breadcrumb\":{\"@id\":\"https:\/\/volcanes.net\/?p=7156#breadcrumb\"},\"inLanguage\":\"es\",\"potentialAction\":[{\"@type\":\"ReadAction\",\"target\":[\"https:\/\/volcanes.net\/?p=7156\"]}]},{\"@type\":\"ImageObject\",\"inLanguage\":\"es\",\"@id\":\"https:\/\/volcanes.net\/?p=7156#primaryimage\",\"url\":\"https:\/\/volcanes.net\/wp-content\/uploads\/2020\/06\/ef2c70e2-50e2-4464-8e42-fe681c7f3cbd_opt.jpg\",\"contentUrl\":\"https:\/\/volcanes.net\/wp-content\/uploads\/2020\/06\/ef2c70e2-50e2-4464-8e42-fe681c7f3cbd_opt.jpg\",\"width\":400,\"height\":266},{\"@type\":\"BreadcrumbList\",\"@id\":\"https:\/\/volcanes.net\/?p=7156#breadcrumb\",\"itemListElement\":[{\"@type\":\"ListItem\",\"position\":1,\"name\":\"Portada\",\"item\":\"https:\/\/volcanes.net\/\"},{\"@type\":\"ListItem\",\"position\":2,\"name\":\"La Ruta de las Luci\u00e9rnagas de Amecameca abrir\u00e1n sus puertas este 2020, entre el 6 y el 15 de junio.\"}]},{\"@type\":\"WebSite\",\"@id\":\"https:\/\/volcanes.net\/#website\",\"url\":\"https:\/\/volcanes.net\/\",\"name\":\"Volcanes.Net\",\"description\":\"Periodismo Profesional\",\"publisher\":{\"@id\":\"https:\/\/volcanes.net\/#organization\"},\"potentialAction\":[{\"@type\":\"SearchAction\",\"target\":{\"@type\":\"EntryPoint\",\"urlTemplate\":\"https:\/\/volcanes.net\/?s={search_term_string}\"},\"query-input\":{\"@type\":\"PropertyValueSpecification\",\"valueRequired\":true,\"valueName\":\"search_term_string\"}}],\"inLanguage\":\"es\"},{\"@type\":\"Organization\",\"@id\":\"https:\/\/volcanes.net\/#organization\",\"name\":\"Grupo Volcanes\",\"url\":\"https:\/\/volcanes.net\/\",\"logo\":{\"@type\":\"ImageObject\",\"inLanguage\":\"es\",\"@id\":\"https:\/\/volcanes.net\/#\/schema\/logo\/image\/\",\"url\":\"http:\/\/volcanes.net\/wp-content\/uploads\/2017\/12\/Avatar2.jpg\",\"contentUrl\":\"http:\/\/volcanes.net\/wp-content\/uploads\/2017\/12\/Avatar2.jpg\",\"width\":378,\"height\":378,\"caption\":\"Grupo Volcanes\"},\"image\":{\"@id\":\"https:\/\/volcanes.net\/#\/schema\/logo\/image\/\"},\"sameAs\":[\"https:\/\/www.facebook.com\/volcanes.net\/\"]},{\"@type\":\"Person\",\"@id\":\"https:\/\/volcanes.net\/#\/schema\/person\/4bf0f383940966a4abd53f5048c0e6b9\",\"name\":\"admin\",\"image\":{\"@type\":\"ImageObject\",\"inLanguage\":\"es\",\"@id\":\"https:\/\/volcanes.net\/#\/schema\/person\/image\/\",\"url\":\"https:\/\/secure.gravatar.com\/avatar\/ca004e6cba8462b8cb7abc86e382930c?s=96&d=mm&r=g\",\"contentUrl\":\"https:\/\/secure.gravatar.com\/avatar\/ca004e6cba8462b8cb7abc86e382930c?s=96&d=mm&r=g\",\"caption\":\"admin\"}}]}<\/script>\n<!-- \/ Yoast SEO plugin. -->","yoast_head_json":{"title":"La Ruta de las Luci\u00e9rnagas de Amecameca abrir\u00e1n sus puertas este 2020, entre el 6 y el 15 de junio. - Volcanes","robots":{"index":"index","follow":"follow","max-snippet":"max-snippet:-1","max-image-preview":"max-image-preview:large","max-video-preview":"max-video-preview:-1"},"canonical":"https:\/\/volcanes.net\/?p=7156","og_locale":"es_MX","og_type":"article","og_title":"La Ruta de las Luci\u00e9rnagas de Amecameca abrir\u00e1n sus puertas este 2020, entre el 6 y el 15 de junio. - Volcanes","og_description":"Amecameca, Estado de M\u00e9xico-. La Ruta de las Luci\u00e9rnagas de Amecameca, Estado de M\u00e9xico se","og_url":"https:\/\/volcanes.net\/?p=7156","og_site_name":"Volcanes","article_publisher":"https:\/\/www.facebook.com\/volcanes.net\/","article_published_time":"2020-06-02T22:39:34+00:00","og_image":[{"width":400,"height":266,"url":"https:\/\/volcanes.net\/wp-content\/uploads\/2020\/06\/ef2c70e2-50e2-4464-8e42-fe681c7f3cbd_opt.jpg","type":"image\/jpeg"}],"author":"admin","twitter_card":"summary_large_image","twitter_misc":{"Escrito por":"admin","Tiempo de lectura":"5 minutos"},"schema":{"@context":"https:\/\/schema.org","@graph":[{"@type":"Article","@id":"https:\/\/volcanes.net\/?p=7156#article","isPartOf":{"@id":"https:\/\/volcanes.net\/?p=7156"},"author":{"name":"admin","@id":"https:\/\/volcanes.net\/#\/schema\/person\/4bf0f383940966a4abd53f5048c0e6b9"},"headline":"La Ruta de las Luci\u00e9rnagas de Amecameca abrir\u00e1n sus puertas este 2020, entre el 6 y el 15 de junio.","datePublished":"2020-06-02T22:39:34+00:00","mainEntityOfPage":{"@id":"https:\/\/volcanes.net\/?p=7156"},"wordCount":931,"commentCount":0,"publisher":{"@id":"https:\/\/volcanes.net\/#organization"},"image":{"@id":"https:\/\/volcanes.net\/?p=7156#primaryimage"},"thumbnailUrl":"https:\/\/volcanes.net\/wp-content\/uploads\/2020\/06\/ef2c70e2-50e2-4464-8e42-fe681c7f3cbd_opt.jpg","keywords":["Amecameca"],"articleSection":["Municipales"],"inLanguage":"es","potentialAction":[{"@type":"CommentAction","name":"Comment","target":["https:\/\/volcanes.net\/?p=7156#respond"]}]},{"@type":"WebPage","@id":"https:\/\/volcanes.net\/?p=7156","url":"https:\/\/volcanes.net\/?p=7156","name":"La Ruta de las Luci\u00e9rnagas de Amecameca abrir\u00e1n sus puertas este 2020, entre el 6 y el 15 de junio. - Volcanes","isPartOf":{"@id":"https:\/\/volcanes.net\/#website"},"primaryImageOfPage":{"@id":"https:\/\/volcanes.net\/?p=7156#primaryimage"},"image":{"@id":"https:\/\/volcanes.net\/?p=7156#primaryimage"},"thumbnailUrl":"https:\/\/volcanes.net\/wp-content\/uploads\/2020\/06\/ef2c70e2-50e2-4464-8e42-fe681c7f3cbd_opt.jpg","datePublished":"2020-06-02T22:39:34+00:00","breadcrumb":{"@id":"https:\/\/volcanes.net\/?p=7156#breadcrumb"},"inLanguage":"es","potentialAction":[{"@type":"ReadAction","target":["https:\/\/volcanes.net\/?p=7156"]}]},{"@type":"ImageObject","inLanguage":"es","@id":"https:\/\/volcanes.net\/?p=7156#primaryimage","url":"https:\/\/volcanes.net\/wp-content\/uploads\/2020\/06\/ef2c70e2-50e2-4464-8e42-fe681c7f3cbd_opt.jpg","contentUrl":"https:\/\/volcanes.net\/wp-content\/uploads\/2020\/06\/ef2c70e2-50e2-4464-8e42-fe681c7f3cbd_opt.jpg","width":400,"height":266},{"@type":"BreadcrumbList","@id":"https:\/\/volcanes.net\/?p=7156#breadcrumb","itemListElement":[{"@type":"ListItem","position":1,"name":"Portada","item":"https:\/\/volcanes.net\/"},{"@type":"ListItem","position":2,"name":"La Ruta de las Luci\u00e9rnagas de Amecameca abrir\u00e1n sus puertas este 2020, entre el 6 y el 15 de junio."}]},{"@type":"WebSite","@id":"https:\/\/volcanes.net\/#website","url":"https:\/\/volcanes.net\/","name":"Volcanes.Net","description":"Periodismo Profesional","publisher":{"@id":"https:\/\/volcanes.net\/#organization"},"potentialAction":[{"@type":"SearchAction","target":{"@type":"EntryPoint","urlTemplate":"https:\/\/volcanes.net\/?s={search_term_string}"},"query-input":{"@type":"PropertyValueSpecification","valueRequired":true,"valueName":"search_term_string"}}],"inLanguage":"es"},{"@type":"Organization","@id":"https:\/\/volcanes.net\/#organization","name":"Grupo Volcanes","url":"https:\/\/volcanes.net\/","logo":{"@type":"ImageObject","inLanguage":"es","@id":"https:\/\/volcanes.net\/#\/schema\/logo\/image\/","url":"http:\/\/volcanes.net\/wp-content\/uploads\/2017\/12\/Avatar2.jpg","contentUrl":"http:\/\/volcanes.net\/wp-content\/uploads\/2017\/12\/Avatar2.jpg","width":378,"height":378,"caption":"Grupo Volcanes"},"image":{"@id":"https:\/\/volcanes.net\/#\/schema\/logo\/image\/"},"sameAs":["https:\/\/www.facebook.com\/volcanes.net\/"]},{"@type":"Person","@id":"https:\/\/volcanes.net\/#\/schema\/person\/4bf0f383940966a4abd53f5048c0e6b9","name":"admin","image":{"@type":"ImageObject","inLanguage":"es","@id":"https:\/\/volcanes.net\/#\/schema\/person\/image\/","url":"https:\/\/secure.gravatar.com\/avatar\/ca004e6cba8462b8cb7abc86e382930c?s=96&d=mm&r=g","contentUrl":"https:\/\/secure.gravatar.com\/avatar\/ca004e6cba8462b8cb7abc86e382930c?s=96&d=mm&r=g","caption":"admin"}}]}},"_links":{"self":[{"href":"https:\/\/volcanes.net\/index.php?rest_route=\/wp\/v2\/posts\/7156"}],"collection":[{"href":"https:\/\/volcanes.net\/index.php?rest_route=\/wp\/v2\/posts"}],"about":[{"href":"https:\/\/volcanes.net\/index.php?rest_route=\/wp\/v2\/types\/post"}],"author":[{"embeddable":true,"href":"https:\/\/volcanes.net\/index.php?rest_route=\/wp\/v2\/users\/1"}],"replies":[{"embeddable":true,"href":"https:\/\/volcanes.net\/index.php?rest_route=%2Fwp%2Fv2%2Fcomments&post=7156"}],"version-history":[{"count":1,"href":"https:\/\/volcanes.net\/index.php?rest_route=\/wp\/v2\/posts\/7156\/revisions"}],"predecessor-version":[{"id":7158,"href":"https:\/\/volcanes.net\/index.php?rest_route=\/wp\/v2\/posts\/7156\/revisions\/7158"}],"wp:featuredmedia":[{"embeddable":true,"href":"https:\/\/volcanes.net\/index.php?rest_route=\/wp\/v2\/media\/7157"}],"wp:attachment":[{"href":"https:\/\/volcanes.net\/index.php?rest_route=%2Fwp%2Fv2%2Fmedia&parent=7156"}],"wp:term":[{"taxonomy":"category","embeddable":true,"href":"https:\/\/volcanes.net\/index.php?rest_route=%2Fwp%2Fv2%2Fcategories&post=7156"},{"taxonomy":"post_tag","embeddable":true,"href":"https:\/\/volcanes.net\/index.php?rest_route=%2Fwp%2Fv2%2Ftags&post=7156"}],"curies":[{"name":"wp","href":"https:\/\/api.w.org\/{rel}","templated":true}]}}