{"id":7172,"date":"2020-06-03T10:38:02","date_gmt":"2020-06-03T16:38:02","guid":{"rendered":"http:\/\/volcanes.net\/?p=7172"},"modified":"2020-06-03T10:38:02","modified_gmt":"2020-06-03T16:38:02","slug":"rescatistas-recuperan-cuerpo-de-alpinista-tras-caer-a-una-barranca-del-volcan-iztaccihuatl","status":"publish","type":"post","link":"https:\/\/volcanes.net\/?p=7172","title":{"rendered":"Rescatistas recuperan cuerpo de alpinista tras caer a una barranca del volc\u00e1n Iztacc\u00edhuatl"},"content":{"rendered":"<div style=\"margin-top: 0px; margin-bottom: 0px;\" class=\"sharethis-inline-share-buttons\" ><\/div><p>Amecameca, Estado de M\u00e9xico-. Representantes de Alta Monta\u00f1a de la Cruz Roja Mexicana del municipio de Amecameca \u00a0rescataron el cuerpo sin vida de un alpinista de 36 a\u00f1os, quien falleci\u00f3 al intentar conquistar el volc\u00e1n Iztacc\u00edhuatl.<\/p>\n<p>De acuerdo con los primeros reportes, informan que al parecer el hombre\u00a0 perdi\u00f3 la vida al sufrir una ca\u00edda mortal en una barranca de aproximadamente 20 metros de profundidad, en lo alto de la \u201cmujer dormida\u201d.<\/p>\n<p>Cabe mencionar que dicho accidente se registr\u00f3 el pasado 31 de mayo del a\u00f1o en curso, luego de que un grupo de rescatistas de Puebla subieron a la monta\u00f1a y reportaron ante las autoridades el accidente que hab\u00eda sufrido uno de sus compa\u00f1eros.<\/p>\n<p>\u201cPor condiciones adversas de clima y condiciones de terreno no hab\u00eda logrado el objetivo\u201d coment\u00f3 personal de la Cruz Roja.<\/p>\n<p>Hecho por el cual el rescate se realiz\u00f3 este lunes 1 de junio, debido a que las condiciones de clim\u00e1ticas mejoraron en lo alto del Iztacc\u00edhuatl, luego del rescate el cuerpo fue entregado a Agentes del Ministerio P\u00fablico, quienes son responsables de realizar las indagatorias correspondientes as\u00ed como de realizar la entrega del cuerpo a sus familiares.<\/p>\n<p>&nbsp;<\/p>\n","protected":false},"excerpt":{"rendered":"<p>Amecameca, Estado de M\u00e9xico-. Representantes de Alta Monta\u00f1a de la Cruz Roja Mexicana del municipio<\/p>\n","protected":false},"author":1,"featured_media":7173,"comment_status":"open","ping_status":"open","sticky":false,"template":"","format":"standard","meta":{"footnotes":""},"categories":[1],"tags":[],"class_list":["post-7172","post","type-post","status-publish","format-standard","has-post-thumbnail","hentry","category-municipales"],"yoast_head":"<!-- This site is optimized with the Yoast SEO plugin v25.3 - https:\/\/yoast.com\/wordpress\/plugins\/seo\/ -->\n<title>Rescatistas recuperan cuerpo de alpinista tras caer a una barranca del volc\u00e1n Iztacc\u00edhuatl - Volcanes<\/title>\n<meta name=\"robots\" content=\"index, follow, max-snippet:-1, max-image-preview:large, max-video-preview:-1\" \/>\n<link rel=\"canonical\" href=\"https:\/\/volcanes.net\/?p=7172\" \/>\n<meta property=\"og:locale\" content=\"es_MX\" \/>\n<meta property=\"og:type\" content=\"article\" \/>\n<meta property=\"og:title\" content=\"Rescatistas recuperan cuerpo de alpinista tras caer a una barranca del volc\u00e1n Iztacc\u00edhuatl - Volcanes\" \/>\n<meta property=\"og:description\" content=\"Amecameca, Estado de M\u00e9xico-. Representantes de Alta Monta\u00f1a de la Cruz Roja Mexicana del municipio\" \/>\n<meta property=\"og:url\" content=\"https:\/\/volcanes.net\/?p=7172\" \/>\n<meta property=\"og:site_name\" content=\"Volcanes\" \/>\n<meta property=\"article:publisher\" content=\"https:\/\/www.facebook.com\/volcanes.net\/\" \/>\n<meta property=\"article:published_time\" content=\"2020-06-03T16:38:02+00:00\" \/>\n<meta property=\"og:image\" content=\"https:\/\/volcanes.net\/wp-content\/uploads\/2020\/06\/EZi99xDWkAA6_NV_opt.jpg\" \/>\n\t<meta property=\"og:image:width\" content=\"400\" \/>\n\t<meta property=\"og:image:height\" content=\"300\" \/>\n\t<meta property=\"og:image:type\" content=\"image\/jpeg\" \/>\n<meta name=\"author\" content=\"admin\" \/>\n<meta name=\"twitter:card\" content=\"summary_large_image\" \/>\n<meta name=\"twitter:label1\" content=\"Escrito por\" \/>\n\t<meta name=\"twitter:data1\" content=\"admin\" \/>\n\t<meta name=\"twitter:label2\" content=\"Tiempo de lectura\" \/>\n\t<meta name=\"twitter:data2\" content=\"1 minuto\" \/>\n<script type=\"application\/ld+json\" class=\"yoast-schema-graph\">{\"@context\":\"https:\/\/schema.org\",\"@graph\":[{\"@type\":\"Article\",\"@id\":\"https:\/\/volcanes.net\/?p=7172#article\",\"isPartOf\":{\"@id\":\"https:\/\/volcanes.net\/?p=7172\"},\"author\":{\"name\":\"admin\",\"@id\":\"https:\/\/volcanes.net\/#\/schema\/person\/4bf0f383940966a4abd53f5048c0e6b9\"},\"headline\":\"Rescatistas recuperan cuerpo de alpinista tras caer a una barranca del volc\u00e1n Iztacc\u00edhuatl\",\"datePublished\":\"2020-06-03T16:38:02+00:00\",\"mainEntityOfPage\":{\"@id\":\"https:\/\/volcanes.net\/?p=7172\"},\"wordCount\":218,\"commentCount\":0,\"publisher\":{\"@id\":\"https:\/\/volcanes.net\/#organization\"},\"image\":{\"@id\":\"https:\/\/volcanes.net\/?p=7172#primaryimage\"},\"thumbnailUrl\":\"https:\/\/volcanes.net\/wp-content\/uploads\/2020\/06\/EZi99xDWkAA6_NV_opt.jpg\",\"articleSection\":[\"Municipales\"],\"inLanguage\":\"es\",\"potentialAction\":[{\"@type\":\"CommentAction\",\"name\":\"Comment\",\"target\":[\"https:\/\/volcanes.net\/?p=7172#respond\"]}]},{\"@type\":\"WebPage\",\"@id\":\"https:\/\/volcanes.net\/?p=7172\",\"url\":\"https:\/\/volcanes.net\/?p=7172\",\"name\":\"Rescatistas recuperan cuerpo de alpinista tras caer a una barranca del volc\u00e1n Iztacc\u00edhuatl - Volcanes\",\"isPartOf\":{\"@id\":\"https:\/\/volcanes.net\/#website\"},\"primaryImageOfPage\":{\"@id\":\"https:\/\/volcanes.net\/?p=7172#primaryimage\"},\"image\":{\"@id\":\"https:\/\/volcanes.net\/?p=7172#primaryimage\"},\"thumbnailUrl\":\"https:\/\/volcanes.net\/wp-content\/uploads\/2020\/06\/EZi99xDWkAA6_NV_opt.jpg\",\"datePublished\":\"2020-06-03T16:38:02+00:00\",\"breadcrumb\":{\"@id\":\"https:\/\/volcanes.net\/?p=7172#breadcrumb\"},\"inLanguage\":\"es\",\"potentialAction\":[{\"@type\":\"ReadAction\",\"target\":[\"https:\/\/volcanes.net\/?p=7172\"]}]},{\"@type\":\"ImageObject\",\"inLanguage\":\"es\",\"@id\":\"https:\/\/volcanes.net\/?p=7172#primaryimage\",\"url\":\"https:\/\/volcanes.net\/wp-content\/uploads\/2020\/06\/EZi99xDWkAA6_NV_opt.jpg\",\"contentUrl\":\"https:\/\/volcanes.net\/wp-content\/uploads\/2020\/06\/EZi99xDWkAA6_NV_opt.jpg\",\"width\":400,\"height\":300},{\"@type\":\"BreadcrumbList\",\"@id\":\"https:\/\/volcanes.net\/?p=7172#breadcrumb\",\"itemListElement\":[{\"@type\":\"ListItem\",\"position\":1,\"name\":\"Portada\",\"item\":\"https:\/\/volcanes.net\/\"},{\"@type\":\"ListItem\",\"position\":2,\"name\":\"Rescatistas recuperan cuerpo de alpinista tras caer a una barranca del volc\u00e1n Iztacc\u00edhuatl\"}]},{\"@type\":\"WebSite\",\"@id\":\"https:\/\/volcanes.net\/#website\",\"url\":\"https:\/\/volcanes.net\/\",\"name\":\"Volcanes.Net\",\"description\":\"Periodismo Profesional\",\"publisher\":{\"@id\":\"https:\/\/volcanes.net\/#organization\"},\"potentialAction\":[{\"@type\":\"SearchAction\",\"target\":{\"@type\":\"EntryPoint\",\"urlTemplate\":\"https:\/\/volcanes.net\/?s={search_term_string}\"},\"query-input\":{\"@type\":\"PropertyValueSpecification\",\"valueRequired\":true,\"valueName\":\"search_term_string\"}}],\"inLanguage\":\"es\"},{\"@type\":\"Organization\",\"@id\":\"https:\/\/volcanes.net\/#organization\",\"name\":\"Grupo Volcanes\",\"url\":\"https:\/\/volcanes.net\/\",\"logo\":{\"@type\":\"ImageObject\",\"inLanguage\":\"es\",\"@id\":\"https:\/\/volcanes.net\/#\/schema\/logo\/image\/\",\"url\":\"http:\/\/volcanes.net\/wp-content\/uploads\/2017\/12\/Avatar2.jpg\",\"contentUrl\":\"http:\/\/volcanes.net\/wp-content\/uploads\/2017\/12\/Avatar2.jpg\",\"width\":378,\"height\":378,\"caption\":\"Grupo Volcanes\"},\"image\":{\"@id\":\"https:\/\/volcanes.net\/#\/schema\/logo\/image\/\"},\"sameAs\":[\"https:\/\/www.facebook.com\/volcanes.net\/\"]},{\"@type\":\"Person\",\"@id\":\"https:\/\/volcanes.net\/#\/schema\/person\/4bf0f383940966a4abd53f5048c0e6b9\",\"name\":\"admin\",\"image\":{\"@type\":\"ImageObject\",\"inLanguage\":\"es\",\"@id\":\"https:\/\/volcanes.net\/#\/schema\/person\/image\/\",\"url\":\"https:\/\/secure.gravatar.com\/avatar\/ca004e6cba8462b8cb7abc86e382930c?s=96&d=mm&r=g\",\"contentUrl\":\"https:\/\/secure.gravatar.com\/avatar\/ca004e6cba8462b8cb7abc86e382930c?s=96&d=mm&r=g\",\"caption\":\"admin\"}}]}<\/script>\n<!-- \/ Yoast SEO plugin. -->","yoast_head_json":{"title":"Rescatistas recuperan cuerpo de alpinista tras caer a una barranca del volc\u00e1n Iztacc\u00edhuatl - Volcanes","robots":{"index":"index","follow":"follow","max-snippet":"max-snippet:-1","max-image-preview":"max-image-preview:large","max-video-preview":"max-video-preview:-1"},"canonical":"https:\/\/volcanes.net\/?p=7172","og_locale":"es_MX","og_type":"article","og_title":"Rescatistas recuperan cuerpo de alpinista tras caer a una barranca del volc\u00e1n Iztacc\u00edhuatl - Volcanes","og_description":"Amecameca, Estado de M\u00e9xico-. Representantes de Alta Monta\u00f1a de la Cruz Roja Mexicana del municipio","og_url":"https:\/\/volcanes.net\/?p=7172","og_site_name":"Volcanes","article_publisher":"https:\/\/www.facebook.com\/volcanes.net\/","article_published_time":"2020-06-03T16:38:02+00:00","og_image":[{"width":400,"height":300,"url":"https:\/\/volcanes.net\/wp-content\/uploads\/2020\/06\/EZi99xDWkAA6_NV_opt.jpg","type":"image\/jpeg"}],"author":"admin","twitter_card":"summary_large_image","twitter_misc":{"Escrito por":"admin","Tiempo de lectura":"1 minuto"},"schema":{"@context":"https:\/\/schema.org","@graph":[{"@type":"Article","@id":"https:\/\/volcanes.net\/?p=7172#article","isPartOf":{"@id":"https:\/\/volcanes.net\/?p=7172"},"author":{"name":"admin","@id":"https:\/\/volcanes.net\/#\/schema\/person\/4bf0f383940966a4abd53f5048c0e6b9"},"headline":"Rescatistas recuperan cuerpo de alpinista tras caer a una barranca del volc\u00e1n Iztacc\u00edhuatl","datePublished":"2020-06-03T16:38:02+00:00","mainEntityOfPage":{"@id":"https:\/\/volcanes.net\/?p=7172"},"wordCount":218,"commentCount":0,"publisher":{"@id":"https:\/\/volcanes.net\/#organization"},"image":{"@id":"https:\/\/volcanes.net\/?p=7172#primaryimage"},"thumbnailUrl":"https:\/\/volcanes.net\/wp-content\/uploads\/2020\/06\/EZi99xDWkAA6_NV_opt.jpg","articleSection":["Municipales"],"inLanguage":"es","potentialAction":[{"@type":"CommentAction","name":"Comment","target":["https:\/\/volcanes.net\/?p=7172#respond"]}]},{"@type":"WebPage","@id":"https:\/\/volcanes.net\/?p=7172","url":"https:\/\/volcanes.net\/?p=7172","name":"Rescatistas recuperan cuerpo de alpinista tras caer a una barranca del volc\u00e1n Iztacc\u00edhuatl - Volcanes","isPartOf":{"@id":"https:\/\/volcanes.net\/#website"},"primaryImageOfPage":{"@id":"https:\/\/volcanes.net\/?p=7172#primaryimage"},"image":{"@id":"https:\/\/volcanes.net\/?p=7172#primaryimage"},"thumbnailUrl":"https:\/\/volcanes.net\/wp-content\/uploads\/2020\/06\/EZi99xDWkAA6_NV_opt.jpg","datePublished":"2020-06-03T16:38:02+00:00","breadcrumb":{"@id":"https:\/\/volcanes.net\/?p=7172#breadcrumb"},"inLanguage":"es","potentialAction":[{"@type":"ReadAction","target":["https:\/\/volcanes.net\/?p=7172"]}]},{"@type":"ImageObject","inLanguage":"es","@id":"https:\/\/volcanes.net\/?p=7172#primaryimage","url":"https:\/\/volcanes.net\/wp-content\/uploads\/2020\/06\/EZi99xDWkAA6_NV_opt.jpg","contentUrl":"https:\/\/volcanes.net\/wp-content\/uploads\/2020\/06\/EZi99xDWkAA6_NV_opt.jpg","width":400,"height":300},{"@type":"BreadcrumbList","@id":"https:\/\/volcanes.net\/?p=7172#breadcrumb","itemListElement":[{"@type":"ListItem","position":1,"name":"Portada","item":"https:\/\/volcanes.net\/"},{"@type":"ListItem","position":2,"name":"Rescatistas recuperan cuerpo de alpinista tras caer a una barranca del volc\u00e1n Iztacc\u00edhuatl"}]},{"@type":"WebSite","@id":"https:\/\/volcanes.net\/#website","url":"https:\/\/volcanes.net\/","name":"Volcanes.Net","description":"Periodismo Profesional","publisher":{"@id":"https:\/\/volcanes.net\/#organization"},"potentialAction":[{"@type":"SearchAction","target":{"@type":"EntryPoint","urlTemplate":"https:\/\/volcanes.net\/?s={search_term_string}"},"query-input":{"@type":"PropertyValueSpecification","valueRequired":true,"valueName":"search_term_string"}}],"inLanguage":"es"},{"@type":"Organization","@id":"https:\/\/volcanes.net\/#organization","name":"Grupo Volcanes","url":"https:\/\/volcanes.net\/","logo":{"@type":"ImageObject","inLanguage":"es","@id":"https:\/\/volcanes.net\/#\/schema\/logo\/image\/","url":"http:\/\/volcanes.net\/wp-content\/uploads\/2017\/12\/Avatar2.jpg","contentUrl":"http:\/\/volcanes.net\/wp-content\/uploads\/2017\/12\/Avatar2.jpg","width":378,"height":378,"caption":"Grupo Volcanes"},"image":{"@id":"https:\/\/volcanes.net\/#\/schema\/logo\/image\/"},"sameAs":["https:\/\/www.facebook.com\/volcanes.net\/"]},{"@type":"Person","@id":"https:\/\/volcanes.net\/#\/schema\/person\/4bf0f383940966a4abd53f5048c0e6b9","name":"admin","image":{"@type":"ImageObject","inLanguage":"es","@id":"https:\/\/volcanes.net\/#\/schema\/person\/image\/","url":"https:\/\/secure.gravatar.com\/avatar\/ca004e6cba8462b8cb7abc86e382930c?s=96&d=mm&r=g","contentUrl":"https:\/\/secure.gravatar.com\/avatar\/ca004e6cba8462b8cb7abc86e382930c?s=96&d=mm&r=g","caption":"admin"}}]}},"_links":{"self":[{"href":"https:\/\/volcanes.net\/index.php?rest_route=\/wp\/v2\/posts\/7172"}],"collection":[{"href":"https:\/\/volcanes.net\/index.php?rest_route=\/wp\/v2\/posts"}],"about":[{"href":"https:\/\/volcanes.net\/index.php?rest_route=\/wp\/v2\/types\/post"}],"author":[{"embeddable":true,"href":"https:\/\/volcanes.net\/index.php?rest_route=\/wp\/v2\/users\/1"}],"replies":[{"embeddable":true,"href":"https:\/\/volcanes.net\/index.php?rest_route=%2Fwp%2Fv2%2Fcomments&post=7172"}],"version-history":[{"count":1,"href":"https:\/\/volcanes.net\/index.php?rest_route=\/wp\/v2\/posts\/7172\/revisions"}],"predecessor-version":[{"id":7174,"href":"https:\/\/volcanes.net\/index.php?rest_route=\/wp\/v2\/posts\/7172\/revisions\/7174"}],"wp:featuredmedia":[{"embeddable":true,"href":"https:\/\/volcanes.net\/index.php?rest_route=\/wp\/v2\/media\/7173"}],"wp:attachment":[{"href":"https:\/\/volcanes.net\/index.php?rest_route=%2Fwp%2Fv2%2Fmedia&parent=7172"}],"wp:term":[{"taxonomy":"category","embeddable":true,"href":"https:\/\/volcanes.net\/index.php?rest_route=%2Fwp%2Fv2%2Fcategories&post=7172"},{"taxonomy":"post_tag","embeddable":true,"href":"https:\/\/volcanes.net\/index.php?rest_route=%2Fwp%2Fv2%2Ftags&post=7172"}],"curies":[{"name":"wp","href":"https:\/\/api.w.org\/{rel}","templated":true}]}}