{"id":7177,"date":"2020-06-03T19:56:42","date_gmt":"2020-06-04T01:56:42","guid":{"rendered":"http:\/\/volcanes.net\/?p=7177"},"modified":"2020-06-03T19:56:42","modified_gmt":"2020-06-04T01:56:42","slug":"imcufide-de-temamatla-alienta-a-la-poblacion-a-mantenerse-activos","status":"publish","type":"post","link":"https:\/\/volcanes.net\/?p=7177","title":{"rendered":"IMCUFIDE de Temamatla alienta a la poblaci\u00f3n a mantenerse activos"},"content":{"rendered":"<div style=\"margin-top: 0px; margin-bottom: 0px;\" class=\"sharethis-inline-share-buttons\" ><\/div><p>Temamatla, Estado de M\u00e9xico-. IMCUFIDE de Temamatla contin\u00faa trabajando para alentar a los ciudadanos a seguir haciendo ejercicio, ante ello el director Rodrigo D\u00edaz hace una invitaci\u00f3n a que se mantengan activos en este tiempo de contingencia tanto f\u00edsica como mental.<\/p>\n<p>Debido a la situaci\u00f3n que se enfrenta por la alerta sanitaria por COVID-19 y en atenci\u00f3n a la disposici\u00f3n oficial a mantener cerrados los recientes deportivos, as\u00ed como la suspensi\u00f3n de las actividades de atenci\u00f3n al p\u00fablico hasta el cambio de color en el sem\u00e1foro sanitario IMCUFIDE de Temamatla se vio obligado a innovar y entrar a la era de la tecnolog\u00eda por lo que hoy en d\u00eda est\u00e1 a la vanguardia debido a que implementan rutinas de entrenamiento y programas para beneficio de los pobladores.<\/p>\n<p>Rodrigo D\u00edaz menciona en entrevista para Volcanes multimedios que el pasado 24 de mayo se inici\u00f3 con un proyecto \u201cCarrera virtual\u201d y la cual consta de cuatro fechas las cuales se realizar\u00e1n cada 15 d\u00edas con el fin de que los pobladores participen y tomando en cuenta las medidas preventivas ante COVID-19.<\/p>\n<p>Este proyecto fue bien recibido por la ciudadan\u00eda ya que tanto pobladores de Temamatla como habitantes de los municipios aleda\u00f1os participaron as\u00ed como de otros pa\u00edses y todo gracias a que la actividad se realiz\u00f3 por medio de sus redes sociales oficiales.<\/p>\n<p>Cabe mencionar que por medio de su cuenta oficial de facebook IMCUFIDE Temamatla se realizan rutinas cada tercer d\u00eda, por lo que el director hace una invitaci\u00f3n a la poblaci\u00f3n a que participen y se mantengan activos a pesar de los tiempos que se enfrentan por COVID-19.<\/p>\n","protected":false},"excerpt":{"rendered":"<p>Temamatla, Estado de M\u00e9xico-. IMCUFIDE de Temamatla contin\u00faa trabajando para alentar a los ciudadanos a<\/p>\n","protected":false},"author":1,"featured_media":7178,"comment_status":"open","ping_status":"open","sticky":false,"template":"","format":"standard","meta":{"footnotes":""},"categories":[1],"tags":[236],"class_list":["post-7177","post","type-post","status-publish","format-standard","has-post-thumbnail","hentry","category-municipales","tag-temamatla"],"yoast_head":"<!-- This site is optimized with the Yoast SEO plugin v25.3 - https:\/\/yoast.com\/wordpress\/plugins\/seo\/ -->\n<title>IMCUFIDE de Temamatla alienta a la poblaci\u00f3n a mantenerse activos - Volcanes<\/title>\n<meta name=\"robots\" content=\"index, follow, max-snippet:-1, max-image-preview:large, max-video-preview:-1\" \/>\n<link rel=\"canonical\" href=\"https:\/\/volcanes.net\/?p=7177\" \/>\n<meta property=\"og:locale\" content=\"es_MX\" \/>\n<meta property=\"og:type\" content=\"article\" \/>\n<meta property=\"og:title\" content=\"IMCUFIDE de Temamatla alienta a la poblaci\u00f3n a mantenerse activos - Volcanes\" \/>\n<meta property=\"og:description\" content=\"Temamatla, Estado de M\u00e9xico-. IMCUFIDE de Temamatla contin\u00faa trabajando para alentar a los ciudadanos a\" \/>\n<meta property=\"og:url\" content=\"https:\/\/volcanes.net\/?p=7177\" \/>\n<meta property=\"og:site_name\" content=\"Volcanes\" \/>\n<meta property=\"article:publisher\" content=\"https:\/\/www.facebook.com\/volcanes.net\/\" \/>\n<meta property=\"article:published_time\" content=\"2020-06-04T01:56:42+00:00\" \/>\n<meta property=\"og:image\" content=\"https:\/\/volcanes.net\/wp-content\/uploads\/2020\/06\/Screenshot_20200603-205024_2_opt.png\" \/>\n\t<meta property=\"og:image:width\" content=\"400\" \/>\n\t<meta property=\"og:image:height\" content=\"222\" \/>\n\t<meta property=\"og:image:type\" content=\"image\/png\" \/>\n<meta name=\"author\" content=\"admin\" \/>\n<meta name=\"twitter:card\" content=\"summary_large_image\" \/>\n<meta name=\"twitter:label1\" content=\"Escrito por\" \/>\n\t<meta name=\"twitter:data1\" content=\"admin\" \/>\n\t<meta name=\"twitter:label2\" content=\"Tiempo de lectura\" \/>\n\t<meta name=\"twitter:data2\" content=\"1 minuto\" \/>\n<script type=\"application\/ld+json\" class=\"yoast-schema-graph\">{\"@context\":\"https:\/\/schema.org\",\"@graph\":[{\"@type\":\"Article\",\"@id\":\"https:\/\/volcanes.net\/?p=7177#article\",\"isPartOf\":{\"@id\":\"https:\/\/volcanes.net\/?p=7177\"},\"author\":{\"name\":\"admin\",\"@id\":\"https:\/\/volcanes.net\/#\/schema\/person\/4bf0f383940966a4abd53f5048c0e6b9\"},\"headline\":\"IMCUFIDE de Temamatla alienta a la poblaci\u00f3n a mantenerse activos\",\"datePublished\":\"2020-06-04T01:56:42+00:00\",\"mainEntityOfPage\":{\"@id\":\"https:\/\/volcanes.net\/?p=7177\"},\"wordCount\":300,\"commentCount\":0,\"publisher\":{\"@id\":\"https:\/\/volcanes.net\/#organization\"},\"image\":{\"@id\":\"https:\/\/volcanes.net\/?p=7177#primaryimage\"},\"thumbnailUrl\":\"https:\/\/volcanes.net\/wp-content\/uploads\/2020\/06\/Screenshot_20200603-205024_2_opt.png\",\"keywords\":[\"Temamatla\"],\"articleSection\":[\"Municipales\"],\"inLanguage\":\"es\",\"potentialAction\":[{\"@type\":\"CommentAction\",\"name\":\"Comment\",\"target\":[\"https:\/\/volcanes.net\/?p=7177#respond\"]}]},{\"@type\":\"WebPage\",\"@id\":\"https:\/\/volcanes.net\/?p=7177\",\"url\":\"https:\/\/volcanes.net\/?p=7177\",\"name\":\"IMCUFIDE de Temamatla alienta a la poblaci\u00f3n a mantenerse activos - Volcanes\",\"isPartOf\":{\"@id\":\"https:\/\/volcanes.net\/#website\"},\"primaryImageOfPage\":{\"@id\":\"https:\/\/volcanes.net\/?p=7177#primaryimage\"},\"image\":{\"@id\":\"https:\/\/volcanes.net\/?p=7177#primaryimage\"},\"thumbnailUrl\":\"https:\/\/volcanes.net\/wp-content\/uploads\/2020\/06\/Screenshot_20200603-205024_2_opt.png\",\"datePublished\":\"2020-06-04T01:56:42+00:00\",\"breadcrumb\":{\"@id\":\"https:\/\/volcanes.net\/?p=7177#breadcrumb\"},\"inLanguage\":\"es\",\"potentialAction\":[{\"@type\":\"ReadAction\",\"target\":[\"https:\/\/volcanes.net\/?p=7177\"]}]},{\"@type\":\"ImageObject\",\"inLanguage\":\"es\",\"@id\":\"https:\/\/volcanes.net\/?p=7177#primaryimage\",\"url\":\"https:\/\/volcanes.net\/wp-content\/uploads\/2020\/06\/Screenshot_20200603-205024_2_opt.png\",\"contentUrl\":\"https:\/\/volcanes.net\/wp-content\/uploads\/2020\/06\/Screenshot_20200603-205024_2_opt.png\",\"width\":400,\"height\":222},{\"@type\":\"BreadcrumbList\",\"@id\":\"https:\/\/volcanes.net\/?p=7177#breadcrumb\",\"itemListElement\":[{\"@type\":\"ListItem\",\"position\":1,\"name\":\"Portada\",\"item\":\"https:\/\/volcanes.net\/\"},{\"@type\":\"ListItem\",\"position\":2,\"name\":\"IMCUFIDE de Temamatla alienta a la poblaci\u00f3n a mantenerse activos\"}]},{\"@type\":\"WebSite\",\"@id\":\"https:\/\/volcanes.net\/#website\",\"url\":\"https:\/\/volcanes.net\/\",\"name\":\"Volcanes.Net\",\"description\":\"Periodismo Profesional\",\"publisher\":{\"@id\":\"https:\/\/volcanes.net\/#organization\"},\"potentialAction\":[{\"@type\":\"SearchAction\",\"target\":{\"@type\":\"EntryPoint\",\"urlTemplate\":\"https:\/\/volcanes.net\/?s={search_term_string}\"},\"query-input\":{\"@type\":\"PropertyValueSpecification\",\"valueRequired\":true,\"valueName\":\"search_term_string\"}}],\"inLanguage\":\"es\"},{\"@type\":\"Organization\",\"@id\":\"https:\/\/volcanes.net\/#organization\",\"name\":\"Grupo Volcanes\",\"url\":\"https:\/\/volcanes.net\/\",\"logo\":{\"@type\":\"ImageObject\",\"inLanguage\":\"es\",\"@id\":\"https:\/\/volcanes.net\/#\/schema\/logo\/image\/\",\"url\":\"http:\/\/volcanes.net\/wp-content\/uploads\/2017\/12\/Avatar2.jpg\",\"contentUrl\":\"http:\/\/volcanes.net\/wp-content\/uploads\/2017\/12\/Avatar2.jpg\",\"width\":378,\"height\":378,\"caption\":\"Grupo Volcanes\"},\"image\":{\"@id\":\"https:\/\/volcanes.net\/#\/schema\/logo\/image\/\"},\"sameAs\":[\"https:\/\/www.facebook.com\/volcanes.net\/\"]},{\"@type\":\"Person\",\"@id\":\"https:\/\/volcanes.net\/#\/schema\/person\/4bf0f383940966a4abd53f5048c0e6b9\",\"name\":\"admin\",\"image\":{\"@type\":\"ImageObject\",\"inLanguage\":\"es\",\"@id\":\"https:\/\/volcanes.net\/#\/schema\/person\/image\/\",\"url\":\"https:\/\/secure.gravatar.com\/avatar\/ca004e6cba8462b8cb7abc86e382930c?s=96&d=mm&r=g\",\"contentUrl\":\"https:\/\/secure.gravatar.com\/avatar\/ca004e6cba8462b8cb7abc86e382930c?s=96&d=mm&r=g\",\"caption\":\"admin\"}}]}<\/script>\n<!-- \/ Yoast SEO plugin. -->","yoast_head_json":{"title":"IMCUFIDE de Temamatla alienta a la poblaci\u00f3n a mantenerse activos - Volcanes","robots":{"index":"index","follow":"follow","max-snippet":"max-snippet:-1","max-image-preview":"max-image-preview:large","max-video-preview":"max-video-preview:-1"},"canonical":"https:\/\/volcanes.net\/?p=7177","og_locale":"es_MX","og_type":"article","og_title":"IMCUFIDE de Temamatla alienta a la poblaci\u00f3n a mantenerse activos - Volcanes","og_description":"Temamatla, Estado de M\u00e9xico-. IMCUFIDE de Temamatla contin\u00faa trabajando para alentar a los ciudadanos a","og_url":"https:\/\/volcanes.net\/?p=7177","og_site_name":"Volcanes","article_publisher":"https:\/\/www.facebook.com\/volcanes.net\/","article_published_time":"2020-06-04T01:56:42+00:00","og_image":[{"width":400,"height":222,"url":"https:\/\/volcanes.net\/wp-content\/uploads\/2020\/06\/Screenshot_20200603-205024_2_opt.png","type":"image\/png"}],"author":"admin","twitter_card":"summary_large_image","twitter_misc":{"Escrito por":"admin","Tiempo de lectura":"1 minuto"},"schema":{"@context":"https:\/\/schema.org","@graph":[{"@type":"Article","@id":"https:\/\/volcanes.net\/?p=7177#article","isPartOf":{"@id":"https:\/\/volcanes.net\/?p=7177"},"author":{"name":"admin","@id":"https:\/\/volcanes.net\/#\/schema\/person\/4bf0f383940966a4abd53f5048c0e6b9"},"headline":"IMCUFIDE de Temamatla alienta a la poblaci\u00f3n a mantenerse activos","datePublished":"2020-06-04T01:56:42+00:00","mainEntityOfPage":{"@id":"https:\/\/volcanes.net\/?p=7177"},"wordCount":300,"commentCount":0,"publisher":{"@id":"https:\/\/volcanes.net\/#organization"},"image":{"@id":"https:\/\/volcanes.net\/?p=7177#primaryimage"},"thumbnailUrl":"https:\/\/volcanes.net\/wp-content\/uploads\/2020\/06\/Screenshot_20200603-205024_2_opt.png","keywords":["Temamatla"],"articleSection":["Municipales"],"inLanguage":"es","potentialAction":[{"@type":"CommentAction","name":"Comment","target":["https:\/\/volcanes.net\/?p=7177#respond"]}]},{"@type":"WebPage","@id":"https:\/\/volcanes.net\/?p=7177","url":"https:\/\/volcanes.net\/?p=7177","name":"IMCUFIDE de Temamatla alienta a la poblaci\u00f3n a mantenerse activos - Volcanes","isPartOf":{"@id":"https:\/\/volcanes.net\/#website"},"primaryImageOfPage":{"@id":"https:\/\/volcanes.net\/?p=7177#primaryimage"},"image":{"@id":"https:\/\/volcanes.net\/?p=7177#primaryimage"},"thumbnailUrl":"https:\/\/volcanes.net\/wp-content\/uploads\/2020\/06\/Screenshot_20200603-205024_2_opt.png","datePublished":"2020-06-04T01:56:42+00:00","breadcrumb":{"@id":"https:\/\/volcanes.net\/?p=7177#breadcrumb"},"inLanguage":"es","potentialAction":[{"@type":"ReadAction","target":["https:\/\/volcanes.net\/?p=7177"]}]},{"@type":"ImageObject","inLanguage":"es","@id":"https:\/\/volcanes.net\/?p=7177#primaryimage","url":"https:\/\/volcanes.net\/wp-content\/uploads\/2020\/06\/Screenshot_20200603-205024_2_opt.png","contentUrl":"https:\/\/volcanes.net\/wp-content\/uploads\/2020\/06\/Screenshot_20200603-205024_2_opt.png","width":400,"height":222},{"@type":"BreadcrumbList","@id":"https:\/\/volcanes.net\/?p=7177#breadcrumb","itemListElement":[{"@type":"ListItem","position":1,"name":"Portada","item":"https:\/\/volcanes.net\/"},{"@type":"ListItem","position":2,"name":"IMCUFIDE de Temamatla alienta a la poblaci\u00f3n a mantenerse activos"}]},{"@type":"WebSite","@id":"https:\/\/volcanes.net\/#website","url":"https:\/\/volcanes.net\/","name":"Volcanes.Net","description":"Periodismo Profesional","publisher":{"@id":"https:\/\/volcanes.net\/#organization"},"potentialAction":[{"@type":"SearchAction","target":{"@type":"EntryPoint","urlTemplate":"https:\/\/volcanes.net\/?s={search_term_string}"},"query-input":{"@type":"PropertyValueSpecification","valueRequired":true,"valueName":"search_term_string"}}],"inLanguage":"es"},{"@type":"Organization","@id":"https:\/\/volcanes.net\/#organization","name":"Grupo Volcanes","url":"https:\/\/volcanes.net\/","logo":{"@type":"ImageObject","inLanguage":"es","@id":"https:\/\/volcanes.net\/#\/schema\/logo\/image\/","url":"http:\/\/volcanes.net\/wp-content\/uploads\/2017\/12\/Avatar2.jpg","contentUrl":"http:\/\/volcanes.net\/wp-content\/uploads\/2017\/12\/Avatar2.jpg","width":378,"height":378,"caption":"Grupo Volcanes"},"image":{"@id":"https:\/\/volcanes.net\/#\/schema\/logo\/image\/"},"sameAs":["https:\/\/www.facebook.com\/volcanes.net\/"]},{"@type":"Person","@id":"https:\/\/volcanes.net\/#\/schema\/person\/4bf0f383940966a4abd53f5048c0e6b9","name":"admin","image":{"@type":"ImageObject","inLanguage":"es","@id":"https:\/\/volcanes.net\/#\/schema\/person\/image\/","url":"https:\/\/secure.gravatar.com\/avatar\/ca004e6cba8462b8cb7abc86e382930c?s=96&d=mm&r=g","contentUrl":"https:\/\/secure.gravatar.com\/avatar\/ca004e6cba8462b8cb7abc86e382930c?s=96&d=mm&r=g","caption":"admin"}}]}},"_links":{"self":[{"href":"https:\/\/volcanes.net\/index.php?rest_route=\/wp\/v2\/posts\/7177"}],"collection":[{"href":"https:\/\/volcanes.net\/index.php?rest_route=\/wp\/v2\/posts"}],"about":[{"href":"https:\/\/volcanes.net\/index.php?rest_route=\/wp\/v2\/types\/post"}],"author":[{"embeddable":true,"href":"https:\/\/volcanes.net\/index.php?rest_route=\/wp\/v2\/users\/1"}],"replies":[{"embeddable":true,"href":"https:\/\/volcanes.net\/index.php?rest_route=%2Fwp%2Fv2%2Fcomments&post=7177"}],"version-history":[{"count":1,"href":"https:\/\/volcanes.net\/index.php?rest_route=\/wp\/v2\/posts\/7177\/revisions"}],"predecessor-version":[{"id":7179,"href":"https:\/\/volcanes.net\/index.php?rest_route=\/wp\/v2\/posts\/7177\/revisions\/7179"}],"wp:featuredmedia":[{"embeddable":true,"href":"https:\/\/volcanes.net\/index.php?rest_route=\/wp\/v2\/media\/7178"}],"wp:attachment":[{"href":"https:\/\/volcanes.net\/index.php?rest_route=%2Fwp%2Fv2%2Fmedia&parent=7177"}],"wp:term":[{"taxonomy":"category","embeddable":true,"href":"https:\/\/volcanes.net\/index.php?rest_route=%2Fwp%2Fv2%2Fcategories&post=7177"},{"taxonomy":"post_tag","embeddable":true,"href":"https:\/\/volcanes.net\/index.php?rest_route=%2Fwp%2Fv2%2Ftags&post=7177"}],"curies":[{"name":"wp","href":"https:\/\/api.w.org\/{rel}","templated":true}]}}