{"id":7194,"date":"2020-06-05T17:23:52","date_gmt":"2020-06-05T23:23:52","guid":{"rendered":"http:\/\/volcanes.net\/?p=7194"},"modified":"2020-06-05T17:23:52","modified_gmt":"2020-06-05T23:23:52","slug":"13avo-regidor-del-partido-verde-en-valle-de-chalco-conmemora-el-dia-internacional-del-medio-ambiente","status":"publish","type":"post","link":"https:\/\/volcanes.net\/?p=7194","title":{"rendered":"13avo regidor  del Partido Verde en Valle De Chalco conmemora  el D\u00eda Internacional del Medio Ambiente"},"content":{"rendered":"<div style=\"margin-top: 0px; margin-bottom: 0px;\" class=\"sharethis-inline-share-buttons\" ><\/div><p>El regidor del Partido Verde en Valle De Chalco Solidaridad, menciona parte de los trabajos realizados en su comisi\u00f3n<\/p>\n<p>Por: Guillermo L\u00f3pez Valencia<\/p>\n<p>&nbsp;<\/p>\n<p>Al cumplirse una fecha m\u00e1s de la conmemoraci\u00f3n del D\u00eda Internacional Del Medio Ambiente \u00e9ste 5 de junio, Armando Reyes Regalado comisionado en Ecolog\u00eda y Conservaci\u00f3n Del Medio Ambiente, en un audiovisual subido a sus redes sociales, revel\u00f3 algunos de los trabajos que se han venido realizando en la Regidur\u00eda a su cargo dentro de los que destacan la implementaci\u00f3n de jornadas de limpieza en parques, jardines, calles y avenidas del municipio.<\/p>\n<p>&nbsp;<\/p>\n<p>Di\u00f3 a conocer que en su momento fue puesto en marcha los huertos escolares; asimismo, promovi\u00f3 el programa de las tres &#8220;R&#8221; reduce, recicla y reutiliza, de igual manera y que arroj\u00f3 excelentes resultados el de &#8220;Adopta Un \u00c1rbol&#8221;, entr\u00e9 otros de suma importancia.<\/p>\n<p>&nbsp;<\/p>\n<p>En declaraciones a \u00e9ste medio de comunicaci\u00f3n de nueva cuenta v\u00eda telef\u00f3nica, Armando Reyes Regalado dijo que cuando se regres\u00e9 a la nueva normalidad, espera a todas las personas que requieran o necesiten de alg\u00fan programa o de alguna gesti\u00f3n en las oficinas ubicadas dentro del Palacio Municipal y con mucho gusto ser\u00e1n atendidas.<\/p>\n","protected":false},"excerpt":{"rendered":"<p>El regidor del Partido Verde en Valle De Chalco Solidaridad, menciona parte de los trabajos<\/p>\n","protected":false},"author":1,"featured_media":7195,"comment_status":"open","ping_status":"open","sticky":false,"template":"","format":"standard","meta":{"footnotes":""},"categories":[1],"tags":[5],"class_list":["post-7194","post","type-post","status-publish","format-standard","has-post-thumbnail","hentry","category-municipales","tag-valle-de-chalco"],"yoast_head":"<!-- This site is optimized with the Yoast SEO plugin v25.3 - https:\/\/yoast.com\/wordpress\/plugins\/seo\/ -->\n<title>13avo regidor del Partido Verde en Valle De Chalco conmemora el D\u00eda Internacional del Medio Ambiente - Volcanes<\/title>\n<meta name=\"robots\" content=\"index, follow, max-snippet:-1, max-image-preview:large, max-video-preview:-1\" \/>\n<link rel=\"canonical\" href=\"https:\/\/volcanes.net\/?p=7194\" \/>\n<meta property=\"og:locale\" content=\"es_MX\" \/>\n<meta property=\"og:type\" content=\"article\" \/>\n<meta property=\"og:title\" content=\"13avo regidor del Partido Verde en Valle De Chalco conmemora el D\u00eda Internacional del Medio Ambiente - Volcanes\" \/>\n<meta property=\"og:description\" content=\"El regidor del Partido Verde en Valle De Chalco Solidaridad, menciona parte de los trabajos\" \/>\n<meta property=\"og:url\" content=\"https:\/\/volcanes.net\/?p=7194\" \/>\n<meta property=\"og:site_name\" content=\"Volcanes\" \/>\n<meta property=\"article:publisher\" content=\"https:\/\/www.facebook.com\/volcanes.net\/\" \/>\n<meta property=\"article:published_time\" content=\"2020-06-05T23:23:52+00:00\" \/>\n<meta property=\"og:image\" content=\"https:\/\/volcanes.net\/wp-content\/uploads\/2020\/06\/WhatsApp-Image-2020-06-05-at-5_opt.jpg\" \/>\n\t<meta property=\"og:image:width\" content=\"359\" \/>\n\t<meta property=\"og:image:height\" content=\"389\" \/>\n\t<meta property=\"og:image:type\" content=\"image\/jpeg\" \/>\n<meta name=\"author\" content=\"admin\" \/>\n<meta name=\"twitter:card\" content=\"summary_large_image\" \/>\n<meta name=\"twitter:label1\" content=\"Escrito por\" \/>\n\t<meta name=\"twitter:data1\" content=\"admin\" \/>\n\t<meta name=\"twitter:label2\" content=\"Tiempo de lectura\" \/>\n\t<meta name=\"twitter:data2\" content=\"1 minuto\" \/>\n<script type=\"application\/ld+json\" class=\"yoast-schema-graph\">{\"@context\":\"https:\/\/schema.org\",\"@graph\":[{\"@type\":\"Article\",\"@id\":\"https:\/\/volcanes.net\/?p=7194#article\",\"isPartOf\":{\"@id\":\"https:\/\/volcanes.net\/?p=7194\"},\"author\":{\"name\":\"admin\",\"@id\":\"https:\/\/volcanes.net\/#\/schema\/person\/4bf0f383940966a4abd53f5048c0e6b9\"},\"headline\":\"13avo regidor del Partido Verde en Valle De Chalco conmemora el D\u00eda Internacional del Medio Ambiente\",\"datePublished\":\"2020-06-05T23:23:52+00:00\",\"mainEntityOfPage\":{\"@id\":\"https:\/\/volcanes.net\/?p=7194\"},\"wordCount\":227,\"commentCount\":0,\"publisher\":{\"@id\":\"https:\/\/volcanes.net\/#organization\"},\"image\":{\"@id\":\"https:\/\/volcanes.net\/?p=7194#primaryimage\"},\"thumbnailUrl\":\"https:\/\/volcanes.net\/wp-content\/uploads\/2020\/06\/WhatsApp-Image-2020-06-05-at-5_opt.jpg\",\"keywords\":[\"Valle de Chalco\"],\"articleSection\":[\"Municipales\"],\"inLanguage\":\"es\",\"potentialAction\":[{\"@type\":\"CommentAction\",\"name\":\"Comment\",\"target\":[\"https:\/\/volcanes.net\/?p=7194#respond\"]}]},{\"@type\":\"WebPage\",\"@id\":\"https:\/\/volcanes.net\/?p=7194\",\"url\":\"https:\/\/volcanes.net\/?p=7194\",\"name\":\"13avo regidor del Partido Verde en Valle De Chalco conmemora el D\u00eda Internacional del Medio Ambiente - Volcanes\",\"isPartOf\":{\"@id\":\"https:\/\/volcanes.net\/#website\"},\"primaryImageOfPage\":{\"@id\":\"https:\/\/volcanes.net\/?p=7194#primaryimage\"},\"image\":{\"@id\":\"https:\/\/volcanes.net\/?p=7194#primaryimage\"},\"thumbnailUrl\":\"https:\/\/volcanes.net\/wp-content\/uploads\/2020\/06\/WhatsApp-Image-2020-06-05-at-5_opt.jpg\",\"datePublished\":\"2020-06-05T23:23:52+00:00\",\"breadcrumb\":{\"@id\":\"https:\/\/volcanes.net\/?p=7194#breadcrumb\"},\"inLanguage\":\"es\",\"potentialAction\":[{\"@type\":\"ReadAction\",\"target\":[\"https:\/\/volcanes.net\/?p=7194\"]}]},{\"@type\":\"ImageObject\",\"inLanguage\":\"es\",\"@id\":\"https:\/\/volcanes.net\/?p=7194#primaryimage\",\"url\":\"https:\/\/volcanes.net\/wp-content\/uploads\/2020\/06\/WhatsApp-Image-2020-06-05-at-5_opt.jpg\",\"contentUrl\":\"https:\/\/volcanes.net\/wp-content\/uploads\/2020\/06\/WhatsApp-Image-2020-06-05-at-5_opt.jpg\",\"width\":359,\"height\":389},{\"@type\":\"BreadcrumbList\",\"@id\":\"https:\/\/volcanes.net\/?p=7194#breadcrumb\",\"itemListElement\":[{\"@type\":\"ListItem\",\"position\":1,\"name\":\"Portada\",\"item\":\"https:\/\/volcanes.net\/\"},{\"@type\":\"ListItem\",\"position\":2,\"name\":\"13avo regidor del Partido Verde en Valle De Chalco conmemora el D\u00eda Internacional del Medio Ambiente\"}]},{\"@type\":\"WebSite\",\"@id\":\"https:\/\/volcanes.net\/#website\",\"url\":\"https:\/\/volcanes.net\/\",\"name\":\"Volcanes.Net\",\"description\":\"Periodismo Profesional\",\"publisher\":{\"@id\":\"https:\/\/volcanes.net\/#organization\"},\"potentialAction\":[{\"@type\":\"SearchAction\",\"target\":{\"@type\":\"EntryPoint\",\"urlTemplate\":\"https:\/\/volcanes.net\/?s={search_term_string}\"},\"query-input\":{\"@type\":\"PropertyValueSpecification\",\"valueRequired\":true,\"valueName\":\"search_term_string\"}}],\"inLanguage\":\"es\"},{\"@type\":\"Organization\",\"@id\":\"https:\/\/volcanes.net\/#organization\",\"name\":\"Grupo Volcanes\",\"url\":\"https:\/\/volcanes.net\/\",\"logo\":{\"@type\":\"ImageObject\",\"inLanguage\":\"es\",\"@id\":\"https:\/\/volcanes.net\/#\/schema\/logo\/image\/\",\"url\":\"http:\/\/volcanes.net\/wp-content\/uploads\/2017\/12\/Avatar2.jpg\",\"contentUrl\":\"http:\/\/volcanes.net\/wp-content\/uploads\/2017\/12\/Avatar2.jpg\",\"width\":378,\"height\":378,\"caption\":\"Grupo Volcanes\"},\"image\":{\"@id\":\"https:\/\/volcanes.net\/#\/schema\/logo\/image\/\"},\"sameAs\":[\"https:\/\/www.facebook.com\/volcanes.net\/\"]},{\"@type\":\"Person\",\"@id\":\"https:\/\/volcanes.net\/#\/schema\/person\/4bf0f383940966a4abd53f5048c0e6b9\",\"name\":\"admin\",\"image\":{\"@type\":\"ImageObject\",\"inLanguage\":\"es\",\"@id\":\"https:\/\/volcanes.net\/#\/schema\/person\/image\/\",\"url\":\"https:\/\/secure.gravatar.com\/avatar\/ca004e6cba8462b8cb7abc86e382930c?s=96&d=mm&r=g\",\"contentUrl\":\"https:\/\/secure.gravatar.com\/avatar\/ca004e6cba8462b8cb7abc86e382930c?s=96&d=mm&r=g\",\"caption\":\"admin\"}}]}<\/script>\n<!-- \/ Yoast SEO plugin. -->","yoast_head_json":{"title":"13avo regidor del Partido Verde en Valle De Chalco conmemora el D\u00eda Internacional del Medio Ambiente - Volcanes","robots":{"index":"index","follow":"follow","max-snippet":"max-snippet:-1","max-image-preview":"max-image-preview:large","max-video-preview":"max-video-preview:-1"},"canonical":"https:\/\/volcanes.net\/?p=7194","og_locale":"es_MX","og_type":"article","og_title":"13avo regidor del Partido Verde en Valle De Chalco conmemora el D\u00eda Internacional del Medio Ambiente - Volcanes","og_description":"El regidor del Partido Verde en Valle De Chalco Solidaridad, menciona parte de los trabajos","og_url":"https:\/\/volcanes.net\/?p=7194","og_site_name":"Volcanes","article_publisher":"https:\/\/www.facebook.com\/volcanes.net\/","article_published_time":"2020-06-05T23:23:52+00:00","og_image":[{"width":359,"height":389,"url":"https:\/\/volcanes.net\/wp-content\/uploads\/2020\/06\/WhatsApp-Image-2020-06-05-at-5_opt.jpg","type":"image\/jpeg"}],"author":"admin","twitter_card":"summary_large_image","twitter_misc":{"Escrito por":"admin","Tiempo de lectura":"1 minuto"},"schema":{"@context":"https:\/\/schema.org","@graph":[{"@type":"Article","@id":"https:\/\/volcanes.net\/?p=7194#article","isPartOf":{"@id":"https:\/\/volcanes.net\/?p=7194"},"author":{"name":"admin","@id":"https:\/\/volcanes.net\/#\/schema\/person\/4bf0f383940966a4abd53f5048c0e6b9"},"headline":"13avo regidor del Partido Verde en Valle De Chalco conmemora el D\u00eda Internacional del Medio Ambiente","datePublished":"2020-06-05T23:23:52+00:00","mainEntityOfPage":{"@id":"https:\/\/volcanes.net\/?p=7194"},"wordCount":227,"commentCount":0,"publisher":{"@id":"https:\/\/volcanes.net\/#organization"},"image":{"@id":"https:\/\/volcanes.net\/?p=7194#primaryimage"},"thumbnailUrl":"https:\/\/volcanes.net\/wp-content\/uploads\/2020\/06\/WhatsApp-Image-2020-06-05-at-5_opt.jpg","keywords":["Valle de Chalco"],"articleSection":["Municipales"],"inLanguage":"es","potentialAction":[{"@type":"CommentAction","name":"Comment","target":["https:\/\/volcanes.net\/?p=7194#respond"]}]},{"@type":"WebPage","@id":"https:\/\/volcanes.net\/?p=7194","url":"https:\/\/volcanes.net\/?p=7194","name":"13avo regidor del Partido Verde en Valle De Chalco conmemora el D\u00eda Internacional del Medio Ambiente - Volcanes","isPartOf":{"@id":"https:\/\/volcanes.net\/#website"},"primaryImageOfPage":{"@id":"https:\/\/volcanes.net\/?p=7194#primaryimage"},"image":{"@id":"https:\/\/volcanes.net\/?p=7194#primaryimage"},"thumbnailUrl":"https:\/\/volcanes.net\/wp-content\/uploads\/2020\/06\/WhatsApp-Image-2020-06-05-at-5_opt.jpg","datePublished":"2020-06-05T23:23:52+00:00","breadcrumb":{"@id":"https:\/\/volcanes.net\/?p=7194#breadcrumb"},"inLanguage":"es","potentialAction":[{"@type":"ReadAction","target":["https:\/\/volcanes.net\/?p=7194"]}]},{"@type":"ImageObject","inLanguage":"es","@id":"https:\/\/volcanes.net\/?p=7194#primaryimage","url":"https:\/\/volcanes.net\/wp-content\/uploads\/2020\/06\/WhatsApp-Image-2020-06-05-at-5_opt.jpg","contentUrl":"https:\/\/volcanes.net\/wp-content\/uploads\/2020\/06\/WhatsApp-Image-2020-06-05-at-5_opt.jpg","width":359,"height":389},{"@type":"BreadcrumbList","@id":"https:\/\/volcanes.net\/?p=7194#breadcrumb","itemListElement":[{"@type":"ListItem","position":1,"name":"Portada","item":"https:\/\/volcanes.net\/"},{"@type":"ListItem","position":2,"name":"13avo regidor del Partido Verde en Valle De Chalco conmemora el D\u00eda Internacional del Medio Ambiente"}]},{"@type":"WebSite","@id":"https:\/\/volcanes.net\/#website","url":"https:\/\/volcanes.net\/","name":"Volcanes.Net","description":"Periodismo Profesional","publisher":{"@id":"https:\/\/volcanes.net\/#organization"},"potentialAction":[{"@type":"SearchAction","target":{"@type":"EntryPoint","urlTemplate":"https:\/\/volcanes.net\/?s={search_term_string}"},"query-input":{"@type":"PropertyValueSpecification","valueRequired":true,"valueName":"search_term_string"}}],"inLanguage":"es"},{"@type":"Organization","@id":"https:\/\/volcanes.net\/#organization","name":"Grupo Volcanes","url":"https:\/\/volcanes.net\/","logo":{"@type":"ImageObject","inLanguage":"es","@id":"https:\/\/volcanes.net\/#\/schema\/logo\/image\/","url":"http:\/\/volcanes.net\/wp-content\/uploads\/2017\/12\/Avatar2.jpg","contentUrl":"http:\/\/volcanes.net\/wp-content\/uploads\/2017\/12\/Avatar2.jpg","width":378,"height":378,"caption":"Grupo Volcanes"},"image":{"@id":"https:\/\/volcanes.net\/#\/schema\/logo\/image\/"},"sameAs":["https:\/\/www.facebook.com\/volcanes.net\/"]},{"@type":"Person","@id":"https:\/\/volcanes.net\/#\/schema\/person\/4bf0f383940966a4abd53f5048c0e6b9","name":"admin","image":{"@type":"ImageObject","inLanguage":"es","@id":"https:\/\/volcanes.net\/#\/schema\/person\/image\/","url":"https:\/\/secure.gravatar.com\/avatar\/ca004e6cba8462b8cb7abc86e382930c?s=96&d=mm&r=g","contentUrl":"https:\/\/secure.gravatar.com\/avatar\/ca004e6cba8462b8cb7abc86e382930c?s=96&d=mm&r=g","caption":"admin"}}]}},"_links":{"self":[{"href":"https:\/\/volcanes.net\/index.php?rest_route=\/wp\/v2\/posts\/7194"}],"collection":[{"href":"https:\/\/volcanes.net\/index.php?rest_route=\/wp\/v2\/posts"}],"about":[{"href":"https:\/\/volcanes.net\/index.php?rest_route=\/wp\/v2\/types\/post"}],"author":[{"embeddable":true,"href":"https:\/\/volcanes.net\/index.php?rest_route=\/wp\/v2\/users\/1"}],"replies":[{"embeddable":true,"href":"https:\/\/volcanes.net\/index.php?rest_route=%2Fwp%2Fv2%2Fcomments&post=7194"}],"version-history":[{"count":1,"href":"https:\/\/volcanes.net\/index.php?rest_route=\/wp\/v2\/posts\/7194\/revisions"}],"predecessor-version":[{"id":7196,"href":"https:\/\/volcanes.net\/index.php?rest_route=\/wp\/v2\/posts\/7194\/revisions\/7196"}],"wp:featuredmedia":[{"embeddable":true,"href":"https:\/\/volcanes.net\/index.php?rest_route=\/wp\/v2\/media\/7195"}],"wp:attachment":[{"href":"https:\/\/volcanes.net\/index.php?rest_route=%2Fwp%2Fv2%2Fmedia&parent=7194"}],"wp:term":[{"taxonomy":"category","embeddable":true,"href":"https:\/\/volcanes.net\/index.php?rest_route=%2Fwp%2Fv2%2Fcategories&post=7194"},{"taxonomy":"post_tag","embeddable":true,"href":"https:\/\/volcanes.net\/index.php?rest_route=%2Fwp%2Fv2%2Ftags&post=7194"}],"curies":[{"name":"wp","href":"https:\/\/api.w.org\/{rel}","templated":true}]}}