{"id":7201,"date":"2020-06-06T15:37:26","date_gmt":"2020-06-06T21:37:26","guid":{"rendered":"http:\/\/volcanes.net\/?p=7201"},"modified":"2020-06-06T15:37:26","modified_gmt":"2020-06-06T21:37:26","slug":"alcalde-de-ozumba-invito-a-la-poblacion-a-implementar-medidas-adicionales-para-evitar-los-contagios-por-covid-en-sus-familias","status":"publish","type":"post","link":"https:\/\/volcanes.net\/?p=7201","title":{"rendered":"Alcalde de Ozumba invit\u00f3 a la poblaci\u00f3n a implementar medidas adicionales para evitar los contagios por COVID en sus familias"},"content":{"rendered":"<div style=\"margin-top: 0px; margin-bottom: 0px;\" class=\"sharethis-inline-share-buttons\" ><\/div><p>Elizabeth Bautista<\/p>\n<p>El edil municipal de Ozumba, Valent\u00edn Mart\u00ednez Castillo, exhort\u00f3 a toda la poblaci\u00f3n a NO relajar las medidas de sana distancia ni los cuidados que se est\u00e1n teniendo a favor de las familias a fin de evitar los contagios por COVID19 \u201cNo es fastidiar a nadie, es salvaguardar su salud\u201d, \u201cTengo la experiencia de lo que se ha vivido, cuid\u00e9monos todos\u201d, fueron las palabras que expres\u00f3 durante la inauguraci\u00f3n de la Avenida Allende, este 6 de junio.<\/p>\n<p>El alcalde recalc\u00f3 la importancia de salvaguardar la integridad f\u00edsica de las familias y sobre todo de los adultos mayores y de las personas que por una u otra raz\u00f3n tienen sus defensas bajas, \u201c\u00a1Es importante cuidarnos, que nuestra poblaci\u00f3n no sufra las consecuencias de esta pandemia mundial!\u201d, subray\u00f3. Dijo que el ambiente en ocasiones se torna l\u00fagubre por las situaciones que se est\u00e1n viviendo y aunque hay personas que ya han salido adelante, aun no se debe relajar la situaci\u00f3n e invit\u00f3 a la poblaci\u00f3n a tomar las siguientes medidas:<\/p>\n<p>Cuando lleguemos a casa: despojarnos de la ropa, dejar los zapatos afuera, lavarnos las manos, lavarnos el rostro y dejar limpio.<\/p>\n<p>Explic\u00f3 que aunque hay personas j\u00f3venes que piensan que el virus no los da\u00f1ar\u00e1, lamentablemente cuando el virus se vuelve asintom\u00e1tico en algunas personas, hay otras vulnerables que se pueden contagiar y sufrir las consecuencias de los descuidos de otras. \u201cNo es fastidiar a nadie, es salvaguardar su salud, porque cada cuerpo reaccionar\u00e1 de forma diferente. Tengo la experiencia de lo que se ha vivido, \u00a1cuid\u00e9monos todos!\u201d, concluy\u00f3.<\/p>\n","protected":false},"excerpt":{"rendered":"<p>Elizabeth Bautista El edil municipal de Ozumba, Valent\u00edn Mart\u00ednez Castillo, exhort\u00f3 a toda la poblaci\u00f3n<\/p>\n","protected":false},"author":1,"featured_media":7202,"comment_status":"open","ping_status":"open","sticky":false,"template":"","format":"standard","meta":{"footnotes":""},"categories":[1],"tags":[14],"class_list":["post-7201","post","type-post","status-publish","format-standard","has-post-thumbnail","hentry","category-municipales","tag-ozumba"],"yoast_head":"<!-- This site is optimized with the Yoast SEO plugin v25.3 - https:\/\/yoast.com\/wordpress\/plugins\/seo\/ -->\n<title>Alcalde de Ozumba invit\u00f3 a la poblaci\u00f3n a implementar medidas adicionales para evitar los contagios por COVID en sus familias - Volcanes<\/title>\n<meta name=\"robots\" content=\"index, follow, max-snippet:-1, max-image-preview:large, max-video-preview:-1\" \/>\n<link rel=\"canonical\" href=\"https:\/\/volcanes.net\/?p=7201\" \/>\n<meta property=\"og:locale\" content=\"es_MX\" \/>\n<meta property=\"og:type\" content=\"article\" \/>\n<meta property=\"og:title\" content=\"Alcalde de Ozumba invit\u00f3 a la poblaci\u00f3n a implementar medidas adicionales para evitar los contagios por COVID en sus familias - Volcanes\" \/>\n<meta property=\"og:description\" content=\"Elizabeth Bautista El edil municipal de Ozumba, Valent\u00edn Mart\u00ednez Castillo, exhort\u00f3 a toda la poblaci\u00f3n\" \/>\n<meta property=\"og:url\" content=\"https:\/\/volcanes.net\/?p=7201\" \/>\n<meta property=\"og:site_name\" content=\"Volcanes\" \/>\n<meta property=\"article:publisher\" content=\"https:\/\/www.facebook.com\/volcanes.net\/\" \/>\n<meta property=\"article:published_time\" content=\"2020-06-06T21:37:26+00:00\" \/>\n<meta property=\"og:image\" content=\"https:\/\/volcanes.net\/wp-content\/uploads\/2020\/06\/WhatsApp-Image-2020-06-06-at-3_opt.jpg\" \/>\n\t<meta property=\"og:image:width\" content=\"400\" \/>\n\t<meta property=\"og:image:height\" content=\"322\" \/>\n\t<meta property=\"og:image:type\" content=\"image\/jpeg\" \/>\n<meta name=\"author\" content=\"admin\" \/>\n<meta name=\"twitter:card\" content=\"summary_large_image\" \/>\n<meta name=\"twitter:label1\" content=\"Escrito por\" \/>\n\t<meta name=\"twitter:data1\" content=\"admin\" \/>\n\t<meta name=\"twitter:label2\" content=\"Tiempo de lectura\" \/>\n\t<meta name=\"twitter:data2\" content=\"1 minuto\" \/>\n<script type=\"application\/ld+json\" class=\"yoast-schema-graph\">{\"@context\":\"https:\/\/schema.org\",\"@graph\":[{\"@type\":\"Article\",\"@id\":\"https:\/\/volcanes.net\/?p=7201#article\",\"isPartOf\":{\"@id\":\"https:\/\/volcanes.net\/?p=7201\"},\"author\":{\"name\":\"admin\",\"@id\":\"https:\/\/volcanes.net\/#\/schema\/person\/4bf0f383940966a4abd53f5048c0e6b9\"},\"headline\":\"Alcalde de Ozumba invit\u00f3 a la poblaci\u00f3n a implementar medidas adicionales para evitar los contagios por COVID en sus familias\",\"datePublished\":\"2020-06-06T21:37:26+00:00\",\"mainEntityOfPage\":{\"@id\":\"https:\/\/volcanes.net\/?p=7201\"},\"wordCount\":296,\"commentCount\":0,\"publisher\":{\"@id\":\"https:\/\/volcanes.net\/#organization\"},\"image\":{\"@id\":\"https:\/\/volcanes.net\/?p=7201#primaryimage\"},\"thumbnailUrl\":\"https:\/\/volcanes.net\/wp-content\/uploads\/2020\/06\/WhatsApp-Image-2020-06-06-at-3_opt.jpg\",\"keywords\":[\"Ozumba\"],\"articleSection\":[\"Municipales\"],\"inLanguage\":\"es\",\"potentialAction\":[{\"@type\":\"CommentAction\",\"name\":\"Comment\",\"target\":[\"https:\/\/volcanes.net\/?p=7201#respond\"]}]},{\"@type\":\"WebPage\",\"@id\":\"https:\/\/volcanes.net\/?p=7201\",\"url\":\"https:\/\/volcanes.net\/?p=7201\",\"name\":\"Alcalde de Ozumba invit\u00f3 a la poblaci\u00f3n a implementar medidas adicionales para evitar los contagios por COVID en sus familias - Volcanes\",\"isPartOf\":{\"@id\":\"https:\/\/volcanes.net\/#website\"},\"primaryImageOfPage\":{\"@id\":\"https:\/\/volcanes.net\/?p=7201#primaryimage\"},\"image\":{\"@id\":\"https:\/\/volcanes.net\/?p=7201#primaryimage\"},\"thumbnailUrl\":\"https:\/\/volcanes.net\/wp-content\/uploads\/2020\/06\/WhatsApp-Image-2020-06-06-at-3_opt.jpg\",\"datePublished\":\"2020-06-06T21:37:26+00:00\",\"breadcrumb\":{\"@id\":\"https:\/\/volcanes.net\/?p=7201#breadcrumb\"},\"inLanguage\":\"es\",\"potentialAction\":[{\"@type\":\"ReadAction\",\"target\":[\"https:\/\/volcanes.net\/?p=7201\"]}]},{\"@type\":\"ImageObject\",\"inLanguage\":\"es\",\"@id\":\"https:\/\/volcanes.net\/?p=7201#primaryimage\",\"url\":\"https:\/\/volcanes.net\/wp-content\/uploads\/2020\/06\/WhatsApp-Image-2020-06-06-at-3_opt.jpg\",\"contentUrl\":\"https:\/\/volcanes.net\/wp-content\/uploads\/2020\/06\/WhatsApp-Image-2020-06-06-at-3_opt.jpg\",\"width\":400,\"height\":322},{\"@type\":\"BreadcrumbList\",\"@id\":\"https:\/\/volcanes.net\/?p=7201#breadcrumb\",\"itemListElement\":[{\"@type\":\"ListItem\",\"position\":1,\"name\":\"Portada\",\"item\":\"https:\/\/volcanes.net\/\"},{\"@type\":\"ListItem\",\"position\":2,\"name\":\"Alcalde de Ozumba invit\u00f3 a la poblaci\u00f3n a implementar medidas adicionales para evitar los contagios por COVID en sus familias\"}]},{\"@type\":\"WebSite\",\"@id\":\"https:\/\/volcanes.net\/#website\",\"url\":\"https:\/\/volcanes.net\/\",\"name\":\"Volcanes.Net\",\"description\":\"Periodismo Profesional\",\"publisher\":{\"@id\":\"https:\/\/volcanes.net\/#organization\"},\"potentialAction\":[{\"@type\":\"SearchAction\",\"target\":{\"@type\":\"EntryPoint\",\"urlTemplate\":\"https:\/\/volcanes.net\/?s={search_term_string}\"},\"query-input\":{\"@type\":\"PropertyValueSpecification\",\"valueRequired\":true,\"valueName\":\"search_term_string\"}}],\"inLanguage\":\"es\"},{\"@type\":\"Organization\",\"@id\":\"https:\/\/volcanes.net\/#organization\",\"name\":\"Grupo Volcanes\",\"url\":\"https:\/\/volcanes.net\/\",\"logo\":{\"@type\":\"ImageObject\",\"inLanguage\":\"es\",\"@id\":\"https:\/\/volcanes.net\/#\/schema\/logo\/image\/\",\"url\":\"http:\/\/volcanes.net\/wp-content\/uploads\/2017\/12\/Avatar2.jpg\",\"contentUrl\":\"http:\/\/volcanes.net\/wp-content\/uploads\/2017\/12\/Avatar2.jpg\",\"width\":378,\"height\":378,\"caption\":\"Grupo Volcanes\"},\"image\":{\"@id\":\"https:\/\/volcanes.net\/#\/schema\/logo\/image\/\"},\"sameAs\":[\"https:\/\/www.facebook.com\/volcanes.net\/\"]},{\"@type\":\"Person\",\"@id\":\"https:\/\/volcanes.net\/#\/schema\/person\/4bf0f383940966a4abd53f5048c0e6b9\",\"name\":\"admin\",\"image\":{\"@type\":\"ImageObject\",\"inLanguage\":\"es\",\"@id\":\"https:\/\/volcanes.net\/#\/schema\/person\/image\/\",\"url\":\"https:\/\/secure.gravatar.com\/avatar\/ca004e6cba8462b8cb7abc86e382930c?s=96&d=mm&r=g\",\"contentUrl\":\"https:\/\/secure.gravatar.com\/avatar\/ca004e6cba8462b8cb7abc86e382930c?s=96&d=mm&r=g\",\"caption\":\"admin\"}}]}<\/script>\n<!-- \/ Yoast SEO plugin. -->","yoast_head_json":{"title":"Alcalde de Ozumba invit\u00f3 a la poblaci\u00f3n a implementar medidas adicionales para evitar los contagios por COVID en sus familias - Volcanes","robots":{"index":"index","follow":"follow","max-snippet":"max-snippet:-1","max-image-preview":"max-image-preview:large","max-video-preview":"max-video-preview:-1"},"canonical":"https:\/\/volcanes.net\/?p=7201","og_locale":"es_MX","og_type":"article","og_title":"Alcalde de Ozumba invit\u00f3 a la poblaci\u00f3n a implementar medidas adicionales para evitar los contagios por COVID en sus familias - Volcanes","og_description":"Elizabeth Bautista El edil municipal de Ozumba, Valent\u00edn Mart\u00ednez Castillo, exhort\u00f3 a toda la poblaci\u00f3n","og_url":"https:\/\/volcanes.net\/?p=7201","og_site_name":"Volcanes","article_publisher":"https:\/\/www.facebook.com\/volcanes.net\/","article_published_time":"2020-06-06T21:37:26+00:00","og_image":[{"width":400,"height":322,"url":"https:\/\/volcanes.net\/wp-content\/uploads\/2020\/06\/WhatsApp-Image-2020-06-06-at-3_opt.jpg","type":"image\/jpeg"}],"author":"admin","twitter_card":"summary_large_image","twitter_misc":{"Escrito por":"admin","Tiempo de lectura":"1 minuto"},"schema":{"@context":"https:\/\/schema.org","@graph":[{"@type":"Article","@id":"https:\/\/volcanes.net\/?p=7201#article","isPartOf":{"@id":"https:\/\/volcanes.net\/?p=7201"},"author":{"name":"admin","@id":"https:\/\/volcanes.net\/#\/schema\/person\/4bf0f383940966a4abd53f5048c0e6b9"},"headline":"Alcalde de Ozumba invit\u00f3 a la poblaci\u00f3n a implementar medidas adicionales para evitar los contagios por COVID en sus familias","datePublished":"2020-06-06T21:37:26+00:00","mainEntityOfPage":{"@id":"https:\/\/volcanes.net\/?p=7201"},"wordCount":296,"commentCount":0,"publisher":{"@id":"https:\/\/volcanes.net\/#organization"},"image":{"@id":"https:\/\/volcanes.net\/?p=7201#primaryimage"},"thumbnailUrl":"https:\/\/volcanes.net\/wp-content\/uploads\/2020\/06\/WhatsApp-Image-2020-06-06-at-3_opt.jpg","keywords":["Ozumba"],"articleSection":["Municipales"],"inLanguage":"es","potentialAction":[{"@type":"CommentAction","name":"Comment","target":["https:\/\/volcanes.net\/?p=7201#respond"]}]},{"@type":"WebPage","@id":"https:\/\/volcanes.net\/?p=7201","url":"https:\/\/volcanes.net\/?p=7201","name":"Alcalde de Ozumba invit\u00f3 a la poblaci\u00f3n a implementar medidas adicionales para evitar los contagios por COVID en sus familias - Volcanes","isPartOf":{"@id":"https:\/\/volcanes.net\/#website"},"primaryImageOfPage":{"@id":"https:\/\/volcanes.net\/?p=7201#primaryimage"},"image":{"@id":"https:\/\/volcanes.net\/?p=7201#primaryimage"},"thumbnailUrl":"https:\/\/volcanes.net\/wp-content\/uploads\/2020\/06\/WhatsApp-Image-2020-06-06-at-3_opt.jpg","datePublished":"2020-06-06T21:37:26+00:00","breadcrumb":{"@id":"https:\/\/volcanes.net\/?p=7201#breadcrumb"},"inLanguage":"es","potentialAction":[{"@type":"ReadAction","target":["https:\/\/volcanes.net\/?p=7201"]}]},{"@type":"ImageObject","inLanguage":"es","@id":"https:\/\/volcanes.net\/?p=7201#primaryimage","url":"https:\/\/volcanes.net\/wp-content\/uploads\/2020\/06\/WhatsApp-Image-2020-06-06-at-3_opt.jpg","contentUrl":"https:\/\/volcanes.net\/wp-content\/uploads\/2020\/06\/WhatsApp-Image-2020-06-06-at-3_opt.jpg","width":400,"height":322},{"@type":"BreadcrumbList","@id":"https:\/\/volcanes.net\/?p=7201#breadcrumb","itemListElement":[{"@type":"ListItem","position":1,"name":"Portada","item":"https:\/\/volcanes.net\/"},{"@type":"ListItem","position":2,"name":"Alcalde de Ozumba invit\u00f3 a la poblaci\u00f3n a implementar medidas adicionales para evitar los contagios por COVID en sus familias"}]},{"@type":"WebSite","@id":"https:\/\/volcanes.net\/#website","url":"https:\/\/volcanes.net\/","name":"Volcanes.Net","description":"Periodismo Profesional","publisher":{"@id":"https:\/\/volcanes.net\/#organization"},"potentialAction":[{"@type":"SearchAction","target":{"@type":"EntryPoint","urlTemplate":"https:\/\/volcanes.net\/?s={search_term_string}"},"query-input":{"@type":"PropertyValueSpecification","valueRequired":true,"valueName":"search_term_string"}}],"inLanguage":"es"},{"@type":"Organization","@id":"https:\/\/volcanes.net\/#organization","name":"Grupo Volcanes","url":"https:\/\/volcanes.net\/","logo":{"@type":"ImageObject","inLanguage":"es","@id":"https:\/\/volcanes.net\/#\/schema\/logo\/image\/","url":"http:\/\/volcanes.net\/wp-content\/uploads\/2017\/12\/Avatar2.jpg","contentUrl":"http:\/\/volcanes.net\/wp-content\/uploads\/2017\/12\/Avatar2.jpg","width":378,"height":378,"caption":"Grupo Volcanes"},"image":{"@id":"https:\/\/volcanes.net\/#\/schema\/logo\/image\/"},"sameAs":["https:\/\/www.facebook.com\/volcanes.net\/"]},{"@type":"Person","@id":"https:\/\/volcanes.net\/#\/schema\/person\/4bf0f383940966a4abd53f5048c0e6b9","name":"admin","image":{"@type":"ImageObject","inLanguage":"es","@id":"https:\/\/volcanes.net\/#\/schema\/person\/image\/","url":"https:\/\/secure.gravatar.com\/avatar\/ca004e6cba8462b8cb7abc86e382930c?s=96&d=mm&r=g","contentUrl":"https:\/\/secure.gravatar.com\/avatar\/ca004e6cba8462b8cb7abc86e382930c?s=96&d=mm&r=g","caption":"admin"}}]}},"_links":{"self":[{"href":"https:\/\/volcanes.net\/index.php?rest_route=\/wp\/v2\/posts\/7201"}],"collection":[{"href":"https:\/\/volcanes.net\/index.php?rest_route=\/wp\/v2\/posts"}],"about":[{"href":"https:\/\/volcanes.net\/index.php?rest_route=\/wp\/v2\/types\/post"}],"author":[{"embeddable":true,"href":"https:\/\/volcanes.net\/index.php?rest_route=\/wp\/v2\/users\/1"}],"replies":[{"embeddable":true,"href":"https:\/\/volcanes.net\/index.php?rest_route=%2Fwp%2Fv2%2Fcomments&post=7201"}],"version-history":[{"count":1,"href":"https:\/\/volcanes.net\/index.php?rest_route=\/wp\/v2\/posts\/7201\/revisions"}],"predecessor-version":[{"id":7203,"href":"https:\/\/volcanes.net\/index.php?rest_route=\/wp\/v2\/posts\/7201\/revisions\/7203"}],"wp:featuredmedia":[{"embeddable":true,"href":"https:\/\/volcanes.net\/index.php?rest_route=\/wp\/v2\/media\/7202"}],"wp:attachment":[{"href":"https:\/\/volcanes.net\/index.php?rest_route=%2Fwp%2Fv2%2Fmedia&parent=7201"}],"wp:term":[{"taxonomy":"category","embeddable":true,"href":"https:\/\/volcanes.net\/index.php?rest_route=%2Fwp%2Fv2%2Fcategories&post=7201"},{"taxonomy":"post_tag","embeddable":true,"href":"https:\/\/volcanes.net\/index.php?rest_route=%2Fwp%2Fv2%2Ftags&post=7201"}],"curies":[{"name":"wp","href":"https:\/\/api.w.org\/{rel}","templated":true}]}}