{"id":7216,"date":"2020-06-09T15:28:38","date_gmt":"2020-06-09T21:28:38","guid":{"rendered":"http:\/\/volcanes.net\/?p=7216"},"modified":"2020-06-09T15:32:20","modified_gmt":"2020-06-09T21:32:20","slug":"gobierno-de-amecameca-apoya-a-trabajadores-del-centro-de-salud-de-ozumba","status":"publish","type":"post","link":"https:\/\/volcanes.net\/?p=7216","title":{"rendered":"Gobierno de Amecameca apoya a trabajadores del Centro de Salud de Ozumba"},"content":{"rendered":"<div style=\"margin-top: 0px; margin-bottom: 0px;\" class=\"sharethis-inline-share-buttons\" ><\/div><p>Amecameca de Ju\u00e1rez, Estado de M\u00e9xico.- \u00a0Ante las gestiones realizadas por Trabajadores de la Salud de la Secci\u00f3n Sindical n\u00famero 9 que \u00a0realizaron ante el Gobierno Municipal de Amecameca para beneficiar al Centro de Salud de Ozumba, el Alcalde Miguel \u00c1ngel Salom\u00f3n Cort\u00e9s hizo la entrega de \u00a050 caretas, 20 gogles, 50 pares de guantes, 10 botellas de gel y 20 trajes sanitizantes.<\/p>\n<p>&nbsp;<\/p>\n<p>\u201cAgradeceremos siempre el compromiso mostrado en esta contingencia por todos los trabajadores de la salud, y como autoridades solo nos queda apoyarlos, porque todos somos una misma regi\u00f3n\u201d, dijo el edil durante la entrega.<\/p>\n<p>En su oportunidad Alejandro Saavedra San Juan, Secretario General de la Secci\u00f3n Sindical y Cristina Amaro Espinoza, Secretaria de Actas y Acuerdos, agradecieron a nombre del Centro Especializado de Atenci\u00f3n Primaria a la Salud, CEAPS, de Ozumba, el apoyo con los equipos de seguridad sanitaria, ya que debido a la contingencia est\u00e1n muy expuestos.<\/p>\n<p>Cabe mencionar que la Administraci\u00f3n Municipal tambi\u00e9n ha entregado equipos sanitarios al Hospital \u201cGeneral Valent\u00edn G\u00f3mez Far\u00edas\u201d, ubicado en San Francisco Zentlapan, y al Centro de Salud Amecameca<\/p>\n","protected":false},"excerpt":{"rendered":"<p>Amecameca de Ju\u00e1rez, Estado de M\u00e9xico.- \u00a0Ante las gestiones realizadas por Trabajadores de la Salud<\/p>\n","protected":false},"author":1,"featured_media":7217,"comment_status":"open","ping_status":"open","sticky":false,"template":"","format":"standard","meta":{"footnotes":""},"categories":[1],"tags":[7],"class_list":["post-7216","post","type-post","status-publish","format-standard","has-post-thumbnail","hentry","category-municipales","tag-amecameca"],"yoast_head":"<!-- This site is optimized with the Yoast SEO plugin v25.3 - https:\/\/yoast.com\/wordpress\/plugins\/seo\/ -->\n<title>Gobierno de Amecameca apoya a trabajadores del Centro de Salud de Ozumba - Volcanes<\/title>\n<meta name=\"robots\" content=\"index, follow, max-snippet:-1, max-image-preview:large, max-video-preview:-1\" \/>\n<link rel=\"canonical\" href=\"https:\/\/volcanes.net\/?p=7216\" \/>\n<meta property=\"og:locale\" content=\"es_MX\" \/>\n<meta property=\"og:type\" content=\"article\" \/>\n<meta property=\"og:title\" content=\"Gobierno de Amecameca apoya a trabajadores del Centro de Salud de Ozumba - Volcanes\" \/>\n<meta property=\"og:description\" content=\"Amecameca de Ju\u00e1rez, Estado de M\u00e9xico.- \u00a0Ante las gestiones realizadas por Trabajadores de la Salud\" \/>\n<meta property=\"og:url\" content=\"https:\/\/volcanes.net\/?p=7216\" \/>\n<meta property=\"og:site_name\" content=\"Volcanes\" \/>\n<meta property=\"article:publisher\" content=\"https:\/\/www.facebook.com\/volcanes.net\/\" \/>\n<meta property=\"article:published_time\" content=\"2020-06-09T21:28:38+00:00\" \/>\n<meta property=\"article:modified_time\" content=\"2020-06-09T21:32:20+00:00\" \/>\n<meta property=\"og:image\" content=\"https:\/\/volcanes.net\/wp-content\/uploads\/2020\/06\/WhatsApp-Image-2020-06-09-at-4_opt.jpg\" \/>\n\t<meta property=\"og:image:width\" content=\"400\" \/>\n\t<meta property=\"og:image:height\" content=\"221\" \/>\n\t<meta property=\"og:image:type\" content=\"image\/jpeg\" \/>\n<meta name=\"author\" content=\"admin\" \/>\n<meta name=\"twitter:card\" content=\"summary_large_image\" \/>\n<meta name=\"twitter:label1\" content=\"Escrito por\" \/>\n\t<meta name=\"twitter:data1\" content=\"admin\" \/>\n\t<meta name=\"twitter:label2\" content=\"Tiempo de lectura\" \/>\n\t<meta name=\"twitter:data2\" content=\"1 minuto\" \/>\n<script type=\"application\/ld+json\" class=\"yoast-schema-graph\">{\"@context\":\"https:\/\/schema.org\",\"@graph\":[{\"@type\":\"Article\",\"@id\":\"https:\/\/volcanes.net\/?p=7216#article\",\"isPartOf\":{\"@id\":\"https:\/\/volcanes.net\/?p=7216\"},\"author\":{\"name\":\"admin\",\"@id\":\"https:\/\/volcanes.net\/#\/schema\/person\/4bf0f383940966a4abd53f5048c0e6b9\"},\"headline\":\"Gobierno de Amecameca apoya a trabajadores del Centro de Salud de Ozumba\",\"datePublished\":\"2020-06-09T21:28:38+00:00\",\"dateModified\":\"2020-06-09T21:32:20+00:00\",\"mainEntityOfPage\":{\"@id\":\"https:\/\/volcanes.net\/?p=7216\"},\"wordCount\":202,\"commentCount\":0,\"publisher\":{\"@id\":\"https:\/\/volcanes.net\/#organization\"},\"image\":{\"@id\":\"https:\/\/volcanes.net\/?p=7216#primaryimage\"},\"thumbnailUrl\":\"https:\/\/volcanes.net\/wp-content\/uploads\/2020\/06\/WhatsApp-Image-2020-06-09-at-4_opt.jpg\",\"keywords\":[\"Amecameca\"],\"articleSection\":[\"Municipales\"],\"inLanguage\":\"es\",\"potentialAction\":[{\"@type\":\"CommentAction\",\"name\":\"Comment\",\"target\":[\"https:\/\/volcanes.net\/?p=7216#respond\"]}]},{\"@type\":\"WebPage\",\"@id\":\"https:\/\/volcanes.net\/?p=7216\",\"url\":\"https:\/\/volcanes.net\/?p=7216\",\"name\":\"Gobierno de Amecameca apoya a trabajadores del Centro de Salud de Ozumba - Volcanes\",\"isPartOf\":{\"@id\":\"https:\/\/volcanes.net\/#website\"},\"primaryImageOfPage\":{\"@id\":\"https:\/\/volcanes.net\/?p=7216#primaryimage\"},\"image\":{\"@id\":\"https:\/\/volcanes.net\/?p=7216#primaryimage\"},\"thumbnailUrl\":\"https:\/\/volcanes.net\/wp-content\/uploads\/2020\/06\/WhatsApp-Image-2020-06-09-at-4_opt.jpg\",\"datePublished\":\"2020-06-09T21:28:38+00:00\",\"dateModified\":\"2020-06-09T21:32:20+00:00\",\"breadcrumb\":{\"@id\":\"https:\/\/volcanes.net\/?p=7216#breadcrumb\"},\"inLanguage\":\"es\",\"potentialAction\":[{\"@type\":\"ReadAction\",\"target\":[\"https:\/\/volcanes.net\/?p=7216\"]}]},{\"@type\":\"ImageObject\",\"inLanguage\":\"es\",\"@id\":\"https:\/\/volcanes.net\/?p=7216#primaryimage\",\"url\":\"https:\/\/volcanes.net\/wp-content\/uploads\/2020\/06\/WhatsApp-Image-2020-06-09-at-4_opt.jpg\",\"contentUrl\":\"https:\/\/volcanes.net\/wp-content\/uploads\/2020\/06\/WhatsApp-Image-2020-06-09-at-4_opt.jpg\",\"width\":400,\"height\":221},{\"@type\":\"BreadcrumbList\",\"@id\":\"https:\/\/volcanes.net\/?p=7216#breadcrumb\",\"itemListElement\":[{\"@type\":\"ListItem\",\"position\":1,\"name\":\"Portada\",\"item\":\"https:\/\/volcanes.net\/\"},{\"@type\":\"ListItem\",\"position\":2,\"name\":\"Gobierno de Amecameca apoya a trabajadores del Centro de Salud de Ozumba\"}]},{\"@type\":\"WebSite\",\"@id\":\"https:\/\/volcanes.net\/#website\",\"url\":\"https:\/\/volcanes.net\/\",\"name\":\"Volcanes.Net\",\"description\":\"Periodismo Profesional\",\"publisher\":{\"@id\":\"https:\/\/volcanes.net\/#organization\"},\"potentialAction\":[{\"@type\":\"SearchAction\",\"target\":{\"@type\":\"EntryPoint\",\"urlTemplate\":\"https:\/\/volcanes.net\/?s={search_term_string}\"},\"query-input\":{\"@type\":\"PropertyValueSpecification\",\"valueRequired\":true,\"valueName\":\"search_term_string\"}}],\"inLanguage\":\"es\"},{\"@type\":\"Organization\",\"@id\":\"https:\/\/volcanes.net\/#organization\",\"name\":\"Grupo Volcanes\",\"url\":\"https:\/\/volcanes.net\/\",\"logo\":{\"@type\":\"ImageObject\",\"inLanguage\":\"es\",\"@id\":\"https:\/\/volcanes.net\/#\/schema\/logo\/image\/\",\"url\":\"http:\/\/volcanes.net\/wp-content\/uploads\/2017\/12\/Avatar2.jpg\",\"contentUrl\":\"http:\/\/volcanes.net\/wp-content\/uploads\/2017\/12\/Avatar2.jpg\",\"width\":378,\"height\":378,\"caption\":\"Grupo Volcanes\"},\"image\":{\"@id\":\"https:\/\/volcanes.net\/#\/schema\/logo\/image\/\"},\"sameAs\":[\"https:\/\/www.facebook.com\/volcanes.net\/\"]},{\"@type\":\"Person\",\"@id\":\"https:\/\/volcanes.net\/#\/schema\/person\/4bf0f383940966a4abd53f5048c0e6b9\",\"name\":\"admin\",\"image\":{\"@type\":\"ImageObject\",\"inLanguage\":\"es\",\"@id\":\"https:\/\/volcanes.net\/#\/schema\/person\/image\/\",\"url\":\"https:\/\/secure.gravatar.com\/avatar\/ca004e6cba8462b8cb7abc86e382930c?s=96&d=mm&r=g\",\"contentUrl\":\"https:\/\/secure.gravatar.com\/avatar\/ca004e6cba8462b8cb7abc86e382930c?s=96&d=mm&r=g\",\"caption\":\"admin\"}}]}<\/script>\n<!-- \/ Yoast SEO plugin. -->","yoast_head_json":{"title":"Gobierno de Amecameca apoya a trabajadores del Centro de Salud de Ozumba - Volcanes","robots":{"index":"index","follow":"follow","max-snippet":"max-snippet:-1","max-image-preview":"max-image-preview:large","max-video-preview":"max-video-preview:-1"},"canonical":"https:\/\/volcanes.net\/?p=7216","og_locale":"es_MX","og_type":"article","og_title":"Gobierno de Amecameca apoya a trabajadores del Centro de Salud de Ozumba - Volcanes","og_description":"Amecameca de Ju\u00e1rez, Estado de M\u00e9xico.- \u00a0Ante las gestiones realizadas por Trabajadores de la Salud","og_url":"https:\/\/volcanes.net\/?p=7216","og_site_name":"Volcanes","article_publisher":"https:\/\/www.facebook.com\/volcanes.net\/","article_published_time":"2020-06-09T21:28:38+00:00","article_modified_time":"2020-06-09T21:32:20+00:00","og_image":[{"width":400,"height":221,"url":"https:\/\/volcanes.net\/wp-content\/uploads\/2020\/06\/WhatsApp-Image-2020-06-09-at-4_opt.jpg","type":"image\/jpeg"}],"author":"admin","twitter_card":"summary_large_image","twitter_misc":{"Escrito por":"admin","Tiempo de lectura":"1 minuto"},"schema":{"@context":"https:\/\/schema.org","@graph":[{"@type":"Article","@id":"https:\/\/volcanes.net\/?p=7216#article","isPartOf":{"@id":"https:\/\/volcanes.net\/?p=7216"},"author":{"name":"admin","@id":"https:\/\/volcanes.net\/#\/schema\/person\/4bf0f383940966a4abd53f5048c0e6b9"},"headline":"Gobierno de Amecameca apoya a trabajadores del Centro de Salud de Ozumba","datePublished":"2020-06-09T21:28:38+00:00","dateModified":"2020-06-09T21:32:20+00:00","mainEntityOfPage":{"@id":"https:\/\/volcanes.net\/?p=7216"},"wordCount":202,"commentCount":0,"publisher":{"@id":"https:\/\/volcanes.net\/#organization"},"image":{"@id":"https:\/\/volcanes.net\/?p=7216#primaryimage"},"thumbnailUrl":"https:\/\/volcanes.net\/wp-content\/uploads\/2020\/06\/WhatsApp-Image-2020-06-09-at-4_opt.jpg","keywords":["Amecameca"],"articleSection":["Municipales"],"inLanguage":"es","potentialAction":[{"@type":"CommentAction","name":"Comment","target":["https:\/\/volcanes.net\/?p=7216#respond"]}]},{"@type":"WebPage","@id":"https:\/\/volcanes.net\/?p=7216","url":"https:\/\/volcanes.net\/?p=7216","name":"Gobierno de Amecameca apoya a trabajadores del Centro de Salud de Ozumba - Volcanes","isPartOf":{"@id":"https:\/\/volcanes.net\/#website"},"primaryImageOfPage":{"@id":"https:\/\/volcanes.net\/?p=7216#primaryimage"},"image":{"@id":"https:\/\/volcanes.net\/?p=7216#primaryimage"},"thumbnailUrl":"https:\/\/volcanes.net\/wp-content\/uploads\/2020\/06\/WhatsApp-Image-2020-06-09-at-4_opt.jpg","datePublished":"2020-06-09T21:28:38+00:00","dateModified":"2020-06-09T21:32:20+00:00","breadcrumb":{"@id":"https:\/\/volcanes.net\/?p=7216#breadcrumb"},"inLanguage":"es","potentialAction":[{"@type":"ReadAction","target":["https:\/\/volcanes.net\/?p=7216"]}]},{"@type":"ImageObject","inLanguage":"es","@id":"https:\/\/volcanes.net\/?p=7216#primaryimage","url":"https:\/\/volcanes.net\/wp-content\/uploads\/2020\/06\/WhatsApp-Image-2020-06-09-at-4_opt.jpg","contentUrl":"https:\/\/volcanes.net\/wp-content\/uploads\/2020\/06\/WhatsApp-Image-2020-06-09-at-4_opt.jpg","width":400,"height":221},{"@type":"BreadcrumbList","@id":"https:\/\/volcanes.net\/?p=7216#breadcrumb","itemListElement":[{"@type":"ListItem","position":1,"name":"Portada","item":"https:\/\/volcanes.net\/"},{"@type":"ListItem","position":2,"name":"Gobierno de Amecameca apoya a trabajadores del Centro de Salud de Ozumba"}]},{"@type":"WebSite","@id":"https:\/\/volcanes.net\/#website","url":"https:\/\/volcanes.net\/","name":"Volcanes.Net","description":"Periodismo Profesional","publisher":{"@id":"https:\/\/volcanes.net\/#organization"},"potentialAction":[{"@type":"SearchAction","target":{"@type":"EntryPoint","urlTemplate":"https:\/\/volcanes.net\/?s={search_term_string}"},"query-input":{"@type":"PropertyValueSpecification","valueRequired":true,"valueName":"search_term_string"}}],"inLanguage":"es"},{"@type":"Organization","@id":"https:\/\/volcanes.net\/#organization","name":"Grupo Volcanes","url":"https:\/\/volcanes.net\/","logo":{"@type":"ImageObject","inLanguage":"es","@id":"https:\/\/volcanes.net\/#\/schema\/logo\/image\/","url":"http:\/\/volcanes.net\/wp-content\/uploads\/2017\/12\/Avatar2.jpg","contentUrl":"http:\/\/volcanes.net\/wp-content\/uploads\/2017\/12\/Avatar2.jpg","width":378,"height":378,"caption":"Grupo Volcanes"},"image":{"@id":"https:\/\/volcanes.net\/#\/schema\/logo\/image\/"},"sameAs":["https:\/\/www.facebook.com\/volcanes.net\/"]},{"@type":"Person","@id":"https:\/\/volcanes.net\/#\/schema\/person\/4bf0f383940966a4abd53f5048c0e6b9","name":"admin","image":{"@type":"ImageObject","inLanguage":"es","@id":"https:\/\/volcanes.net\/#\/schema\/person\/image\/","url":"https:\/\/secure.gravatar.com\/avatar\/ca004e6cba8462b8cb7abc86e382930c?s=96&d=mm&r=g","contentUrl":"https:\/\/secure.gravatar.com\/avatar\/ca004e6cba8462b8cb7abc86e382930c?s=96&d=mm&r=g","caption":"admin"}}]}},"_links":{"self":[{"href":"https:\/\/volcanes.net\/index.php?rest_route=\/wp\/v2\/posts\/7216"}],"collection":[{"href":"https:\/\/volcanes.net\/index.php?rest_route=\/wp\/v2\/posts"}],"about":[{"href":"https:\/\/volcanes.net\/index.php?rest_route=\/wp\/v2\/types\/post"}],"author":[{"embeddable":true,"href":"https:\/\/volcanes.net\/index.php?rest_route=\/wp\/v2\/users\/1"}],"replies":[{"embeddable":true,"href":"https:\/\/volcanes.net\/index.php?rest_route=%2Fwp%2Fv2%2Fcomments&post=7216"}],"version-history":[{"count":2,"href":"https:\/\/volcanes.net\/index.php?rest_route=\/wp\/v2\/posts\/7216\/revisions"}],"predecessor-version":[{"id":7219,"href":"https:\/\/volcanes.net\/index.php?rest_route=\/wp\/v2\/posts\/7216\/revisions\/7219"}],"wp:featuredmedia":[{"embeddable":true,"href":"https:\/\/volcanes.net\/index.php?rest_route=\/wp\/v2\/media\/7217"}],"wp:attachment":[{"href":"https:\/\/volcanes.net\/index.php?rest_route=%2Fwp%2Fv2%2Fmedia&parent=7216"}],"wp:term":[{"taxonomy":"category","embeddable":true,"href":"https:\/\/volcanes.net\/index.php?rest_route=%2Fwp%2Fv2%2Fcategories&post=7216"},{"taxonomy":"post_tag","embeddable":true,"href":"https:\/\/volcanes.net\/index.php?rest_route=%2Fwp%2Fv2%2Ftags&post=7216"}],"curies":[{"name":"wp","href":"https:\/\/api.w.org\/{rel}","templated":true}]}}