{"id":7220,"date":"2020-06-10T08:09:01","date_gmt":"2020-06-10T14:09:01","guid":{"rendered":"http:\/\/volcanes.net\/?p=7220"},"modified":"2020-06-10T08:09:01","modified_gmt":"2020-06-10T14:09:01","slug":"ozumba-conmemora-su-195-aniversario","status":"publish","type":"post","link":"https:\/\/volcanes.net\/?p=7220","title":{"rendered":"Ozumba conmemora su 195 aniversario"},"content":{"rendered":"<div style=\"margin-top: 0px; margin-bottom: 0px;\" class=\"sharethis-inline-share-buttons\" ><\/div><p>Alcalde Valent\u00edn Mart\u00ednez Castillo env\u00eda mensajes de \u00e1nimo y confianza a la poblaci\u00f3n<\/p>\n<p>Elizabeth Bautista R<\/p>\n<p>Como parte de la conmemoraci\u00f3n del 195 aniversario de la erecci\u00f3n del municipio de Ozumba este 9 de junio, el Edil de este municipio Valent\u00edn Mart\u00ednez Castillo emiti\u00f3 mensajes a la poblaci\u00f3n ozumbense a trav\u00e9s de sus redes sociales en el que infunde \u00e1nimo y confianza a su gente, a trav\u00e9s de un video de dos minutos y un texto que a la letra dice:<br \/>\n\u201cHoy conmemoramos el 195 aniversario de la erecci\u00f3n de nuestro municipio, raz\u00f3n para conmemorar y festejar pero tambi\u00e9n para ser conscientes de lo que estamos viviendo, somos el punto central del comercio, tenemos historias reflejadas en cada una de nuestras tradiciones, tenemos paisajes hermosos, calles y lugares que nos recuerdan el paso de la historia, pero hay algo de mayor valor que nos identifica, el valor de nuestra gente, gente honesta, gente trabajadora, gente humilde de coraz\u00f3n; sencilla raz\u00f3n para estar unidos y no bajar la guardia ante esta pandemia, si todos hacemos nuestra parte y remamos para el mismo rumbo, saldremos adelante. Ozumba somos todos, cuando esto termine, sabremos que Ozumba no es el mismo, Ozumba ser\u00e1 mejor\u201d.<\/p>\n<p>En el video invita a los ciudadanos a reflexionar y decidir si despu\u00e9s de la pandemia que se est\u00e1 enfrentando a nivel mundial se continuar\u00e1 con la vida cotidiana de antes o habr\u00e1 un aprendizaje y un cambio para mejorar.<\/p>\n<p>As\u00ed tambi\u00e9n, como parte de esta conmemoraci\u00f3n, la Casa de Cultura Jos\u00e9 Antonio Alzate, public\u00f3 en sus redes sociales una breve rese\u00f1a sobre el aniversario de la erecci\u00f3n de Ozumba en la que dio a conocer que el 9 de febrero de 1825 se le da oficialmente el rango de municipio a Ozumba contando con los territorios de Ecatzingo, Atlautla y Tepetilxpa, los cu\u00e1les se separaron en 1868, Tepetlixpa y Ecatzingo y Atlautla en 1874, lo que permiti\u00f3 la conformaci\u00f3n de estos municipios.<\/p>\n<p>Asimismo se explica que la fecha 9 de junio en la que actualmente se conmemora la erecci\u00f3n de Ozumba, surgi\u00f3 a partir de los cuatro meses de postergaci\u00f3n de la fecha original de 9 de febrero, debido a que muchos otros municipios celebran su erecci\u00f3n en la misma fecha.<\/p>\n<p>Fue el C. General Juan N. Mirafuentes, el Gobernador Constitucional del Estado Libre y Soberano de M\u00e9xico quien dio a conocer al pueblo de Ozumba que el Congreso aprob\u00f3 el decreto No. 17, en el que se menciona que para perpetuar el nombre de Don Jos\u00e9 Antonio Alzate, la poblaci\u00f3n de Ozumba se eleva a la categor\u00eda de Villa, el 30 de abril de 1879.<\/p>\n<p>Consulta los mensajes aqu\u00ed:<\/p>\n<p>https:\/\/m.facebook.com\/story.php?story_fbid=738407250299427&#038;id=193339451472879<br \/>\nhttps:\/\/m.facebook.com\/story.php?story_fbid=3355938244436708&#038;id=2303786792985197<br \/>\nhttps:\/\/www.facebook.com\/193339451472879\/posts\/738499626956856\/<\/p>\n","protected":false},"excerpt":{"rendered":"<p>Alcalde Valent\u00edn Mart\u00ednez Castillo env\u00eda mensajes de \u00e1nimo y confianza a la poblaci\u00f3n Elizabeth Bautista<\/p>\n","protected":false},"author":1,"featured_media":7221,"comment_status":"open","ping_status":"open","sticky":false,"template":"","format":"standard","meta":{"footnotes":""},"categories":[1],"tags":[14],"class_list":["post-7220","post","type-post","status-publish","format-standard","has-post-thumbnail","hentry","category-municipales","tag-ozumba"],"yoast_head":"<!-- This site is optimized with the Yoast SEO plugin v25.3 - https:\/\/yoast.com\/wordpress\/plugins\/seo\/ -->\n<title>Ozumba conmemora su 195 aniversario - Volcanes<\/title>\n<meta name=\"robots\" content=\"index, follow, max-snippet:-1, max-image-preview:large, max-video-preview:-1\" \/>\n<link rel=\"canonical\" href=\"https:\/\/volcanes.net\/?p=7220\" \/>\n<meta property=\"og:locale\" content=\"es_MX\" \/>\n<meta property=\"og:type\" content=\"article\" \/>\n<meta property=\"og:title\" content=\"Ozumba conmemora su 195 aniversario - Volcanes\" \/>\n<meta property=\"og:description\" content=\"Alcalde Valent\u00edn Mart\u00ednez Castillo env\u00eda mensajes de \u00e1nimo y confianza a la poblaci\u00f3n Elizabeth Bautista\" \/>\n<meta property=\"og:url\" content=\"https:\/\/volcanes.net\/?p=7220\" \/>\n<meta property=\"og:site_name\" content=\"Volcanes\" \/>\n<meta property=\"article:publisher\" content=\"https:\/\/www.facebook.com\/volcanes.net\/\" \/>\n<meta property=\"article:published_time\" content=\"2020-06-10T14:09:01+00:00\" \/>\n<meta property=\"og:image\" content=\"https:\/\/volcanes.net\/wp-content\/uploads\/2020\/06\/IMG-20200610-WA0027_opt.jpg\" \/>\n\t<meta property=\"og:image:width\" content=\"400\" \/>\n\t<meta property=\"og:image:height\" content=\"265\" \/>\n\t<meta property=\"og:image:type\" content=\"image\/jpeg\" \/>\n<meta name=\"author\" content=\"admin\" \/>\n<meta name=\"twitter:card\" content=\"summary_large_image\" \/>\n<meta name=\"twitter:label1\" content=\"Escrito por\" \/>\n\t<meta name=\"twitter:data1\" content=\"admin\" \/>\n\t<meta name=\"twitter:label2\" content=\"Tiempo de lectura\" \/>\n\t<meta name=\"twitter:data2\" content=\"2 minutos\" \/>\n<script type=\"application\/ld+json\" class=\"yoast-schema-graph\">{\"@context\":\"https:\/\/schema.org\",\"@graph\":[{\"@type\":\"Article\",\"@id\":\"https:\/\/volcanes.net\/?p=7220#article\",\"isPartOf\":{\"@id\":\"https:\/\/volcanes.net\/?p=7220\"},\"author\":{\"name\":\"admin\",\"@id\":\"https:\/\/volcanes.net\/#\/schema\/person\/4bf0f383940966a4abd53f5048c0e6b9\"},\"headline\":\"Ozumba conmemora su 195 aniversario\",\"datePublished\":\"2020-06-10T14:09:01+00:00\",\"mainEntityOfPage\":{\"@id\":\"https:\/\/volcanes.net\/?p=7220\"},\"wordCount\":487,\"commentCount\":0,\"publisher\":{\"@id\":\"https:\/\/volcanes.net\/#organization\"},\"image\":{\"@id\":\"https:\/\/volcanes.net\/?p=7220#primaryimage\"},\"thumbnailUrl\":\"https:\/\/volcanes.net\/wp-content\/uploads\/2020\/06\/IMG-20200610-WA0027_opt.jpg\",\"keywords\":[\"Ozumba\"],\"articleSection\":[\"Municipales\"],\"inLanguage\":\"es\",\"potentialAction\":[{\"@type\":\"CommentAction\",\"name\":\"Comment\",\"target\":[\"https:\/\/volcanes.net\/?p=7220#respond\"]}]},{\"@type\":\"WebPage\",\"@id\":\"https:\/\/volcanes.net\/?p=7220\",\"url\":\"https:\/\/volcanes.net\/?p=7220\",\"name\":\"Ozumba conmemora su 195 aniversario - Volcanes\",\"isPartOf\":{\"@id\":\"https:\/\/volcanes.net\/#website\"},\"primaryImageOfPage\":{\"@id\":\"https:\/\/volcanes.net\/?p=7220#primaryimage\"},\"image\":{\"@id\":\"https:\/\/volcanes.net\/?p=7220#primaryimage\"},\"thumbnailUrl\":\"https:\/\/volcanes.net\/wp-content\/uploads\/2020\/06\/IMG-20200610-WA0027_opt.jpg\",\"datePublished\":\"2020-06-10T14:09:01+00:00\",\"breadcrumb\":{\"@id\":\"https:\/\/volcanes.net\/?p=7220#breadcrumb\"},\"inLanguage\":\"es\",\"potentialAction\":[{\"@type\":\"ReadAction\",\"target\":[\"https:\/\/volcanes.net\/?p=7220\"]}]},{\"@type\":\"ImageObject\",\"inLanguage\":\"es\",\"@id\":\"https:\/\/volcanes.net\/?p=7220#primaryimage\",\"url\":\"https:\/\/volcanes.net\/wp-content\/uploads\/2020\/06\/IMG-20200610-WA0027_opt.jpg\",\"contentUrl\":\"https:\/\/volcanes.net\/wp-content\/uploads\/2020\/06\/IMG-20200610-WA0027_opt.jpg\",\"width\":400,\"height\":265},{\"@type\":\"BreadcrumbList\",\"@id\":\"https:\/\/volcanes.net\/?p=7220#breadcrumb\",\"itemListElement\":[{\"@type\":\"ListItem\",\"position\":1,\"name\":\"Portada\",\"item\":\"https:\/\/volcanes.net\/\"},{\"@type\":\"ListItem\",\"position\":2,\"name\":\"Ozumba conmemora su 195 aniversario\"}]},{\"@type\":\"WebSite\",\"@id\":\"https:\/\/volcanes.net\/#website\",\"url\":\"https:\/\/volcanes.net\/\",\"name\":\"Volcanes.Net\",\"description\":\"Periodismo Profesional\",\"publisher\":{\"@id\":\"https:\/\/volcanes.net\/#organization\"},\"potentialAction\":[{\"@type\":\"SearchAction\",\"target\":{\"@type\":\"EntryPoint\",\"urlTemplate\":\"https:\/\/volcanes.net\/?s={search_term_string}\"},\"query-input\":{\"@type\":\"PropertyValueSpecification\",\"valueRequired\":true,\"valueName\":\"search_term_string\"}}],\"inLanguage\":\"es\"},{\"@type\":\"Organization\",\"@id\":\"https:\/\/volcanes.net\/#organization\",\"name\":\"Grupo Volcanes\",\"url\":\"https:\/\/volcanes.net\/\",\"logo\":{\"@type\":\"ImageObject\",\"inLanguage\":\"es\",\"@id\":\"https:\/\/volcanes.net\/#\/schema\/logo\/image\/\",\"url\":\"http:\/\/volcanes.net\/wp-content\/uploads\/2017\/12\/Avatar2.jpg\",\"contentUrl\":\"http:\/\/volcanes.net\/wp-content\/uploads\/2017\/12\/Avatar2.jpg\",\"width\":378,\"height\":378,\"caption\":\"Grupo Volcanes\"},\"image\":{\"@id\":\"https:\/\/volcanes.net\/#\/schema\/logo\/image\/\"},\"sameAs\":[\"https:\/\/www.facebook.com\/volcanes.net\/\"]},{\"@type\":\"Person\",\"@id\":\"https:\/\/volcanes.net\/#\/schema\/person\/4bf0f383940966a4abd53f5048c0e6b9\",\"name\":\"admin\",\"image\":{\"@type\":\"ImageObject\",\"inLanguage\":\"es\",\"@id\":\"https:\/\/volcanes.net\/#\/schema\/person\/image\/\",\"url\":\"https:\/\/secure.gravatar.com\/avatar\/ca004e6cba8462b8cb7abc86e382930c?s=96&d=mm&r=g\",\"contentUrl\":\"https:\/\/secure.gravatar.com\/avatar\/ca004e6cba8462b8cb7abc86e382930c?s=96&d=mm&r=g\",\"caption\":\"admin\"}}]}<\/script>\n<!-- \/ Yoast SEO plugin. -->","yoast_head_json":{"title":"Ozumba conmemora su 195 aniversario - Volcanes","robots":{"index":"index","follow":"follow","max-snippet":"max-snippet:-1","max-image-preview":"max-image-preview:large","max-video-preview":"max-video-preview:-1"},"canonical":"https:\/\/volcanes.net\/?p=7220","og_locale":"es_MX","og_type":"article","og_title":"Ozumba conmemora su 195 aniversario - Volcanes","og_description":"Alcalde Valent\u00edn Mart\u00ednez Castillo env\u00eda mensajes de \u00e1nimo y confianza a la poblaci\u00f3n Elizabeth Bautista","og_url":"https:\/\/volcanes.net\/?p=7220","og_site_name":"Volcanes","article_publisher":"https:\/\/www.facebook.com\/volcanes.net\/","article_published_time":"2020-06-10T14:09:01+00:00","og_image":[{"width":400,"height":265,"url":"https:\/\/volcanes.net\/wp-content\/uploads\/2020\/06\/IMG-20200610-WA0027_opt.jpg","type":"image\/jpeg"}],"author":"admin","twitter_card":"summary_large_image","twitter_misc":{"Escrito por":"admin","Tiempo de lectura":"2 minutos"},"schema":{"@context":"https:\/\/schema.org","@graph":[{"@type":"Article","@id":"https:\/\/volcanes.net\/?p=7220#article","isPartOf":{"@id":"https:\/\/volcanes.net\/?p=7220"},"author":{"name":"admin","@id":"https:\/\/volcanes.net\/#\/schema\/person\/4bf0f383940966a4abd53f5048c0e6b9"},"headline":"Ozumba conmemora su 195 aniversario","datePublished":"2020-06-10T14:09:01+00:00","mainEntityOfPage":{"@id":"https:\/\/volcanes.net\/?p=7220"},"wordCount":487,"commentCount":0,"publisher":{"@id":"https:\/\/volcanes.net\/#organization"},"image":{"@id":"https:\/\/volcanes.net\/?p=7220#primaryimage"},"thumbnailUrl":"https:\/\/volcanes.net\/wp-content\/uploads\/2020\/06\/IMG-20200610-WA0027_opt.jpg","keywords":["Ozumba"],"articleSection":["Municipales"],"inLanguage":"es","potentialAction":[{"@type":"CommentAction","name":"Comment","target":["https:\/\/volcanes.net\/?p=7220#respond"]}]},{"@type":"WebPage","@id":"https:\/\/volcanes.net\/?p=7220","url":"https:\/\/volcanes.net\/?p=7220","name":"Ozumba conmemora su 195 aniversario - Volcanes","isPartOf":{"@id":"https:\/\/volcanes.net\/#website"},"primaryImageOfPage":{"@id":"https:\/\/volcanes.net\/?p=7220#primaryimage"},"image":{"@id":"https:\/\/volcanes.net\/?p=7220#primaryimage"},"thumbnailUrl":"https:\/\/volcanes.net\/wp-content\/uploads\/2020\/06\/IMG-20200610-WA0027_opt.jpg","datePublished":"2020-06-10T14:09:01+00:00","breadcrumb":{"@id":"https:\/\/volcanes.net\/?p=7220#breadcrumb"},"inLanguage":"es","potentialAction":[{"@type":"ReadAction","target":["https:\/\/volcanes.net\/?p=7220"]}]},{"@type":"ImageObject","inLanguage":"es","@id":"https:\/\/volcanes.net\/?p=7220#primaryimage","url":"https:\/\/volcanes.net\/wp-content\/uploads\/2020\/06\/IMG-20200610-WA0027_opt.jpg","contentUrl":"https:\/\/volcanes.net\/wp-content\/uploads\/2020\/06\/IMG-20200610-WA0027_opt.jpg","width":400,"height":265},{"@type":"BreadcrumbList","@id":"https:\/\/volcanes.net\/?p=7220#breadcrumb","itemListElement":[{"@type":"ListItem","position":1,"name":"Portada","item":"https:\/\/volcanes.net\/"},{"@type":"ListItem","position":2,"name":"Ozumba conmemora su 195 aniversario"}]},{"@type":"WebSite","@id":"https:\/\/volcanes.net\/#website","url":"https:\/\/volcanes.net\/","name":"Volcanes.Net","description":"Periodismo Profesional","publisher":{"@id":"https:\/\/volcanes.net\/#organization"},"potentialAction":[{"@type":"SearchAction","target":{"@type":"EntryPoint","urlTemplate":"https:\/\/volcanes.net\/?s={search_term_string}"},"query-input":{"@type":"PropertyValueSpecification","valueRequired":true,"valueName":"search_term_string"}}],"inLanguage":"es"},{"@type":"Organization","@id":"https:\/\/volcanes.net\/#organization","name":"Grupo Volcanes","url":"https:\/\/volcanes.net\/","logo":{"@type":"ImageObject","inLanguage":"es","@id":"https:\/\/volcanes.net\/#\/schema\/logo\/image\/","url":"http:\/\/volcanes.net\/wp-content\/uploads\/2017\/12\/Avatar2.jpg","contentUrl":"http:\/\/volcanes.net\/wp-content\/uploads\/2017\/12\/Avatar2.jpg","width":378,"height":378,"caption":"Grupo Volcanes"},"image":{"@id":"https:\/\/volcanes.net\/#\/schema\/logo\/image\/"},"sameAs":["https:\/\/www.facebook.com\/volcanes.net\/"]},{"@type":"Person","@id":"https:\/\/volcanes.net\/#\/schema\/person\/4bf0f383940966a4abd53f5048c0e6b9","name":"admin","image":{"@type":"ImageObject","inLanguage":"es","@id":"https:\/\/volcanes.net\/#\/schema\/person\/image\/","url":"https:\/\/secure.gravatar.com\/avatar\/ca004e6cba8462b8cb7abc86e382930c?s=96&d=mm&r=g","contentUrl":"https:\/\/secure.gravatar.com\/avatar\/ca004e6cba8462b8cb7abc86e382930c?s=96&d=mm&r=g","caption":"admin"}}]}},"_links":{"self":[{"href":"https:\/\/volcanes.net\/index.php?rest_route=\/wp\/v2\/posts\/7220"}],"collection":[{"href":"https:\/\/volcanes.net\/index.php?rest_route=\/wp\/v2\/posts"}],"about":[{"href":"https:\/\/volcanes.net\/index.php?rest_route=\/wp\/v2\/types\/post"}],"author":[{"embeddable":true,"href":"https:\/\/volcanes.net\/index.php?rest_route=\/wp\/v2\/users\/1"}],"replies":[{"embeddable":true,"href":"https:\/\/volcanes.net\/index.php?rest_route=%2Fwp%2Fv2%2Fcomments&post=7220"}],"version-history":[{"count":1,"href":"https:\/\/volcanes.net\/index.php?rest_route=\/wp\/v2\/posts\/7220\/revisions"}],"predecessor-version":[{"id":7222,"href":"https:\/\/volcanes.net\/index.php?rest_route=\/wp\/v2\/posts\/7220\/revisions\/7222"}],"wp:featuredmedia":[{"embeddable":true,"href":"https:\/\/volcanes.net\/index.php?rest_route=\/wp\/v2\/media\/7221"}],"wp:attachment":[{"href":"https:\/\/volcanes.net\/index.php?rest_route=%2Fwp%2Fv2%2Fmedia&parent=7220"}],"wp:term":[{"taxonomy":"category","embeddable":true,"href":"https:\/\/volcanes.net\/index.php?rest_route=%2Fwp%2Fv2%2Fcategories&post=7220"},{"taxonomy":"post_tag","embeddable":true,"href":"https:\/\/volcanes.net\/index.php?rest_route=%2Fwp%2Fv2%2Ftags&post=7220"}],"curies":[{"name":"wp","href":"https:\/\/api.w.org\/{rel}","templated":true}]}}