{"id":7236,"date":"2020-06-11T18:57:32","date_gmt":"2020-06-12T00:57:32","guid":{"rendered":"http:\/\/volcanes.net\/?p=7236"},"modified":"2020-06-11T18:57:32","modified_gmt":"2020-06-12T00:57:32","slug":"pico-de-contagios-sera-la-proxima-semana-y-se-preve-que-volvamos-en-octubre","status":"publish","type":"post","link":"https:\/\/volcanes.net\/?p=7236","title":{"rendered":"Pico de contagios ser\u00e1 la pr\u00f3xima semana y se prev\u00e9 que volvamos en octubre"},"content":{"rendered":"<div style=\"margin-top: 0px; margin-bottom: 0px;\" class=\"sharethis-inline-share-buttons\" ><\/div><p>&nbsp;<\/p>\n<p>Rosario Rojas | Volcanes Multimedios.<\/p>\n<p>Estado de M\u00e9xico.- El subsecretario mexicano de Prevenci\u00f3n y Promoci\u00f3n de la Salud, HugoL\u00f3pez-Gatell pron\u00f3stico que la epidemia permanecer\u00e1 hasta octubre en algunas zonas del pa\u00eds y una posible segunda oleada ser\u00e1 a finales del a\u00f1os.<\/p>\n<p>El encargado de liderar la lucha diaria contra el virus, explic\u00f3 que en una naci\u00f3n tan grande como lo es M\u00e9xico la epidemia se segmenta por territorios, por lo que un solo pico de casos no se puede establecer claramente.<\/p>\n<p>Mientras en algunos estados como Tijuana y Baja California ya muestran gran n\u00famero de decesos, en Monterrey todav\u00eda est\u00e1n en ascenso, por lo que \u00e9sto podr\u00eda declarar el fin de la pandemia aproximadamente en octubre de \u00e9ste a\u00f1o.<\/p>\n<p>Respecto a los \u00faltimos datos, M\u00e9xico registr\u00f3 un r\u00e9cord de contagios con 4,883 nuevos casos de Covid-19, con 129,000 enfermos y 15,357 muertes desde la llegada del coronavirus el d\u00eda 28 de febrero. Cifras que superan las estimaciones del principio de entre 6,000 y 8,000 muertos.<\/p>\n<p>Respecto a la pasada previsi\u00f3n del pico de contagios fuese en mayo, matiz\u00f3 que dicha fecha solo estaba disponible en la Ciudad de M\u00e9xico, que hasta el momento es la zona m\u00e1s afectada.<\/p>\n<p>Jorge Alcocer ha mencionado que se &#8220;dom\u00f3 la pandemia&#8221;, ante \u00e9sto, L\u00f3pez-Gatell mencion\u00f3 que el gobierno tiene varios retos en especial &#8220;retos de comunicaci\u00f3n&#8221;, puesto que la movilidad ha aumentado en la ciudad.<\/p>\n","protected":false},"excerpt":{"rendered":"<p>&nbsp; Rosario Rojas | Volcanes Multimedios. Estado de M\u00e9xico.- El subsecretario mexicano de Prevenci\u00f3n y<\/p>\n","protected":false},"author":1,"featured_media":7237,"comment_status":"open","ping_status":"open","sticky":false,"template":"","format":"standard","meta":{"footnotes":""},"categories":[3],"tags":[],"class_list":["post-7236","post","type-post","status-publish","format-standard","has-post-thumbnail","hentry","category-estatales"],"yoast_head":"<!-- This site is optimized with the Yoast SEO plugin v25.3 - https:\/\/yoast.com\/wordpress\/plugins\/seo\/ -->\n<title>Pico de contagios ser\u00e1 la pr\u00f3xima semana y se prev\u00e9 que volvamos en octubre - Volcanes<\/title>\n<meta name=\"robots\" content=\"index, follow, max-snippet:-1, max-image-preview:large, max-video-preview:-1\" \/>\n<link rel=\"canonical\" href=\"https:\/\/volcanes.net\/?p=7236\" \/>\n<meta property=\"og:locale\" content=\"es_MX\" \/>\n<meta property=\"og:type\" content=\"article\" \/>\n<meta property=\"og:title\" content=\"Pico de contagios ser\u00e1 la pr\u00f3xima semana y se prev\u00e9 que volvamos en octubre - Volcanes\" \/>\n<meta property=\"og:description\" content=\"&nbsp; Rosario Rojas | Volcanes Multimedios. Estado de M\u00e9xico.- El subsecretario mexicano de Prevenci\u00f3n y\" \/>\n<meta property=\"og:url\" content=\"https:\/\/volcanes.net\/?p=7236\" \/>\n<meta property=\"og:site_name\" content=\"Volcanes\" \/>\n<meta property=\"article:publisher\" content=\"https:\/\/www.facebook.com\/volcanes.net\/\" \/>\n<meta property=\"article:published_time\" content=\"2020-06-12T00:57:32+00:00\" \/>\n<meta property=\"og:image\" content=\"https:\/\/volcanes.net\/wp-content\/uploads\/2020\/06\/IMG-20200611-WA0060_opt.jpg\" \/>\n\t<meta property=\"og:image:width\" content=\"400\" \/>\n\t<meta property=\"og:image:height\" content=\"279\" \/>\n\t<meta property=\"og:image:type\" content=\"image\/jpeg\" \/>\n<meta name=\"author\" content=\"admin\" \/>\n<meta name=\"twitter:card\" content=\"summary_large_image\" \/>\n<meta name=\"twitter:label1\" content=\"Escrito por\" \/>\n\t<meta name=\"twitter:data1\" content=\"admin\" \/>\n\t<meta name=\"twitter:label2\" content=\"Tiempo de lectura\" \/>\n\t<meta name=\"twitter:data2\" content=\"1 minuto\" \/>\n<script type=\"application\/ld+json\" class=\"yoast-schema-graph\">{\"@context\":\"https:\/\/schema.org\",\"@graph\":[{\"@type\":\"Article\",\"@id\":\"https:\/\/volcanes.net\/?p=7236#article\",\"isPartOf\":{\"@id\":\"https:\/\/volcanes.net\/?p=7236\"},\"author\":{\"name\":\"admin\",\"@id\":\"https:\/\/volcanes.net\/#\/schema\/person\/4bf0f383940966a4abd53f5048c0e6b9\"},\"headline\":\"Pico de contagios ser\u00e1 la pr\u00f3xima semana y se prev\u00e9 que volvamos en octubre\",\"datePublished\":\"2020-06-12T00:57:32+00:00\",\"mainEntityOfPage\":{\"@id\":\"https:\/\/volcanes.net\/?p=7236\"},\"wordCount\":263,\"commentCount\":0,\"publisher\":{\"@id\":\"https:\/\/volcanes.net\/#organization\"},\"image\":{\"@id\":\"https:\/\/volcanes.net\/?p=7236#primaryimage\"},\"thumbnailUrl\":\"https:\/\/volcanes.net\/wp-content\/uploads\/2020\/06\/IMG-20200611-WA0060_opt.jpg\",\"articleSection\":[\"Estatales\"],\"inLanguage\":\"es\",\"potentialAction\":[{\"@type\":\"CommentAction\",\"name\":\"Comment\",\"target\":[\"https:\/\/volcanes.net\/?p=7236#respond\"]}]},{\"@type\":\"WebPage\",\"@id\":\"https:\/\/volcanes.net\/?p=7236\",\"url\":\"https:\/\/volcanes.net\/?p=7236\",\"name\":\"Pico de contagios ser\u00e1 la pr\u00f3xima semana y se prev\u00e9 que volvamos en octubre - Volcanes\",\"isPartOf\":{\"@id\":\"https:\/\/volcanes.net\/#website\"},\"primaryImageOfPage\":{\"@id\":\"https:\/\/volcanes.net\/?p=7236#primaryimage\"},\"image\":{\"@id\":\"https:\/\/volcanes.net\/?p=7236#primaryimage\"},\"thumbnailUrl\":\"https:\/\/volcanes.net\/wp-content\/uploads\/2020\/06\/IMG-20200611-WA0060_opt.jpg\",\"datePublished\":\"2020-06-12T00:57:32+00:00\",\"breadcrumb\":{\"@id\":\"https:\/\/volcanes.net\/?p=7236#breadcrumb\"},\"inLanguage\":\"es\",\"potentialAction\":[{\"@type\":\"ReadAction\",\"target\":[\"https:\/\/volcanes.net\/?p=7236\"]}]},{\"@type\":\"ImageObject\",\"inLanguage\":\"es\",\"@id\":\"https:\/\/volcanes.net\/?p=7236#primaryimage\",\"url\":\"https:\/\/volcanes.net\/wp-content\/uploads\/2020\/06\/IMG-20200611-WA0060_opt.jpg\",\"contentUrl\":\"https:\/\/volcanes.net\/wp-content\/uploads\/2020\/06\/IMG-20200611-WA0060_opt.jpg\",\"width\":400,\"height\":279},{\"@type\":\"BreadcrumbList\",\"@id\":\"https:\/\/volcanes.net\/?p=7236#breadcrumb\",\"itemListElement\":[{\"@type\":\"ListItem\",\"position\":1,\"name\":\"Portada\",\"item\":\"https:\/\/volcanes.net\/\"},{\"@type\":\"ListItem\",\"position\":2,\"name\":\"Pico de contagios ser\u00e1 la pr\u00f3xima semana y se prev\u00e9 que volvamos en octubre\"}]},{\"@type\":\"WebSite\",\"@id\":\"https:\/\/volcanes.net\/#website\",\"url\":\"https:\/\/volcanes.net\/\",\"name\":\"Volcanes.Net\",\"description\":\"Periodismo Profesional\",\"publisher\":{\"@id\":\"https:\/\/volcanes.net\/#organization\"},\"potentialAction\":[{\"@type\":\"SearchAction\",\"target\":{\"@type\":\"EntryPoint\",\"urlTemplate\":\"https:\/\/volcanes.net\/?s={search_term_string}\"},\"query-input\":{\"@type\":\"PropertyValueSpecification\",\"valueRequired\":true,\"valueName\":\"search_term_string\"}}],\"inLanguage\":\"es\"},{\"@type\":\"Organization\",\"@id\":\"https:\/\/volcanes.net\/#organization\",\"name\":\"Grupo Volcanes\",\"url\":\"https:\/\/volcanes.net\/\",\"logo\":{\"@type\":\"ImageObject\",\"inLanguage\":\"es\",\"@id\":\"https:\/\/volcanes.net\/#\/schema\/logo\/image\/\",\"url\":\"http:\/\/volcanes.net\/wp-content\/uploads\/2017\/12\/Avatar2.jpg\",\"contentUrl\":\"http:\/\/volcanes.net\/wp-content\/uploads\/2017\/12\/Avatar2.jpg\",\"width\":378,\"height\":378,\"caption\":\"Grupo Volcanes\"},\"image\":{\"@id\":\"https:\/\/volcanes.net\/#\/schema\/logo\/image\/\"},\"sameAs\":[\"https:\/\/www.facebook.com\/volcanes.net\/\"]},{\"@type\":\"Person\",\"@id\":\"https:\/\/volcanes.net\/#\/schema\/person\/4bf0f383940966a4abd53f5048c0e6b9\",\"name\":\"admin\",\"image\":{\"@type\":\"ImageObject\",\"inLanguage\":\"es\",\"@id\":\"https:\/\/volcanes.net\/#\/schema\/person\/image\/\",\"url\":\"https:\/\/secure.gravatar.com\/avatar\/ca004e6cba8462b8cb7abc86e382930c?s=96&d=mm&r=g\",\"contentUrl\":\"https:\/\/secure.gravatar.com\/avatar\/ca004e6cba8462b8cb7abc86e382930c?s=96&d=mm&r=g\",\"caption\":\"admin\"}}]}<\/script>\n<!-- \/ Yoast SEO plugin. -->","yoast_head_json":{"title":"Pico de contagios ser\u00e1 la pr\u00f3xima semana y se prev\u00e9 que volvamos en octubre - Volcanes","robots":{"index":"index","follow":"follow","max-snippet":"max-snippet:-1","max-image-preview":"max-image-preview:large","max-video-preview":"max-video-preview:-1"},"canonical":"https:\/\/volcanes.net\/?p=7236","og_locale":"es_MX","og_type":"article","og_title":"Pico de contagios ser\u00e1 la pr\u00f3xima semana y se prev\u00e9 que volvamos en octubre - Volcanes","og_description":"&nbsp; Rosario Rojas | Volcanes Multimedios. Estado de M\u00e9xico.- El subsecretario mexicano de Prevenci\u00f3n y","og_url":"https:\/\/volcanes.net\/?p=7236","og_site_name":"Volcanes","article_publisher":"https:\/\/www.facebook.com\/volcanes.net\/","article_published_time":"2020-06-12T00:57:32+00:00","og_image":[{"width":400,"height":279,"url":"https:\/\/volcanes.net\/wp-content\/uploads\/2020\/06\/IMG-20200611-WA0060_opt.jpg","type":"image\/jpeg"}],"author":"admin","twitter_card":"summary_large_image","twitter_misc":{"Escrito por":"admin","Tiempo de lectura":"1 minuto"},"schema":{"@context":"https:\/\/schema.org","@graph":[{"@type":"Article","@id":"https:\/\/volcanes.net\/?p=7236#article","isPartOf":{"@id":"https:\/\/volcanes.net\/?p=7236"},"author":{"name":"admin","@id":"https:\/\/volcanes.net\/#\/schema\/person\/4bf0f383940966a4abd53f5048c0e6b9"},"headline":"Pico de contagios ser\u00e1 la pr\u00f3xima semana y se prev\u00e9 que volvamos en octubre","datePublished":"2020-06-12T00:57:32+00:00","mainEntityOfPage":{"@id":"https:\/\/volcanes.net\/?p=7236"},"wordCount":263,"commentCount":0,"publisher":{"@id":"https:\/\/volcanes.net\/#organization"},"image":{"@id":"https:\/\/volcanes.net\/?p=7236#primaryimage"},"thumbnailUrl":"https:\/\/volcanes.net\/wp-content\/uploads\/2020\/06\/IMG-20200611-WA0060_opt.jpg","articleSection":["Estatales"],"inLanguage":"es","potentialAction":[{"@type":"CommentAction","name":"Comment","target":["https:\/\/volcanes.net\/?p=7236#respond"]}]},{"@type":"WebPage","@id":"https:\/\/volcanes.net\/?p=7236","url":"https:\/\/volcanes.net\/?p=7236","name":"Pico de contagios ser\u00e1 la pr\u00f3xima semana y se prev\u00e9 que volvamos en octubre - Volcanes","isPartOf":{"@id":"https:\/\/volcanes.net\/#website"},"primaryImageOfPage":{"@id":"https:\/\/volcanes.net\/?p=7236#primaryimage"},"image":{"@id":"https:\/\/volcanes.net\/?p=7236#primaryimage"},"thumbnailUrl":"https:\/\/volcanes.net\/wp-content\/uploads\/2020\/06\/IMG-20200611-WA0060_opt.jpg","datePublished":"2020-06-12T00:57:32+00:00","breadcrumb":{"@id":"https:\/\/volcanes.net\/?p=7236#breadcrumb"},"inLanguage":"es","potentialAction":[{"@type":"ReadAction","target":["https:\/\/volcanes.net\/?p=7236"]}]},{"@type":"ImageObject","inLanguage":"es","@id":"https:\/\/volcanes.net\/?p=7236#primaryimage","url":"https:\/\/volcanes.net\/wp-content\/uploads\/2020\/06\/IMG-20200611-WA0060_opt.jpg","contentUrl":"https:\/\/volcanes.net\/wp-content\/uploads\/2020\/06\/IMG-20200611-WA0060_opt.jpg","width":400,"height":279},{"@type":"BreadcrumbList","@id":"https:\/\/volcanes.net\/?p=7236#breadcrumb","itemListElement":[{"@type":"ListItem","position":1,"name":"Portada","item":"https:\/\/volcanes.net\/"},{"@type":"ListItem","position":2,"name":"Pico de contagios ser\u00e1 la pr\u00f3xima semana y se prev\u00e9 que volvamos en octubre"}]},{"@type":"WebSite","@id":"https:\/\/volcanes.net\/#website","url":"https:\/\/volcanes.net\/","name":"Volcanes.Net","description":"Periodismo Profesional","publisher":{"@id":"https:\/\/volcanes.net\/#organization"},"potentialAction":[{"@type":"SearchAction","target":{"@type":"EntryPoint","urlTemplate":"https:\/\/volcanes.net\/?s={search_term_string}"},"query-input":{"@type":"PropertyValueSpecification","valueRequired":true,"valueName":"search_term_string"}}],"inLanguage":"es"},{"@type":"Organization","@id":"https:\/\/volcanes.net\/#organization","name":"Grupo Volcanes","url":"https:\/\/volcanes.net\/","logo":{"@type":"ImageObject","inLanguage":"es","@id":"https:\/\/volcanes.net\/#\/schema\/logo\/image\/","url":"http:\/\/volcanes.net\/wp-content\/uploads\/2017\/12\/Avatar2.jpg","contentUrl":"http:\/\/volcanes.net\/wp-content\/uploads\/2017\/12\/Avatar2.jpg","width":378,"height":378,"caption":"Grupo Volcanes"},"image":{"@id":"https:\/\/volcanes.net\/#\/schema\/logo\/image\/"},"sameAs":["https:\/\/www.facebook.com\/volcanes.net\/"]},{"@type":"Person","@id":"https:\/\/volcanes.net\/#\/schema\/person\/4bf0f383940966a4abd53f5048c0e6b9","name":"admin","image":{"@type":"ImageObject","inLanguage":"es","@id":"https:\/\/volcanes.net\/#\/schema\/person\/image\/","url":"https:\/\/secure.gravatar.com\/avatar\/ca004e6cba8462b8cb7abc86e382930c?s=96&d=mm&r=g","contentUrl":"https:\/\/secure.gravatar.com\/avatar\/ca004e6cba8462b8cb7abc86e382930c?s=96&d=mm&r=g","caption":"admin"}}]}},"_links":{"self":[{"href":"https:\/\/volcanes.net\/index.php?rest_route=\/wp\/v2\/posts\/7236"}],"collection":[{"href":"https:\/\/volcanes.net\/index.php?rest_route=\/wp\/v2\/posts"}],"about":[{"href":"https:\/\/volcanes.net\/index.php?rest_route=\/wp\/v2\/types\/post"}],"author":[{"embeddable":true,"href":"https:\/\/volcanes.net\/index.php?rest_route=\/wp\/v2\/users\/1"}],"replies":[{"embeddable":true,"href":"https:\/\/volcanes.net\/index.php?rest_route=%2Fwp%2Fv2%2Fcomments&post=7236"}],"version-history":[{"count":1,"href":"https:\/\/volcanes.net\/index.php?rest_route=\/wp\/v2\/posts\/7236\/revisions"}],"predecessor-version":[{"id":7238,"href":"https:\/\/volcanes.net\/index.php?rest_route=\/wp\/v2\/posts\/7236\/revisions\/7238"}],"wp:featuredmedia":[{"embeddable":true,"href":"https:\/\/volcanes.net\/index.php?rest_route=\/wp\/v2\/media\/7237"}],"wp:attachment":[{"href":"https:\/\/volcanes.net\/index.php?rest_route=%2Fwp%2Fv2%2Fmedia&parent=7236"}],"wp:term":[{"taxonomy":"category","embeddable":true,"href":"https:\/\/volcanes.net\/index.php?rest_route=%2Fwp%2Fv2%2Fcategories&post=7236"},{"taxonomy":"post_tag","embeddable":true,"href":"https:\/\/volcanes.net\/index.php?rest_route=%2Fwp%2Fv2%2Ftags&post=7236"}],"curies":[{"name":"wp","href":"https:\/\/api.w.org\/{rel}","templated":true}]}}