{"id":7262,"date":"2020-06-19T12:07:18","date_gmt":"2020-06-19T18:07:18","guid":{"rendered":"http:\/\/volcanes.net\/?p=7262"},"modified":"2020-06-19T12:07:18","modified_gmt":"2020-06-19T18:07:18","slug":"edil-de-ozumba-niega-actos-de-corrupcion-en-el-panteon-municipal","status":"publish","type":"post","link":"https:\/\/volcanes.net\/?p=7262","title":{"rendered":"Edil de Ozumba niega actos de corrupci\u00f3n en el Pante\u00f3n Municipal"},"content":{"rendered":"<div style=\"margin-top: 0px; margin-bottom: 0px;\" class=\"sharethis-inline-share-buttons\" ><\/div><p>&nbsp;<\/p>\n<p>Ozumba, Edom\u00e9x. En conferencia de prensa, realizada este 18 de junio, el edil municipal de Ozumba, Valent\u00edn Mart\u00ednez Castillo, niega actos de corrupci\u00f3n en el pante\u00f3n municipal se\u00f1alados a su gobierno y aclara que la situaci\u00f3n de desfalco por 7 mil pesos a una familia inconforme no proviene del gobierno municipal sino de particulares.<\/p>\n<p>\u201cNo jugaremos con el dolor ajeno, y menos con la situaci\u00f3n econ\u00f3mica que se est\u00e1 viviendo en estos momentos. No es un tema del que nosotros ni nadie deban sacar provecho. Al contrario, estamos para apoyar a quienes lo necesiten\u201d, fueron las palabras que enfatiz\u00f3 el alcalde e invit\u00f3 a todas las personas a que, si han sido v\u00edctimas de alg\u00fan acto de corrupci\u00f3n, que se acerquen y lo denuncien en el \u00e1rea de Contralor\u00eda Interna y en el \u00e1rea de Derechos Humanos, pues asegur\u00f3 que, de manera personal, le dar\u00e1 un puntual seguimiento.<\/p>\n<p>Explic\u00f3 que por parte de Ayuntamiento no se cuenta con cuadrillas encargadas de rascar las fosas, y que ni siquiera se recomienda a gente que lo haga y que el personal del Ayuntamiento s\u00f3lo se encarga de supervisar que se utilice el lugar correcto y que todo se realice en orden. Adem\u00e1s aclar\u00f3 que la situaci\u00f3n de la familia inconforme que denunci\u00f3 actos de supuesta corrupci\u00f3n por parte de la Administraci\u00f3n, fue un incumplimiento por parte de particulares contratados por la misma familia para rascar la fosa, quienes cobraron m\u00e1s de 7 mil pesos.<\/p>\n<p>Por lo que tom\u00f3 la determinaci\u00f3n de que las cuadrillas de alba\u00f1iles que pertenezcan a Ozumba y deseen trabajar rascando las fosas, se registren para que se realice un directorio p\u00fablico a la poblaci\u00f3n que requiera de esos servicios, independientemente del Ayuntamiento, con un costo razonable. Lo que evitar\u00e1 abusos por parte de los particulares y tambi\u00e9n confusi\u00f3n entre la poblaci\u00f3n.<\/p>\n","protected":false},"excerpt":{"rendered":"<p>&nbsp; Ozumba, Edom\u00e9x. En conferencia de prensa, realizada este 18 de junio, el edil municipal<\/p>\n","protected":false},"author":1,"featured_media":7263,"comment_status":"open","ping_status":"open","sticky":false,"template":"","format":"standard","meta":{"footnotes":""},"categories":[1],"tags":[14],"class_list":["post-7262","post","type-post","status-publish","format-standard","has-post-thumbnail","hentry","category-municipales","tag-ozumba"],"yoast_head":"<!-- This site is optimized with the Yoast SEO plugin v25.3 - https:\/\/yoast.com\/wordpress\/plugins\/seo\/ -->\n<title>Edil de Ozumba niega actos de corrupci\u00f3n en el Pante\u00f3n Municipal - Volcanes<\/title>\n<meta name=\"robots\" content=\"index, follow, max-snippet:-1, max-image-preview:large, max-video-preview:-1\" \/>\n<link rel=\"canonical\" href=\"https:\/\/volcanes.net\/?p=7262\" \/>\n<meta property=\"og:locale\" content=\"es_MX\" \/>\n<meta property=\"og:type\" content=\"article\" \/>\n<meta property=\"og:title\" content=\"Edil de Ozumba niega actos de corrupci\u00f3n en el Pante\u00f3n Municipal - Volcanes\" \/>\n<meta property=\"og:description\" content=\"&nbsp; Ozumba, Edom\u00e9x. En conferencia de prensa, realizada este 18 de junio, el edil municipal\" \/>\n<meta property=\"og:url\" content=\"https:\/\/volcanes.net\/?p=7262\" \/>\n<meta property=\"og:site_name\" content=\"Volcanes\" \/>\n<meta property=\"article:publisher\" content=\"https:\/\/www.facebook.com\/volcanes.net\/\" \/>\n<meta property=\"article:published_time\" content=\"2020-06-19T18:07:18+00:00\" \/>\n<meta property=\"og:image\" content=\"https:\/\/volcanes.net\/wp-content\/uploads\/2020\/06\/Screenshot_20200619-125804_2_opt.png\" \/>\n\t<meta property=\"og:image:width\" content=\"400\" \/>\n\t<meta property=\"og:image:height\" content=\"225\" \/>\n\t<meta property=\"og:image:type\" content=\"image\/png\" \/>\n<meta name=\"author\" content=\"admin\" \/>\n<meta name=\"twitter:card\" content=\"summary_large_image\" \/>\n<meta name=\"twitter:label1\" content=\"Escrito por\" \/>\n\t<meta name=\"twitter:data1\" content=\"admin\" \/>\n\t<meta name=\"twitter:label2\" content=\"Tiempo de lectura\" \/>\n\t<meta name=\"twitter:data2\" content=\"2 minutos\" \/>\n<script type=\"application\/ld+json\" class=\"yoast-schema-graph\">{\"@context\":\"https:\/\/schema.org\",\"@graph\":[{\"@type\":\"Article\",\"@id\":\"https:\/\/volcanes.net\/?p=7262#article\",\"isPartOf\":{\"@id\":\"https:\/\/volcanes.net\/?p=7262\"},\"author\":{\"name\":\"admin\",\"@id\":\"https:\/\/volcanes.net\/#\/schema\/person\/4bf0f383940966a4abd53f5048c0e6b9\"},\"headline\":\"Edil de Ozumba niega actos de corrupci\u00f3n en el Pante\u00f3n Municipal\",\"datePublished\":\"2020-06-19T18:07:18+00:00\",\"mainEntityOfPage\":{\"@id\":\"https:\/\/volcanes.net\/?p=7262\"},\"wordCount\":340,\"commentCount\":0,\"publisher\":{\"@id\":\"https:\/\/volcanes.net\/#organization\"},\"image\":{\"@id\":\"https:\/\/volcanes.net\/?p=7262#primaryimage\"},\"thumbnailUrl\":\"https:\/\/volcanes.net\/wp-content\/uploads\/2020\/06\/Screenshot_20200619-125804_2_opt.png\",\"keywords\":[\"Ozumba\"],\"articleSection\":[\"Municipales\"],\"inLanguage\":\"es\",\"potentialAction\":[{\"@type\":\"CommentAction\",\"name\":\"Comment\",\"target\":[\"https:\/\/volcanes.net\/?p=7262#respond\"]}]},{\"@type\":\"WebPage\",\"@id\":\"https:\/\/volcanes.net\/?p=7262\",\"url\":\"https:\/\/volcanes.net\/?p=7262\",\"name\":\"Edil de Ozumba niega actos de corrupci\u00f3n en el Pante\u00f3n Municipal - Volcanes\",\"isPartOf\":{\"@id\":\"https:\/\/volcanes.net\/#website\"},\"primaryImageOfPage\":{\"@id\":\"https:\/\/volcanes.net\/?p=7262#primaryimage\"},\"image\":{\"@id\":\"https:\/\/volcanes.net\/?p=7262#primaryimage\"},\"thumbnailUrl\":\"https:\/\/volcanes.net\/wp-content\/uploads\/2020\/06\/Screenshot_20200619-125804_2_opt.png\",\"datePublished\":\"2020-06-19T18:07:18+00:00\",\"breadcrumb\":{\"@id\":\"https:\/\/volcanes.net\/?p=7262#breadcrumb\"},\"inLanguage\":\"es\",\"potentialAction\":[{\"@type\":\"ReadAction\",\"target\":[\"https:\/\/volcanes.net\/?p=7262\"]}]},{\"@type\":\"ImageObject\",\"inLanguage\":\"es\",\"@id\":\"https:\/\/volcanes.net\/?p=7262#primaryimage\",\"url\":\"https:\/\/volcanes.net\/wp-content\/uploads\/2020\/06\/Screenshot_20200619-125804_2_opt.png\",\"contentUrl\":\"https:\/\/volcanes.net\/wp-content\/uploads\/2020\/06\/Screenshot_20200619-125804_2_opt.png\",\"width\":400,\"height\":225},{\"@type\":\"BreadcrumbList\",\"@id\":\"https:\/\/volcanes.net\/?p=7262#breadcrumb\",\"itemListElement\":[{\"@type\":\"ListItem\",\"position\":1,\"name\":\"Portada\",\"item\":\"https:\/\/volcanes.net\/\"},{\"@type\":\"ListItem\",\"position\":2,\"name\":\"Edil de Ozumba niega actos de corrupci\u00f3n en el Pante\u00f3n Municipal\"}]},{\"@type\":\"WebSite\",\"@id\":\"https:\/\/volcanes.net\/#website\",\"url\":\"https:\/\/volcanes.net\/\",\"name\":\"Volcanes.Net\",\"description\":\"Periodismo Profesional\",\"publisher\":{\"@id\":\"https:\/\/volcanes.net\/#organization\"},\"potentialAction\":[{\"@type\":\"SearchAction\",\"target\":{\"@type\":\"EntryPoint\",\"urlTemplate\":\"https:\/\/volcanes.net\/?s={search_term_string}\"},\"query-input\":{\"@type\":\"PropertyValueSpecification\",\"valueRequired\":true,\"valueName\":\"search_term_string\"}}],\"inLanguage\":\"es\"},{\"@type\":\"Organization\",\"@id\":\"https:\/\/volcanes.net\/#organization\",\"name\":\"Grupo Volcanes\",\"url\":\"https:\/\/volcanes.net\/\",\"logo\":{\"@type\":\"ImageObject\",\"inLanguage\":\"es\",\"@id\":\"https:\/\/volcanes.net\/#\/schema\/logo\/image\/\",\"url\":\"http:\/\/volcanes.net\/wp-content\/uploads\/2017\/12\/Avatar2.jpg\",\"contentUrl\":\"http:\/\/volcanes.net\/wp-content\/uploads\/2017\/12\/Avatar2.jpg\",\"width\":378,\"height\":378,\"caption\":\"Grupo Volcanes\"},\"image\":{\"@id\":\"https:\/\/volcanes.net\/#\/schema\/logo\/image\/\"},\"sameAs\":[\"https:\/\/www.facebook.com\/volcanes.net\/\"]},{\"@type\":\"Person\",\"@id\":\"https:\/\/volcanes.net\/#\/schema\/person\/4bf0f383940966a4abd53f5048c0e6b9\",\"name\":\"admin\",\"image\":{\"@type\":\"ImageObject\",\"inLanguage\":\"es\",\"@id\":\"https:\/\/volcanes.net\/#\/schema\/person\/image\/\",\"url\":\"https:\/\/secure.gravatar.com\/avatar\/ca004e6cba8462b8cb7abc86e382930c?s=96&d=mm&r=g\",\"contentUrl\":\"https:\/\/secure.gravatar.com\/avatar\/ca004e6cba8462b8cb7abc86e382930c?s=96&d=mm&r=g\",\"caption\":\"admin\"}}]}<\/script>\n<!-- \/ Yoast SEO plugin. -->","yoast_head_json":{"title":"Edil de Ozumba niega actos de corrupci\u00f3n en el Pante\u00f3n Municipal - Volcanes","robots":{"index":"index","follow":"follow","max-snippet":"max-snippet:-1","max-image-preview":"max-image-preview:large","max-video-preview":"max-video-preview:-1"},"canonical":"https:\/\/volcanes.net\/?p=7262","og_locale":"es_MX","og_type":"article","og_title":"Edil de Ozumba niega actos de corrupci\u00f3n en el Pante\u00f3n Municipal - Volcanes","og_description":"&nbsp; Ozumba, Edom\u00e9x. En conferencia de prensa, realizada este 18 de junio, el edil municipal","og_url":"https:\/\/volcanes.net\/?p=7262","og_site_name":"Volcanes","article_publisher":"https:\/\/www.facebook.com\/volcanes.net\/","article_published_time":"2020-06-19T18:07:18+00:00","og_image":[{"width":400,"height":225,"url":"https:\/\/volcanes.net\/wp-content\/uploads\/2020\/06\/Screenshot_20200619-125804_2_opt.png","type":"image\/png"}],"author":"admin","twitter_card":"summary_large_image","twitter_misc":{"Escrito por":"admin","Tiempo de lectura":"2 minutos"},"schema":{"@context":"https:\/\/schema.org","@graph":[{"@type":"Article","@id":"https:\/\/volcanes.net\/?p=7262#article","isPartOf":{"@id":"https:\/\/volcanes.net\/?p=7262"},"author":{"name":"admin","@id":"https:\/\/volcanes.net\/#\/schema\/person\/4bf0f383940966a4abd53f5048c0e6b9"},"headline":"Edil de Ozumba niega actos de corrupci\u00f3n en el Pante\u00f3n Municipal","datePublished":"2020-06-19T18:07:18+00:00","mainEntityOfPage":{"@id":"https:\/\/volcanes.net\/?p=7262"},"wordCount":340,"commentCount":0,"publisher":{"@id":"https:\/\/volcanes.net\/#organization"},"image":{"@id":"https:\/\/volcanes.net\/?p=7262#primaryimage"},"thumbnailUrl":"https:\/\/volcanes.net\/wp-content\/uploads\/2020\/06\/Screenshot_20200619-125804_2_opt.png","keywords":["Ozumba"],"articleSection":["Municipales"],"inLanguage":"es","potentialAction":[{"@type":"CommentAction","name":"Comment","target":["https:\/\/volcanes.net\/?p=7262#respond"]}]},{"@type":"WebPage","@id":"https:\/\/volcanes.net\/?p=7262","url":"https:\/\/volcanes.net\/?p=7262","name":"Edil de Ozumba niega actos de corrupci\u00f3n en el Pante\u00f3n Municipal - Volcanes","isPartOf":{"@id":"https:\/\/volcanes.net\/#website"},"primaryImageOfPage":{"@id":"https:\/\/volcanes.net\/?p=7262#primaryimage"},"image":{"@id":"https:\/\/volcanes.net\/?p=7262#primaryimage"},"thumbnailUrl":"https:\/\/volcanes.net\/wp-content\/uploads\/2020\/06\/Screenshot_20200619-125804_2_opt.png","datePublished":"2020-06-19T18:07:18+00:00","breadcrumb":{"@id":"https:\/\/volcanes.net\/?p=7262#breadcrumb"},"inLanguage":"es","potentialAction":[{"@type":"ReadAction","target":["https:\/\/volcanes.net\/?p=7262"]}]},{"@type":"ImageObject","inLanguage":"es","@id":"https:\/\/volcanes.net\/?p=7262#primaryimage","url":"https:\/\/volcanes.net\/wp-content\/uploads\/2020\/06\/Screenshot_20200619-125804_2_opt.png","contentUrl":"https:\/\/volcanes.net\/wp-content\/uploads\/2020\/06\/Screenshot_20200619-125804_2_opt.png","width":400,"height":225},{"@type":"BreadcrumbList","@id":"https:\/\/volcanes.net\/?p=7262#breadcrumb","itemListElement":[{"@type":"ListItem","position":1,"name":"Portada","item":"https:\/\/volcanes.net\/"},{"@type":"ListItem","position":2,"name":"Edil de Ozumba niega actos de corrupci\u00f3n en el Pante\u00f3n Municipal"}]},{"@type":"WebSite","@id":"https:\/\/volcanes.net\/#website","url":"https:\/\/volcanes.net\/","name":"Volcanes.Net","description":"Periodismo Profesional","publisher":{"@id":"https:\/\/volcanes.net\/#organization"},"potentialAction":[{"@type":"SearchAction","target":{"@type":"EntryPoint","urlTemplate":"https:\/\/volcanes.net\/?s={search_term_string}"},"query-input":{"@type":"PropertyValueSpecification","valueRequired":true,"valueName":"search_term_string"}}],"inLanguage":"es"},{"@type":"Organization","@id":"https:\/\/volcanes.net\/#organization","name":"Grupo Volcanes","url":"https:\/\/volcanes.net\/","logo":{"@type":"ImageObject","inLanguage":"es","@id":"https:\/\/volcanes.net\/#\/schema\/logo\/image\/","url":"http:\/\/volcanes.net\/wp-content\/uploads\/2017\/12\/Avatar2.jpg","contentUrl":"http:\/\/volcanes.net\/wp-content\/uploads\/2017\/12\/Avatar2.jpg","width":378,"height":378,"caption":"Grupo Volcanes"},"image":{"@id":"https:\/\/volcanes.net\/#\/schema\/logo\/image\/"},"sameAs":["https:\/\/www.facebook.com\/volcanes.net\/"]},{"@type":"Person","@id":"https:\/\/volcanes.net\/#\/schema\/person\/4bf0f383940966a4abd53f5048c0e6b9","name":"admin","image":{"@type":"ImageObject","inLanguage":"es","@id":"https:\/\/volcanes.net\/#\/schema\/person\/image\/","url":"https:\/\/secure.gravatar.com\/avatar\/ca004e6cba8462b8cb7abc86e382930c?s=96&d=mm&r=g","contentUrl":"https:\/\/secure.gravatar.com\/avatar\/ca004e6cba8462b8cb7abc86e382930c?s=96&d=mm&r=g","caption":"admin"}}]}},"_links":{"self":[{"href":"https:\/\/volcanes.net\/index.php?rest_route=\/wp\/v2\/posts\/7262"}],"collection":[{"href":"https:\/\/volcanes.net\/index.php?rest_route=\/wp\/v2\/posts"}],"about":[{"href":"https:\/\/volcanes.net\/index.php?rest_route=\/wp\/v2\/types\/post"}],"author":[{"embeddable":true,"href":"https:\/\/volcanes.net\/index.php?rest_route=\/wp\/v2\/users\/1"}],"replies":[{"embeddable":true,"href":"https:\/\/volcanes.net\/index.php?rest_route=%2Fwp%2Fv2%2Fcomments&post=7262"}],"version-history":[{"count":1,"href":"https:\/\/volcanes.net\/index.php?rest_route=\/wp\/v2\/posts\/7262\/revisions"}],"predecessor-version":[{"id":7264,"href":"https:\/\/volcanes.net\/index.php?rest_route=\/wp\/v2\/posts\/7262\/revisions\/7264"}],"wp:featuredmedia":[{"embeddable":true,"href":"https:\/\/volcanes.net\/index.php?rest_route=\/wp\/v2\/media\/7263"}],"wp:attachment":[{"href":"https:\/\/volcanes.net\/index.php?rest_route=%2Fwp%2Fv2%2Fmedia&parent=7262"}],"wp:term":[{"taxonomy":"category","embeddable":true,"href":"https:\/\/volcanes.net\/index.php?rest_route=%2Fwp%2Fv2%2Fcategories&post=7262"},{"taxonomy":"post_tag","embeddable":true,"href":"https:\/\/volcanes.net\/index.php?rest_route=%2Fwp%2Fv2%2Ftags&post=7262"}],"curies":[{"name":"wp","href":"https:\/\/api.w.org\/{rel}","templated":true}]}}