{"id":7285,"date":"2020-06-23T23:18:45","date_gmt":"2020-06-24T05:18:45","guid":{"rendered":"http:\/\/volcanes.net\/?p=7285"},"modified":"2020-06-23T23:18:45","modified_gmt":"2020-06-24T05:18:45","slug":"lo-detienen-por-su-presunta-participacion-en-el-robo-a-un-vehiculo-en-ixtapaluca","status":"publish","type":"post","link":"https:\/\/volcanes.net\/?p=7285","title":{"rendered":"Lo detienen por su presunta participaci\u00f3n en el robo a un veh\u00edculo en #Ixtapaluca"},"content":{"rendered":"<div style=\"margin-top: 0px; margin-bottom: 0px;\" class=\"sharethis-inline-share-buttons\" ><\/div><p>Ixtapaluca, Estado de M\u00e9xico .- Gracias a una denuncia se logr\u00f3 capturar a uno de los implicados en el robo violento de un veh\u00edculo en la Unidad Habitacional GeoVillas de Santa B\u00e1rbara, ubicado en el municipio de Ixtapaluca, en la operaci\u00f3n el detenido result\u00f3 lesionado y su c\u00f3mplice logr\u00f3 escapar.<\/p>\n<p>Los hechos ocurrieron cuando la v\u00edctima se encontraba en la calle Caoba de la colonia Alfredo del Mazo, donde fue interceptado por un par de sujetos, quienes con armas de fuego amagaron al conductor y lo despojaron de su camioneta de la marca Volkswagen, tipo Tiguan color gris.<\/p>\n<p>Los asaltantes escaparon a toda velocidad sobre la autopista Puebla-M\u00e9xico, con direcci\u00f3n a la CDMX, el afectado de inmediato pidi\u00f3 ayuda a las autoridades locales, mismas que desplegaron un operativo para dar con la unidad hurtada.<\/p>\n<p>Mediante las c\u00e1maras de seguridad se le fue monitoreando a la camioneta y se le dio alcance, pero los asaltantes detonaron varios disparos contra las patrullas que los persegu\u00edan, antes de llegar al hospital n\u00famero 53 del IMSS, el par de ladrones descienden de la unidad y se echaron a correr sin dejar de disparar contra los polic\u00edas.<\/p>\n<p>En la persecuci\u00f3n a pie los elementos de seguridad repelieron el ataque y lograron lesionar a uno en la pantorrilla derecha, mientras que su secuaz logr\u00f3 escapar perdi\u00e9ndose entre los callejones.<\/p>\n<p>A la hora de la detenci\u00f3n el asaltante mencion\u00f3 llamarse C\u00e9sar Ulises \u201cN\u201d, mismo que fue atendido por param\u00e9dicos que arribaron al lugar, pero por la gravedad de la lesi\u00f3n este fue trasladado en calidad de detenido al hospital regional Atlas.<\/p>\n<p>Instalaciones donde qued\u00f3 asegurado por un par de polic\u00edas, al terminar los procesos m\u00e9dicos y se de la alta en el hospital, el detenido ser\u00e1 procesado en las instalaciones de ministerio p\u00fablico de Ixtapaluca, donde presentar\u00e1 cargos por robo vehicular con violencia, evasi\u00f3n de las autoridades y agresi\u00f3n con arma de fuego contra los mismos.<\/p>\n<p>&nbsp;<\/p>\n","protected":false},"excerpt":{"rendered":"<p>Ixtapaluca, Estado de M\u00e9xico .- Gracias a una denuncia se logr\u00f3 capturar a uno de<\/p>\n","protected":false},"author":1,"featured_media":7286,"comment_status":"open","ping_status":"open","sticky":false,"template":"","format":"standard","meta":{"footnotes":""},"categories":[1],"tags":[265,6],"class_list":["post-7285","post","type-post","status-publish","format-standard","has-post-thumbnail","hentry","category-municipales","tag-grupovolcanes","tag-ixtapaluca"],"yoast_head":"<!-- This site is optimized with the Yoast SEO plugin v25.3 - https:\/\/yoast.com\/wordpress\/plugins\/seo\/ -->\n<title>Lo detienen por su presunta participaci\u00f3n en el robo a un veh\u00edculo en #Ixtapaluca - Volcanes<\/title>\n<meta name=\"robots\" content=\"index, follow, max-snippet:-1, max-image-preview:large, max-video-preview:-1\" \/>\n<link rel=\"canonical\" href=\"https:\/\/volcanes.net\/?p=7285\" \/>\n<meta property=\"og:locale\" content=\"es_MX\" \/>\n<meta property=\"og:type\" content=\"article\" \/>\n<meta property=\"og:title\" content=\"Lo detienen por su presunta participaci\u00f3n en el robo a un veh\u00edculo en #Ixtapaluca - Volcanes\" \/>\n<meta property=\"og:description\" content=\"Ixtapaluca, Estado de M\u00e9xico .- Gracias a una denuncia se logr\u00f3 capturar a uno de\" \/>\n<meta property=\"og:url\" content=\"https:\/\/volcanes.net\/?p=7285\" \/>\n<meta property=\"og:site_name\" content=\"Volcanes\" \/>\n<meta property=\"article:publisher\" content=\"https:\/\/www.facebook.com\/volcanes.net\/\" \/>\n<meta property=\"article:published_time\" content=\"2020-06-24T05:18:45+00:00\" \/>\n<meta property=\"og:image\" content=\"https:\/\/volcanes.net\/wp-content\/uploads\/2020\/06\/Screenshot_20200622-094702_2_opt.png\" \/>\n\t<meta property=\"og:image:width\" content=\"400\" \/>\n\t<meta property=\"og:image:height\" content=\"193\" \/>\n\t<meta property=\"og:image:type\" content=\"image\/png\" \/>\n<meta name=\"author\" content=\"admin\" \/>\n<meta name=\"twitter:card\" content=\"summary_large_image\" \/>\n<meta name=\"twitter:label1\" content=\"Escrito por\" \/>\n\t<meta name=\"twitter:data1\" content=\"admin\" \/>\n\t<meta name=\"twitter:label2\" content=\"Tiempo de lectura\" \/>\n\t<meta name=\"twitter:data2\" content=\"2 minutos\" \/>\n<script type=\"application\/ld+json\" class=\"yoast-schema-graph\">{\"@context\":\"https:\/\/schema.org\",\"@graph\":[{\"@type\":\"Article\",\"@id\":\"https:\/\/volcanes.net\/?p=7285#article\",\"isPartOf\":{\"@id\":\"https:\/\/volcanes.net\/?p=7285\"},\"author\":{\"name\":\"admin\",\"@id\":\"https:\/\/volcanes.net\/#\/schema\/person\/4bf0f383940966a4abd53f5048c0e6b9\"},\"headline\":\"Lo detienen por su presunta participaci\u00f3n en el robo a un veh\u00edculo en #Ixtapaluca\",\"datePublished\":\"2020-06-24T05:18:45+00:00\",\"mainEntityOfPage\":{\"@id\":\"https:\/\/volcanes.net\/?p=7285\"},\"wordCount\":358,\"commentCount\":0,\"publisher\":{\"@id\":\"https:\/\/volcanes.net\/#organization\"},\"image\":{\"@id\":\"https:\/\/volcanes.net\/?p=7285#primaryimage\"},\"thumbnailUrl\":\"https:\/\/volcanes.net\/wp-content\/uploads\/2020\/06\/Screenshot_20200622-094702_2_opt.png\",\"keywords\":[\"GrupoVolcanes\",\"Ixtapaluca\"],\"articleSection\":[\"Municipales\"],\"inLanguage\":\"es\",\"potentialAction\":[{\"@type\":\"CommentAction\",\"name\":\"Comment\",\"target\":[\"https:\/\/volcanes.net\/?p=7285#respond\"]}]},{\"@type\":\"WebPage\",\"@id\":\"https:\/\/volcanes.net\/?p=7285\",\"url\":\"https:\/\/volcanes.net\/?p=7285\",\"name\":\"Lo detienen por su presunta participaci\u00f3n en el robo a un veh\u00edculo en #Ixtapaluca - Volcanes\",\"isPartOf\":{\"@id\":\"https:\/\/volcanes.net\/#website\"},\"primaryImageOfPage\":{\"@id\":\"https:\/\/volcanes.net\/?p=7285#primaryimage\"},\"image\":{\"@id\":\"https:\/\/volcanes.net\/?p=7285#primaryimage\"},\"thumbnailUrl\":\"https:\/\/volcanes.net\/wp-content\/uploads\/2020\/06\/Screenshot_20200622-094702_2_opt.png\",\"datePublished\":\"2020-06-24T05:18:45+00:00\",\"breadcrumb\":{\"@id\":\"https:\/\/volcanes.net\/?p=7285#breadcrumb\"},\"inLanguage\":\"es\",\"potentialAction\":[{\"@type\":\"ReadAction\",\"target\":[\"https:\/\/volcanes.net\/?p=7285\"]}]},{\"@type\":\"ImageObject\",\"inLanguage\":\"es\",\"@id\":\"https:\/\/volcanes.net\/?p=7285#primaryimage\",\"url\":\"https:\/\/volcanes.net\/wp-content\/uploads\/2020\/06\/Screenshot_20200622-094702_2_opt.png\",\"contentUrl\":\"https:\/\/volcanes.net\/wp-content\/uploads\/2020\/06\/Screenshot_20200622-094702_2_opt.png\",\"width\":400,\"height\":193},{\"@type\":\"BreadcrumbList\",\"@id\":\"https:\/\/volcanes.net\/?p=7285#breadcrumb\",\"itemListElement\":[{\"@type\":\"ListItem\",\"position\":1,\"name\":\"Portada\",\"item\":\"https:\/\/volcanes.net\/\"},{\"@type\":\"ListItem\",\"position\":2,\"name\":\"Lo detienen por su presunta participaci\u00f3n en el robo a un veh\u00edculo en #Ixtapaluca\"}]},{\"@type\":\"WebSite\",\"@id\":\"https:\/\/volcanes.net\/#website\",\"url\":\"https:\/\/volcanes.net\/\",\"name\":\"Volcanes.Net\",\"description\":\"Periodismo Profesional\",\"publisher\":{\"@id\":\"https:\/\/volcanes.net\/#organization\"},\"potentialAction\":[{\"@type\":\"SearchAction\",\"target\":{\"@type\":\"EntryPoint\",\"urlTemplate\":\"https:\/\/volcanes.net\/?s={search_term_string}\"},\"query-input\":{\"@type\":\"PropertyValueSpecification\",\"valueRequired\":true,\"valueName\":\"search_term_string\"}}],\"inLanguage\":\"es\"},{\"@type\":\"Organization\",\"@id\":\"https:\/\/volcanes.net\/#organization\",\"name\":\"Grupo Volcanes\",\"url\":\"https:\/\/volcanes.net\/\",\"logo\":{\"@type\":\"ImageObject\",\"inLanguage\":\"es\",\"@id\":\"https:\/\/volcanes.net\/#\/schema\/logo\/image\/\",\"url\":\"http:\/\/volcanes.net\/wp-content\/uploads\/2017\/12\/Avatar2.jpg\",\"contentUrl\":\"http:\/\/volcanes.net\/wp-content\/uploads\/2017\/12\/Avatar2.jpg\",\"width\":378,\"height\":378,\"caption\":\"Grupo Volcanes\"},\"image\":{\"@id\":\"https:\/\/volcanes.net\/#\/schema\/logo\/image\/\"},\"sameAs\":[\"https:\/\/www.facebook.com\/volcanes.net\/\"]},{\"@type\":\"Person\",\"@id\":\"https:\/\/volcanes.net\/#\/schema\/person\/4bf0f383940966a4abd53f5048c0e6b9\",\"name\":\"admin\",\"image\":{\"@type\":\"ImageObject\",\"inLanguage\":\"es\",\"@id\":\"https:\/\/volcanes.net\/#\/schema\/person\/image\/\",\"url\":\"https:\/\/secure.gravatar.com\/avatar\/ca004e6cba8462b8cb7abc86e382930c?s=96&d=mm&r=g\",\"contentUrl\":\"https:\/\/secure.gravatar.com\/avatar\/ca004e6cba8462b8cb7abc86e382930c?s=96&d=mm&r=g\",\"caption\":\"admin\"}}]}<\/script>\n<!-- \/ Yoast SEO plugin. -->","yoast_head_json":{"title":"Lo detienen por su presunta participaci\u00f3n en el robo a un veh\u00edculo en #Ixtapaluca - Volcanes","robots":{"index":"index","follow":"follow","max-snippet":"max-snippet:-1","max-image-preview":"max-image-preview:large","max-video-preview":"max-video-preview:-1"},"canonical":"https:\/\/volcanes.net\/?p=7285","og_locale":"es_MX","og_type":"article","og_title":"Lo detienen por su presunta participaci\u00f3n en el robo a un veh\u00edculo en #Ixtapaluca - Volcanes","og_description":"Ixtapaluca, Estado de M\u00e9xico .- Gracias a una denuncia se logr\u00f3 capturar a uno de","og_url":"https:\/\/volcanes.net\/?p=7285","og_site_name":"Volcanes","article_publisher":"https:\/\/www.facebook.com\/volcanes.net\/","article_published_time":"2020-06-24T05:18:45+00:00","og_image":[{"width":400,"height":193,"url":"https:\/\/volcanes.net\/wp-content\/uploads\/2020\/06\/Screenshot_20200622-094702_2_opt.png","type":"image\/png"}],"author":"admin","twitter_card":"summary_large_image","twitter_misc":{"Escrito por":"admin","Tiempo de lectura":"2 minutos"},"schema":{"@context":"https:\/\/schema.org","@graph":[{"@type":"Article","@id":"https:\/\/volcanes.net\/?p=7285#article","isPartOf":{"@id":"https:\/\/volcanes.net\/?p=7285"},"author":{"name":"admin","@id":"https:\/\/volcanes.net\/#\/schema\/person\/4bf0f383940966a4abd53f5048c0e6b9"},"headline":"Lo detienen por su presunta participaci\u00f3n en el robo a un veh\u00edculo en #Ixtapaluca","datePublished":"2020-06-24T05:18:45+00:00","mainEntityOfPage":{"@id":"https:\/\/volcanes.net\/?p=7285"},"wordCount":358,"commentCount":0,"publisher":{"@id":"https:\/\/volcanes.net\/#organization"},"image":{"@id":"https:\/\/volcanes.net\/?p=7285#primaryimage"},"thumbnailUrl":"https:\/\/volcanes.net\/wp-content\/uploads\/2020\/06\/Screenshot_20200622-094702_2_opt.png","keywords":["GrupoVolcanes","Ixtapaluca"],"articleSection":["Municipales"],"inLanguage":"es","potentialAction":[{"@type":"CommentAction","name":"Comment","target":["https:\/\/volcanes.net\/?p=7285#respond"]}]},{"@type":"WebPage","@id":"https:\/\/volcanes.net\/?p=7285","url":"https:\/\/volcanes.net\/?p=7285","name":"Lo detienen por su presunta participaci\u00f3n en el robo a un veh\u00edculo en #Ixtapaluca - Volcanes","isPartOf":{"@id":"https:\/\/volcanes.net\/#website"},"primaryImageOfPage":{"@id":"https:\/\/volcanes.net\/?p=7285#primaryimage"},"image":{"@id":"https:\/\/volcanes.net\/?p=7285#primaryimage"},"thumbnailUrl":"https:\/\/volcanes.net\/wp-content\/uploads\/2020\/06\/Screenshot_20200622-094702_2_opt.png","datePublished":"2020-06-24T05:18:45+00:00","breadcrumb":{"@id":"https:\/\/volcanes.net\/?p=7285#breadcrumb"},"inLanguage":"es","potentialAction":[{"@type":"ReadAction","target":["https:\/\/volcanes.net\/?p=7285"]}]},{"@type":"ImageObject","inLanguage":"es","@id":"https:\/\/volcanes.net\/?p=7285#primaryimage","url":"https:\/\/volcanes.net\/wp-content\/uploads\/2020\/06\/Screenshot_20200622-094702_2_opt.png","contentUrl":"https:\/\/volcanes.net\/wp-content\/uploads\/2020\/06\/Screenshot_20200622-094702_2_opt.png","width":400,"height":193},{"@type":"BreadcrumbList","@id":"https:\/\/volcanes.net\/?p=7285#breadcrumb","itemListElement":[{"@type":"ListItem","position":1,"name":"Portada","item":"https:\/\/volcanes.net\/"},{"@type":"ListItem","position":2,"name":"Lo detienen por su presunta participaci\u00f3n en el robo a un veh\u00edculo en #Ixtapaluca"}]},{"@type":"WebSite","@id":"https:\/\/volcanes.net\/#website","url":"https:\/\/volcanes.net\/","name":"Volcanes.Net","description":"Periodismo Profesional","publisher":{"@id":"https:\/\/volcanes.net\/#organization"},"potentialAction":[{"@type":"SearchAction","target":{"@type":"EntryPoint","urlTemplate":"https:\/\/volcanes.net\/?s={search_term_string}"},"query-input":{"@type":"PropertyValueSpecification","valueRequired":true,"valueName":"search_term_string"}}],"inLanguage":"es"},{"@type":"Organization","@id":"https:\/\/volcanes.net\/#organization","name":"Grupo Volcanes","url":"https:\/\/volcanes.net\/","logo":{"@type":"ImageObject","inLanguage":"es","@id":"https:\/\/volcanes.net\/#\/schema\/logo\/image\/","url":"http:\/\/volcanes.net\/wp-content\/uploads\/2017\/12\/Avatar2.jpg","contentUrl":"http:\/\/volcanes.net\/wp-content\/uploads\/2017\/12\/Avatar2.jpg","width":378,"height":378,"caption":"Grupo Volcanes"},"image":{"@id":"https:\/\/volcanes.net\/#\/schema\/logo\/image\/"},"sameAs":["https:\/\/www.facebook.com\/volcanes.net\/"]},{"@type":"Person","@id":"https:\/\/volcanes.net\/#\/schema\/person\/4bf0f383940966a4abd53f5048c0e6b9","name":"admin","image":{"@type":"ImageObject","inLanguage":"es","@id":"https:\/\/volcanes.net\/#\/schema\/person\/image\/","url":"https:\/\/secure.gravatar.com\/avatar\/ca004e6cba8462b8cb7abc86e382930c?s=96&d=mm&r=g","contentUrl":"https:\/\/secure.gravatar.com\/avatar\/ca004e6cba8462b8cb7abc86e382930c?s=96&d=mm&r=g","caption":"admin"}}]}},"_links":{"self":[{"href":"https:\/\/volcanes.net\/index.php?rest_route=\/wp\/v2\/posts\/7285"}],"collection":[{"href":"https:\/\/volcanes.net\/index.php?rest_route=\/wp\/v2\/posts"}],"about":[{"href":"https:\/\/volcanes.net\/index.php?rest_route=\/wp\/v2\/types\/post"}],"author":[{"embeddable":true,"href":"https:\/\/volcanes.net\/index.php?rest_route=\/wp\/v2\/users\/1"}],"replies":[{"embeddable":true,"href":"https:\/\/volcanes.net\/index.php?rest_route=%2Fwp%2Fv2%2Fcomments&post=7285"}],"version-history":[{"count":1,"href":"https:\/\/volcanes.net\/index.php?rest_route=\/wp\/v2\/posts\/7285\/revisions"}],"predecessor-version":[{"id":7287,"href":"https:\/\/volcanes.net\/index.php?rest_route=\/wp\/v2\/posts\/7285\/revisions\/7287"}],"wp:featuredmedia":[{"embeddable":true,"href":"https:\/\/volcanes.net\/index.php?rest_route=\/wp\/v2\/media\/7286"}],"wp:attachment":[{"href":"https:\/\/volcanes.net\/index.php?rest_route=%2Fwp%2Fv2%2Fmedia&parent=7285"}],"wp:term":[{"taxonomy":"category","embeddable":true,"href":"https:\/\/volcanes.net\/index.php?rest_route=%2Fwp%2Fv2%2Fcategories&post=7285"},{"taxonomy":"post_tag","embeddable":true,"href":"https:\/\/volcanes.net\/index.php?rest_route=%2Fwp%2Fv2%2Ftags&post=7285"}],"curies":[{"name":"wp","href":"https:\/\/api.w.org\/{rel}","templated":true}]}}