{"id":729,"date":"2018-01-23T23:30:48","date_gmt":"2018-01-23T23:30:48","guid":{"rendered":"http:\/\/volcanes.net\/?p=729"},"modified":"2018-01-23T23:30:48","modified_gmt":"2018-01-23T23:30:48","slug":"detiene-fiscalia-estatal-a-dos-policias-municipales-de-tultitlan-investigados-por-un-homicidio","status":"publish","type":"post","link":"https:\/\/volcanes.net\/?p=729","title":{"rendered":"Detiene fiscal\u00eda estatal a dos polic\u00edas municipales de Tultitl\u00e1n investigados por un homicidio"},"content":{"rendered":"<div style=\"margin-top: 0px; margin-bottom: 0px;\" class=\"sharethis-inline-share-buttons\" ><\/div><ul>\n<li><em>Los detenidos habr\u00edan asegurado a la v\u00edctima al parecer por una falta administrativa, y la trasladaron al<\/em><em> \u00e1rea de seguridad de la oficina del Juez conciliador en el municipio de Tultitl\u00e1n, posteriormente su cuerpo fue encontrado sin vida en el municipio de Tultepec. <\/em><\/li>\n<\/ul>\n<p><strong>Toluca, M\u00e9xico, 22 de enero de 2018.-<\/strong> Como resultado de una movilizaci\u00f3n realizada en el municipio de Tultitl\u00e1n, Agentes de Investigaci\u00f3n de la Fiscal\u00eda Especializada en Homicidios del Valle de M\u00e9xico, de la Fiscal\u00eda General de Justicia del Estado de M\u00e9xico (FGJEM), aseguraron a dos elementos de la Polic\u00eda Municipal de Tultitl\u00e1n, quienes son investigados por su probable participaci\u00f3n en el delito de homicidio calificado.<\/p>\n<p>Los probables delincuentes fueron identificados como Alfonso \u201cN\u201d, de 29 a\u00f1os de edad, y Anastasio \u201cN\u201d, de 53 a\u00f1os, quienes se desempe\u00f1aban como elementos municipales y habr\u00edan participado en el homicidio de un hombre, en el pasado mes de noviembre.<\/p>\n<p>Los hechos que se les imputan se registraron el d\u00eda 25 de noviembre, cuando ambos sujetos aseguraron a la v\u00edctima, al parecer por una falta administrativa, para presentarlo ante un Juez conciliador, en las oficinas ubicadas en la zona centro del municipio de Tultitl\u00e1n. Posteriormente, el cuerpo de la v\u00edctima fue localizado en la Avenida Emiliano Zapata,\u00a0 del municipio de Tultepec.<\/p>\n<p>Derivado del hallazgo, fue iniciada la carpeta de investigaci\u00f3n respectiva, y Agentes de Investigaci\u00f3n se encargaron de realizar diversas diligencias para identificar y detener a los probables homicidas.<\/p>\n<p>Con la informaci\u00f3n recabada, el Representante Social solicit\u00f3 a un Juez librar una orden de aprehensi\u00f3n en contra de estos elementos de la Polic\u00eda Municipal de Tultitl\u00e1n, la cual fue otorgada y cumplimentada.<\/p>\n<p>Estos individuos fueron ingresados al Centro Penitenciario y de Reinserci\u00f3n Social de Cuautitl\u00e1n, en donde quedaron a disposici\u00f3n de un Juez, quien habr\u00e1 de determinar su situaci\u00f3n legal, sin embargo se les presume inocentes hasta que sea dictada una sentencia condenatoria en su contra.<\/p>\n<p>La Fiscal\u00eda General de Justicia estatal hace un llamado a la ciudadan\u00eda para que en caso de que reconozca a estos sujetos como probables part\u00edcipes de alg\u00fan otro il\u00edcito, sean denunciados a trav\u00e9s del correo electr\u00f3nico cerotolerancia@edomex.gob.mx, al n\u00famero telef\u00f3nico 01 800 7028770, o bien, por medio de la aplicaci\u00f3n FGJEdomex, la cual est\u00e1 disponible de manera gratuita para todos los tel\u00e9fonos inteligentes de los sistemas iOS y Android.<\/p>\n","protected":false},"excerpt":{"rendered":"<p>Los detenidos habr\u00edan asegurado a la v\u00edctima al parecer por una falta administrativa, y la<\/p>\n","protected":false},"author":1,"featured_media":730,"comment_status":"open","ping_status":"open","sticky":false,"template":"","format":"standard","meta":{"footnotes":""},"categories":[1],"tags":[43],"class_list":["post-729","post","type-post","status-publish","format-standard","has-post-thumbnail","hentry","category-municipales","tag-tultitlan"],"yoast_head":"<!-- This site is optimized with the Yoast SEO plugin v25.3 - https:\/\/yoast.com\/wordpress\/plugins\/seo\/ -->\n<title>Detiene fiscal\u00eda estatal a dos polic\u00edas municipales de Tultitl\u00e1n investigados por un homicidio - Volcanes<\/title>\n<meta name=\"robots\" content=\"index, follow, max-snippet:-1, max-image-preview:large, max-video-preview:-1\" \/>\n<link rel=\"canonical\" href=\"https:\/\/volcanes.net\/?p=729\" \/>\n<meta property=\"og:locale\" content=\"es_MX\" \/>\n<meta property=\"og:type\" content=\"article\" \/>\n<meta property=\"og:title\" content=\"Detiene fiscal\u00eda estatal a dos polic\u00edas municipales de Tultitl\u00e1n investigados por un homicidio - Volcanes\" \/>\n<meta property=\"og:description\" content=\"Los detenidos habr\u00edan asegurado a la v\u00edctima al parecer por una falta administrativa, y la\" \/>\n<meta property=\"og:url\" content=\"https:\/\/volcanes.net\/?p=729\" \/>\n<meta property=\"og:site_name\" content=\"Volcanes\" \/>\n<meta property=\"article:publisher\" content=\"https:\/\/www.facebook.com\/volcanes.net\/\" \/>\n<meta property=\"article:published_time\" content=\"2018-01-23T23:30:48+00:00\" \/>\n<meta property=\"og:image\" content=\"https:\/\/volcanes.net\/wp-content\/uploads\/2018\/01\/FOTO-C69.jpg\" \/>\n\t<meta property=\"og:image:width\" content=\"160\" \/>\n\t<meta property=\"og:image:height\" content=\"124\" \/>\n\t<meta property=\"og:image:type\" content=\"image\/jpeg\" \/>\n<meta name=\"author\" content=\"admin\" \/>\n<meta name=\"twitter:card\" content=\"summary_large_image\" \/>\n<meta name=\"twitter:label1\" content=\"Escrito por\" \/>\n\t<meta name=\"twitter:data1\" content=\"admin\" \/>\n\t<meta name=\"twitter:label2\" content=\"Tiempo de lectura\" \/>\n\t<meta name=\"twitter:data2\" content=\"2 minutos\" \/>\n<script type=\"application\/ld+json\" class=\"yoast-schema-graph\">{\"@context\":\"https:\/\/schema.org\",\"@graph\":[{\"@type\":\"Article\",\"@id\":\"https:\/\/volcanes.net\/?p=729#article\",\"isPartOf\":{\"@id\":\"https:\/\/volcanes.net\/?p=729\"},\"author\":{\"name\":\"admin\",\"@id\":\"https:\/\/volcanes.net\/#\/schema\/person\/4bf0f383940966a4abd53f5048c0e6b9\"},\"headline\":\"Detiene fiscal\u00eda estatal a dos polic\u00edas municipales de Tultitl\u00e1n investigados por un homicidio\",\"datePublished\":\"2018-01-23T23:30:48+00:00\",\"mainEntityOfPage\":{\"@id\":\"https:\/\/volcanes.net\/?p=729\"},\"wordCount\":438,\"commentCount\":0,\"publisher\":{\"@id\":\"https:\/\/volcanes.net\/#organization\"},\"image\":{\"@id\":\"https:\/\/volcanes.net\/?p=729#primaryimage\"},\"thumbnailUrl\":\"https:\/\/volcanes.net\/wp-content\/uploads\/2018\/01\/FOTO-C69.jpg\",\"keywords\":[\"Tultitl\u00e1n\"],\"articleSection\":[\"Municipales\"],\"inLanguage\":\"es\",\"potentialAction\":[{\"@type\":\"CommentAction\",\"name\":\"Comment\",\"target\":[\"https:\/\/volcanes.net\/?p=729#respond\"]}]},{\"@type\":\"WebPage\",\"@id\":\"https:\/\/volcanes.net\/?p=729\",\"url\":\"https:\/\/volcanes.net\/?p=729\",\"name\":\"Detiene fiscal\u00eda estatal a dos polic\u00edas municipales de Tultitl\u00e1n investigados por un homicidio - Volcanes\",\"isPartOf\":{\"@id\":\"https:\/\/volcanes.net\/#website\"},\"primaryImageOfPage\":{\"@id\":\"https:\/\/volcanes.net\/?p=729#primaryimage\"},\"image\":{\"@id\":\"https:\/\/volcanes.net\/?p=729#primaryimage\"},\"thumbnailUrl\":\"https:\/\/volcanes.net\/wp-content\/uploads\/2018\/01\/FOTO-C69.jpg\",\"datePublished\":\"2018-01-23T23:30:48+00:00\",\"breadcrumb\":{\"@id\":\"https:\/\/volcanes.net\/?p=729#breadcrumb\"},\"inLanguage\":\"es\",\"potentialAction\":[{\"@type\":\"ReadAction\",\"target\":[\"https:\/\/volcanes.net\/?p=729\"]}]},{\"@type\":\"ImageObject\",\"inLanguage\":\"es\",\"@id\":\"https:\/\/volcanes.net\/?p=729#primaryimage\",\"url\":\"https:\/\/volcanes.net\/wp-content\/uploads\/2018\/01\/FOTO-C69.jpg\",\"contentUrl\":\"https:\/\/volcanes.net\/wp-content\/uploads\/2018\/01\/FOTO-C69.jpg\",\"width\":160,\"height\":124},{\"@type\":\"BreadcrumbList\",\"@id\":\"https:\/\/volcanes.net\/?p=729#breadcrumb\",\"itemListElement\":[{\"@type\":\"ListItem\",\"position\":1,\"name\":\"Portada\",\"item\":\"https:\/\/volcanes.net\/\"},{\"@type\":\"ListItem\",\"position\":2,\"name\":\"Detiene fiscal\u00eda estatal a dos polic\u00edas municipales de Tultitl\u00e1n investigados por un homicidio\"}]},{\"@type\":\"WebSite\",\"@id\":\"https:\/\/volcanes.net\/#website\",\"url\":\"https:\/\/volcanes.net\/\",\"name\":\"Volcanes.Net\",\"description\":\"Periodismo Profesional\",\"publisher\":{\"@id\":\"https:\/\/volcanes.net\/#organization\"},\"potentialAction\":[{\"@type\":\"SearchAction\",\"target\":{\"@type\":\"EntryPoint\",\"urlTemplate\":\"https:\/\/volcanes.net\/?s={search_term_string}\"},\"query-input\":{\"@type\":\"PropertyValueSpecification\",\"valueRequired\":true,\"valueName\":\"search_term_string\"}}],\"inLanguage\":\"es\"},{\"@type\":\"Organization\",\"@id\":\"https:\/\/volcanes.net\/#organization\",\"name\":\"Grupo Volcanes\",\"url\":\"https:\/\/volcanes.net\/\",\"logo\":{\"@type\":\"ImageObject\",\"inLanguage\":\"es\",\"@id\":\"https:\/\/volcanes.net\/#\/schema\/logo\/image\/\",\"url\":\"http:\/\/volcanes.net\/wp-content\/uploads\/2017\/12\/Avatar2.jpg\",\"contentUrl\":\"http:\/\/volcanes.net\/wp-content\/uploads\/2017\/12\/Avatar2.jpg\",\"width\":378,\"height\":378,\"caption\":\"Grupo Volcanes\"},\"image\":{\"@id\":\"https:\/\/volcanes.net\/#\/schema\/logo\/image\/\"},\"sameAs\":[\"https:\/\/www.facebook.com\/volcanes.net\/\"]},{\"@type\":\"Person\",\"@id\":\"https:\/\/volcanes.net\/#\/schema\/person\/4bf0f383940966a4abd53f5048c0e6b9\",\"name\":\"admin\",\"image\":{\"@type\":\"ImageObject\",\"inLanguage\":\"es\",\"@id\":\"https:\/\/volcanes.net\/#\/schema\/person\/image\/\",\"url\":\"https:\/\/secure.gravatar.com\/avatar\/ca004e6cba8462b8cb7abc86e382930c?s=96&d=mm&r=g\",\"contentUrl\":\"https:\/\/secure.gravatar.com\/avatar\/ca004e6cba8462b8cb7abc86e382930c?s=96&d=mm&r=g\",\"caption\":\"admin\"}}]}<\/script>\n<!-- \/ Yoast SEO plugin. -->","yoast_head_json":{"title":"Detiene fiscal\u00eda estatal a dos polic\u00edas municipales de Tultitl\u00e1n investigados por un homicidio - Volcanes","robots":{"index":"index","follow":"follow","max-snippet":"max-snippet:-1","max-image-preview":"max-image-preview:large","max-video-preview":"max-video-preview:-1"},"canonical":"https:\/\/volcanes.net\/?p=729","og_locale":"es_MX","og_type":"article","og_title":"Detiene fiscal\u00eda estatal a dos polic\u00edas municipales de Tultitl\u00e1n investigados por un homicidio - Volcanes","og_description":"Los detenidos habr\u00edan asegurado a la v\u00edctima al parecer por una falta administrativa, y la","og_url":"https:\/\/volcanes.net\/?p=729","og_site_name":"Volcanes","article_publisher":"https:\/\/www.facebook.com\/volcanes.net\/","article_published_time":"2018-01-23T23:30:48+00:00","og_image":[{"width":160,"height":124,"url":"https:\/\/volcanes.net\/wp-content\/uploads\/2018\/01\/FOTO-C69.jpg","type":"image\/jpeg"}],"author":"admin","twitter_card":"summary_large_image","twitter_misc":{"Escrito por":"admin","Tiempo de lectura":"2 minutos"},"schema":{"@context":"https:\/\/schema.org","@graph":[{"@type":"Article","@id":"https:\/\/volcanes.net\/?p=729#article","isPartOf":{"@id":"https:\/\/volcanes.net\/?p=729"},"author":{"name":"admin","@id":"https:\/\/volcanes.net\/#\/schema\/person\/4bf0f383940966a4abd53f5048c0e6b9"},"headline":"Detiene fiscal\u00eda estatal a dos polic\u00edas municipales de Tultitl\u00e1n investigados por un homicidio","datePublished":"2018-01-23T23:30:48+00:00","mainEntityOfPage":{"@id":"https:\/\/volcanes.net\/?p=729"},"wordCount":438,"commentCount":0,"publisher":{"@id":"https:\/\/volcanes.net\/#organization"},"image":{"@id":"https:\/\/volcanes.net\/?p=729#primaryimage"},"thumbnailUrl":"https:\/\/volcanes.net\/wp-content\/uploads\/2018\/01\/FOTO-C69.jpg","keywords":["Tultitl\u00e1n"],"articleSection":["Municipales"],"inLanguage":"es","potentialAction":[{"@type":"CommentAction","name":"Comment","target":["https:\/\/volcanes.net\/?p=729#respond"]}]},{"@type":"WebPage","@id":"https:\/\/volcanes.net\/?p=729","url":"https:\/\/volcanes.net\/?p=729","name":"Detiene fiscal\u00eda estatal a dos polic\u00edas municipales de Tultitl\u00e1n investigados por un homicidio - Volcanes","isPartOf":{"@id":"https:\/\/volcanes.net\/#website"},"primaryImageOfPage":{"@id":"https:\/\/volcanes.net\/?p=729#primaryimage"},"image":{"@id":"https:\/\/volcanes.net\/?p=729#primaryimage"},"thumbnailUrl":"https:\/\/volcanes.net\/wp-content\/uploads\/2018\/01\/FOTO-C69.jpg","datePublished":"2018-01-23T23:30:48+00:00","breadcrumb":{"@id":"https:\/\/volcanes.net\/?p=729#breadcrumb"},"inLanguage":"es","potentialAction":[{"@type":"ReadAction","target":["https:\/\/volcanes.net\/?p=729"]}]},{"@type":"ImageObject","inLanguage":"es","@id":"https:\/\/volcanes.net\/?p=729#primaryimage","url":"https:\/\/volcanes.net\/wp-content\/uploads\/2018\/01\/FOTO-C69.jpg","contentUrl":"https:\/\/volcanes.net\/wp-content\/uploads\/2018\/01\/FOTO-C69.jpg","width":160,"height":124},{"@type":"BreadcrumbList","@id":"https:\/\/volcanes.net\/?p=729#breadcrumb","itemListElement":[{"@type":"ListItem","position":1,"name":"Portada","item":"https:\/\/volcanes.net\/"},{"@type":"ListItem","position":2,"name":"Detiene fiscal\u00eda estatal a dos polic\u00edas municipales de Tultitl\u00e1n investigados por un homicidio"}]},{"@type":"WebSite","@id":"https:\/\/volcanes.net\/#website","url":"https:\/\/volcanes.net\/","name":"Volcanes.Net","description":"Periodismo Profesional","publisher":{"@id":"https:\/\/volcanes.net\/#organization"},"potentialAction":[{"@type":"SearchAction","target":{"@type":"EntryPoint","urlTemplate":"https:\/\/volcanes.net\/?s={search_term_string}"},"query-input":{"@type":"PropertyValueSpecification","valueRequired":true,"valueName":"search_term_string"}}],"inLanguage":"es"},{"@type":"Organization","@id":"https:\/\/volcanes.net\/#organization","name":"Grupo Volcanes","url":"https:\/\/volcanes.net\/","logo":{"@type":"ImageObject","inLanguage":"es","@id":"https:\/\/volcanes.net\/#\/schema\/logo\/image\/","url":"http:\/\/volcanes.net\/wp-content\/uploads\/2017\/12\/Avatar2.jpg","contentUrl":"http:\/\/volcanes.net\/wp-content\/uploads\/2017\/12\/Avatar2.jpg","width":378,"height":378,"caption":"Grupo Volcanes"},"image":{"@id":"https:\/\/volcanes.net\/#\/schema\/logo\/image\/"},"sameAs":["https:\/\/www.facebook.com\/volcanes.net\/"]},{"@type":"Person","@id":"https:\/\/volcanes.net\/#\/schema\/person\/4bf0f383940966a4abd53f5048c0e6b9","name":"admin","image":{"@type":"ImageObject","inLanguage":"es","@id":"https:\/\/volcanes.net\/#\/schema\/person\/image\/","url":"https:\/\/secure.gravatar.com\/avatar\/ca004e6cba8462b8cb7abc86e382930c?s=96&d=mm&r=g","contentUrl":"https:\/\/secure.gravatar.com\/avatar\/ca004e6cba8462b8cb7abc86e382930c?s=96&d=mm&r=g","caption":"admin"}}]}},"_links":{"self":[{"href":"https:\/\/volcanes.net\/index.php?rest_route=\/wp\/v2\/posts\/729"}],"collection":[{"href":"https:\/\/volcanes.net\/index.php?rest_route=\/wp\/v2\/posts"}],"about":[{"href":"https:\/\/volcanes.net\/index.php?rest_route=\/wp\/v2\/types\/post"}],"author":[{"embeddable":true,"href":"https:\/\/volcanes.net\/index.php?rest_route=\/wp\/v2\/users\/1"}],"replies":[{"embeddable":true,"href":"https:\/\/volcanes.net\/index.php?rest_route=%2Fwp%2Fv2%2Fcomments&post=729"}],"version-history":[{"count":1,"href":"https:\/\/volcanes.net\/index.php?rest_route=\/wp\/v2\/posts\/729\/revisions"}],"predecessor-version":[{"id":731,"href":"https:\/\/volcanes.net\/index.php?rest_route=\/wp\/v2\/posts\/729\/revisions\/731"}],"wp:featuredmedia":[{"embeddable":true,"href":"https:\/\/volcanes.net\/index.php?rest_route=\/wp\/v2\/media\/730"}],"wp:attachment":[{"href":"https:\/\/volcanes.net\/index.php?rest_route=%2Fwp%2Fv2%2Fmedia&parent=729"}],"wp:term":[{"taxonomy":"category","embeddable":true,"href":"https:\/\/volcanes.net\/index.php?rest_route=%2Fwp%2Fv2%2Fcategories&post=729"},{"taxonomy":"post_tag","embeddable":true,"href":"https:\/\/volcanes.net\/index.php?rest_route=%2Fwp%2Fv2%2Ftags&post=729"}],"curies":[{"name":"wp","href":"https:\/\/api.w.org\/{rel}","templated":true}]}}