{"id":7294,"date":"2020-06-23T23:30:02","date_gmt":"2020-06-24T05:30:02","guid":{"rendered":"http:\/\/volcanes.net\/?p=7294"},"modified":"2020-06-23T23:30:02","modified_gmt":"2020-06-24T05:30:02","slug":"ante-incremento-de-contagios-por-covid-19-en-tenangodelaire-suspenden-actividad-comercial","status":"publish","type":"post","link":"https:\/\/volcanes.net\/?p=7294","title":{"rendered":"Ante incremento de contagios por covid-19 en #TenangoDelAire suspenden actividad comercial"},"content":{"rendered":"<div style=\"margin-top: 0px; margin-bottom: 0px;\" class=\"sharethis-inline-share-buttons\" ><\/div><p>Natalia Hern\u00e1ndez | Volcanes Multimedios.<\/p>\n<p>Tenango del Aire, Estado de M\u00e9xico -. Debido al incremento de contagios que ha registrado dicha demarcaci\u00f3n ante el virus por COVID-19, el gobierno municipal opto por tomar medidas sanitarias extras como la suspensi\u00f3n de las actividades comerciales en el mercado de la cabecera a partir de las 5 de la tarde.<\/p>\n<p>Cabe mencionar que hasta el d\u00eda de hoy Tenango del Aire cuenta con una estad\u00edstica de diecis\u00e9is casos conformados de este virus mientras que seis son sospechosos y hasta el momento solo se han registrado dos defunciones, siendo este municipio mexiquenses el que no hab\u00eda presentado casos durante mucho tiempo, sin embargo, con el paso de los d\u00edas se han ido presentado.<\/p>\n<p>Mediante los resultados y atendiendo de manera oportuna las indicaciones proporcionadas por el gobierno federal y estatal,\u00a0 Roberto \u00c1vila Ventura presidente municipal, orden\u00f3 la suspensi\u00f3n de todo el comercio el cual se ejerce en la v\u00eda p\u00fablica a partir de las cinco de la tarde\u00a0 hasta el pr\u00f3ximo 29 de junio ya que es cuando la gente comienza a salir y aglomerarse, por lo que adem\u00e1s el mercado municipal y corredor gastron\u00f3mico operar\u00e1n \u00fanicamente de 8:00 a 17:00 horas.<\/p>\n<p>Adem\u00e1s de que se le pide a la poblaci\u00f3n continuar con las medidas sanitarias; uso de cubrebocas, uso de gel antibaterial, lavado constante de manos y solo salir de la casa si es necesario as\u00ed como de tener en cuenta la sana distancia.<\/p>\n<p>&nbsp;<\/p>\n","protected":false},"excerpt":{"rendered":"<p>Natalia Hern\u00e1ndez | Volcanes Multimedios. Tenango del Aire, Estado de M\u00e9xico -. Debido al incremento<\/p>\n","protected":false},"author":1,"featured_media":7295,"comment_status":"open","ping_status":"open","sticky":false,"template":"","format":"standard","meta":{"footnotes":""},"categories":[1],"tags":[265,17],"class_list":["post-7294","post","type-post","status-publish","format-standard","has-post-thumbnail","hentry","category-municipales","tag-grupovolcanes","tag-tenango-del-aire"],"yoast_head":"<!-- This site is optimized with the Yoast SEO plugin v25.3 - https:\/\/yoast.com\/wordpress\/plugins\/seo\/ -->\n<title>Ante incremento de contagios por covid-19 en #TenangoDelAire suspenden actividad comercial - Volcanes<\/title>\n<meta name=\"robots\" content=\"index, follow, max-snippet:-1, max-image-preview:large, max-video-preview:-1\" \/>\n<link rel=\"canonical\" href=\"https:\/\/volcanes.net\/?p=7294\" \/>\n<meta property=\"og:locale\" content=\"es_MX\" \/>\n<meta property=\"og:type\" content=\"article\" \/>\n<meta property=\"og:title\" content=\"Ante incremento de contagios por covid-19 en #TenangoDelAire suspenden actividad comercial - Volcanes\" \/>\n<meta property=\"og:description\" content=\"Natalia Hern\u00e1ndez | Volcanes Multimedios. Tenango del Aire, Estado de M\u00e9xico -. Debido al incremento\" \/>\n<meta property=\"og:url\" content=\"https:\/\/volcanes.net\/?p=7294\" \/>\n<meta property=\"og:site_name\" content=\"Volcanes\" \/>\n<meta property=\"article:publisher\" content=\"https:\/\/www.facebook.com\/volcanes.net\/\" \/>\n<meta property=\"article:published_time\" content=\"2020-06-24T05:30:02+00:00\" \/>\n<meta property=\"og:image\" content=\"https:\/\/volcanes.net\/wp-content\/uploads\/2020\/06\/WhatsApp-Image-2020-06-23-at-1_opt-1-2.jpg\" \/>\n\t<meta property=\"og:image:width\" content=\"255\" \/>\n\t<meta property=\"og:image:height\" content=\"190\" \/>\n\t<meta property=\"og:image:type\" content=\"image\/jpeg\" \/>\n<meta name=\"author\" content=\"admin\" \/>\n<meta name=\"twitter:card\" content=\"summary_large_image\" \/>\n<meta name=\"twitter:label1\" content=\"Escrito por\" \/>\n\t<meta name=\"twitter:data1\" content=\"admin\" \/>\n\t<meta name=\"twitter:label2\" content=\"Tiempo de lectura\" \/>\n\t<meta name=\"twitter:data2\" content=\"1 minuto\" \/>\n<script type=\"application\/ld+json\" class=\"yoast-schema-graph\">{\"@context\":\"https:\/\/schema.org\",\"@graph\":[{\"@type\":\"Article\",\"@id\":\"https:\/\/volcanes.net\/?p=7294#article\",\"isPartOf\":{\"@id\":\"https:\/\/volcanes.net\/?p=7294\"},\"author\":{\"name\":\"admin\",\"@id\":\"https:\/\/volcanes.net\/#\/schema\/person\/4bf0f383940966a4abd53f5048c0e6b9\"},\"headline\":\"Ante incremento de contagios por covid-19 en #TenangoDelAire suspenden actividad comercial\",\"datePublished\":\"2020-06-24T05:30:02+00:00\",\"mainEntityOfPage\":{\"@id\":\"https:\/\/volcanes.net\/?p=7294\"},\"wordCount\":266,\"commentCount\":0,\"publisher\":{\"@id\":\"https:\/\/volcanes.net\/#organization\"},\"image\":{\"@id\":\"https:\/\/volcanes.net\/?p=7294#primaryimage\"},\"thumbnailUrl\":\"https:\/\/volcanes.net\/wp-content\/uploads\/2020\/06\/WhatsApp-Image-2020-06-23-at-1_opt-1-2.jpg\",\"keywords\":[\"GrupoVolcanes\",\"Tenango del Aire\"],\"articleSection\":[\"Municipales\"],\"inLanguage\":\"es\",\"potentialAction\":[{\"@type\":\"CommentAction\",\"name\":\"Comment\",\"target\":[\"https:\/\/volcanes.net\/?p=7294#respond\"]}]},{\"@type\":\"WebPage\",\"@id\":\"https:\/\/volcanes.net\/?p=7294\",\"url\":\"https:\/\/volcanes.net\/?p=7294\",\"name\":\"Ante incremento de contagios por covid-19 en #TenangoDelAire suspenden actividad comercial - Volcanes\",\"isPartOf\":{\"@id\":\"https:\/\/volcanes.net\/#website\"},\"primaryImageOfPage\":{\"@id\":\"https:\/\/volcanes.net\/?p=7294#primaryimage\"},\"image\":{\"@id\":\"https:\/\/volcanes.net\/?p=7294#primaryimage\"},\"thumbnailUrl\":\"https:\/\/volcanes.net\/wp-content\/uploads\/2020\/06\/WhatsApp-Image-2020-06-23-at-1_opt-1-2.jpg\",\"datePublished\":\"2020-06-24T05:30:02+00:00\",\"breadcrumb\":{\"@id\":\"https:\/\/volcanes.net\/?p=7294#breadcrumb\"},\"inLanguage\":\"es\",\"potentialAction\":[{\"@type\":\"ReadAction\",\"target\":[\"https:\/\/volcanes.net\/?p=7294\"]}]},{\"@type\":\"ImageObject\",\"inLanguage\":\"es\",\"@id\":\"https:\/\/volcanes.net\/?p=7294#primaryimage\",\"url\":\"https:\/\/volcanes.net\/wp-content\/uploads\/2020\/06\/WhatsApp-Image-2020-06-23-at-1_opt-1-2.jpg\",\"contentUrl\":\"https:\/\/volcanes.net\/wp-content\/uploads\/2020\/06\/WhatsApp-Image-2020-06-23-at-1_opt-1-2.jpg\",\"width\":255,\"height\":190},{\"@type\":\"BreadcrumbList\",\"@id\":\"https:\/\/volcanes.net\/?p=7294#breadcrumb\",\"itemListElement\":[{\"@type\":\"ListItem\",\"position\":1,\"name\":\"Portada\",\"item\":\"https:\/\/volcanes.net\/\"},{\"@type\":\"ListItem\",\"position\":2,\"name\":\"Ante incremento de contagios por covid-19 en #TenangoDelAire suspenden actividad comercial\"}]},{\"@type\":\"WebSite\",\"@id\":\"https:\/\/volcanes.net\/#website\",\"url\":\"https:\/\/volcanes.net\/\",\"name\":\"Volcanes.Net\",\"description\":\"Periodismo Profesional\",\"publisher\":{\"@id\":\"https:\/\/volcanes.net\/#organization\"},\"potentialAction\":[{\"@type\":\"SearchAction\",\"target\":{\"@type\":\"EntryPoint\",\"urlTemplate\":\"https:\/\/volcanes.net\/?s={search_term_string}\"},\"query-input\":{\"@type\":\"PropertyValueSpecification\",\"valueRequired\":true,\"valueName\":\"search_term_string\"}}],\"inLanguage\":\"es\"},{\"@type\":\"Organization\",\"@id\":\"https:\/\/volcanes.net\/#organization\",\"name\":\"Grupo Volcanes\",\"url\":\"https:\/\/volcanes.net\/\",\"logo\":{\"@type\":\"ImageObject\",\"inLanguage\":\"es\",\"@id\":\"https:\/\/volcanes.net\/#\/schema\/logo\/image\/\",\"url\":\"http:\/\/volcanes.net\/wp-content\/uploads\/2017\/12\/Avatar2.jpg\",\"contentUrl\":\"http:\/\/volcanes.net\/wp-content\/uploads\/2017\/12\/Avatar2.jpg\",\"width\":378,\"height\":378,\"caption\":\"Grupo Volcanes\"},\"image\":{\"@id\":\"https:\/\/volcanes.net\/#\/schema\/logo\/image\/\"},\"sameAs\":[\"https:\/\/www.facebook.com\/volcanes.net\/\"]},{\"@type\":\"Person\",\"@id\":\"https:\/\/volcanes.net\/#\/schema\/person\/4bf0f383940966a4abd53f5048c0e6b9\",\"name\":\"admin\",\"image\":{\"@type\":\"ImageObject\",\"inLanguage\":\"es\",\"@id\":\"https:\/\/volcanes.net\/#\/schema\/person\/image\/\",\"url\":\"https:\/\/secure.gravatar.com\/avatar\/ca004e6cba8462b8cb7abc86e382930c?s=96&d=mm&r=g\",\"contentUrl\":\"https:\/\/secure.gravatar.com\/avatar\/ca004e6cba8462b8cb7abc86e382930c?s=96&d=mm&r=g\",\"caption\":\"admin\"}}]}<\/script>\n<!-- \/ Yoast SEO plugin. -->","yoast_head_json":{"title":"Ante incremento de contagios por covid-19 en #TenangoDelAire suspenden actividad comercial - Volcanes","robots":{"index":"index","follow":"follow","max-snippet":"max-snippet:-1","max-image-preview":"max-image-preview:large","max-video-preview":"max-video-preview:-1"},"canonical":"https:\/\/volcanes.net\/?p=7294","og_locale":"es_MX","og_type":"article","og_title":"Ante incremento de contagios por covid-19 en #TenangoDelAire suspenden actividad comercial - Volcanes","og_description":"Natalia Hern\u00e1ndez | Volcanes Multimedios. Tenango del Aire, Estado de M\u00e9xico -. Debido al incremento","og_url":"https:\/\/volcanes.net\/?p=7294","og_site_name":"Volcanes","article_publisher":"https:\/\/www.facebook.com\/volcanes.net\/","article_published_time":"2020-06-24T05:30:02+00:00","og_image":[{"width":255,"height":190,"url":"https:\/\/volcanes.net\/wp-content\/uploads\/2020\/06\/WhatsApp-Image-2020-06-23-at-1_opt-1-2.jpg","type":"image\/jpeg"}],"author":"admin","twitter_card":"summary_large_image","twitter_misc":{"Escrito por":"admin","Tiempo de lectura":"1 minuto"},"schema":{"@context":"https:\/\/schema.org","@graph":[{"@type":"Article","@id":"https:\/\/volcanes.net\/?p=7294#article","isPartOf":{"@id":"https:\/\/volcanes.net\/?p=7294"},"author":{"name":"admin","@id":"https:\/\/volcanes.net\/#\/schema\/person\/4bf0f383940966a4abd53f5048c0e6b9"},"headline":"Ante incremento de contagios por covid-19 en #TenangoDelAire suspenden actividad comercial","datePublished":"2020-06-24T05:30:02+00:00","mainEntityOfPage":{"@id":"https:\/\/volcanes.net\/?p=7294"},"wordCount":266,"commentCount":0,"publisher":{"@id":"https:\/\/volcanes.net\/#organization"},"image":{"@id":"https:\/\/volcanes.net\/?p=7294#primaryimage"},"thumbnailUrl":"https:\/\/volcanes.net\/wp-content\/uploads\/2020\/06\/WhatsApp-Image-2020-06-23-at-1_opt-1-2.jpg","keywords":["GrupoVolcanes","Tenango del Aire"],"articleSection":["Municipales"],"inLanguage":"es","potentialAction":[{"@type":"CommentAction","name":"Comment","target":["https:\/\/volcanes.net\/?p=7294#respond"]}]},{"@type":"WebPage","@id":"https:\/\/volcanes.net\/?p=7294","url":"https:\/\/volcanes.net\/?p=7294","name":"Ante incremento de contagios por covid-19 en #TenangoDelAire suspenden actividad comercial - Volcanes","isPartOf":{"@id":"https:\/\/volcanes.net\/#website"},"primaryImageOfPage":{"@id":"https:\/\/volcanes.net\/?p=7294#primaryimage"},"image":{"@id":"https:\/\/volcanes.net\/?p=7294#primaryimage"},"thumbnailUrl":"https:\/\/volcanes.net\/wp-content\/uploads\/2020\/06\/WhatsApp-Image-2020-06-23-at-1_opt-1-2.jpg","datePublished":"2020-06-24T05:30:02+00:00","breadcrumb":{"@id":"https:\/\/volcanes.net\/?p=7294#breadcrumb"},"inLanguage":"es","potentialAction":[{"@type":"ReadAction","target":["https:\/\/volcanes.net\/?p=7294"]}]},{"@type":"ImageObject","inLanguage":"es","@id":"https:\/\/volcanes.net\/?p=7294#primaryimage","url":"https:\/\/volcanes.net\/wp-content\/uploads\/2020\/06\/WhatsApp-Image-2020-06-23-at-1_opt-1-2.jpg","contentUrl":"https:\/\/volcanes.net\/wp-content\/uploads\/2020\/06\/WhatsApp-Image-2020-06-23-at-1_opt-1-2.jpg","width":255,"height":190},{"@type":"BreadcrumbList","@id":"https:\/\/volcanes.net\/?p=7294#breadcrumb","itemListElement":[{"@type":"ListItem","position":1,"name":"Portada","item":"https:\/\/volcanes.net\/"},{"@type":"ListItem","position":2,"name":"Ante incremento de contagios por covid-19 en #TenangoDelAire suspenden actividad comercial"}]},{"@type":"WebSite","@id":"https:\/\/volcanes.net\/#website","url":"https:\/\/volcanes.net\/","name":"Volcanes.Net","description":"Periodismo Profesional","publisher":{"@id":"https:\/\/volcanes.net\/#organization"},"potentialAction":[{"@type":"SearchAction","target":{"@type":"EntryPoint","urlTemplate":"https:\/\/volcanes.net\/?s={search_term_string}"},"query-input":{"@type":"PropertyValueSpecification","valueRequired":true,"valueName":"search_term_string"}}],"inLanguage":"es"},{"@type":"Organization","@id":"https:\/\/volcanes.net\/#organization","name":"Grupo Volcanes","url":"https:\/\/volcanes.net\/","logo":{"@type":"ImageObject","inLanguage":"es","@id":"https:\/\/volcanes.net\/#\/schema\/logo\/image\/","url":"http:\/\/volcanes.net\/wp-content\/uploads\/2017\/12\/Avatar2.jpg","contentUrl":"http:\/\/volcanes.net\/wp-content\/uploads\/2017\/12\/Avatar2.jpg","width":378,"height":378,"caption":"Grupo Volcanes"},"image":{"@id":"https:\/\/volcanes.net\/#\/schema\/logo\/image\/"},"sameAs":["https:\/\/www.facebook.com\/volcanes.net\/"]},{"@type":"Person","@id":"https:\/\/volcanes.net\/#\/schema\/person\/4bf0f383940966a4abd53f5048c0e6b9","name":"admin","image":{"@type":"ImageObject","inLanguage":"es","@id":"https:\/\/volcanes.net\/#\/schema\/person\/image\/","url":"https:\/\/secure.gravatar.com\/avatar\/ca004e6cba8462b8cb7abc86e382930c?s=96&d=mm&r=g","contentUrl":"https:\/\/secure.gravatar.com\/avatar\/ca004e6cba8462b8cb7abc86e382930c?s=96&d=mm&r=g","caption":"admin"}}]}},"_links":{"self":[{"href":"https:\/\/volcanes.net\/index.php?rest_route=\/wp\/v2\/posts\/7294"}],"collection":[{"href":"https:\/\/volcanes.net\/index.php?rest_route=\/wp\/v2\/posts"}],"about":[{"href":"https:\/\/volcanes.net\/index.php?rest_route=\/wp\/v2\/types\/post"}],"author":[{"embeddable":true,"href":"https:\/\/volcanes.net\/index.php?rest_route=\/wp\/v2\/users\/1"}],"replies":[{"embeddable":true,"href":"https:\/\/volcanes.net\/index.php?rest_route=%2Fwp%2Fv2%2Fcomments&post=7294"}],"version-history":[{"count":1,"href":"https:\/\/volcanes.net\/index.php?rest_route=\/wp\/v2\/posts\/7294\/revisions"}],"predecessor-version":[{"id":7296,"href":"https:\/\/volcanes.net\/index.php?rest_route=\/wp\/v2\/posts\/7294\/revisions\/7296"}],"wp:featuredmedia":[{"embeddable":true,"href":"https:\/\/volcanes.net\/index.php?rest_route=\/wp\/v2\/media\/7295"}],"wp:attachment":[{"href":"https:\/\/volcanes.net\/index.php?rest_route=%2Fwp%2Fv2%2Fmedia&parent=7294"}],"wp:term":[{"taxonomy":"category","embeddable":true,"href":"https:\/\/volcanes.net\/index.php?rest_route=%2Fwp%2Fv2%2Fcategories&post=7294"},{"taxonomy":"post_tag","embeddable":true,"href":"https:\/\/volcanes.net\/index.php?rest_route=%2Fwp%2Fv2%2Ftags&post=7294"}],"curies":[{"name":"wp","href":"https:\/\/api.w.org\/{rel}","templated":true}]}}